{"id":22149,"date":"2025-04-06T07:00:07","date_gmt":"2025-04-06T07:00:07","guid":{"rendered":"https:\/\/www.prooptica.pt\/?p=22149"},"modified":"2025-04-06T07:00:07","modified_gmt":"2025-04-06T07:00:07","slug":"progear-eyeguard-a-hit-with-athletes-and-sports-enthusiasts","status":"publish","type":"post","link":"https:\/\/www.prooptica.pt\/en\/progear-eyeguard-um-sucesso-junto-de-atletas-e-entusiastas-do-desporto\/","title":{"rendered":"Progear Eyeguard | A hit with athletes and sports enthusiasts"},"content":{"rendered":"<p>With the arrival of spring and the longer, sunnier days inviting physical activity, Progear, the leading brand in the sports eyewear segment, is promoting its sports eyewear range, which is already a hit with athletes and sports enthusiasts.<\/p>\n<p>Progear goggles not only incorporate the most advanced technology and impact-resistant materials, but also offer the option of being personalised with a prescription, adapting perfectly to the needs of each athlete. Available in different colours and shapes, they come in 4 different sizes and can be fitted with stems or replaced with a strap.<\/p>\n<p>Progear, recognised in the sports world for its high quality, meets the demands of the various sports disciplines, guaranteeing maximum safety and comfort. With its ergonomic design and robust frame, this range is particularly relevant in both outdoor and indoor sports, as it complies with European safety standards ASTM F803-3 and EN 166.<\/p>\n<p>The brand's models stand out for their innovative design and functionality, incorporating features such as lightness, durability and adaptability to different sports. The option of including graduated lenses ensures that athletes with vision correction needs can enjoy clear, protected vision, optimising their performance and sporting experience.<\/p>","protected":false},"excerpt":{"rendered":"<p>Com a chegada da primavera e os dias mais longos e solarengos a convidarem para a atividade f\u00edsica, a Progear, marca l\u00edder no segmento de \u00f3culos de prote\u00e7\u00e3o no desporto, promove a sua linha de \u00f3culos de prote\u00e7\u00e3o desportiva, que \u00e9 j\u00e1 um sucesso junto de atletas e entusiastas do desporto. Os \u00f3culos progear n\u00e3o [&hellip;]<\/p>\n","protected":false},"author":2,"featured_media":22150,"comment_status":"closed","ping_status":"closed","sticky":false,"template":"","format":"standard","meta":{"footnotes":""},"categories":[189],"tags":[],"class_list":["post-22149","post","type-post","status-publish","format-standard","has-post-thumbnail","hentry","category-oculos"],"yoast_head":"<!-- This site is optimized with the Yoast SEO plugin v27.5 - https:\/\/yoast.com\/product\/yoast-seo-wordpress\/ -->\n<title>Progear Eyeguard | Um sucesso junto de atletas<\/title>\n<meta name=\"description\" content=\"Os modelos, destacam-se pelo design inovador e pela funcionalidade, com elevada durabilidade e adaptabilidade a diferentes modalidades.\" \/>\n<meta name=\"robots\" content=\"index, follow, max-snippet:-1, max-image-preview:large, max-video-preview:-1\" \/>\n<link rel=\"canonical\" href=\"https:\/\/www.prooptica.pt\/en\/progear-eyeguard-a-hit-with-athletes-and-sports-enthusiasts\/\" \/>\n<meta property=\"og:locale\" content=\"en_GB\" \/>\n<meta property=\"og:type\" content=\"article\" \/>\n<meta property=\"og:title\" content=\"Progear Eyeguard | Um sucesso junto de atletas\" \/>\n<meta property=\"og:description\" content=\"Os modelos, destacam-se pelo design inovador e pela funcionalidade, com elevada durabilidade e adaptabilidade a diferentes modalidades.\" \/>\n<meta property=\"og:url\" content=\"https:\/\/www.prooptica.pt\/en\/progear-eyeguard-a-hit-with-athletes-and-sports-enthusiasts\/\" \/>\n<meta property=\"og:site_name\" content=\"Prooptica\" \/>\n<meta property=\"article:published_time\" content=\"2025-04-06T07:00:07+00:00\" \/>\n<meta property=\"og:image\" content=\"https:\/\/www.prooptica.pt\/wp-content\/uploads\/2025\/04\/Capa-artigo-blog-PG.jpg\" \/>\n\t<meta property=\"og:image:width\" content=\"852\" \/>\n\t<meta property=\"og:image:height\" content=\"514\" \/>\n\t<meta property=\"og:image:type\" content=\"image\/jpeg\" \/>\n<meta name=\"author\" content=\"admin\" \/>\n<meta name=\"twitter:card\" content=\"summary_large_image\" \/>\n<meta name=\"twitter:label1\" content=\"Written by\" \/>\n\t<meta name=\"twitter:data1\" content=\"admin\" \/>\n\t<meta name=\"twitter:label2\" content=\"Estimated reading time\" \/>\n\t<meta name=\"twitter:data2\" content=\"2 minutes\" \/>\n<script type=\"application\/ld+json\" class=\"yoast-schema-graph\">{\"@context\":\"https:\\\/\\\/schema.org\",\"@graph\":[{\"@type\":\"Article\",\"@id\":\"https:\\\/\\\/www.prooptica.pt\\\/progear-eyeguard-um-sucesso-junto-de-atletas-e-entusiastas-do-desporto\\\/#article\",\"isPartOf\":{\"@id\":\"https:\\\/\\\/www.prooptica.pt\\\/progear-eyeguard-um-sucesso-junto-de-atletas-e-entusiastas-do-desporto\\\/\"},\"author\":{\"name\":\"admin\",\"@id\":\"https:\\\/\\\/www.prooptica.pt\\\/home\\\/#\\\/schema\\\/person\\\/1cbd826a9322a3c38a052e43d1638306\"},\"headline\":\"Progear Eyeguard | Um sucesso junto de atletas e entusiastas do desporto\",\"datePublished\":\"2025-04-06T07:00:07+00:00\",\"mainEntityOfPage\":{\"@id\":\"https:\\\/\\\/www.prooptica.pt\\\/progear-eyeguard-um-sucesso-junto-de-atletas-e-entusiastas-do-desporto\\\/\"},\"wordCount\":238,\"image\":{\"@id\":\"https:\\\/\\\/www.prooptica.pt\\\/progear-eyeguard-um-sucesso-junto-de-atletas-e-entusiastas-do-desporto\\\/#primaryimage\"},\"thumbnailUrl\":\"https:\\\/\\\/www.prooptica.pt\\\/wp-content\\\/uploads\\\/2025\\\/04\\\/Capa-artigo-blog-PG.jpg\",\"articleSection\":[\"\u00d3culos\"],\"inLanguage\":\"en-GB\"},{\"@type\":\"WebPage\",\"@id\":\"https:\\\/\\\/www.prooptica.pt\\\/progear-eyeguard-um-sucesso-junto-de-atletas-e-entusiastas-do-desporto\\\/\",\"url\":\"https:\\\/\\\/www.prooptica.pt\\\/progear-eyeguard-um-sucesso-junto-de-atletas-e-entusiastas-do-desporto\\\/\",\"name\":\"Progear Eyeguard | Um sucesso junto de atletas\",\"isPartOf\":{\"@id\":\"https:\\\/\\\/www.prooptica.pt\\\/home\\\/#website\"},\"primaryImageOfPage\":{\"@id\":\"https:\\\/\\\/www.prooptica.pt\\\/progear-eyeguard-um-sucesso-junto-de-atletas-e-entusiastas-do-desporto\\\/#primaryimage\"},\"image\":{\"@id\":\"https:\\\/\\\/www.prooptica.pt\\\/progear-eyeguard-um-sucesso-junto-de-atletas-e-entusiastas-do-desporto\\\/#primaryimage\"},\"thumbnailUrl\":\"https:\\\/\\\/www.prooptica.pt\\\/wp-content\\\/uploads\\\/2025\\\/04\\\/Capa-artigo-blog-PG.jpg\",\"datePublished\":\"2025-04-06T07:00:07+00:00\",\"author\":{\"@id\":\"https:\\\/\\\/www.prooptica.pt\\\/home\\\/#\\\/schema\\\/person\\\/1cbd826a9322a3c38a052e43d1638306\"},\"description\":\"Os modelos, destacam-se pelo design inovador e pela funcionalidade, com elevada durabilidade e adaptabilidade a diferentes modalidades.\",\"breadcrumb\":{\"@id\":\"https:\\\/\\\/www.prooptica.pt\\\/progear-eyeguard-um-sucesso-junto-de-atletas-e-entusiastas-do-desporto\\\/#breadcrumb\"},\"inLanguage\":\"en-GB\",\"potentialAction\":[{\"@type\":\"ReadAction\",\"target\":[\"https:\\\/\\\/www.prooptica.pt\\\/progear-eyeguard-um-sucesso-junto-de-atletas-e-entusiastas-do-desporto\\\/\"]}]},{\"@type\":\"ImageObject\",\"inLanguage\":\"en-GB\",\"@id\":\"https:\\\/\\\/www.prooptica.pt\\\/progear-eyeguard-um-sucesso-junto-de-atletas-e-entusiastas-do-desporto\\\/#primaryimage\",\"url\":\"https:\\\/\\\/www.prooptica.pt\\\/wp-content\\\/uploads\\\/2025\\\/04\\\/Capa-artigo-blog-PG.jpg\",\"contentUrl\":\"https:\\\/\\\/www.prooptica.pt\\\/wp-content\\\/uploads\\\/2025\\\/04\\\/Capa-artigo-blog-PG.jpg\",\"width\":852,\"height\":514},{\"@type\":\"BreadcrumbList\",\"@id\":\"https:\\\/\\\/www.prooptica.pt\\\/progear-eyeguard-um-sucesso-junto-de-atletas-e-entusiastas-do-desporto\\\/#breadcrumb\",\"itemListElement\":[{\"@type\":\"ListItem\",\"position\":1,\"name\":\"In\u00edcio\",\"item\":\"https:\\\/\\\/www.prooptica.pt\\\/\"},{\"@type\":\"ListItem\",\"position\":2,\"name\":\"Progear Eyeguard | Um sucesso junto de atletas e entusiastas do desporto\"}]},{\"@type\":\"WebSite\",\"@id\":\"https:\\\/\\\/www.prooptica.pt\\\/home\\\/#website\",\"url\":\"https:\\\/\\\/www.prooptica.pt\\\/home\\\/\",\"name\":\"Prooptica\",\"description\":\"Full Eyewear Concept\",\"potentialAction\":[{\"@type\":\"SearchAction\",\"target\":{\"@type\":\"EntryPoint\",\"urlTemplate\":\"https:\\\/\\\/www.prooptica.pt\\\/home\\\/?s={search_term_string}\"},\"query-input\":{\"@type\":\"PropertyValueSpecification\",\"valueRequired\":true,\"valueName\":\"search_term_string\"}}],\"inLanguage\":\"en-GB\"},{\"@type\":\"Person\",\"@id\":\"https:\\\/\\\/www.prooptica.pt\\\/home\\\/#\\\/schema\\\/person\\\/1cbd826a9322a3c38a052e43d1638306\",\"name\":\"admin\",\"image\":{\"@type\":\"ImageObject\",\"inLanguage\":\"en-GB\",\"@id\":\"https:\\\/\\\/secure.gravatar.com\\\/avatar\\\/528c714482569d81724b02603aa719344e9ad7c0b50becf07272b2086b2c1cfd?s=96&d=mm&r=g\",\"url\":\"https:\\\/\\\/secure.gravatar.com\\\/avatar\\\/528c714482569d81724b02603aa719344e9ad7c0b50becf07272b2086b2c1cfd?s=96&d=mm&r=g\",\"contentUrl\":\"https:\\\/\\\/secure.gravatar.com\\\/avatar\\\/528c714482569d81724b02603aa719344e9ad7c0b50becf07272b2086b2c1cfd?s=96&d=mm&r=g\",\"caption\":\"admin\"},\"url\":\"https:\\\/\\\/www.prooptica.pt\\\/en\\\/author\\\/admin\\\/\"}]}<\/script>\n<!-- \/ Yoast SEO plugin. -->","yoast_head_json":{"title":"Progear Eyeguard | A hit with athletes","description":"The models stand out for their innovative design and functionality, with high durability and adaptability to different sports.","robots":{"index":"index","follow":"follow","max-snippet":"max-snippet:-1","max-image-preview":"max-image-preview:large","max-video-preview":"max-video-preview:-1"},"canonical":"https:\/\/www.prooptica.pt\/en\/progear-eyeguard-a-hit-with-athletes-and-sports-enthusiasts\/","og_locale":"en_GB","og_type":"article","og_title":"Progear Eyeguard | Um sucesso junto de atletas","og_description":"Os modelos, destacam-se pelo design inovador e pela funcionalidade, com elevada durabilidade e adaptabilidade a diferentes modalidades.","og_url":"https:\/\/www.prooptica.pt\/en\/progear-eyeguard-a-hit-with-athletes-and-sports-enthusiasts\/","og_site_name":"Prooptica","article_published_time":"2025-04-06T07:00:07+00:00","og_image":[{"width":852,"height":514,"url":"https:\/\/www.prooptica.pt\/wp-content\/uploads\/2025\/04\/Capa-artigo-blog-PG.jpg","type":"image\/jpeg"}],"author":"admin","twitter_card":"summary_large_image","twitter_misc":{"Written by":"admin","Estimated reading time":"2 minutes"},"schema":{"@context":"https:\/\/schema.org","@graph":[{"@type":"Article","@id":"https:\/\/www.prooptica.pt\/progear-eyeguard-um-sucesso-junto-de-atletas-e-entusiastas-do-desporto\/#article","isPartOf":{"@id":"https:\/\/www.prooptica.pt\/progear-eyeguard-um-sucesso-junto-de-atletas-e-entusiastas-do-desporto\/"},"author":{"name":"admin","@id":"https:\/\/www.prooptica.pt\/home\/#\/schema\/person\/1cbd826a9322a3c38a052e43d1638306"},"headline":"Progear Eyeguard | Um sucesso junto de atletas e entusiastas do desporto","datePublished":"2025-04-06T07:00:07+00:00","mainEntityOfPage":{"@id":"https:\/\/www.prooptica.pt\/progear-eyeguard-um-sucesso-junto-de-atletas-e-entusiastas-do-desporto\/"},"wordCount":238,"image":{"@id":"https:\/\/www.prooptica.pt\/progear-eyeguard-um-sucesso-junto-de-atletas-e-entusiastas-do-desporto\/#primaryimage"},"thumbnailUrl":"https:\/\/www.prooptica.pt\/wp-content\/uploads\/2025\/04\/Capa-artigo-blog-PG.jpg","articleSection":["\u00d3culos"],"inLanguage":"en-GB"},{"@type":"WebPage","@id":"https:\/\/www.prooptica.pt\/progear-eyeguard-um-sucesso-junto-de-atletas-e-entusiastas-do-desporto\/","url":"https:\/\/www.prooptica.pt\/progear-eyeguard-um-sucesso-junto-de-atletas-e-entusiastas-do-desporto\/","name":"Progear Eyeguard | A hit with athletes","isPartOf":{"@id":"https:\/\/www.prooptica.pt\/home\/#website"},"primaryImageOfPage":{"@id":"https:\/\/www.prooptica.pt\/progear-eyeguard-um-sucesso-junto-de-atletas-e-entusiastas-do-desporto\/#primaryimage"},"image":{"@id":"https:\/\/www.prooptica.pt\/progear-eyeguard-um-sucesso-junto-de-atletas-e-entusiastas-do-desporto\/#primaryimage"},"thumbnailUrl":"https:\/\/www.prooptica.pt\/wp-content\/uploads\/2025\/04\/Capa-artigo-blog-PG.jpg","datePublished":"2025-04-06T07:00:07+00:00","author":{"@id":"https:\/\/www.prooptica.pt\/home\/#\/schema\/person\/1cbd826a9322a3c38a052e43d1638306"},"description":"The models stand out for their innovative design and functionality, with high durability and adaptability to different sports.","breadcrumb":{"@id":"https:\/\/www.prooptica.pt\/progear-eyeguard-um-sucesso-junto-de-atletas-e-entusiastas-do-desporto\/#breadcrumb"},"inLanguage":"en-GB","potentialAction":[{"@type":"ReadAction","target":["https:\/\/www.prooptica.pt\/progear-eyeguard-um-sucesso-junto-de-atletas-e-entusiastas-do-desporto\/"]}]},{"@type":"ImageObject","inLanguage":"en-GB","@id":"https:\/\/www.prooptica.pt\/progear-eyeguard-um-sucesso-junto-de-atletas-e-entusiastas-do-desporto\/#primaryimage","url":"https:\/\/www.prooptica.pt\/wp-content\/uploads\/2025\/04\/Capa-artigo-blog-PG.jpg","contentUrl":"https:\/\/www.prooptica.pt\/wp-content\/uploads\/2025\/04\/Capa-artigo-blog-PG.jpg","width":852,"height":514},{"@type":"BreadcrumbList","@id":"https:\/\/www.prooptica.pt\/progear-eyeguard-um-sucesso-junto-de-atletas-e-entusiastas-do-desporto\/#breadcrumb","itemListElement":[{"@type":"ListItem","position":1,"name":"In\u00edcio","item":"https:\/\/www.prooptica.pt\/"},{"@type":"ListItem","position":2,"name":"Progear Eyeguard | Um sucesso junto de atletas e entusiastas do desporto"}]},{"@type":"WebSite","@id":"https:\/\/www.prooptica.pt\/home\/#website","url":"https:\/\/www.prooptica.pt\/home\/","name":"Prooptica","description":"Full Eyewear Concept","potentialAction":[{"@type":"SearchAction","target":{"@type":"EntryPoint","urlTemplate":"https:\/\/www.prooptica.pt\/home\/?s={search_term_string}"},"query-input":{"@type":"PropertyValueSpecification","valueRequired":true,"valueName":"search_term_string"}}],"inLanguage":"en-GB"},{"@type":"Person","@id":"https:\/\/www.prooptica.pt\/home\/#\/schema\/person\/1cbd826a9322a3c38a052e43d1638306","name":"admin","image":{"@type":"ImageObject","inLanguage":"en-GB","@id":"https:\/\/secure.gravatar.com\/avatar\/528c714482569d81724b02603aa719344e9ad7c0b50becf07272b2086b2c1cfd?s=96&d=mm&r=g","url":"https:\/\/secure.gravatar.com\/avatar\/528c714482569d81724b02603aa719344e9ad7c0b50becf07272b2086b2c1cfd?s=96&d=mm&r=g","contentUrl":"https:\/\/secure.gravatar.com\/avatar\/528c714482569d81724b02603aa719344e9ad7c0b50becf07272b2086b2c1cfd?s=96&d=mm&r=g","caption":"admin"},"url":"https:\/\/www.prooptica.pt\/en\/author\/admin\/"}]}},"_links":{"self":[{"href":"https:\/\/www.prooptica.pt\/en\/wp-json\/wp\/v2\/posts\/22149","targetHints":{"allow":["GET"]}}],"collection":[{"href":"https:\/\/www.prooptica.pt\/en\/wp-json\/wp\/v2\/posts"}],"about":[{"href":"https:\/\/www.prooptica.pt\/en\/wp-json\/wp\/v2\/types\/post"}],"author":[{"embeddable":true,"href":"https:\/\/www.prooptica.pt\/en\/wp-json\/wp\/v2\/users\/2"}],"replies":[{"embeddable":true,"href":"https:\/\/www.prooptica.pt\/en\/wp-json\/wp\/v2\/comments?post=22149"}],"version-history":[{"count":1,"href":"https:\/\/www.prooptica.pt\/en\/wp-json\/wp\/v2\/posts\/22149\/revisions"}],"predecessor-version":[{"id":22151,"href":"https:\/\/www.prooptica.pt\/en\/wp-json\/wp\/v2\/posts\/22149\/revisions\/22151"}],"wp:featuredmedia":[{"embeddable":true,"href":"https:\/\/www.prooptica.pt\/en\/wp-json\/wp\/v2\/media\/22150"}],"wp:attachment":[{"href":"https:\/\/www.prooptica.pt\/en\/wp-json\/wp\/v2\/media?parent=22149"}],"wp:term":[{"taxonomy":"category","embeddable":true,"href":"https:\/\/www.prooptica.pt\/en\/wp-json\/wp\/v2\/categories?post=22149"},{"taxonomy":"post_tag","embeddable":true,"href":"https:\/\/www.prooptica.pt\/en\/wp-json\/wp\/v2\/tags?post=22149"}],"curies":[{"name":"wp","href":"https:\/\/api.w.org\/{rel}","templated":true}]}}