{"id":22214,"date":"2025-04-22T12:42:17","date_gmt":"2025-04-22T12:42:17","guid":{"rendered":"https:\/\/www.prooptica.pt\/?p=22214"},"modified":"2025-04-22T12:50:00","modified_gmt":"2025-04-22T12:50:00","slug":"%f0%9f%90%a3-in-prooptics-easter-was-celebrated-in-a-very-sweet-way","status":"publish","type":"post","link":"https:\/\/www.prooptica.pt\/en\/%f0%9f%90%a3-na-prooptica-a-pascoa-celebrou-se-de-forma-muito-doce\/","title":{"rendered":"\ud83d\udc23 At Prooptica, Easter was celebrated in a very sweet way!"},"content":{"rendered":"<p>More than a festive date, the <strong>Easter is a time for sharing, unity and affection<\/strong> - values that are part of our daily lives as a team.<\/p>\n<p>At Prooptica, we believe that taking care of our employees is essential to keeping alive the spirit of closeness and mutual support that characterises us so much. That's why we've taken advantage of this emotional and family-orientated season to <strong>pampering our team with small gestures<\/strong>This is a great way to strengthen bonds and make the work environment even more special.<\/p>\n<p>Because a company is made up of people - and it's the people who make Prooptica what it is. \ud83d\udc9b<\/p>\n<p>In <strong>Prooptica family<\/strong>Every moment is an opportunity to reinforce our commitment to those who walk with us every day. Celebrating together is part of our DNA - because here, we work with professionalism, but also with heart.<\/p>\n<p>&nbsp;<\/p>\n<p style=\"text-align: center;\">","protected":false},"excerpt":{"rendered":"<p>Mais do que uma data festiva, a P\u00e1scoa \u00e9 um momento de partilha, uni\u00e3o e afeto \u2014 valores que fazem parte do nosso dia a dia enquanto equipa. Na Prooptica, acreditamos que cuidar dos nossos colaboradores \u00e9 essencial para manter vivo o esp\u00edrito de proximidade e entreajuda que tanto nos caracteriza. Por isso, aproveit\u00e1mos esta [&hellip;]<\/p>\n","protected":false},"author":2,"featured_media":22212,"comment_status":"closed","ping_status":"closed","sticky":false,"template":"","format":"standard","meta":{"footnotes":""},"categories":[195],"tags":[],"class_list":["post-22214","post","type-post","status-publish","format-standard","has-post-thumbnail","hentry","category-institucional"],"yoast_head":"<!-- This site is optimized with the Yoast SEO plugin v27.5 - https:\/\/yoast.com\/product\/yoast-seo-wordpress\/ -->\n<title>\ud83d\udc23 Na Prooptica, a P\u00e1scoa celebrou-se de forma muito doce!<\/title>\n<meta name=\"description\" content=\"Na fam\u00edlia Prooptica, cada momento \u00e9 uma oportunidade para refor\u00e7ar o compromisso com quem caminha connosco todos os dias.\" \/>\n<meta name=\"robots\" content=\"index, follow, max-snippet:-1, max-image-preview:large, max-video-preview:-1\" \/>\n<link rel=\"canonical\" href=\"https:\/\/www.prooptica.pt\/en\/\ud83d\udc23-in-prooptics-easter-was-celebrated-in-a-very-sweet-way\/\" \/>\n<meta property=\"og:locale\" content=\"en_GB\" \/>\n<meta property=\"og:type\" content=\"article\" \/>\n<meta property=\"og:title\" content=\"\ud83d\udc23 Na Prooptica, a P\u00e1scoa celebrou-se de forma muito doce!\" \/>\n<meta property=\"og:description\" content=\"Na fam\u00edlia Prooptica, cada momento \u00e9 uma oportunidade para refor\u00e7ar o compromisso com quem caminha connosco todos os dias.\" \/>\n<meta property=\"og:url\" content=\"https:\/\/www.prooptica.pt\/en\/\ud83d\udc23-in-prooptics-easter-was-celebrated-in-a-very-sweet-way\/\" \/>\n<meta property=\"og:site_name\" content=\"Prooptica\" \/>\n<meta property=\"article:published_time\" content=\"2025-04-22T12:42:17+00:00\" \/>\n<meta property=\"article:modified_time\" content=\"2025-04-22T12:50:00+00:00\" \/>\n<meta property=\"og:image\" content=\"https:\/\/www.prooptica.pt\/wp-content\/uploads\/2025\/04\/Capa-artigo-blog-4.jpg\" \/>\n\t<meta property=\"og:image:width\" content=\"852\" \/>\n\t<meta property=\"og:image:height\" content=\"514\" \/>\n\t<meta property=\"og:image:type\" content=\"image\/jpeg\" \/>\n<meta name=\"author\" content=\"admin\" \/>\n<meta name=\"twitter:card\" content=\"summary_large_image\" \/>\n<meta name=\"twitter:label1\" content=\"Written by\" \/>\n\t<meta name=\"twitter:data1\" content=\"admin\" \/>\n\t<meta name=\"twitter:label2\" content=\"Estimated reading time\" \/>\n\t<meta name=\"twitter:data2\" content=\"1 minute\" \/>\n<script type=\"application\/ld+json\" class=\"yoast-schema-graph\">{\"@context\":\"https:\\\/\\\/schema.org\",\"@graph\":[{\"@type\":\"Article\",\"@id\":\"https:\\\/\\\/www.prooptica.pt\\\/%f0%9f%90%a3-na-prooptica-a-pascoa-celebrou-se-de-forma-muito-doce\\\/#article\",\"isPartOf\":{\"@id\":\"https:\\\/\\\/www.prooptica.pt\\\/%f0%9f%90%a3-na-prooptica-a-pascoa-celebrou-se-de-forma-muito-doce\\\/\"},\"author\":{\"name\":\"admin\",\"@id\":\"https:\\\/\\\/www.prooptica.pt\\\/home\\\/#\\\/schema\\\/person\\\/1cbd826a9322a3c38a052e43d1638306\"},\"headline\":\"\ud83d\udc23 Na Prooptica, a P\u00e1scoa celebrou-se de forma muito doce!\",\"datePublished\":\"2025-04-22T12:42:17+00:00\",\"dateModified\":\"2025-04-22T12:50:00+00:00\",\"mainEntityOfPage\":{\"@id\":\"https:\\\/\\\/www.prooptica.pt\\\/%f0%9f%90%a3-na-prooptica-a-pascoa-celebrou-se-de-forma-muito-doce\\\/\"},\"wordCount\":150,\"image\":{\"@id\":\"https:\\\/\\\/www.prooptica.pt\\\/%f0%9f%90%a3-na-prooptica-a-pascoa-celebrou-se-de-forma-muito-doce\\\/#primaryimage\"},\"thumbnailUrl\":\"https:\\\/\\\/www.prooptica.pt\\\/wp-content\\\/uploads\\\/2025\\\/04\\\/Capa-artigo-blog-4.jpg\",\"articleSection\":[\"Institucional\"],\"inLanguage\":\"en-GB\"},{\"@type\":\"WebPage\",\"@id\":\"https:\\\/\\\/www.prooptica.pt\\\/%f0%9f%90%a3-na-prooptica-a-pascoa-celebrou-se-de-forma-muito-doce\\\/\",\"url\":\"https:\\\/\\\/www.prooptica.pt\\\/%f0%9f%90%a3-na-prooptica-a-pascoa-celebrou-se-de-forma-muito-doce\\\/\",\"name\":\"\ud83d\udc23 Na Prooptica, a P\u00e1scoa celebrou-se de forma muito doce!\",\"isPartOf\":{\"@id\":\"https:\\\/\\\/www.prooptica.pt\\\/home\\\/#website\"},\"primaryImageOfPage\":{\"@id\":\"https:\\\/\\\/www.prooptica.pt\\\/%f0%9f%90%a3-na-prooptica-a-pascoa-celebrou-se-de-forma-muito-doce\\\/#primaryimage\"},\"image\":{\"@id\":\"https:\\\/\\\/www.prooptica.pt\\\/%f0%9f%90%a3-na-prooptica-a-pascoa-celebrou-se-de-forma-muito-doce\\\/#primaryimage\"},\"thumbnailUrl\":\"https:\\\/\\\/www.prooptica.pt\\\/wp-content\\\/uploads\\\/2025\\\/04\\\/Capa-artigo-blog-4.jpg\",\"datePublished\":\"2025-04-22T12:42:17+00:00\",\"dateModified\":\"2025-04-22T12:50:00+00:00\",\"author\":{\"@id\":\"https:\\\/\\\/www.prooptica.pt\\\/home\\\/#\\\/schema\\\/person\\\/1cbd826a9322a3c38a052e43d1638306\"},\"description\":\"Na fam\u00edlia Prooptica, cada momento \u00e9 uma oportunidade para refor\u00e7ar o compromisso com quem caminha connosco todos os dias.\",\"breadcrumb\":{\"@id\":\"https:\\\/\\\/www.prooptica.pt\\\/%f0%9f%90%a3-na-prooptica-a-pascoa-celebrou-se-de-forma-muito-doce\\\/#breadcrumb\"},\"inLanguage\":\"en-GB\",\"potentialAction\":[{\"@type\":\"ReadAction\",\"target\":[\"https:\\\/\\\/www.prooptica.pt\\\/%f0%9f%90%a3-na-prooptica-a-pascoa-celebrou-se-de-forma-muito-doce\\\/\"]}]},{\"@type\":\"ImageObject\",\"inLanguage\":\"en-GB\",\"@id\":\"https:\\\/\\\/www.prooptica.pt\\\/%f0%9f%90%a3-na-prooptica-a-pascoa-celebrou-se-de-forma-muito-doce\\\/#primaryimage\",\"url\":\"https:\\\/\\\/www.prooptica.pt\\\/wp-content\\\/uploads\\\/2025\\\/04\\\/Capa-artigo-blog-4.jpg\",\"contentUrl\":\"https:\\\/\\\/www.prooptica.pt\\\/wp-content\\\/uploads\\\/2025\\\/04\\\/Capa-artigo-blog-4.jpg\",\"width\":852,\"height\":514},{\"@type\":\"BreadcrumbList\",\"@id\":\"https:\\\/\\\/www.prooptica.pt\\\/%f0%9f%90%a3-na-prooptica-a-pascoa-celebrou-se-de-forma-muito-doce\\\/#breadcrumb\",\"itemListElement\":[{\"@type\":\"ListItem\",\"position\":1,\"name\":\"In\u00edcio\",\"item\":\"https:\\\/\\\/www.prooptica.pt\\\/\"},{\"@type\":\"ListItem\",\"position\":2,\"name\":\"\ud83d\udc23 Na Prooptica, a P\u00e1scoa celebrou-se de forma muito doce!\"}]},{\"@type\":\"WebSite\",\"@id\":\"https:\\\/\\\/www.prooptica.pt\\\/home\\\/#website\",\"url\":\"https:\\\/\\\/www.prooptica.pt\\\/home\\\/\",\"name\":\"Prooptica\",\"description\":\"Full Eyewear Concept\",\"potentialAction\":[{\"@type\":\"SearchAction\",\"target\":{\"@type\":\"EntryPoint\",\"urlTemplate\":\"https:\\\/\\\/www.prooptica.pt\\\/home\\\/?s={search_term_string}\"},\"query-input\":{\"@type\":\"PropertyValueSpecification\",\"valueRequired\":true,\"valueName\":\"search_term_string\"}}],\"inLanguage\":\"en-GB\"},{\"@type\":\"Person\",\"@id\":\"https:\\\/\\\/www.prooptica.pt\\\/home\\\/#\\\/schema\\\/person\\\/1cbd826a9322a3c38a052e43d1638306\",\"name\":\"admin\",\"image\":{\"@type\":\"ImageObject\",\"inLanguage\":\"en-GB\",\"@id\":\"https:\\\/\\\/secure.gravatar.com\\\/avatar\\\/528c714482569d81724b02603aa719344e9ad7c0b50becf07272b2086b2c1cfd?s=96&d=mm&r=g\",\"url\":\"https:\\\/\\\/secure.gravatar.com\\\/avatar\\\/528c714482569d81724b02603aa719344e9ad7c0b50becf07272b2086b2c1cfd?s=96&d=mm&r=g\",\"contentUrl\":\"https:\\\/\\\/secure.gravatar.com\\\/avatar\\\/528c714482569d81724b02603aa719344e9ad7c0b50becf07272b2086b2c1cfd?s=96&d=mm&r=g\",\"caption\":\"admin\"},\"url\":\"https:\\\/\\\/www.prooptica.pt\\\/en\\\/author\\\/admin\\\/\"}]}<\/script>\n<!-- \/ Yoast SEO plugin. -->","yoast_head_json":{"title":"\ud83d\udc23 At Prooptica, Easter was celebrated in a very sweet way!","description":"In the Prooptica family, every moment is an opportunity to strengthen our commitment to those who walk with us every day.","robots":{"index":"index","follow":"follow","max-snippet":"max-snippet:-1","max-image-preview":"max-image-preview:large","max-video-preview":"max-video-preview:-1"},"canonical":"https:\/\/www.prooptica.pt\/en\/\ud83d\udc23-in-prooptics-easter-was-celebrated-in-a-very-sweet-way\/","og_locale":"en_GB","og_type":"article","og_title":"\ud83d\udc23 Na Prooptica, a P\u00e1scoa celebrou-se de forma muito doce!","og_description":"Na fam\u00edlia Prooptica, cada momento \u00e9 uma oportunidade para refor\u00e7ar o compromisso com quem caminha connosco todos os dias.","og_url":"https:\/\/www.prooptica.pt\/en\/\ud83d\udc23-in-prooptics-easter-was-celebrated-in-a-very-sweet-way\/","og_site_name":"Prooptica","article_published_time":"2025-04-22T12:42:17+00:00","article_modified_time":"2025-04-22T12:50:00+00:00","og_image":[{"width":852,"height":514,"url":"https:\/\/www.prooptica.pt\/wp-content\/uploads\/2025\/04\/Capa-artigo-blog-4.jpg","type":"image\/jpeg"}],"author":"admin","twitter_card":"summary_large_image","twitter_misc":{"Written by":"admin","Estimated reading time":"1 minute"},"schema":{"@context":"https:\/\/schema.org","@graph":[{"@type":"Article","@id":"https:\/\/www.prooptica.pt\/%f0%9f%90%a3-na-prooptica-a-pascoa-celebrou-se-de-forma-muito-doce\/#article","isPartOf":{"@id":"https:\/\/www.prooptica.pt\/%f0%9f%90%a3-na-prooptica-a-pascoa-celebrou-se-de-forma-muito-doce\/"},"author":{"name":"admin","@id":"https:\/\/www.prooptica.pt\/home\/#\/schema\/person\/1cbd826a9322a3c38a052e43d1638306"},"headline":"\ud83d\udc23 Na Prooptica, a P\u00e1scoa celebrou-se de forma muito doce!","datePublished":"2025-04-22T12:42:17+00:00","dateModified":"2025-04-22T12:50:00+00:00","mainEntityOfPage":{"@id":"https:\/\/www.prooptica.pt\/%f0%9f%90%a3-na-prooptica-a-pascoa-celebrou-se-de-forma-muito-doce\/"},"wordCount":150,"image":{"@id":"https:\/\/www.prooptica.pt\/%f0%9f%90%a3-na-prooptica-a-pascoa-celebrou-se-de-forma-muito-doce\/#primaryimage"},"thumbnailUrl":"https:\/\/www.prooptica.pt\/wp-content\/uploads\/2025\/04\/Capa-artigo-blog-4.jpg","articleSection":["Institucional"],"inLanguage":"en-GB"},{"@type":"WebPage","@id":"https:\/\/www.prooptica.pt\/%f0%9f%90%a3-na-prooptica-a-pascoa-celebrou-se-de-forma-muito-doce\/","url":"https:\/\/www.prooptica.pt\/%f0%9f%90%a3-na-prooptica-a-pascoa-celebrou-se-de-forma-muito-doce\/","name":"\ud83d\udc23 At Prooptica, Easter was celebrated in a very sweet way!","isPartOf":{"@id":"https:\/\/www.prooptica.pt\/home\/#website"},"primaryImageOfPage":{"@id":"https:\/\/www.prooptica.pt\/%f0%9f%90%a3-na-prooptica-a-pascoa-celebrou-se-de-forma-muito-doce\/#primaryimage"},"image":{"@id":"https:\/\/www.prooptica.pt\/%f0%9f%90%a3-na-prooptica-a-pascoa-celebrou-se-de-forma-muito-doce\/#primaryimage"},"thumbnailUrl":"https:\/\/www.prooptica.pt\/wp-content\/uploads\/2025\/04\/Capa-artigo-blog-4.jpg","datePublished":"2025-04-22T12:42:17+00:00","dateModified":"2025-04-22T12:50:00+00:00","author":{"@id":"https:\/\/www.prooptica.pt\/home\/#\/schema\/person\/1cbd826a9322a3c38a052e43d1638306"},"description":"In the Prooptica family, every moment is an opportunity to strengthen our commitment to those who walk with us every day.","breadcrumb":{"@id":"https:\/\/www.prooptica.pt\/%f0%9f%90%a3-na-prooptica-a-pascoa-celebrou-se-de-forma-muito-doce\/#breadcrumb"},"inLanguage":"en-GB","potentialAction":[{"@type":"ReadAction","target":["https:\/\/www.prooptica.pt\/%f0%9f%90%a3-na-prooptica-a-pascoa-celebrou-se-de-forma-muito-doce\/"]}]},{"@type":"ImageObject","inLanguage":"en-GB","@id":"https:\/\/www.prooptica.pt\/%f0%9f%90%a3-na-prooptica-a-pascoa-celebrou-se-de-forma-muito-doce\/#primaryimage","url":"https:\/\/www.prooptica.pt\/wp-content\/uploads\/2025\/04\/Capa-artigo-blog-4.jpg","contentUrl":"https:\/\/www.prooptica.pt\/wp-content\/uploads\/2025\/04\/Capa-artigo-blog-4.jpg","width":852,"height":514},{"@type":"BreadcrumbList","@id":"https:\/\/www.prooptica.pt\/%f0%9f%90%a3-na-prooptica-a-pascoa-celebrou-se-de-forma-muito-doce\/#breadcrumb","itemListElement":[{"@type":"ListItem","position":1,"name":"In\u00edcio","item":"https:\/\/www.prooptica.pt\/"},{"@type":"ListItem","position":2,"name":"\ud83d\udc23 Na Prooptica, a P\u00e1scoa celebrou-se de forma muito doce!"}]},{"@type":"WebSite","@id":"https:\/\/www.prooptica.pt\/home\/#website","url":"https:\/\/www.prooptica.pt\/home\/","name":"Prooptica","description":"Full Eyewear Concept","potentialAction":[{"@type":"SearchAction","target":{"@type":"EntryPoint","urlTemplate":"https:\/\/www.prooptica.pt\/home\/?s={search_term_string}"},"query-input":{"@type":"PropertyValueSpecification","valueRequired":true,"valueName":"search_term_string"}}],"inLanguage":"en-GB"},{"@type":"Person","@id":"https:\/\/www.prooptica.pt\/home\/#\/schema\/person\/1cbd826a9322a3c38a052e43d1638306","name":"admin","image":{"@type":"ImageObject","inLanguage":"en-GB","@id":"https:\/\/secure.gravatar.com\/avatar\/528c714482569d81724b02603aa719344e9ad7c0b50becf07272b2086b2c1cfd?s=96&d=mm&r=g","url":"https:\/\/secure.gravatar.com\/avatar\/528c714482569d81724b02603aa719344e9ad7c0b50becf07272b2086b2c1cfd?s=96&d=mm&r=g","contentUrl":"https:\/\/secure.gravatar.com\/avatar\/528c714482569d81724b02603aa719344e9ad7c0b50becf07272b2086b2c1cfd?s=96&d=mm&r=g","caption":"admin"},"url":"https:\/\/www.prooptica.pt\/en\/author\/admin\/"}]}},"_links":{"self":[{"href":"https:\/\/www.prooptica.pt\/en\/wp-json\/wp\/v2\/posts\/22214","targetHints":{"allow":["GET"]}}],"collection":[{"href":"https:\/\/www.prooptica.pt\/en\/wp-json\/wp\/v2\/posts"}],"about":[{"href":"https:\/\/www.prooptica.pt\/en\/wp-json\/wp\/v2\/types\/post"}],"author":[{"embeddable":true,"href":"https:\/\/www.prooptica.pt\/en\/wp-json\/wp\/v2\/users\/2"}],"replies":[{"embeddable":true,"href":"https:\/\/www.prooptica.pt\/en\/wp-json\/wp\/v2\/comments?post=22214"}],"version-history":[{"count":3,"href":"https:\/\/www.prooptica.pt\/en\/wp-json\/wp\/v2\/posts\/22214\/revisions"}],"predecessor-version":[{"id":22217,"href":"https:\/\/www.prooptica.pt\/en\/wp-json\/wp\/v2\/posts\/22214\/revisions\/22217"}],"wp:featuredmedia":[{"embeddable":true,"href":"https:\/\/www.prooptica.pt\/en\/wp-json\/wp\/v2\/media\/22212"}],"wp:attachment":[{"href":"https:\/\/www.prooptica.pt\/en\/wp-json\/wp\/v2\/media?parent=22214"}],"wp:term":[{"taxonomy":"category","embeddable":true,"href":"https:\/\/www.prooptica.pt\/en\/wp-json\/wp\/v2\/categories?post=22214"},{"taxonomy":"post_tag","embeddable":true,"href":"https:\/\/www.prooptica.pt\/en\/wp-json\/wp\/v2\/tags?post=22214"}],"curies":[{"name":"wp","href":"https:\/\/api.w.org\/{rel}","templated":true}]}}