{"id":22218,"date":"2025-04-22T14:14:14","date_gmt":"2025-04-22T14:14:14","guid":{"rendered":"https:\/\/www.prooptica.pt\/?p=22218"},"modified":"2025-04-22T14:18:47","modified_gmt":"2025-04-22T14:18:47","slug":"%f0%9f%8c%8d-world-earth-day-a-commitment-that-goes-beyond-words","status":"publish","type":"post","link":"https:\/\/www.prooptica.pt\/en\/%f0%9f%8c%8d-dia-mundial-da-terra-um-compromisso-que-vai-alem-das-palavras\/","title":{"rendered":"\ud83c\udf0d World Earth Day | A commitment that goes beyond words"},"content":{"rendered":"<p>Today, 22nd April, we celebrate <strong>World Earth Day<\/strong> - a date that invites us to reflect on our impact on the planet and to take concrete action for a more sustainable future. More than just a symbol on the calendar, this day represents an urgent call to collective responsibility. Taking care of the Earth means taking care of all of us.<\/p>\n<p>In <strong>Prooptica<\/strong>This commitment is at the centre of our corporate culture. We believe that companies should be active agents of change, which is why we have been aligning our practices with the principles of <strong>ESG (Environmental, Social and Governance)<\/strong>. Because for us, sustainability is not a trend - it's a mission.<\/p>\n<h6>\ud83c\udf31 <strong>Environmental Commitment<\/strong><\/h6>\n<p>We take a conscious approach at every stage of our operation. From choosing suppliers who share our environmental values whenever possible, to investing in packaging reuse solutions, we have been reducing our environmental footprint. Our commitment to the circular economy, energy efficiency and waste reduction is ongoing and intentional.<\/p>\n<h6>\ud83e\udd1d <strong>Social Responsibility<\/strong><\/h6>\n<p>We are aware of our role in society. We value ethical relationships with employees, partners and communities. We support initiatives that promote well-being, inclusion and equal opportunities - because only with strong people can we build a strong planet.<\/p>\n<h6>\ud83d\udcca <strong>Sustainable Governance<\/strong><\/h6>\n<p>Sustainability is also realised in the way we run our company. We are committed to transparency, ethics and responsibility in all our decisions. We know that only with a solid foundation and integrity can we guarantee a lasting positive impact.<\/p>\n<p>On this World Earth Day, we renew our commitment to walking side by side with the planet. We want to continue building a greener, more conscious and more humane Prooptica.<\/p>\n<p>Because every choice counts.<br \/>\nAnd together, we can see the future with different eyes - clearer, fairer and more sustainable.<\/p>\n<p>&nbsp;<\/p>","protected":false},"excerpt":{"rendered":"<p>Hoje, 22 de abril, celebramos o Dia Mundial da Terra \u2014 uma data que nos convida \u00e0 reflex\u00e3o sobre o nosso impacto no planeta e \u00e0 a\u00e7\u00e3o concreta por um futuro mais sustent\u00e1vel. Mais do que um s\u00edmbolo no calend\u00e1rio, este dia representa um apelo urgente \u00e0 responsabilidade colectiva. Cuidar da Terra \u00e9 cuidar de [&hellip;]<\/p>\n","protected":false},"author":2,"featured_media":22219,"comment_status":"closed","ping_status":"closed","sticky":false,"template":"","format":"standard","meta":{"footnotes":""},"categories":[197],"tags":[],"class_list":["post-22218","post","type-post","status-publish","format-standard","has-post-thumbnail","hentry","category-sustentabilidade"],"yoast_head":"<!-- This site is optimized with the Yoast SEO plugin v27.5 - https:\/\/yoast.com\/product\/yoast-seo-wordpress\/ -->\n<title>Dia Mundial da Terra|Um Compromisso que Vai Al\u00e9m das Palavras<\/title>\n<meta name=\"description\" content=\"Neste Dia Mundial da Terra, renovamos o nosso compromisso de caminhar lado a lado com o planeta. Queremos construir uma Prooptica mais verde.\" \/>\n<meta name=\"robots\" content=\"index, follow, max-snippet:-1, max-image-preview:large, max-video-preview:-1\" \/>\n<link rel=\"canonical\" href=\"https:\/\/www.prooptica.pt\/en\/\ud83c\udf0d-world-earth-day-a-commitment-that-goes-beyond-words\/\" \/>\n<meta property=\"og:locale\" content=\"en_GB\" \/>\n<meta property=\"og:type\" content=\"article\" \/>\n<meta property=\"og:title\" content=\"Dia Mundial da Terra|Um Compromisso que Vai Al\u00e9m das Palavras\" \/>\n<meta property=\"og:description\" content=\"Neste Dia Mundial da Terra, renovamos o nosso compromisso de caminhar lado a lado com o planeta. Queremos construir uma Prooptica mais verde.\" \/>\n<meta property=\"og:url\" content=\"https:\/\/www.prooptica.pt\/en\/\ud83c\udf0d-world-earth-day-a-commitment-that-goes-beyond-words\/\" \/>\n<meta property=\"og:site_name\" content=\"Prooptica\" \/>\n<meta property=\"article:published_time\" content=\"2025-04-22T14:14:14+00:00\" \/>\n<meta property=\"article:modified_time\" content=\"2025-04-22T14:18:47+00:00\" \/>\n<meta property=\"og:image\" content=\"https:\/\/www.prooptica.pt\/wp-content\/uploads\/2025\/04\/Capa-artigo-blog-5.jpg\" \/>\n\t<meta property=\"og:image:width\" content=\"852\" \/>\n\t<meta property=\"og:image:height\" content=\"514\" \/>\n\t<meta property=\"og:image:type\" content=\"image\/jpeg\" \/>\n<meta name=\"author\" content=\"admin\" \/>\n<meta name=\"twitter:card\" content=\"summary_large_image\" \/>\n<meta name=\"twitter:label1\" content=\"Written by\" \/>\n\t<meta name=\"twitter:data1\" content=\"admin\" \/>\n\t<meta name=\"twitter:label2\" content=\"Estimated reading time\" \/>\n\t<meta name=\"twitter:data2\" content=\"2 minutes\" \/>\n<script type=\"application\/ld+json\" class=\"yoast-schema-graph\">{\"@context\":\"https:\\\/\\\/schema.org\",\"@graph\":[{\"@type\":\"Article\",\"@id\":\"https:\\\/\\\/www.prooptica.pt\\\/%f0%9f%8c%8d-dia-mundial-da-terra-um-compromisso-que-vai-alem-das-palavras\\\/#article\",\"isPartOf\":{\"@id\":\"https:\\\/\\\/www.prooptica.pt\\\/%f0%9f%8c%8d-dia-mundial-da-terra-um-compromisso-que-vai-alem-das-palavras\\\/\"},\"author\":{\"name\":\"admin\",\"@id\":\"https:\\\/\\\/www.prooptica.pt\\\/home\\\/#\\\/schema\\\/person\\\/1cbd826a9322a3c38a052e43d1638306\"},\"headline\":\"\ud83c\udf0d Dia Mundial da Terra | Um compromisso que vai al\u00e9m das palavras\",\"datePublished\":\"2025-04-22T14:14:14+00:00\",\"dateModified\":\"2025-04-22T14:18:47+00:00\",\"mainEntityOfPage\":{\"@id\":\"https:\\\/\\\/www.prooptica.pt\\\/%f0%9f%8c%8d-dia-mundial-da-terra-um-compromisso-que-vai-alem-das-palavras\\\/\"},\"wordCount\":335,\"image\":{\"@id\":\"https:\\\/\\\/www.prooptica.pt\\\/%f0%9f%8c%8d-dia-mundial-da-terra-um-compromisso-que-vai-alem-das-palavras\\\/#primaryimage\"},\"thumbnailUrl\":\"https:\\\/\\\/www.prooptica.pt\\\/wp-content\\\/uploads\\\/2025\\\/04\\\/Capa-artigo-blog-5.jpg\",\"articleSection\":[\"Sustentabilidade\"],\"inLanguage\":\"en-GB\"},{\"@type\":\"WebPage\",\"@id\":\"https:\\\/\\\/www.prooptica.pt\\\/%f0%9f%8c%8d-dia-mundial-da-terra-um-compromisso-que-vai-alem-das-palavras\\\/\",\"url\":\"https:\\\/\\\/www.prooptica.pt\\\/%f0%9f%8c%8d-dia-mundial-da-terra-um-compromisso-que-vai-alem-das-palavras\\\/\",\"name\":\"Dia Mundial da Terra|Um Compromisso que Vai Al\u00e9m das Palavras\",\"isPartOf\":{\"@id\":\"https:\\\/\\\/www.prooptica.pt\\\/home\\\/#website\"},\"primaryImageOfPage\":{\"@id\":\"https:\\\/\\\/www.prooptica.pt\\\/%f0%9f%8c%8d-dia-mundial-da-terra-um-compromisso-que-vai-alem-das-palavras\\\/#primaryimage\"},\"image\":{\"@id\":\"https:\\\/\\\/www.prooptica.pt\\\/%f0%9f%8c%8d-dia-mundial-da-terra-um-compromisso-que-vai-alem-das-palavras\\\/#primaryimage\"},\"thumbnailUrl\":\"https:\\\/\\\/www.prooptica.pt\\\/wp-content\\\/uploads\\\/2025\\\/04\\\/Capa-artigo-blog-5.jpg\",\"datePublished\":\"2025-04-22T14:14:14+00:00\",\"dateModified\":\"2025-04-22T14:18:47+00:00\",\"author\":{\"@id\":\"https:\\\/\\\/www.prooptica.pt\\\/home\\\/#\\\/schema\\\/person\\\/1cbd826a9322a3c38a052e43d1638306\"},\"description\":\"Neste Dia Mundial da Terra, renovamos o nosso compromisso de caminhar lado a lado com o planeta. Queremos construir uma Prooptica mais verde.\",\"breadcrumb\":{\"@id\":\"https:\\\/\\\/www.prooptica.pt\\\/%f0%9f%8c%8d-dia-mundial-da-terra-um-compromisso-que-vai-alem-das-palavras\\\/#breadcrumb\"},\"inLanguage\":\"en-GB\",\"potentialAction\":[{\"@type\":\"ReadAction\",\"target\":[\"https:\\\/\\\/www.prooptica.pt\\\/%f0%9f%8c%8d-dia-mundial-da-terra-um-compromisso-que-vai-alem-das-palavras\\\/\"]}]},{\"@type\":\"ImageObject\",\"inLanguage\":\"en-GB\",\"@id\":\"https:\\\/\\\/www.prooptica.pt\\\/%f0%9f%8c%8d-dia-mundial-da-terra-um-compromisso-que-vai-alem-das-palavras\\\/#primaryimage\",\"url\":\"https:\\\/\\\/www.prooptica.pt\\\/wp-content\\\/uploads\\\/2025\\\/04\\\/Capa-artigo-blog-5.jpg\",\"contentUrl\":\"https:\\\/\\\/www.prooptica.pt\\\/wp-content\\\/uploads\\\/2025\\\/04\\\/Capa-artigo-blog-5.jpg\",\"width\":852,\"height\":514},{\"@type\":\"BreadcrumbList\",\"@id\":\"https:\\\/\\\/www.prooptica.pt\\\/%f0%9f%8c%8d-dia-mundial-da-terra-um-compromisso-que-vai-alem-das-palavras\\\/#breadcrumb\",\"itemListElement\":[{\"@type\":\"ListItem\",\"position\":1,\"name\":\"In\u00edcio\",\"item\":\"https:\\\/\\\/www.prooptica.pt\\\/\"},{\"@type\":\"ListItem\",\"position\":2,\"name\":\"\ud83c\udf0d Dia Mundial da Terra | Um compromisso que vai al\u00e9m das palavras\"}]},{\"@type\":\"WebSite\",\"@id\":\"https:\\\/\\\/www.prooptica.pt\\\/home\\\/#website\",\"url\":\"https:\\\/\\\/www.prooptica.pt\\\/home\\\/\",\"name\":\"Prooptica\",\"description\":\"Full Eyewear Concept\",\"potentialAction\":[{\"@type\":\"SearchAction\",\"target\":{\"@type\":\"EntryPoint\",\"urlTemplate\":\"https:\\\/\\\/www.prooptica.pt\\\/home\\\/?s={search_term_string}\"},\"query-input\":{\"@type\":\"PropertyValueSpecification\",\"valueRequired\":true,\"valueName\":\"search_term_string\"}}],\"inLanguage\":\"en-GB\"},{\"@type\":\"Person\",\"@id\":\"https:\\\/\\\/www.prooptica.pt\\\/home\\\/#\\\/schema\\\/person\\\/1cbd826a9322a3c38a052e43d1638306\",\"name\":\"admin\",\"image\":{\"@type\":\"ImageObject\",\"inLanguage\":\"en-GB\",\"@id\":\"https:\\\/\\\/secure.gravatar.com\\\/avatar\\\/528c714482569d81724b02603aa719344e9ad7c0b50becf07272b2086b2c1cfd?s=96&d=mm&r=g\",\"url\":\"https:\\\/\\\/secure.gravatar.com\\\/avatar\\\/528c714482569d81724b02603aa719344e9ad7c0b50becf07272b2086b2c1cfd?s=96&d=mm&r=g\",\"contentUrl\":\"https:\\\/\\\/secure.gravatar.com\\\/avatar\\\/528c714482569d81724b02603aa719344e9ad7c0b50becf07272b2086b2c1cfd?s=96&d=mm&r=g\",\"caption\":\"admin\"},\"url\":\"https:\\\/\\\/www.prooptica.pt\\\/en\\\/author\\\/admin\\\/\"}]}<\/script>\n<!-- \/ Yoast SEO plugin. -->","yoast_head_json":{"title":"World Earth Day|A Commitment that Goes Beyond Words","description":"On this World Earth Day, we renew our commitment to walking side by side with the planet. We want to build a greener Prooptica.","robots":{"index":"index","follow":"follow","max-snippet":"max-snippet:-1","max-image-preview":"max-image-preview:large","max-video-preview":"max-video-preview:-1"},"canonical":"https:\/\/www.prooptica.pt\/en\/\ud83c\udf0d-world-earth-day-a-commitment-that-goes-beyond-words\/","og_locale":"en_GB","og_type":"article","og_title":"Dia Mundial da Terra|Um Compromisso que Vai Al\u00e9m das Palavras","og_description":"Neste Dia Mundial da Terra, renovamos o nosso compromisso de caminhar lado a lado com o planeta. Queremos construir uma Prooptica mais verde.","og_url":"https:\/\/www.prooptica.pt\/en\/\ud83c\udf0d-world-earth-day-a-commitment-that-goes-beyond-words\/","og_site_name":"Prooptica","article_published_time":"2025-04-22T14:14:14+00:00","article_modified_time":"2025-04-22T14:18:47+00:00","og_image":[{"width":852,"height":514,"url":"https:\/\/www.prooptica.pt\/wp-content\/uploads\/2025\/04\/Capa-artigo-blog-5.jpg","type":"image\/jpeg"}],"author":"admin","twitter_card":"summary_large_image","twitter_misc":{"Written by":"admin","Estimated reading time":"2 minutes"},"schema":{"@context":"https:\/\/schema.org","@graph":[{"@type":"Article","@id":"https:\/\/www.prooptica.pt\/%f0%9f%8c%8d-dia-mundial-da-terra-um-compromisso-que-vai-alem-das-palavras\/#article","isPartOf":{"@id":"https:\/\/www.prooptica.pt\/%f0%9f%8c%8d-dia-mundial-da-terra-um-compromisso-que-vai-alem-das-palavras\/"},"author":{"name":"admin","@id":"https:\/\/www.prooptica.pt\/home\/#\/schema\/person\/1cbd826a9322a3c38a052e43d1638306"},"headline":"\ud83c\udf0d Dia Mundial da Terra | Um compromisso que vai al\u00e9m das palavras","datePublished":"2025-04-22T14:14:14+00:00","dateModified":"2025-04-22T14:18:47+00:00","mainEntityOfPage":{"@id":"https:\/\/www.prooptica.pt\/%f0%9f%8c%8d-dia-mundial-da-terra-um-compromisso-que-vai-alem-das-palavras\/"},"wordCount":335,"image":{"@id":"https:\/\/www.prooptica.pt\/%f0%9f%8c%8d-dia-mundial-da-terra-um-compromisso-que-vai-alem-das-palavras\/#primaryimage"},"thumbnailUrl":"https:\/\/www.prooptica.pt\/wp-content\/uploads\/2025\/04\/Capa-artigo-blog-5.jpg","articleSection":["Sustentabilidade"],"inLanguage":"en-GB"},{"@type":"WebPage","@id":"https:\/\/www.prooptica.pt\/%f0%9f%8c%8d-dia-mundial-da-terra-um-compromisso-que-vai-alem-das-palavras\/","url":"https:\/\/www.prooptica.pt\/%f0%9f%8c%8d-dia-mundial-da-terra-um-compromisso-que-vai-alem-das-palavras\/","name":"World Earth Day|A Commitment that Goes Beyond Words","isPartOf":{"@id":"https:\/\/www.prooptica.pt\/home\/#website"},"primaryImageOfPage":{"@id":"https:\/\/www.prooptica.pt\/%f0%9f%8c%8d-dia-mundial-da-terra-um-compromisso-que-vai-alem-das-palavras\/#primaryimage"},"image":{"@id":"https:\/\/www.prooptica.pt\/%f0%9f%8c%8d-dia-mundial-da-terra-um-compromisso-que-vai-alem-das-palavras\/#primaryimage"},"thumbnailUrl":"https:\/\/www.prooptica.pt\/wp-content\/uploads\/2025\/04\/Capa-artigo-blog-5.jpg","datePublished":"2025-04-22T14:14:14+00:00","dateModified":"2025-04-22T14:18:47+00:00","author":{"@id":"https:\/\/www.prooptica.pt\/home\/#\/schema\/person\/1cbd826a9322a3c38a052e43d1638306"},"description":"On this World Earth Day, we renew our commitment to walking side by side with the planet. We want to build a greener Prooptica.","breadcrumb":{"@id":"https:\/\/www.prooptica.pt\/%f0%9f%8c%8d-dia-mundial-da-terra-um-compromisso-que-vai-alem-das-palavras\/#breadcrumb"},"inLanguage":"en-GB","potentialAction":[{"@type":"ReadAction","target":["https:\/\/www.prooptica.pt\/%f0%9f%8c%8d-dia-mundial-da-terra-um-compromisso-que-vai-alem-das-palavras\/"]}]},{"@type":"ImageObject","inLanguage":"en-GB","@id":"https:\/\/www.prooptica.pt\/%f0%9f%8c%8d-dia-mundial-da-terra-um-compromisso-que-vai-alem-das-palavras\/#primaryimage","url":"https:\/\/www.prooptica.pt\/wp-content\/uploads\/2025\/04\/Capa-artigo-blog-5.jpg","contentUrl":"https:\/\/www.prooptica.pt\/wp-content\/uploads\/2025\/04\/Capa-artigo-blog-5.jpg","width":852,"height":514},{"@type":"BreadcrumbList","@id":"https:\/\/www.prooptica.pt\/%f0%9f%8c%8d-dia-mundial-da-terra-um-compromisso-que-vai-alem-das-palavras\/#breadcrumb","itemListElement":[{"@type":"ListItem","position":1,"name":"In\u00edcio","item":"https:\/\/www.prooptica.pt\/"},{"@type":"ListItem","position":2,"name":"\ud83c\udf0d Dia Mundial da Terra | Um compromisso que vai al\u00e9m das palavras"}]},{"@type":"WebSite","@id":"https:\/\/www.prooptica.pt\/home\/#website","url":"https:\/\/www.prooptica.pt\/home\/","name":"Prooptica","description":"Full Eyewear Concept","potentialAction":[{"@type":"SearchAction","target":{"@type":"EntryPoint","urlTemplate":"https:\/\/www.prooptica.pt\/home\/?s={search_term_string}"},"query-input":{"@type":"PropertyValueSpecification","valueRequired":true,"valueName":"search_term_string"}}],"inLanguage":"en-GB"},{"@type":"Person","@id":"https:\/\/www.prooptica.pt\/home\/#\/schema\/person\/1cbd826a9322a3c38a052e43d1638306","name":"admin","image":{"@type":"ImageObject","inLanguage":"en-GB","@id":"https:\/\/secure.gravatar.com\/avatar\/528c714482569d81724b02603aa719344e9ad7c0b50becf07272b2086b2c1cfd?s=96&d=mm&r=g","url":"https:\/\/secure.gravatar.com\/avatar\/528c714482569d81724b02603aa719344e9ad7c0b50becf07272b2086b2c1cfd?s=96&d=mm&r=g","contentUrl":"https:\/\/secure.gravatar.com\/avatar\/528c714482569d81724b02603aa719344e9ad7c0b50becf07272b2086b2c1cfd?s=96&d=mm&r=g","caption":"admin"},"url":"https:\/\/www.prooptica.pt\/en\/author\/admin\/"}]}},"_links":{"self":[{"href":"https:\/\/www.prooptica.pt\/en\/wp-json\/wp\/v2\/posts\/22218","targetHints":{"allow":["GET"]}}],"collection":[{"href":"https:\/\/www.prooptica.pt\/en\/wp-json\/wp\/v2\/posts"}],"about":[{"href":"https:\/\/www.prooptica.pt\/en\/wp-json\/wp\/v2\/types\/post"}],"author":[{"embeddable":true,"href":"https:\/\/www.prooptica.pt\/en\/wp-json\/wp\/v2\/users\/2"}],"replies":[{"embeddable":true,"href":"https:\/\/www.prooptica.pt\/en\/wp-json\/wp\/v2\/comments?post=22218"}],"version-history":[{"count":4,"href":"https:\/\/www.prooptica.pt\/en\/wp-json\/wp\/v2\/posts\/22218\/revisions"}],"predecessor-version":[{"id":22224,"href":"https:\/\/www.prooptica.pt\/en\/wp-json\/wp\/v2\/posts\/22218\/revisions\/22224"}],"wp:featuredmedia":[{"embeddable":true,"href":"https:\/\/www.prooptica.pt\/en\/wp-json\/wp\/v2\/media\/22219"}],"wp:attachment":[{"href":"https:\/\/www.prooptica.pt\/en\/wp-json\/wp\/v2\/media?parent=22218"}],"wp:term":[{"taxonomy":"category","embeddable":true,"href":"https:\/\/www.prooptica.pt\/en\/wp-json\/wp\/v2\/categories?post=22218"},{"taxonomy":"post_tag","embeddable":true,"href":"https:\/\/www.prooptica.pt\/en\/wp-json\/wp\/v2\/tags?post=22218"}],"curies":[{"name":"wp","href":"https:\/\/api.w.org\/{rel}","templated":true}]}}