{"id":22263,"date":"2025-05-05T16:27:35","date_gmt":"2025-05-05T16:27:35","guid":{"rendered":"https:\/\/www.prooptica.pt\/?p=22263"},"modified":"2025-05-05T16:27:35","modified_gmt":"2025-05-05T16:27:35","slug":"mothers-day-and-all-womens-day-at-prooptica-a-special-lunch-with-an-unforgettable-treat","status":"publish","type":"post","link":"https:\/\/www.prooptica.pt\/en\/dia-da-mae-e-de-todas-as-mulheres-na-prooptica-um-almoco-especial-com-um-miminho-inesquecivel\/","title":{"rendered":"Mother's Day and all Women's Day at Prooptica | A special lunch with an unforgettable treat"},"content":{"rendered":"<p>On Mother's Day, we celebrated the Prooptica family spirit in a very special way: we brought together all the mums and wives of the company for a very special lunch, full of affection and joy. The aim was to reinforce the spirit of unity that is experienced daily at Prooptica, and every moment of this get-together proved it.<\/p>\n<p>We wanted to make this Mother's Day even more unforgettable, so we prepared a very special treat for our mums and wives. They each received a frame with a photo of themselves or their family, personalised with the Ghibli trend - which transforms real photos into images in the style of Studio Ghibli films. This unique gift was an emotional reminder of the moment, keeping the magic and affection of the day in a physical image to take home.<\/p>\n<p>More than just a gift, this symbolic tribute was our way of showing recognition and affection for all the mothers in the team. We know that being a mum means dedicating love, strength and patience, whether at home with your family or in your day-to-day work. At Prooptica, we deeply value every mum in our team for the unique contribution she makes to our Prooptica family.<\/p>","protected":false},"excerpt":{"rendered":"<p>Neste Dia da M\u00e3e, celebr\u00e1mos o esp\u00edrito familiar Prooptica de forma muito especial: reunimos todas as m\u00e3es e mulheres da empresa num almo\u00e7o de conv\u00edvio muito especial, cheio de carinho e alegria. O objetivo era refor\u00e7ar o esp\u00edrito de uni\u00e3o que se vive diariamente na Prooptica, e cada momento deste conv\u00edvio comprovou isso mesmo. Quer\u00edamos [&hellip;]<\/p>\n","protected":false},"author":2,"featured_media":22264,"comment_status":"closed","ping_status":"closed","sticky":false,"template":"","format":"standard","meta":{"footnotes":""},"categories":[195],"tags":[],"class_list":["post-22263","post","type-post","status-publish","format-standard","has-post-thumbnail","hentry","category-institucional"],"yoast_head":"<!-- This site is optimized with the Yoast SEO plugin v27.5 - https:\/\/yoast.com\/product\/yoast-seo-wordpress\/ -->\n<title>Dia da M\u00e3e e de todas as Mulheres na Prooptica<\/title>\n<meta name=\"description\" content=\"Na Prooptica, valorizamos profundamente cada m\u00e3e da nossa equipa, pelo contributo \u00fanico que d\u00e1 \u00e0 nossa fam\u00edlia Prooptica.\" \/>\n<meta name=\"robots\" content=\"index, follow, max-snippet:-1, max-image-preview:large, max-video-preview:-1\" \/>\n<link rel=\"canonical\" href=\"https:\/\/www.prooptica.pt\/en\/mothers-day-and-all-womens-day-at-prooptica-a-special-lunch-with-an-unforgettable-treat\/\" \/>\n<meta property=\"og:locale\" content=\"en_GB\" \/>\n<meta property=\"og:type\" content=\"article\" \/>\n<meta property=\"og:title\" content=\"Dia da M\u00e3e e de todas as Mulheres na Prooptica\" \/>\n<meta property=\"og:description\" content=\"Na Prooptica, valorizamos profundamente cada m\u00e3e da nossa equipa, pelo contributo \u00fanico que d\u00e1 \u00e0 nossa fam\u00edlia Prooptica.\" \/>\n<meta property=\"og:url\" content=\"https:\/\/www.prooptica.pt\/en\/mothers-day-and-all-womens-day-at-prooptica-a-special-lunch-with-an-unforgettable-treat\/\" \/>\n<meta property=\"og:site_name\" content=\"Prooptica\" \/>\n<meta property=\"article:published_time\" content=\"2025-05-05T16:27:35+00:00\" \/>\n<meta property=\"og:image\" content=\"https:\/\/www.prooptica.pt\/wp-content\/uploads\/2025\/05\/Capa-artigo-blog-2.jpg\" \/>\n\t<meta property=\"og:image:width\" content=\"852\" \/>\n\t<meta property=\"og:image:height\" content=\"514\" \/>\n\t<meta property=\"og:image:type\" content=\"image\/jpeg\" \/>\n<meta name=\"author\" content=\"admin\" \/>\n<meta name=\"twitter:card\" content=\"summary_large_image\" \/>\n<meta name=\"twitter:label1\" content=\"Written by\" \/>\n\t<meta name=\"twitter:data1\" content=\"admin\" \/>\n\t<meta name=\"twitter:label2\" content=\"Estimated reading time\" \/>\n\t<meta name=\"twitter:data2\" content=\"2 minutes\" \/>\n<script type=\"application\/ld+json\" class=\"yoast-schema-graph\">{\"@context\":\"https:\\\/\\\/schema.org\",\"@graph\":[{\"@type\":\"Article\",\"@id\":\"https:\\\/\\\/www.prooptica.pt\\\/dia-da-mae-e-de-todas-as-mulheres-na-prooptica-um-almoco-especial-com-um-miminho-inesquecivel\\\/#article\",\"isPartOf\":{\"@id\":\"https:\\\/\\\/www.prooptica.pt\\\/dia-da-mae-e-de-todas-as-mulheres-na-prooptica-um-almoco-especial-com-um-miminho-inesquecivel\\\/\"},\"author\":{\"name\":\"admin\",\"@id\":\"https:\\\/\\\/www.prooptica.pt\\\/home\\\/#\\\/schema\\\/person\\\/1cbd826a9322a3c38a052e43d1638306\"},\"headline\":\"Dia da M\u00e3e e de todas as Mulheres na Prooptica | Um almo\u00e7o especial com um miminho inesquec\u00edvel\",\"datePublished\":\"2025-05-05T16:27:35+00:00\",\"mainEntityOfPage\":{\"@id\":\"https:\\\/\\\/www.prooptica.pt\\\/dia-da-mae-e-de-todas-as-mulheres-na-prooptica-um-almoco-especial-com-um-miminho-inesquecivel\\\/\"},\"wordCount\":240,\"image\":{\"@id\":\"https:\\\/\\\/www.prooptica.pt\\\/dia-da-mae-e-de-todas-as-mulheres-na-prooptica-um-almoco-especial-com-um-miminho-inesquecivel\\\/#primaryimage\"},\"thumbnailUrl\":\"https:\\\/\\\/www.prooptica.pt\\\/wp-content\\\/uploads\\\/2025\\\/05\\\/Capa-artigo-blog-2.jpg\",\"articleSection\":[\"Institucional\"],\"inLanguage\":\"en-GB\"},{\"@type\":\"WebPage\",\"@id\":\"https:\\\/\\\/www.prooptica.pt\\\/dia-da-mae-e-de-todas-as-mulheres-na-prooptica-um-almoco-especial-com-um-miminho-inesquecivel\\\/\",\"url\":\"https:\\\/\\\/www.prooptica.pt\\\/dia-da-mae-e-de-todas-as-mulheres-na-prooptica-um-almoco-especial-com-um-miminho-inesquecivel\\\/\",\"name\":\"Dia da M\u00e3e e de todas as Mulheres na Prooptica\",\"isPartOf\":{\"@id\":\"https:\\\/\\\/www.prooptica.pt\\\/home\\\/#website\"},\"primaryImageOfPage\":{\"@id\":\"https:\\\/\\\/www.prooptica.pt\\\/dia-da-mae-e-de-todas-as-mulheres-na-prooptica-um-almoco-especial-com-um-miminho-inesquecivel\\\/#primaryimage\"},\"image\":{\"@id\":\"https:\\\/\\\/www.prooptica.pt\\\/dia-da-mae-e-de-todas-as-mulheres-na-prooptica-um-almoco-especial-com-um-miminho-inesquecivel\\\/#primaryimage\"},\"thumbnailUrl\":\"https:\\\/\\\/www.prooptica.pt\\\/wp-content\\\/uploads\\\/2025\\\/05\\\/Capa-artigo-blog-2.jpg\",\"datePublished\":\"2025-05-05T16:27:35+00:00\",\"author\":{\"@id\":\"https:\\\/\\\/www.prooptica.pt\\\/home\\\/#\\\/schema\\\/person\\\/1cbd826a9322a3c38a052e43d1638306\"},\"description\":\"Na Prooptica, valorizamos profundamente cada m\u00e3e da nossa equipa, pelo contributo \u00fanico que d\u00e1 \u00e0 nossa fam\u00edlia Prooptica.\",\"breadcrumb\":{\"@id\":\"https:\\\/\\\/www.prooptica.pt\\\/dia-da-mae-e-de-todas-as-mulheres-na-prooptica-um-almoco-especial-com-um-miminho-inesquecivel\\\/#breadcrumb\"},\"inLanguage\":\"en-GB\",\"potentialAction\":[{\"@type\":\"ReadAction\",\"target\":[\"https:\\\/\\\/www.prooptica.pt\\\/dia-da-mae-e-de-todas-as-mulheres-na-prooptica-um-almoco-especial-com-um-miminho-inesquecivel\\\/\"]}]},{\"@type\":\"ImageObject\",\"inLanguage\":\"en-GB\",\"@id\":\"https:\\\/\\\/www.prooptica.pt\\\/dia-da-mae-e-de-todas-as-mulheres-na-prooptica-um-almoco-especial-com-um-miminho-inesquecivel\\\/#primaryimage\",\"url\":\"https:\\\/\\\/www.prooptica.pt\\\/wp-content\\\/uploads\\\/2025\\\/05\\\/Capa-artigo-blog-2.jpg\",\"contentUrl\":\"https:\\\/\\\/www.prooptica.pt\\\/wp-content\\\/uploads\\\/2025\\\/05\\\/Capa-artigo-blog-2.jpg\",\"width\":852,\"height\":514},{\"@type\":\"BreadcrumbList\",\"@id\":\"https:\\\/\\\/www.prooptica.pt\\\/dia-da-mae-e-de-todas-as-mulheres-na-prooptica-um-almoco-especial-com-um-miminho-inesquecivel\\\/#breadcrumb\",\"itemListElement\":[{\"@type\":\"ListItem\",\"position\":1,\"name\":\"In\u00edcio\",\"item\":\"https:\\\/\\\/www.prooptica.pt\\\/\"},{\"@type\":\"ListItem\",\"position\":2,\"name\":\"Dia da M\u00e3e e de todas as Mulheres na Prooptica | Um almo\u00e7o especial com um miminho inesquec\u00edvel\"}]},{\"@type\":\"WebSite\",\"@id\":\"https:\\\/\\\/www.prooptica.pt\\\/home\\\/#website\",\"url\":\"https:\\\/\\\/www.prooptica.pt\\\/home\\\/\",\"name\":\"Prooptica\",\"description\":\"Full Eyewear Concept\",\"potentialAction\":[{\"@type\":\"SearchAction\",\"target\":{\"@type\":\"EntryPoint\",\"urlTemplate\":\"https:\\\/\\\/www.prooptica.pt\\\/home\\\/?s={search_term_string}\"},\"query-input\":{\"@type\":\"PropertyValueSpecification\",\"valueRequired\":true,\"valueName\":\"search_term_string\"}}],\"inLanguage\":\"en-GB\"},{\"@type\":\"Person\",\"@id\":\"https:\\\/\\\/www.prooptica.pt\\\/home\\\/#\\\/schema\\\/person\\\/1cbd826a9322a3c38a052e43d1638306\",\"name\":\"admin\",\"image\":{\"@type\":\"ImageObject\",\"inLanguage\":\"en-GB\",\"@id\":\"https:\\\/\\\/secure.gravatar.com\\\/avatar\\\/528c714482569d81724b02603aa719344e9ad7c0b50becf07272b2086b2c1cfd?s=96&d=mm&r=g\",\"url\":\"https:\\\/\\\/secure.gravatar.com\\\/avatar\\\/528c714482569d81724b02603aa719344e9ad7c0b50becf07272b2086b2c1cfd?s=96&d=mm&r=g\",\"contentUrl\":\"https:\\\/\\\/secure.gravatar.com\\\/avatar\\\/528c714482569d81724b02603aa719344e9ad7c0b50becf07272b2086b2c1cfd?s=96&d=mm&r=g\",\"caption\":\"admin\"},\"url\":\"https:\\\/\\\/www.prooptica.pt\\\/en\\\/author\\\/admin\\\/\"}]}<\/script>\n<!-- \/ Yoast SEO plugin. -->","yoast_head_json":{"title":"Mother's Day and All Women's Day at Prooptica","description":"At Prooptica, we deeply value every mum on our team for the unique contribution she makes to our Prooptica family.","robots":{"index":"index","follow":"follow","max-snippet":"max-snippet:-1","max-image-preview":"max-image-preview:large","max-video-preview":"max-video-preview:-1"},"canonical":"https:\/\/www.prooptica.pt\/en\/mothers-day-and-all-womens-day-at-prooptica-a-special-lunch-with-an-unforgettable-treat\/","og_locale":"en_GB","og_type":"article","og_title":"Dia da M\u00e3e e de todas as Mulheres na Prooptica","og_description":"Na Prooptica, valorizamos profundamente cada m\u00e3e da nossa equipa, pelo contributo \u00fanico que d\u00e1 \u00e0 nossa fam\u00edlia Prooptica.","og_url":"https:\/\/www.prooptica.pt\/en\/mothers-day-and-all-womens-day-at-prooptica-a-special-lunch-with-an-unforgettable-treat\/","og_site_name":"Prooptica","article_published_time":"2025-05-05T16:27:35+00:00","og_image":[{"width":852,"height":514,"url":"https:\/\/www.prooptica.pt\/wp-content\/uploads\/2025\/05\/Capa-artigo-blog-2.jpg","type":"image\/jpeg"}],"author":"admin","twitter_card":"summary_large_image","twitter_misc":{"Written by":"admin","Estimated reading time":"2 minutes"},"schema":{"@context":"https:\/\/schema.org","@graph":[{"@type":"Article","@id":"https:\/\/www.prooptica.pt\/dia-da-mae-e-de-todas-as-mulheres-na-prooptica-um-almoco-especial-com-um-miminho-inesquecivel\/#article","isPartOf":{"@id":"https:\/\/www.prooptica.pt\/dia-da-mae-e-de-todas-as-mulheres-na-prooptica-um-almoco-especial-com-um-miminho-inesquecivel\/"},"author":{"name":"admin","@id":"https:\/\/www.prooptica.pt\/home\/#\/schema\/person\/1cbd826a9322a3c38a052e43d1638306"},"headline":"Dia da M\u00e3e e de todas as Mulheres na Prooptica | Um almo\u00e7o especial com um miminho inesquec\u00edvel","datePublished":"2025-05-05T16:27:35+00:00","mainEntityOfPage":{"@id":"https:\/\/www.prooptica.pt\/dia-da-mae-e-de-todas-as-mulheres-na-prooptica-um-almoco-especial-com-um-miminho-inesquecivel\/"},"wordCount":240,"image":{"@id":"https:\/\/www.prooptica.pt\/dia-da-mae-e-de-todas-as-mulheres-na-prooptica-um-almoco-especial-com-um-miminho-inesquecivel\/#primaryimage"},"thumbnailUrl":"https:\/\/www.prooptica.pt\/wp-content\/uploads\/2025\/05\/Capa-artigo-blog-2.jpg","articleSection":["Institucional"],"inLanguage":"en-GB"},{"@type":"WebPage","@id":"https:\/\/www.prooptica.pt\/dia-da-mae-e-de-todas-as-mulheres-na-prooptica-um-almoco-especial-com-um-miminho-inesquecivel\/","url":"https:\/\/www.prooptica.pt\/dia-da-mae-e-de-todas-as-mulheres-na-prooptica-um-almoco-especial-com-um-miminho-inesquecivel\/","name":"Mother's Day and All Women's Day at Prooptica","isPartOf":{"@id":"https:\/\/www.prooptica.pt\/home\/#website"},"primaryImageOfPage":{"@id":"https:\/\/www.prooptica.pt\/dia-da-mae-e-de-todas-as-mulheres-na-prooptica-um-almoco-especial-com-um-miminho-inesquecivel\/#primaryimage"},"image":{"@id":"https:\/\/www.prooptica.pt\/dia-da-mae-e-de-todas-as-mulheres-na-prooptica-um-almoco-especial-com-um-miminho-inesquecivel\/#primaryimage"},"thumbnailUrl":"https:\/\/www.prooptica.pt\/wp-content\/uploads\/2025\/05\/Capa-artigo-blog-2.jpg","datePublished":"2025-05-05T16:27:35+00:00","author":{"@id":"https:\/\/www.prooptica.pt\/home\/#\/schema\/person\/1cbd826a9322a3c38a052e43d1638306"},"description":"At Prooptica, we deeply value every mum on our team for the unique contribution she makes to our Prooptica family.","breadcrumb":{"@id":"https:\/\/www.prooptica.pt\/dia-da-mae-e-de-todas-as-mulheres-na-prooptica-um-almoco-especial-com-um-miminho-inesquecivel\/#breadcrumb"},"inLanguage":"en-GB","potentialAction":[{"@type":"ReadAction","target":["https:\/\/www.prooptica.pt\/dia-da-mae-e-de-todas-as-mulheres-na-prooptica-um-almoco-especial-com-um-miminho-inesquecivel\/"]}]},{"@type":"ImageObject","inLanguage":"en-GB","@id":"https:\/\/www.prooptica.pt\/dia-da-mae-e-de-todas-as-mulheres-na-prooptica-um-almoco-especial-com-um-miminho-inesquecivel\/#primaryimage","url":"https:\/\/www.prooptica.pt\/wp-content\/uploads\/2025\/05\/Capa-artigo-blog-2.jpg","contentUrl":"https:\/\/www.prooptica.pt\/wp-content\/uploads\/2025\/05\/Capa-artigo-blog-2.jpg","width":852,"height":514},{"@type":"BreadcrumbList","@id":"https:\/\/www.prooptica.pt\/dia-da-mae-e-de-todas-as-mulheres-na-prooptica-um-almoco-especial-com-um-miminho-inesquecivel\/#breadcrumb","itemListElement":[{"@type":"ListItem","position":1,"name":"In\u00edcio","item":"https:\/\/www.prooptica.pt\/"},{"@type":"ListItem","position":2,"name":"Dia da M\u00e3e e de todas as Mulheres na Prooptica | Um almo\u00e7o especial com um miminho inesquec\u00edvel"}]},{"@type":"WebSite","@id":"https:\/\/www.prooptica.pt\/home\/#website","url":"https:\/\/www.prooptica.pt\/home\/","name":"Prooptica","description":"Full Eyewear Concept","potentialAction":[{"@type":"SearchAction","target":{"@type":"EntryPoint","urlTemplate":"https:\/\/www.prooptica.pt\/home\/?s={search_term_string}"},"query-input":{"@type":"PropertyValueSpecification","valueRequired":true,"valueName":"search_term_string"}}],"inLanguage":"en-GB"},{"@type":"Person","@id":"https:\/\/www.prooptica.pt\/home\/#\/schema\/person\/1cbd826a9322a3c38a052e43d1638306","name":"admin","image":{"@type":"ImageObject","inLanguage":"en-GB","@id":"https:\/\/secure.gravatar.com\/avatar\/528c714482569d81724b02603aa719344e9ad7c0b50becf07272b2086b2c1cfd?s=96&d=mm&r=g","url":"https:\/\/secure.gravatar.com\/avatar\/528c714482569d81724b02603aa719344e9ad7c0b50becf07272b2086b2c1cfd?s=96&d=mm&r=g","contentUrl":"https:\/\/secure.gravatar.com\/avatar\/528c714482569d81724b02603aa719344e9ad7c0b50becf07272b2086b2c1cfd?s=96&d=mm&r=g","caption":"admin"},"url":"https:\/\/www.prooptica.pt\/en\/author\/admin\/"}]}},"_links":{"self":[{"href":"https:\/\/www.prooptica.pt\/en\/wp-json\/wp\/v2\/posts\/22263","targetHints":{"allow":["GET"]}}],"collection":[{"href":"https:\/\/www.prooptica.pt\/en\/wp-json\/wp\/v2\/posts"}],"about":[{"href":"https:\/\/www.prooptica.pt\/en\/wp-json\/wp\/v2\/types\/post"}],"author":[{"embeddable":true,"href":"https:\/\/www.prooptica.pt\/en\/wp-json\/wp\/v2\/users\/2"}],"replies":[{"embeddable":true,"href":"https:\/\/www.prooptica.pt\/en\/wp-json\/wp\/v2\/comments?post=22263"}],"version-history":[{"count":1,"href":"https:\/\/www.prooptica.pt\/en\/wp-json\/wp\/v2\/posts\/22263\/revisions"}],"predecessor-version":[{"id":22265,"href":"https:\/\/www.prooptica.pt\/en\/wp-json\/wp\/v2\/posts\/22263\/revisions\/22265"}],"wp:featuredmedia":[{"embeddable":true,"href":"https:\/\/www.prooptica.pt\/en\/wp-json\/wp\/v2\/media\/22264"}],"wp:attachment":[{"href":"https:\/\/www.prooptica.pt\/en\/wp-json\/wp\/v2\/media?parent=22263"}],"wp:term":[{"taxonomy":"category","embeddable":true,"href":"https:\/\/www.prooptica.pt\/en\/wp-json\/wp\/v2\/categories?post=22263"},{"taxonomy":"post_tag","embeddable":true,"href":"https:\/\/www.prooptica.pt\/en\/wp-json\/wp\/v2\/tags?post=22263"}],"curies":[{"name":"wp","href":"https:\/\/api.w.org\/{rel}","templated":true}]}}