{"id":23298,"date":"2025-05-20T09:42:25","date_gmt":"2025-05-20T09:42:25","guid":{"rendered":"https:\/\/www.prooptica.pt\/?p=23298"},"modified":"2025-05-20T09:42:25","modified_gmt":"2025-05-20T09:42:25","slug":"prooptica-showroom-in-the-spotlight-at-opticapro","status":"publish","type":"post","link":"https:\/\/www.prooptica.pt\/en\/showroom-prooptica-em-destaque-na-opticapro\/","title":{"rendered":"Prooptica Showroom | Featured on OpticaPro"},"content":{"rendered":"<p>OpticaPro attended Prooptica's latest showroom, which took place in Porto, in a vibrant atmosphere where innovation and design met. It was a unique opportunity to explore first-hand the latest trends in eyewear and exchange views with the Prooptica team, especially Alexandra Fernandes, director of the eyewear area, who shared the strategic vision behind the new collections.<\/p>\n<p>In this article, we'll give you a detailed overview of the new features of our eyewear collections, designed to meet the demands of an increasingly dynamic market. We also highlight the solutions available in the complementary areas that make up our \"Full Eyewear Concept\" model - an exclusive and innovative concept that integrates eyewear, accessories, ophthalmic lenses and design+architecture, offering a complete response to the needs of professionals in the sector.<\/p>\n<p>Among the most exciting news is the internationalisation of Prooptica, now with an official presence in Brazil, reinforcing our commitment to the brand's global expansion. And there's more: we're preparing to take part in the prestigious Silmo 2025 trade fair, which will take place in September in Paris - a world reference stage where we'll be presenting brand new collections and reinforcing Prooptica's position as one of the main players in the eyewear world.<\/p>\n<p style=\"text-align: center;\"><a href=\"https:\/\/loja.prooptica.pt\/wp-content\/uploads\/OP264-36-Showroom-Prooptica.pdf\"><span style=\"color: #000000;\"><strong>Click here to find out all the details of the Opticapro article<\/strong><\/span><\/a><\/p>","protected":false},"excerpt":{"rendered":"<p>A OpticaPro esteve presente no mais recente showroom da Prooptica, que decorreu no Porto, num ambiente vibrante onde a inova\u00e7\u00e3o e o design marcaram encontro. Foi uma oportunidade \u00fanica para explorar em primeira m\u00e3o as \u00faltimas tend\u00eancias em eyewear e trocar impress\u00f5es com a equipa da Prooptica, em especial com Alexandra Fernandes, diretora da \u00e1rea [&hellip;]<\/p>\n","protected":false},"author":2,"featured_media":23299,"comment_status":"closed","ping_status":"closed","sticky":false,"template":"","format":"standard","meta":{"footnotes":""},"categories":[195],"tags":[],"class_list":["post-23298","post","type-post","status-publish","format-standard","has-post-thumbnail","hentry","category-institucional"],"yoast_head":"<!-- This site is optimized with the Yoast SEO plugin v27.4 - https:\/\/yoast.com\/product\/yoast-seo-wordpress\/ -->\n<title>Showroom Prooptica | Em destaque na Optica Pro<\/title>\n<meta name=\"description\" content=\"Entre as novidades mais entusiasmantes, est\u00e1 a internacionaliza\u00e7\u00e3o da Prooptica, agora com presen\u00e7a oficial no Brasil.\" \/>\n<meta name=\"robots\" content=\"index, follow, max-snippet:-1, max-image-preview:large, max-video-preview:-1\" \/>\n<link rel=\"canonical\" href=\"https:\/\/www.prooptica.pt\/en\/prooptica-showroom-in-the-spotlight-at-opticapro\/\" \/>\n<meta property=\"og:locale\" content=\"en_GB\" \/>\n<meta property=\"og:type\" content=\"article\" \/>\n<meta property=\"og:title\" content=\"Showroom Prooptica | Em destaque na Optica Pro\" \/>\n<meta property=\"og:description\" content=\"Entre as novidades mais entusiasmantes, est\u00e1 a internacionaliza\u00e7\u00e3o da Prooptica, agora com presen\u00e7a oficial no Brasil.\" \/>\n<meta property=\"og:url\" content=\"https:\/\/www.prooptica.pt\/en\/prooptica-showroom-in-the-spotlight-at-opticapro\/\" \/>\n<meta property=\"og:site_name\" content=\"Prooptica\" \/>\n<meta property=\"article:published_time\" content=\"2025-05-20T09:42:25+00:00\" \/>\n<meta property=\"og:image\" content=\"https:\/\/www.prooptica.pt\/wp-content\/uploads\/2025\/05\/Capa-artigo-blog-5.jpg\" \/>\n\t<meta property=\"og:image:width\" content=\"852\" \/>\n\t<meta property=\"og:image:height\" content=\"514\" \/>\n\t<meta property=\"og:image:type\" content=\"image\/jpeg\" \/>\n<meta name=\"author\" content=\"admin\" \/>\n<meta name=\"twitter:card\" content=\"summary_large_image\" \/>\n<meta name=\"twitter:label1\" content=\"Written by\" \/>\n\t<meta name=\"twitter:data1\" content=\"admin\" \/>\n\t<meta name=\"twitter:label2\" content=\"Estimated reading time\" \/>\n\t<meta name=\"twitter:data2\" content=\"2 minutes\" \/>\n<script type=\"application\/ld+json\" class=\"yoast-schema-graph\">{\"@context\":\"https:\\\/\\\/schema.org\",\"@graph\":[{\"@type\":\"Article\",\"@id\":\"https:\\\/\\\/www.prooptica.pt\\\/showroom-prooptica-em-destaque-na-opticapro\\\/#article\",\"isPartOf\":{\"@id\":\"https:\\\/\\\/www.prooptica.pt\\\/showroom-prooptica-em-destaque-na-opticapro\\\/\"},\"author\":{\"name\":\"admin\",\"@id\":\"https:\\\/\\\/www.prooptica.pt\\\/home\\\/#\\\/schema\\\/person\\\/1cbd826a9322a3c38a052e43d1638306\"},\"headline\":\"Showroom Prooptica | Em destaque na OpticaPro\",\"datePublished\":\"2025-05-20T09:42:25+00:00\",\"mainEntityOfPage\":{\"@id\":\"https:\\\/\\\/www.prooptica.pt\\\/showroom-prooptica-em-destaque-na-opticapro\\\/\"},\"wordCount\":255,\"image\":{\"@id\":\"https:\\\/\\\/www.prooptica.pt\\\/showroom-prooptica-em-destaque-na-opticapro\\\/#primaryimage\"},\"thumbnailUrl\":\"https:\\\/\\\/www.prooptica.pt\\\/wp-content\\\/uploads\\\/2025\\\/05\\\/Capa-artigo-blog-5.jpg\",\"articleSection\":[\"Institucional\"],\"inLanguage\":\"en-GB\"},{\"@type\":\"WebPage\",\"@id\":\"https:\\\/\\\/www.prooptica.pt\\\/showroom-prooptica-em-destaque-na-opticapro\\\/\",\"url\":\"https:\\\/\\\/www.prooptica.pt\\\/showroom-prooptica-em-destaque-na-opticapro\\\/\",\"name\":\"Showroom Prooptica | Em destaque na Optica Pro\",\"isPartOf\":{\"@id\":\"https:\\\/\\\/www.prooptica.pt\\\/home\\\/#website\"},\"primaryImageOfPage\":{\"@id\":\"https:\\\/\\\/www.prooptica.pt\\\/showroom-prooptica-em-destaque-na-opticapro\\\/#primaryimage\"},\"image\":{\"@id\":\"https:\\\/\\\/www.prooptica.pt\\\/showroom-prooptica-em-destaque-na-opticapro\\\/#primaryimage\"},\"thumbnailUrl\":\"https:\\\/\\\/www.prooptica.pt\\\/wp-content\\\/uploads\\\/2025\\\/05\\\/Capa-artigo-blog-5.jpg\",\"datePublished\":\"2025-05-20T09:42:25+00:00\",\"author\":{\"@id\":\"https:\\\/\\\/www.prooptica.pt\\\/home\\\/#\\\/schema\\\/person\\\/1cbd826a9322a3c38a052e43d1638306\"},\"description\":\"Entre as novidades mais entusiasmantes, est\u00e1 a internacionaliza\u00e7\u00e3o da Prooptica, agora com presen\u00e7a oficial no Brasil.\",\"breadcrumb\":{\"@id\":\"https:\\\/\\\/www.prooptica.pt\\\/showroom-prooptica-em-destaque-na-opticapro\\\/#breadcrumb\"},\"inLanguage\":\"en-GB\",\"potentialAction\":[{\"@type\":\"ReadAction\",\"target\":[\"https:\\\/\\\/www.prooptica.pt\\\/showroom-prooptica-em-destaque-na-opticapro\\\/\"]}]},{\"@type\":\"ImageObject\",\"inLanguage\":\"en-GB\",\"@id\":\"https:\\\/\\\/www.prooptica.pt\\\/showroom-prooptica-em-destaque-na-opticapro\\\/#primaryimage\",\"url\":\"https:\\\/\\\/www.prooptica.pt\\\/wp-content\\\/uploads\\\/2025\\\/05\\\/Capa-artigo-blog-5.jpg\",\"contentUrl\":\"https:\\\/\\\/www.prooptica.pt\\\/wp-content\\\/uploads\\\/2025\\\/05\\\/Capa-artigo-blog-5.jpg\",\"width\":852,\"height\":514},{\"@type\":\"BreadcrumbList\",\"@id\":\"https:\\\/\\\/www.prooptica.pt\\\/showroom-prooptica-em-destaque-na-opticapro\\\/#breadcrumb\",\"itemListElement\":[{\"@type\":\"ListItem\",\"position\":1,\"name\":\"In\u00edcio\",\"item\":\"https:\\\/\\\/www.prooptica.pt\\\/\"},{\"@type\":\"ListItem\",\"position\":2,\"name\":\"Showroom Prooptica | Em destaque na OpticaPro\"}]},{\"@type\":\"WebSite\",\"@id\":\"https:\\\/\\\/www.prooptica.pt\\\/home\\\/#website\",\"url\":\"https:\\\/\\\/www.prooptica.pt\\\/home\\\/\",\"name\":\"Prooptica\",\"description\":\"Full Eyewear Concept\",\"potentialAction\":[{\"@type\":\"SearchAction\",\"target\":{\"@type\":\"EntryPoint\",\"urlTemplate\":\"https:\\\/\\\/www.prooptica.pt\\\/home\\\/?s={search_term_string}\"},\"query-input\":{\"@type\":\"PropertyValueSpecification\",\"valueRequired\":true,\"valueName\":\"search_term_string\"}}],\"inLanguage\":\"en-GB\"},{\"@type\":\"Person\",\"@id\":\"https:\\\/\\\/www.prooptica.pt\\\/home\\\/#\\\/schema\\\/person\\\/1cbd826a9322a3c38a052e43d1638306\",\"name\":\"admin\",\"image\":{\"@type\":\"ImageObject\",\"inLanguage\":\"en-GB\",\"@id\":\"https:\\\/\\\/secure.gravatar.com\\\/avatar\\\/528c714482569d81724b02603aa719344e9ad7c0b50becf07272b2086b2c1cfd?s=96&d=mm&r=g\",\"url\":\"https:\\\/\\\/secure.gravatar.com\\\/avatar\\\/528c714482569d81724b02603aa719344e9ad7c0b50becf07272b2086b2c1cfd?s=96&d=mm&r=g\",\"contentUrl\":\"https:\\\/\\\/secure.gravatar.com\\\/avatar\\\/528c714482569d81724b02603aa719344e9ad7c0b50becf07272b2086b2c1cfd?s=96&d=mm&r=g\",\"caption\":\"admin\"},\"url\":\"https:\\\/\\\/www.prooptica.pt\\\/en\\\/author\\\/admin\\\/\"}]}<\/script>\n<!-- \/ Yoast SEO plugin. -->","yoast_head_json":{"title":"Prooptica Showroom | Featured on Optica Pro","description":"Among the most exciting news is the internationalisation of Prooptica, now with an official presence in Brazil.","robots":{"index":"index","follow":"follow","max-snippet":"max-snippet:-1","max-image-preview":"max-image-preview:large","max-video-preview":"max-video-preview:-1"},"canonical":"https:\/\/www.prooptica.pt\/en\/prooptica-showroom-in-the-spotlight-at-opticapro\/","og_locale":"en_GB","og_type":"article","og_title":"Showroom Prooptica | Em destaque na Optica Pro","og_description":"Entre as novidades mais entusiasmantes, est\u00e1 a internacionaliza\u00e7\u00e3o da Prooptica, agora com presen\u00e7a oficial no Brasil.","og_url":"https:\/\/www.prooptica.pt\/en\/prooptica-showroom-in-the-spotlight-at-opticapro\/","og_site_name":"Prooptica","article_published_time":"2025-05-20T09:42:25+00:00","og_image":[{"width":852,"height":514,"url":"https:\/\/www.prooptica.pt\/wp-content\/uploads\/2025\/05\/Capa-artigo-blog-5.jpg","type":"image\/jpeg"}],"author":"admin","twitter_card":"summary_large_image","twitter_misc":{"Written by":"admin","Estimated reading time":"2 minutes"},"schema":{"@context":"https:\/\/schema.org","@graph":[{"@type":"Article","@id":"https:\/\/www.prooptica.pt\/showroom-prooptica-em-destaque-na-opticapro\/#article","isPartOf":{"@id":"https:\/\/www.prooptica.pt\/showroom-prooptica-em-destaque-na-opticapro\/"},"author":{"name":"admin","@id":"https:\/\/www.prooptica.pt\/home\/#\/schema\/person\/1cbd826a9322a3c38a052e43d1638306"},"headline":"Showroom Prooptica | Em destaque na OpticaPro","datePublished":"2025-05-20T09:42:25+00:00","mainEntityOfPage":{"@id":"https:\/\/www.prooptica.pt\/showroom-prooptica-em-destaque-na-opticapro\/"},"wordCount":255,"image":{"@id":"https:\/\/www.prooptica.pt\/showroom-prooptica-em-destaque-na-opticapro\/#primaryimage"},"thumbnailUrl":"https:\/\/www.prooptica.pt\/wp-content\/uploads\/2025\/05\/Capa-artigo-blog-5.jpg","articleSection":["Institucional"],"inLanguage":"en-GB"},{"@type":"WebPage","@id":"https:\/\/www.prooptica.pt\/showroom-prooptica-em-destaque-na-opticapro\/","url":"https:\/\/www.prooptica.pt\/showroom-prooptica-em-destaque-na-opticapro\/","name":"Prooptica Showroom | Featured on Optica Pro","isPartOf":{"@id":"https:\/\/www.prooptica.pt\/home\/#website"},"primaryImageOfPage":{"@id":"https:\/\/www.prooptica.pt\/showroom-prooptica-em-destaque-na-opticapro\/#primaryimage"},"image":{"@id":"https:\/\/www.prooptica.pt\/showroom-prooptica-em-destaque-na-opticapro\/#primaryimage"},"thumbnailUrl":"https:\/\/www.prooptica.pt\/wp-content\/uploads\/2025\/05\/Capa-artigo-blog-5.jpg","datePublished":"2025-05-20T09:42:25+00:00","author":{"@id":"https:\/\/www.prooptica.pt\/home\/#\/schema\/person\/1cbd826a9322a3c38a052e43d1638306"},"description":"Among the most exciting news is the internationalisation of Prooptica, now with an official presence in Brazil.","breadcrumb":{"@id":"https:\/\/www.prooptica.pt\/showroom-prooptica-em-destaque-na-opticapro\/#breadcrumb"},"inLanguage":"en-GB","potentialAction":[{"@type":"ReadAction","target":["https:\/\/www.prooptica.pt\/showroom-prooptica-em-destaque-na-opticapro\/"]}]},{"@type":"ImageObject","inLanguage":"en-GB","@id":"https:\/\/www.prooptica.pt\/showroom-prooptica-em-destaque-na-opticapro\/#primaryimage","url":"https:\/\/www.prooptica.pt\/wp-content\/uploads\/2025\/05\/Capa-artigo-blog-5.jpg","contentUrl":"https:\/\/www.prooptica.pt\/wp-content\/uploads\/2025\/05\/Capa-artigo-blog-5.jpg","width":852,"height":514},{"@type":"BreadcrumbList","@id":"https:\/\/www.prooptica.pt\/showroom-prooptica-em-destaque-na-opticapro\/#breadcrumb","itemListElement":[{"@type":"ListItem","position":1,"name":"In\u00edcio","item":"https:\/\/www.prooptica.pt\/"},{"@type":"ListItem","position":2,"name":"Showroom Prooptica | Em destaque na OpticaPro"}]},{"@type":"WebSite","@id":"https:\/\/www.prooptica.pt\/home\/#website","url":"https:\/\/www.prooptica.pt\/home\/","name":"Prooptica","description":"Full Eyewear Concept","potentialAction":[{"@type":"SearchAction","target":{"@type":"EntryPoint","urlTemplate":"https:\/\/www.prooptica.pt\/home\/?s={search_term_string}"},"query-input":{"@type":"PropertyValueSpecification","valueRequired":true,"valueName":"search_term_string"}}],"inLanguage":"en-GB"},{"@type":"Person","@id":"https:\/\/www.prooptica.pt\/home\/#\/schema\/person\/1cbd826a9322a3c38a052e43d1638306","name":"admin","image":{"@type":"ImageObject","inLanguage":"en-GB","@id":"https:\/\/secure.gravatar.com\/avatar\/528c714482569d81724b02603aa719344e9ad7c0b50becf07272b2086b2c1cfd?s=96&d=mm&r=g","url":"https:\/\/secure.gravatar.com\/avatar\/528c714482569d81724b02603aa719344e9ad7c0b50becf07272b2086b2c1cfd?s=96&d=mm&r=g","contentUrl":"https:\/\/secure.gravatar.com\/avatar\/528c714482569d81724b02603aa719344e9ad7c0b50becf07272b2086b2c1cfd?s=96&d=mm&r=g","caption":"admin"},"url":"https:\/\/www.prooptica.pt\/en\/author\/admin\/"}]}},"_links":{"self":[{"href":"https:\/\/www.prooptica.pt\/en\/wp-json\/wp\/v2\/posts\/23298","targetHints":{"allow":["GET"]}}],"collection":[{"href":"https:\/\/www.prooptica.pt\/en\/wp-json\/wp\/v2\/posts"}],"about":[{"href":"https:\/\/www.prooptica.pt\/en\/wp-json\/wp\/v2\/types\/post"}],"author":[{"embeddable":true,"href":"https:\/\/www.prooptica.pt\/en\/wp-json\/wp\/v2\/users\/2"}],"replies":[{"embeddable":true,"href":"https:\/\/www.prooptica.pt\/en\/wp-json\/wp\/v2\/comments?post=23298"}],"version-history":[{"count":2,"href":"https:\/\/www.prooptica.pt\/en\/wp-json\/wp\/v2\/posts\/23298\/revisions"}],"predecessor-version":[{"id":23301,"href":"https:\/\/www.prooptica.pt\/en\/wp-json\/wp\/v2\/posts\/23298\/revisions\/23301"}],"wp:featuredmedia":[{"embeddable":true,"href":"https:\/\/www.prooptica.pt\/en\/wp-json\/wp\/v2\/media\/23299"}],"wp:attachment":[{"href":"https:\/\/www.prooptica.pt\/en\/wp-json\/wp\/v2\/media?parent=23298"}],"wp:term":[{"taxonomy":"category","embeddable":true,"href":"https:\/\/www.prooptica.pt\/en\/wp-json\/wp\/v2\/categories?post=23298"},{"taxonomy":"post_tag","embeddable":true,"href":"https:\/\/www.prooptica.pt\/en\/wp-json\/wp\/v2\/tags?post=23298"}],"curies":[{"name":"wp","href":"https:\/\/api.w.org\/{rel}","templated":true}]}}