{"id":23356,"date":"2025-05-29T10:06:35","date_gmt":"2025-05-29T10:06:35","guid":{"rendered":"https:\/\/www.prooptica.pt\/?p=23356"},"modified":"2025-05-29T10:06:35","modified_gmt":"2025-05-29T10:06:35","slug":"piper-vision-and-fun-hand-in-hand","status":"publish","type":"post","link":"https:\/\/www.prooptica.pt\/en\/piper-visao-e-diversao-de-maos-dadas\/","title":{"rendered":"Piper | Vision and fun go hand in hand"},"content":{"rendered":"<p>Piper, the eyewear brand specially designed for children, has already won over the little ones with lots of style, colour and fun! With an irresistible design and a vibrant colour palette, the brand was created to meet the needs of children, combining aesthetics, comfort and resistance.<\/p>\n<p>Fun, comfortable, durable and colourful - that's how Piper is defined. More than just an accessory, this line of glasses becomes a real playmate, keeping up with children's energetic pace and withstanding their most dynamic adventures.<\/p>\n<p>With very colourful models, flexible materials and a fit designed for growing faces, Piper stands out for combining functionality with a very commercial design. Each pair of glasses is designed to provide comfort all day long, without compromising the style of the little ones.<\/p>\n<p>Whether at school, in the park or at home, Piper glasses are the ideal choice for parents looking for quality and durability, and for children who don't mind expressing their personality through colour and design.<\/p>\n<p style=\"text-align: center;\"><a href=\"https:\/\/loja.prooptica.pt\/wp-content\/uploads\/Catalogo-Piper-2025_LR-2.pdf\"><span style=\"color: #000000;\"><strong>Click here and discover this fun collection<\/strong><\/span><\/a><\/p>","protected":false},"excerpt":{"rendered":"<p>A Piper, marca de \u00f3culos especialmente pensada para crian\u00e7as, j\u00e1 conquistou os mais pequenos com muito estilo, cor e divers\u00e3o! Com um design irresist\u00edvel e uma paleta de cores vibrante, a marca foi criada para dar resposta \u00e0s necessidades do p\u00fablico infantil, aliando est\u00e9tica, conforto e resist\u00eancia. Divertida, confort\u00e1vel, resistente e colorida \u2013 assim se [&hellip;]<\/p>\n","protected":false},"author":2,"featured_media":23359,"comment_status":"closed","ping_status":"closed","sticky":false,"template":"","format":"standard","meta":{"footnotes":""},"categories":[189],"tags":[],"class_list":["post-23356","post","type-post","status-publish","format-standard","has-post-thumbnail","hentry","category-oculos"],"yoast_head":"<!-- This site is optimized with the Yoast SEO plugin v27.4 - https:\/\/yoast.com\/product\/yoast-seo-wordpress\/ -->\n<title>Piper | Vis\u00e3o e divers\u00e3o de m\u00e3os dada<\/title>\n<meta name=\"description\" content=\"Cada par de \u00f3culos Piper \u00e9 desenvolvido para proporcionar conforto todo o dia, sem comprometer o estilo dos mais pequenos.\" \/>\n<meta name=\"robots\" content=\"index, follow, max-snippet:-1, max-image-preview:large, max-video-preview:-1\" \/>\n<link rel=\"canonical\" href=\"https:\/\/www.prooptica.pt\/en\/piper-vision-and-fun-hand-in-hand\/\" \/>\n<meta property=\"og:locale\" content=\"en_GB\" \/>\n<meta property=\"og:type\" content=\"article\" \/>\n<meta property=\"og:title\" content=\"Piper | Vis\u00e3o e divers\u00e3o de m\u00e3os dada\" \/>\n<meta property=\"og:description\" content=\"Cada par de \u00f3culos Piper \u00e9 desenvolvido para proporcionar conforto todo o dia, sem comprometer o estilo dos mais pequenos.\" \/>\n<meta property=\"og:url\" content=\"https:\/\/www.prooptica.pt\/en\/piper-vision-and-fun-hand-in-hand\/\" \/>\n<meta property=\"og:site_name\" content=\"Prooptica\" \/>\n<meta property=\"article:published_time\" content=\"2025-05-29T10:06:35+00:00\" \/>\n<meta property=\"og:image\" content=\"https:\/\/www.prooptica.pt\/wp-content\/uploads\/2025\/05\/Capa-artigo-blog-PP.jpg\" \/>\n\t<meta property=\"og:image:width\" content=\"852\" \/>\n\t<meta property=\"og:image:height\" content=\"514\" \/>\n\t<meta property=\"og:image:type\" content=\"image\/jpeg\" \/>\n<meta name=\"author\" content=\"admin\" \/>\n<meta name=\"twitter:card\" content=\"summary_large_image\" \/>\n<meta name=\"twitter:label1\" content=\"Written by\" \/>\n\t<meta name=\"twitter:data1\" content=\"admin\" \/>\n\t<meta name=\"twitter:label2\" content=\"Estimated reading time\" \/>\n\t<meta name=\"twitter:data2\" content=\"2 minutes\" \/>\n<script type=\"application\/ld+json\" class=\"yoast-schema-graph\">{\"@context\":\"https:\\\/\\\/schema.org\",\"@graph\":[{\"@type\":\"Article\",\"@id\":\"https:\\\/\\\/www.prooptica.pt\\\/piper-visao-e-diversao-de-maos-dadas\\\/#article\",\"isPartOf\":{\"@id\":\"https:\\\/\\\/www.prooptica.pt\\\/piper-visao-e-diversao-de-maos-dadas\\\/\"},\"author\":{\"name\":\"admin\",\"@id\":\"https:\\\/\\\/www.prooptica.pt\\\/home\\\/#\\\/schema\\\/person\\\/1cbd826a9322a3c38a052e43d1638306\"},\"headline\":\"Piper | Vis\u00e3o e divers\u00e3o de m\u00e3os dadas\",\"datePublished\":\"2025-05-29T10:06:35+00:00\",\"mainEntityOfPage\":{\"@id\":\"https:\\\/\\\/www.prooptica.pt\\\/piper-visao-e-diversao-de-maos-dadas\\\/\"},\"wordCount\":201,\"image\":{\"@id\":\"https:\\\/\\\/www.prooptica.pt\\\/piper-visao-e-diversao-de-maos-dadas\\\/#primaryimage\"},\"thumbnailUrl\":\"https:\\\/\\\/www.prooptica.pt\\\/wp-content\\\/uploads\\\/2025\\\/05\\\/Capa-artigo-blog-PP.jpg\",\"articleSection\":[\"\u00d3culos\"],\"inLanguage\":\"en-GB\"},{\"@type\":\"WebPage\",\"@id\":\"https:\\\/\\\/www.prooptica.pt\\\/piper-visao-e-diversao-de-maos-dadas\\\/\",\"url\":\"https:\\\/\\\/www.prooptica.pt\\\/piper-visao-e-diversao-de-maos-dadas\\\/\",\"name\":\"Piper | Vis\u00e3o e divers\u00e3o de m\u00e3os dada\",\"isPartOf\":{\"@id\":\"https:\\\/\\\/www.prooptica.pt\\\/home\\\/#website\"},\"primaryImageOfPage\":{\"@id\":\"https:\\\/\\\/www.prooptica.pt\\\/piper-visao-e-diversao-de-maos-dadas\\\/#primaryimage\"},\"image\":{\"@id\":\"https:\\\/\\\/www.prooptica.pt\\\/piper-visao-e-diversao-de-maos-dadas\\\/#primaryimage\"},\"thumbnailUrl\":\"https:\\\/\\\/www.prooptica.pt\\\/wp-content\\\/uploads\\\/2025\\\/05\\\/Capa-artigo-blog-PP.jpg\",\"datePublished\":\"2025-05-29T10:06:35+00:00\",\"author\":{\"@id\":\"https:\\\/\\\/www.prooptica.pt\\\/home\\\/#\\\/schema\\\/person\\\/1cbd826a9322a3c38a052e43d1638306\"},\"description\":\"Cada par de \u00f3culos Piper \u00e9 desenvolvido para proporcionar conforto todo o dia, sem comprometer o estilo dos mais pequenos.\",\"breadcrumb\":{\"@id\":\"https:\\\/\\\/www.prooptica.pt\\\/piper-visao-e-diversao-de-maos-dadas\\\/#breadcrumb\"},\"inLanguage\":\"en-GB\",\"potentialAction\":[{\"@type\":\"ReadAction\",\"target\":[\"https:\\\/\\\/www.prooptica.pt\\\/piper-visao-e-diversao-de-maos-dadas\\\/\"]}]},{\"@type\":\"ImageObject\",\"inLanguage\":\"en-GB\",\"@id\":\"https:\\\/\\\/www.prooptica.pt\\\/piper-visao-e-diversao-de-maos-dadas\\\/#primaryimage\",\"url\":\"https:\\\/\\\/www.prooptica.pt\\\/wp-content\\\/uploads\\\/2025\\\/05\\\/Capa-artigo-blog-PP.jpg\",\"contentUrl\":\"https:\\\/\\\/www.prooptica.pt\\\/wp-content\\\/uploads\\\/2025\\\/05\\\/Capa-artigo-blog-PP.jpg\",\"width\":852,\"height\":514},{\"@type\":\"BreadcrumbList\",\"@id\":\"https:\\\/\\\/www.prooptica.pt\\\/piper-visao-e-diversao-de-maos-dadas\\\/#breadcrumb\",\"itemListElement\":[{\"@type\":\"ListItem\",\"position\":1,\"name\":\"In\u00edcio\",\"item\":\"https:\\\/\\\/www.prooptica.pt\\\/\"},{\"@type\":\"ListItem\",\"position\":2,\"name\":\"Piper | Vis\u00e3o e divers\u00e3o de m\u00e3os dadas\"}]},{\"@type\":\"WebSite\",\"@id\":\"https:\\\/\\\/www.prooptica.pt\\\/home\\\/#website\",\"url\":\"https:\\\/\\\/www.prooptica.pt\\\/home\\\/\",\"name\":\"Prooptica\",\"description\":\"Full Eyewear Concept\",\"potentialAction\":[{\"@type\":\"SearchAction\",\"target\":{\"@type\":\"EntryPoint\",\"urlTemplate\":\"https:\\\/\\\/www.prooptica.pt\\\/home\\\/?s={search_term_string}\"},\"query-input\":{\"@type\":\"PropertyValueSpecification\",\"valueRequired\":true,\"valueName\":\"search_term_string\"}}],\"inLanguage\":\"en-GB\"},{\"@type\":\"Person\",\"@id\":\"https:\\\/\\\/www.prooptica.pt\\\/home\\\/#\\\/schema\\\/person\\\/1cbd826a9322a3c38a052e43d1638306\",\"name\":\"admin\",\"image\":{\"@type\":\"ImageObject\",\"inLanguage\":\"en-GB\",\"@id\":\"https:\\\/\\\/secure.gravatar.com\\\/avatar\\\/528c714482569d81724b02603aa719344e9ad7c0b50becf07272b2086b2c1cfd?s=96&d=mm&r=g\",\"url\":\"https:\\\/\\\/secure.gravatar.com\\\/avatar\\\/528c714482569d81724b02603aa719344e9ad7c0b50becf07272b2086b2c1cfd?s=96&d=mm&r=g\",\"contentUrl\":\"https:\\\/\\\/secure.gravatar.com\\\/avatar\\\/528c714482569d81724b02603aa719344e9ad7c0b50becf07272b2086b2c1cfd?s=96&d=mm&r=g\",\"caption\":\"admin\"},\"url\":\"https:\\\/\\\/www.prooptica.pt\\\/en\\\/author\\\/admin\\\/\"}]}<\/script>\n<!-- \/ Yoast SEO plugin. -->","yoast_head_json":{"title":"Piper | Vision and fun go hand in hand","description":"Each pair of Piper sunglasses is designed to provide all-day comfort without compromising on style for the little ones.","robots":{"index":"index","follow":"follow","max-snippet":"max-snippet:-1","max-image-preview":"max-image-preview:large","max-video-preview":"max-video-preview:-1"},"canonical":"https:\/\/www.prooptica.pt\/en\/piper-vision-and-fun-hand-in-hand\/","og_locale":"en_GB","og_type":"article","og_title":"Piper | Vis\u00e3o e divers\u00e3o de m\u00e3os dada","og_description":"Cada par de \u00f3culos Piper \u00e9 desenvolvido para proporcionar conforto todo o dia, sem comprometer o estilo dos mais pequenos.","og_url":"https:\/\/www.prooptica.pt\/en\/piper-vision-and-fun-hand-in-hand\/","og_site_name":"Prooptica","article_published_time":"2025-05-29T10:06:35+00:00","og_image":[{"width":852,"height":514,"url":"https:\/\/www.prooptica.pt\/wp-content\/uploads\/2025\/05\/Capa-artigo-blog-PP.jpg","type":"image\/jpeg"}],"author":"admin","twitter_card":"summary_large_image","twitter_misc":{"Written by":"admin","Estimated reading time":"2 minutes"},"schema":{"@context":"https:\/\/schema.org","@graph":[{"@type":"Article","@id":"https:\/\/www.prooptica.pt\/piper-visao-e-diversao-de-maos-dadas\/#article","isPartOf":{"@id":"https:\/\/www.prooptica.pt\/piper-visao-e-diversao-de-maos-dadas\/"},"author":{"name":"admin","@id":"https:\/\/www.prooptica.pt\/home\/#\/schema\/person\/1cbd826a9322a3c38a052e43d1638306"},"headline":"Piper | Vis\u00e3o e divers\u00e3o de m\u00e3os dadas","datePublished":"2025-05-29T10:06:35+00:00","mainEntityOfPage":{"@id":"https:\/\/www.prooptica.pt\/piper-visao-e-diversao-de-maos-dadas\/"},"wordCount":201,"image":{"@id":"https:\/\/www.prooptica.pt\/piper-visao-e-diversao-de-maos-dadas\/#primaryimage"},"thumbnailUrl":"https:\/\/www.prooptica.pt\/wp-content\/uploads\/2025\/05\/Capa-artigo-blog-PP.jpg","articleSection":["\u00d3culos"],"inLanguage":"en-GB"},{"@type":"WebPage","@id":"https:\/\/www.prooptica.pt\/piper-visao-e-diversao-de-maos-dadas\/","url":"https:\/\/www.prooptica.pt\/piper-visao-e-diversao-de-maos-dadas\/","name":"Piper | Vision and fun go hand in hand","isPartOf":{"@id":"https:\/\/www.prooptica.pt\/home\/#website"},"primaryImageOfPage":{"@id":"https:\/\/www.prooptica.pt\/piper-visao-e-diversao-de-maos-dadas\/#primaryimage"},"image":{"@id":"https:\/\/www.prooptica.pt\/piper-visao-e-diversao-de-maos-dadas\/#primaryimage"},"thumbnailUrl":"https:\/\/www.prooptica.pt\/wp-content\/uploads\/2025\/05\/Capa-artigo-blog-PP.jpg","datePublished":"2025-05-29T10:06:35+00:00","author":{"@id":"https:\/\/www.prooptica.pt\/home\/#\/schema\/person\/1cbd826a9322a3c38a052e43d1638306"},"description":"Each pair of Piper sunglasses is designed to provide all-day comfort without compromising on style for the little ones.","breadcrumb":{"@id":"https:\/\/www.prooptica.pt\/piper-visao-e-diversao-de-maos-dadas\/#breadcrumb"},"inLanguage":"en-GB","potentialAction":[{"@type":"ReadAction","target":["https:\/\/www.prooptica.pt\/piper-visao-e-diversao-de-maos-dadas\/"]}]},{"@type":"ImageObject","inLanguage":"en-GB","@id":"https:\/\/www.prooptica.pt\/piper-visao-e-diversao-de-maos-dadas\/#primaryimage","url":"https:\/\/www.prooptica.pt\/wp-content\/uploads\/2025\/05\/Capa-artigo-blog-PP.jpg","contentUrl":"https:\/\/www.prooptica.pt\/wp-content\/uploads\/2025\/05\/Capa-artigo-blog-PP.jpg","width":852,"height":514},{"@type":"BreadcrumbList","@id":"https:\/\/www.prooptica.pt\/piper-visao-e-diversao-de-maos-dadas\/#breadcrumb","itemListElement":[{"@type":"ListItem","position":1,"name":"In\u00edcio","item":"https:\/\/www.prooptica.pt\/"},{"@type":"ListItem","position":2,"name":"Piper | Vis\u00e3o e divers\u00e3o de m\u00e3os dadas"}]},{"@type":"WebSite","@id":"https:\/\/www.prooptica.pt\/home\/#website","url":"https:\/\/www.prooptica.pt\/home\/","name":"Prooptica","description":"Full Eyewear Concept","potentialAction":[{"@type":"SearchAction","target":{"@type":"EntryPoint","urlTemplate":"https:\/\/www.prooptica.pt\/home\/?s={search_term_string}"},"query-input":{"@type":"PropertyValueSpecification","valueRequired":true,"valueName":"search_term_string"}}],"inLanguage":"en-GB"},{"@type":"Person","@id":"https:\/\/www.prooptica.pt\/home\/#\/schema\/person\/1cbd826a9322a3c38a052e43d1638306","name":"admin","image":{"@type":"ImageObject","inLanguage":"en-GB","@id":"https:\/\/secure.gravatar.com\/avatar\/528c714482569d81724b02603aa719344e9ad7c0b50becf07272b2086b2c1cfd?s=96&d=mm&r=g","url":"https:\/\/secure.gravatar.com\/avatar\/528c714482569d81724b02603aa719344e9ad7c0b50becf07272b2086b2c1cfd?s=96&d=mm&r=g","contentUrl":"https:\/\/secure.gravatar.com\/avatar\/528c714482569d81724b02603aa719344e9ad7c0b50becf07272b2086b2c1cfd?s=96&d=mm&r=g","caption":"admin"},"url":"https:\/\/www.prooptica.pt\/en\/author\/admin\/"}]}},"_links":{"self":[{"href":"https:\/\/www.prooptica.pt\/en\/wp-json\/wp\/v2\/posts\/23356","targetHints":{"allow":["GET"]}}],"collection":[{"href":"https:\/\/www.prooptica.pt\/en\/wp-json\/wp\/v2\/posts"}],"about":[{"href":"https:\/\/www.prooptica.pt\/en\/wp-json\/wp\/v2\/types\/post"}],"author":[{"embeddable":true,"href":"https:\/\/www.prooptica.pt\/en\/wp-json\/wp\/v2\/users\/2"}],"replies":[{"embeddable":true,"href":"https:\/\/www.prooptica.pt\/en\/wp-json\/wp\/v2\/comments?post=23356"}],"version-history":[{"count":1,"href":"https:\/\/www.prooptica.pt\/en\/wp-json\/wp\/v2\/posts\/23356\/revisions"}],"predecessor-version":[{"id":23360,"href":"https:\/\/www.prooptica.pt\/en\/wp-json\/wp\/v2\/posts\/23356\/revisions\/23360"}],"wp:featuredmedia":[{"embeddable":true,"href":"https:\/\/www.prooptica.pt\/en\/wp-json\/wp\/v2\/media\/23359"}],"wp:attachment":[{"href":"https:\/\/www.prooptica.pt\/en\/wp-json\/wp\/v2\/media?parent=23356"}],"wp:term":[{"taxonomy":"category","embeddable":true,"href":"https:\/\/www.prooptica.pt\/en\/wp-json\/wp\/v2\/categories?post=23356"},{"taxonomy":"post_tag","embeddable":true,"href":"https:\/\/www.prooptica.pt\/en\/wp-json\/wp\/v2\/tags?post=23356"}],"curies":[{"name":"wp","href":"https:\/\/api.w.org\/{rel}","templated":true}]}}