{"id":23361,"date":"2025-05-29T10:28:28","date_gmt":"2025-05-29T10:28:28","guid":{"rendered":"https:\/\/www.prooptica.pt\/?p=23361"},"modified":"2025-05-29T10:28:28","modified_gmt":"2025-05-29T10:28:28","slug":"milome-glasses-to-suit-every-adventure","status":"publish","type":"post","link":"https:\/\/www.prooptica.pt\/en\/milome-oculos-a-medida-de-cada-aventura\/","title":{"rendered":"Milo&amp;Me | Glasses to suit every adventure"},"content":{"rendered":"<p>Milo&amp;Me invites all little explorers to see the world through different eyes - more colourful, more comfortable and more fun! Created especially for children, the brand presents a collection of glasses designed to accompany all stages of growth, with models available from 0 to 12 years old.<\/p>\n<p>Aware that each age has its own needs, the brand has developed a line segmented by age group, making it easier for the most indecisive parents to choose and ensuring that each child finds the ideal pair of glasses for their face and lifestyle.<\/p>\n<p>Flexible, comfortable, resistant and ergonomic, the glasses are designed to withstand the fast pace of children's days - whether running, jumping, playing or simply playing. They're the ideal accessory for children who don't stop and need glasses that match their adventures.<\/p>\n<p>Available in a variety of attractive colours and shapes, the Milo&amp;Me models combine functionality with style, quickly becoming a favourite with the little ones... and their parents too.<\/p>\n<p style=\"text-align: center;\"><a href=\"https:\/\/loja.prooptica.pt\/wp-content\/uploads\/MiloMe-2025_EN_LR-2.pdf\"><span style=\"color: #000000;\"><strong>Click here and discover this fun collection<\/strong><\/span><\/a><\/p>","protected":false},"excerpt":{"rendered":"<p>A Milo&amp;Me convida todos os pequenos exploradores a verem o mundo com outros olhos \u2013 mais coloridos, mais confort\u00e1veis e mais divertidos! Criada especialmente para crian\u00e7as, a marca apresenta uma cole\u00e7\u00e3o de \u00f3culos pensada para acompanhar todas as fases do crescimento, com modelos dispon\u00edveis dos 0 aos 12 anos. Conscientes de que cada idade tem [&hellip;]<\/p>\n","protected":false},"author":2,"featured_media":23362,"comment_status":"closed","ping_status":"closed","sticky":false,"template":"","format":"standard","meta":{"footnotes":""},"categories":[189],"tags":[],"class_list":["post-23361","post","type-post","status-publish","format-standard","has-post-thumbnail","hentry","category-oculos"],"yoast_head":"<!-- This site is optimized with the Yoast SEO plugin v27.4 - https:\/\/yoast.com\/product\/yoast-seo-wordpress\/ -->\n<title>Milo&amp;Me | \u00d3culos \u00e0 medida de cada aventura<\/title>\n<meta name=\"description\" content=\"Flex\u00edveis, confort\u00e1veis, resistentes e ergon\u00f3micos, os \u00f3culos foram desenhados para suportar o ritmo acelerado dos dias infantis.\" \/>\n<meta name=\"robots\" content=\"index, follow, max-snippet:-1, max-image-preview:large, max-video-preview:-1\" \/>\n<link rel=\"canonical\" href=\"https:\/\/www.prooptica.pt\/en\/milome-glasses-to-suit-every-adventure\/\" \/>\n<meta property=\"og:locale\" content=\"en_GB\" \/>\n<meta property=\"og:type\" content=\"article\" \/>\n<meta property=\"og:title\" content=\"Milo&amp;Me | \u00d3culos \u00e0 medida de cada aventura\" \/>\n<meta property=\"og:description\" content=\"Flex\u00edveis, confort\u00e1veis, resistentes e ergon\u00f3micos, os \u00f3culos foram desenhados para suportar o ritmo acelerado dos dias infantis.\" \/>\n<meta property=\"og:url\" content=\"https:\/\/www.prooptica.pt\/en\/milome-glasses-to-suit-every-adventure\/\" \/>\n<meta property=\"og:site_name\" content=\"Prooptica\" \/>\n<meta property=\"article:published_time\" content=\"2025-05-29T10:28:28+00:00\" \/>\n<meta property=\"og:image\" content=\"https:\/\/www.prooptica.pt\/wp-content\/uploads\/2025\/05\/Capa-artigo-blog-MM.jpg\" \/>\n\t<meta property=\"og:image:width\" content=\"852\" \/>\n\t<meta property=\"og:image:height\" content=\"514\" \/>\n\t<meta property=\"og:image:type\" content=\"image\/jpeg\" \/>\n<meta name=\"author\" content=\"admin\" \/>\n<meta name=\"twitter:card\" content=\"summary_large_image\" \/>\n<meta name=\"twitter:label1\" content=\"Written by\" \/>\n\t<meta name=\"twitter:data1\" content=\"admin\" \/>\n\t<meta name=\"twitter:label2\" content=\"Estimated reading time\" \/>\n\t<meta name=\"twitter:data2\" content=\"2 minutes\" \/>\n<script type=\"application\/ld+json\" class=\"yoast-schema-graph\">{\"@context\":\"https:\\\/\\\/schema.org\",\"@graph\":[{\"@type\":\"Article\",\"@id\":\"https:\\\/\\\/www.prooptica.pt\\\/milome-oculos-a-medida-de-cada-aventura\\\/#article\",\"isPartOf\":{\"@id\":\"https:\\\/\\\/www.prooptica.pt\\\/milome-oculos-a-medida-de-cada-aventura\\\/\"},\"author\":{\"name\":\"admin\",\"@id\":\"https:\\\/\\\/www.prooptica.pt\\\/home\\\/#\\\/schema\\\/person\\\/1cbd826a9322a3c38a052e43d1638306\"},\"headline\":\"Milo&#038;Me | \u00d3culos \u00e0 medida de cada aventura\",\"datePublished\":\"2025-05-29T10:28:28+00:00\",\"mainEntityOfPage\":{\"@id\":\"https:\\\/\\\/www.prooptica.pt\\\/milome-oculos-a-medida-de-cada-aventura\\\/\"},\"wordCount\":193,\"image\":{\"@id\":\"https:\\\/\\\/www.prooptica.pt\\\/milome-oculos-a-medida-de-cada-aventura\\\/#primaryimage\"},\"thumbnailUrl\":\"https:\\\/\\\/www.prooptica.pt\\\/wp-content\\\/uploads\\\/2025\\\/05\\\/Capa-artigo-blog-MM.jpg\",\"articleSection\":[\"\u00d3culos\"],\"inLanguage\":\"en-GB\"},{\"@type\":\"WebPage\",\"@id\":\"https:\\\/\\\/www.prooptica.pt\\\/milome-oculos-a-medida-de-cada-aventura\\\/\",\"url\":\"https:\\\/\\\/www.prooptica.pt\\\/milome-oculos-a-medida-de-cada-aventura\\\/\",\"name\":\"Milo&Me | \u00d3culos \u00e0 medida de cada aventura\",\"isPartOf\":{\"@id\":\"https:\\\/\\\/www.prooptica.pt\\\/home\\\/#website\"},\"primaryImageOfPage\":{\"@id\":\"https:\\\/\\\/www.prooptica.pt\\\/milome-oculos-a-medida-de-cada-aventura\\\/#primaryimage\"},\"image\":{\"@id\":\"https:\\\/\\\/www.prooptica.pt\\\/milome-oculos-a-medida-de-cada-aventura\\\/#primaryimage\"},\"thumbnailUrl\":\"https:\\\/\\\/www.prooptica.pt\\\/wp-content\\\/uploads\\\/2025\\\/05\\\/Capa-artigo-blog-MM.jpg\",\"datePublished\":\"2025-05-29T10:28:28+00:00\",\"author\":{\"@id\":\"https:\\\/\\\/www.prooptica.pt\\\/home\\\/#\\\/schema\\\/person\\\/1cbd826a9322a3c38a052e43d1638306\"},\"description\":\"Flex\u00edveis, confort\u00e1veis, resistentes e ergon\u00f3micos, os \u00f3culos foram desenhados para suportar o ritmo acelerado dos dias infantis.\",\"breadcrumb\":{\"@id\":\"https:\\\/\\\/www.prooptica.pt\\\/milome-oculos-a-medida-de-cada-aventura\\\/#breadcrumb\"},\"inLanguage\":\"en-GB\",\"potentialAction\":[{\"@type\":\"ReadAction\",\"target\":[\"https:\\\/\\\/www.prooptica.pt\\\/milome-oculos-a-medida-de-cada-aventura\\\/\"]}]},{\"@type\":\"ImageObject\",\"inLanguage\":\"en-GB\",\"@id\":\"https:\\\/\\\/www.prooptica.pt\\\/milome-oculos-a-medida-de-cada-aventura\\\/#primaryimage\",\"url\":\"https:\\\/\\\/www.prooptica.pt\\\/wp-content\\\/uploads\\\/2025\\\/05\\\/Capa-artigo-blog-MM.jpg\",\"contentUrl\":\"https:\\\/\\\/www.prooptica.pt\\\/wp-content\\\/uploads\\\/2025\\\/05\\\/Capa-artigo-blog-MM.jpg\",\"width\":852,\"height\":514},{\"@type\":\"BreadcrumbList\",\"@id\":\"https:\\\/\\\/www.prooptica.pt\\\/milome-oculos-a-medida-de-cada-aventura\\\/#breadcrumb\",\"itemListElement\":[{\"@type\":\"ListItem\",\"position\":1,\"name\":\"In\u00edcio\",\"item\":\"https:\\\/\\\/www.prooptica.pt\\\/\"},{\"@type\":\"ListItem\",\"position\":2,\"name\":\"Milo&#038;Me | \u00d3culos \u00e0 medida de cada aventura\"}]},{\"@type\":\"WebSite\",\"@id\":\"https:\\\/\\\/www.prooptica.pt\\\/home\\\/#website\",\"url\":\"https:\\\/\\\/www.prooptica.pt\\\/home\\\/\",\"name\":\"Prooptica\",\"description\":\"Full Eyewear Concept\",\"potentialAction\":[{\"@type\":\"SearchAction\",\"target\":{\"@type\":\"EntryPoint\",\"urlTemplate\":\"https:\\\/\\\/www.prooptica.pt\\\/home\\\/?s={search_term_string}\"},\"query-input\":{\"@type\":\"PropertyValueSpecification\",\"valueRequired\":true,\"valueName\":\"search_term_string\"}}],\"inLanguage\":\"en-GB\"},{\"@type\":\"Person\",\"@id\":\"https:\\\/\\\/www.prooptica.pt\\\/home\\\/#\\\/schema\\\/person\\\/1cbd826a9322a3c38a052e43d1638306\",\"name\":\"admin\",\"image\":{\"@type\":\"ImageObject\",\"inLanguage\":\"en-GB\",\"@id\":\"https:\\\/\\\/secure.gravatar.com\\\/avatar\\\/528c714482569d81724b02603aa719344e9ad7c0b50becf07272b2086b2c1cfd?s=96&d=mm&r=g\",\"url\":\"https:\\\/\\\/secure.gravatar.com\\\/avatar\\\/528c714482569d81724b02603aa719344e9ad7c0b50becf07272b2086b2c1cfd?s=96&d=mm&r=g\",\"contentUrl\":\"https:\\\/\\\/secure.gravatar.com\\\/avatar\\\/528c714482569d81724b02603aa719344e9ad7c0b50becf07272b2086b2c1cfd?s=96&d=mm&r=g\",\"caption\":\"admin\"},\"url\":\"https:\\\/\\\/www.prooptica.pt\\\/en\\\/author\\\/admin\\\/\"}]}<\/script>\n<!-- \/ Yoast SEO plugin. -->","yoast_head_json":{"title":"Milo&amp;Me | Glasses to suit every adventure","description":"Flexible, comfortable, resistant and ergonomic, the glasses are designed to withstand the fast pace of children's days.","robots":{"index":"index","follow":"follow","max-snippet":"max-snippet:-1","max-image-preview":"max-image-preview:large","max-video-preview":"max-video-preview:-1"},"canonical":"https:\/\/www.prooptica.pt\/en\/milome-glasses-to-suit-every-adventure\/","og_locale":"en_GB","og_type":"article","og_title":"Milo&Me | \u00d3culos \u00e0 medida de cada aventura","og_description":"Flex\u00edveis, confort\u00e1veis, resistentes e ergon\u00f3micos, os \u00f3culos foram desenhados para suportar o ritmo acelerado dos dias infantis.","og_url":"https:\/\/www.prooptica.pt\/en\/milome-glasses-to-suit-every-adventure\/","og_site_name":"Prooptica","article_published_time":"2025-05-29T10:28:28+00:00","og_image":[{"width":852,"height":514,"url":"https:\/\/www.prooptica.pt\/wp-content\/uploads\/2025\/05\/Capa-artigo-blog-MM.jpg","type":"image\/jpeg"}],"author":"admin","twitter_card":"summary_large_image","twitter_misc":{"Written by":"admin","Estimated reading time":"2 minutes"},"schema":{"@context":"https:\/\/schema.org","@graph":[{"@type":"Article","@id":"https:\/\/www.prooptica.pt\/milome-oculos-a-medida-de-cada-aventura\/#article","isPartOf":{"@id":"https:\/\/www.prooptica.pt\/milome-oculos-a-medida-de-cada-aventura\/"},"author":{"name":"admin","@id":"https:\/\/www.prooptica.pt\/home\/#\/schema\/person\/1cbd826a9322a3c38a052e43d1638306"},"headline":"Milo&#038;Me | \u00d3culos \u00e0 medida de cada aventura","datePublished":"2025-05-29T10:28:28+00:00","mainEntityOfPage":{"@id":"https:\/\/www.prooptica.pt\/milome-oculos-a-medida-de-cada-aventura\/"},"wordCount":193,"image":{"@id":"https:\/\/www.prooptica.pt\/milome-oculos-a-medida-de-cada-aventura\/#primaryimage"},"thumbnailUrl":"https:\/\/www.prooptica.pt\/wp-content\/uploads\/2025\/05\/Capa-artigo-blog-MM.jpg","articleSection":["\u00d3culos"],"inLanguage":"en-GB"},{"@type":"WebPage","@id":"https:\/\/www.prooptica.pt\/milome-oculos-a-medida-de-cada-aventura\/","url":"https:\/\/www.prooptica.pt\/milome-oculos-a-medida-de-cada-aventura\/","name":"Milo&amp;Me | Glasses to suit every adventure","isPartOf":{"@id":"https:\/\/www.prooptica.pt\/home\/#website"},"primaryImageOfPage":{"@id":"https:\/\/www.prooptica.pt\/milome-oculos-a-medida-de-cada-aventura\/#primaryimage"},"image":{"@id":"https:\/\/www.prooptica.pt\/milome-oculos-a-medida-de-cada-aventura\/#primaryimage"},"thumbnailUrl":"https:\/\/www.prooptica.pt\/wp-content\/uploads\/2025\/05\/Capa-artigo-blog-MM.jpg","datePublished":"2025-05-29T10:28:28+00:00","author":{"@id":"https:\/\/www.prooptica.pt\/home\/#\/schema\/person\/1cbd826a9322a3c38a052e43d1638306"},"description":"Flexible, comfortable, resistant and ergonomic, the glasses are designed to withstand the fast pace of children's days.","breadcrumb":{"@id":"https:\/\/www.prooptica.pt\/milome-oculos-a-medida-de-cada-aventura\/#breadcrumb"},"inLanguage":"en-GB","potentialAction":[{"@type":"ReadAction","target":["https:\/\/www.prooptica.pt\/milome-oculos-a-medida-de-cada-aventura\/"]}]},{"@type":"ImageObject","inLanguage":"en-GB","@id":"https:\/\/www.prooptica.pt\/milome-oculos-a-medida-de-cada-aventura\/#primaryimage","url":"https:\/\/www.prooptica.pt\/wp-content\/uploads\/2025\/05\/Capa-artigo-blog-MM.jpg","contentUrl":"https:\/\/www.prooptica.pt\/wp-content\/uploads\/2025\/05\/Capa-artigo-blog-MM.jpg","width":852,"height":514},{"@type":"BreadcrumbList","@id":"https:\/\/www.prooptica.pt\/milome-oculos-a-medida-de-cada-aventura\/#breadcrumb","itemListElement":[{"@type":"ListItem","position":1,"name":"In\u00edcio","item":"https:\/\/www.prooptica.pt\/"},{"@type":"ListItem","position":2,"name":"Milo&#038;Me | \u00d3culos \u00e0 medida de cada aventura"}]},{"@type":"WebSite","@id":"https:\/\/www.prooptica.pt\/home\/#website","url":"https:\/\/www.prooptica.pt\/home\/","name":"Prooptica","description":"Full Eyewear Concept","potentialAction":[{"@type":"SearchAction","target":{"@type":"EntryPoint","urlTemplate":"https:\/\/www.prooptica.pt\/home\/?s={search_term_string}"},"query-input":{"@type":"PropertyValueSpecification","valueRequired":true,"valueName":"search_term_string"}}],"inLanguage":"en-GB"},{"@type":"Person","@id":"https:\/\/www.prooptica.pt\/home\/#\/schema\/person\/1cbd826a9322a3c38a052e43d1638306","name":"admin","image":{"@type":"ImageObject","inLanguage":"en-GB","@id":"https:\/\/secure.gravatar.com\/avatar\/528c714482569d81724b02603aa719344e9ad7c0b50becf07272b2086b2c1cfd?s=96&d=mm&r=g","url":"https:\/\/secure.gravatar.com\/avatar\/528c714482569d81724b02603aa719344e9ad7c0b50becf07272b2086b2c1cfd?s=96&d=mm&r=g","contentUrl":"https:\/\/secure.gravatar.com\/avatar\/528c714482569d81724b02603aa719344e9ad7c0b50becf07272b2086b2c1cfd?s=96&d=mm&r=g","caption":"admin"},"url":"https:\/\/www.prooptica.pt\/en\/author\/admin\/"}]}},"_links":{"self":[{"href":"https:\/\/www.prooptica.pt\/en\/wp-json\/wp\/v2\/posts\/23361","targetHints":{"allow":["GET"]}}],"collection":[{"href":"https:\/\/www.prooptica.pt\/en\/wp-json\/wp\/v2\/posts"}],"about":[{"href":"https:\/\/www.prooptica.pt\/en\/wp-json\/wp\/v2\/types\/post"}],"author":[{"embeddable":true,"href":"https:\/\/www.prooptica.pt\/en\/wp-json\/wp\/v2\/users\/2"}],"replies":[{"embeddable":true,"href":"https:\/\/www.prooptica.pt\/en\/wp-json\/wp\/v2\/comments?post=23361"}],"version-history":[{"count":1,"href":"https:\/\/www.prooptica.pt\/en\/wp-json\/wp\/v2\/posts\/23361\/revisions"}],"predecessor-version":[{"id":23363,"href":"https:\/\/www.prooptica.pt\/en\/wp-json\/wp\/v2\/posts\/23361\/revisions\/23363"}],"wp:featuredmedia":[{"embeddable":true,"href":"https:\/\/www.prooptica.pt\/en\/wp-json\/wp\/v2\/media\/23362"}],"wp:attachment":[{"href":"https:\/\/www.prooptica.pt\/en\/wp-json\/wp\/v2\/media?parent=23361"}],"wp:term":[{"taxonomy":"category","embeddable":true,"href":"https:\/\/www.prooptica.pt\/en\/wp-json\/wp\/v2\/categories?post=23361"},{"taxonomy":"post_tag","embeddable":true,"href":"https:\/\/www.prooptica.pt\/en\/wp-json\/wp\/v2\/tags?post=23361"}],"curies":[{"name":"wp","href":"https:\/\/api.w.org\/{rel}","templated":true}]}}