{"id":23371,"date":"2025-06-02T10:27:48","date_gmt":"2025-06-02T10:27:48","guid":{"rendered":"https:\/\/www.prooptica.pt\/?p=23371"},"modified":"2025-06-02T10:27:48","modified_gmt":"2025-06-02T10:27:48","slug":"world-orthoptics-day-see-well-and-live-better","status":"publish","type":"post","link":"https:\/\/www.prooptica.pt\/en\/dia-mundial-da-ortoptica-ver-bem-e-viver-melhor\/","title":{"rendered":"World Orthoptics Day | See well and live better"},"content":{"rendered":"<p>On World Orthoptics Day, we emphasise the importance of regular vision assessment at all stages of life. Orthoptics is a specialised field dedicated to the functional analysis of vision, with a particular focus on ocular motricity, binocular vision and the rehabilitation of certain visual dysfunctions.<\/p>\n<p>Many visual alterations, such as strabismus, amblyopia (lazy eye) or coordination difficulties between the eyes, can develop silently and go unnoticed in everyday life. Early intervention, based on a careful functional assessment, is fundamental to identifying these situations and making appropriate referrals when necessary.<\/p>\n<p>Even more serious vision disorders, such as glaucoma or diabetic retinopathy, may not show symptoms in the early stages. Although these situations fall within medical competence, regular observation by eye care professionals can contribute to earlier detection and facilitate referral for appropriate clinical follow-up.<\/p>\n<p>Carrying out regular visual assessments, even in the absence of complaints, is an effective way of preserving visual comfort and balance - especially at more advanced ages, such as childhood.<\/p>\n<p>On this World Orthoptics Day, we're reinforcing the importance of prevention and co-operation between different eye care professionals. Taking care of your sight is taking care of your quality of life - because seeing well is undoubtedly living better.<\/p>\n<p>&nbsp;<\/p>","protected":false},"excerpt":{"rendered":"<p>No Dia Mundial da Ort\u00f3ptica, destacamos a import\u00e2ncia da avalia\u00e7\u00e3o regular da vis\u00e3o em todas as fases da vida. A ort\u00f3ptica \u00e9 uma \u00e1rea especializada que se dedica \u00e0 an\u00e1lise funcional da vis\u00e3o, com particular enfoque na motricidade ocular, na vis\u00e3o binocular e na reabilita\u00e7\u00e3o de determinadas disfun\u00e7\u00f5es visuais. Muitas altera\u00e7\u00f5es visuais, como o estrabismo, [&hellip;]<\/p>\n","protected":false},"author":2,"featured_media":23372,"comment_status":"closed","ping_status":"closed","sticky":false,"template":"","format":"standard","meta":{"footnotes":""},"categories":[238],"tags":[],"class_list":["post-23371","post","type-post","status-publish","format-standard","has-post-thumbnail","hentry","category-insight"],"yoast_head":"<!-- This site is optimized with the Yoast SEO plugin v27.4 - https:\/\/yoast.com\/product\/yoast-seo-wordpress\/ -->\n<title>Dia Mundial da Ort\u00f3ptica | Ver bem e viver melhor<\/title>\n<meta name=\"description\" content=\"Realizar avalia\u00e7\u00f5es visuais peri\u00f3dicas, mesmo na aus\u00eancia de queixas, \u00e9 uma forma eficaz de preservar o conforto e o equil\u00edbrio visual.\" \/>\n<meta name=\"robots\" content=\"index, follow, max-snippet:-1, max-image-preview:large, max-video-preview:-1\" \/>\n<link rel=\"canonical\" href=\"https:\/\/www.prooptica.pt\/en\/world-orthoptics-day-see-well-and-live-better\/\" \/>\n<meta property=\"og:locale\" content=\"en_GB\" \/>\n<meta property=\"og:type\" content=\"article\" \/>\n<meta property=\"og:title\" content=\"Dia Mundial da Ort\u00f3ptica | Ver bem e viver melhor\" \/>\n<meta property=\"og:description\" content=\"Realizar avalia\u00e7\u00f5es visuais peri\u00f3dicas, mesmo na aus\u00eancia de queixas, \u00e9 uma forma eficaz de preservar o conforto e o equil\u00edbrio visual.\" \/>\n<meta property=\"og:url\" content=\"https:\/\/www.prooptica.pt\/en\/world-orthoptics-day-see-well-and-live-better\/\" \/>\n<meta property=\"og:site_name\" content=\"Prooptica\" \/>\n<meta property=\"article:published_time\" content=\"2025-06-02T10:27:48+00:00\" \/>\n<meta property=\"og:image\" content=\"https:\/\/www.prooptica.pt\/wp-content\/uploads\/2025\/06\/Capa-artigo-blog.jpg\" \/>\n\t<meta property=\"og:image:width\" content=\"852\" \/>\n\t<meta property=\"og:image:height\" content=\"514\" \/>\n\t<meta property=\"og:image:type\" content=\"image\/jpeg\" \/>\n<meta name=\"author\" content=\"admin\" \/>\n<meta name=\"twitter:card\" content=\"summary_large_image\" \/>\n<meta name=\"twitter:label1\" content=\"Written by\" \/>\n\t<meta name=\"twitter:data1\" content=\"admin\" \/>\n\t<meta name=\"twitter:label2\" content=\"Estimated reading time\" \/>\n\t<meta name=\"twitter:data2\" content=\"2 minutes\" \/>\n<script type=\"application\/ld+json\" class=\"yoast-schema-graph\">{\"@context\":\"https:\\\/\\\/schema.org\",\"@graph\":[{\"@type\":\"Article\",\"@id\":\"https:\\\/\\\/www.prooptica.pt\\\/dia-mundial-da-ortoptica-ver-bem-e-viver-melhor\\\/#article\",\"isPartOf\":{\"@id\":\"https:\\\/\\\/www.prooptica.pt\\\/dia-mundial-da-ortoptica-ver-bem-e-viver-melhor\\\/\"},\"author\":{\"name\":\"admin\",\"@id\":\"https:\\\/\\\/www.prooptica.pt\\\/home\\\/#\\\/schema\\\/person\\\/1cbd826a9322a3c38a052e43d1638306\"},\"headline\":\"Dia Mundial da Ort\u00f3ptica | Ver bem e viver melhor\",\"datePublished\":\"2025-06-02T10:27:48+00:00\",\"mainEntityOfPage\":{\"@id\":\"https:\\\/\\\/www.prooptica.pt\\\/dia-mundial-da-ortoptica-ver-bem-e-viver-melhor\\\/\"},\"wordCount\":258,\"image\":{\"@id\":\"https:\\\/\\\/www.prooptica.pt\\\/dia-mundial-da-ortoptica-ver-bem-e-viver-melhor\\\/#primaryimage\"},\"thumbnailUrl\":\"https:\\\/\\\/www.prooptica.pt\\\/wp-content\\\/uploads\\\/2025\\\/06\\\/Capa-artigo-blog.jpg\",\"articleSection\":[\"Insight\"],\"inLanguage\":\"en-GB\"},{\"@type\":\"WebPage\",\"@id\":\"https:\\\/\\\/www.prooptica.pt\\\/dia-mundial-da-ortoptica-ver-bem-e-viver-melhor\\\/\",\"url\":\"https:\\\/\\\/www.prooptica.pt\\\/dia-mundial-da-ortoptica-ver-bem-e-viver-melhor\\\/\",\"name\":\"Dia Mundial da Ort\u00f3ptica | Ver bem e viver melhor\",\"isPartOf\":{\"@id\":\"https:\\\/\\\/www.prooptica.pt\\\/home\\\/#website\"},\"primaryImageOfPage\":{\"@id\":\"https:\\\/\\\/www.prooptica.pt\\\/dia-mundial-da-ortoptica-ver-bem-e-viver-melhor\\\/#primaryimage\"},\"image\":{\"@id\":\"https:\\\/\\\/www.prooptica.pt\\\/dia-mundial-da-ortoptica-ver-bem-e-viver-melhor\\\/#primaryimage\"},\"thumbnailUrl\":\"https:\\\/\\\/www.prooptica.pt\\\/wp-content\\\/uploads\\\/2025\\\/06\\\/Capa-artigo-blog.jpg\",\"datePublished\":\"2025-06-02T10:27:48+00:00\",\"author\":{\"@id\":\"https:\\\/\\\/www.prooptica.pt\\\/home\\\/#\\\/schema\\\/person\\\/1cbd826a9322a3c38a052e43d1638306\"},\"description\":\"Realizar avalia\u00e7\u00f5es visuais peri\u00f3dicas, mesmo na aus\u00eancia de queixas, \u00e9 uma forma eficaz de preservar o conforto e o equil\u00edbrio visual.\",\"breadcrumb\":{\"@id\":\"https:\\\/\\\/www.prooptica.pt\\\/dia-mundial-da-ortoptica-ver-bem-e-viver-melhor\\\/#breadcrumb\"},\"inLanguage\":\"en-GB\",\"potentialAction\":[{\"@type\":\"ReadAction\",\"target\":[\"https:\\\/\\\/www.prooptica.pt\\\/dia-mundial-da-ortoptica-ver-bem-e-viver-melhor\\\/\"]}]},{\"@type\":\"ImageObject\",\"inLanguage\":\"en-GB\",\"@id\":\"https:\\\/\\\/www.prooptica.pt\\\/dia-mundial-da-ortoptica-ver-bem-e-viver-melhor\\\/#primaryimage\",\"url\":\"https:\\\/\\\/www.prooptica.pt\\\/wp-content\\\/uploads\\\/2025\\\/06\\\/Capa-artigo-blog.jpg\",\"contentUrl\":\"https:\\\/\\\/www.prooptica.pt\\\/wp-content\\\/uploads\\\/2025\\\/06\\\/Capa-artigo-blog.jpg\",\"width\":852,\"height\":514},{\"@type\":\"BreadcrumbList\",\"@id\":\"https:\\\/\\\/www.prooptica.pt\\\/dia-mundial-da-ortoptica-ver-bem-e-viver-melhor\\\/#breadcrumb\",\"itemListElement\":[{\"@type\":\"ListItem\",\"position\":1,\"name\":\"In\u00edcio\",\"item\":\"https:\\\/\\\/www.prooptica.pt\\\/\"},{\"@type\":\"ListItem\",\"position\":2,\"name\":\"Dia Mundial da Ort\u00f3ptica | Ver bem e viver melhor\"}]},{\"@type\":\"WebSite\",\"@id\":\"https:\\\/\\\/www.prooptica.pt\\\/home\\\/#website\",\"url\":\"https:\\\/\\\/www.prooptica.pt\\\/home\\\/\",\"name\":\"Prooptica\",\"description\":\"Full Eyewear Concept\",\"potentialAction\":[{\"@type\":\"SearchAction\",\"target\":{\"@type\":\"EntryPoint\",\"urlTemplate\":\"https:\\\/\\\/www.prooptica.pt\\\/home\\\/?s={search_term_string}\"},\"query-input\":{\"@type\":\"PropertyValueSpecification\",\"valueRequired\":true,\"valueName\":\"search_term_string\"}}],\"inLanguage\":\"en-GB\"},{\"@type\":\"Person\",\"@id\":\"https:\\\/\\\/www.prooptica.pt\\\/home\\\/#\\\/schema\\\/person\\\/1cbd826a9322a3c38a052e43d1638306\",\"name\":\"admin\",\"image\":{\"@type\":\"ImageObject\",\"inLanguage\":\"en-GB\",\"@id\":\"https:\\\/\\\/secure.gravatar.com\\\/avatar\\\/528c714482569d81724b02603aa719344e9ad7c0b50becf07272b2086b2c1cfd?s=96&d=mm&r=g\",\"url\":\"https:\\\/\\\/secure.gravatar.com\\\/avatar\\\/528c714482569d81724b02603aa719344e9ad7c0b50becf07272b2086b2c1cfd?s=96&d=mm&r=g\",\"contentUrl\":\"https:\\\/\\\/secure.gravatar.com\\\/avatar\\\/528c714482569d81724b02603aa719344e9ad7c0b50becf07272b2086b2c1cfd?s=96&d=mm&r=g\",\"caption\":\"admin\"},\"url\":\"https:\\\/\\\/www.prooptica.pt\\\/en\\\/author\\\/admin\\\/\"}]}<\/script>\n<!-- \/ Yoast SEO plugin. -->","yoast_head_json":{"title":"World Orthoptics Day | See well and live better","description":"Carrying out regular visual assessments, even in the absence of complaints, is an effective way of preserving visual comfort and balance.","robots":{"index":"index","follow":"follow","max-snippet":"max-snippet:-1","max-image-preview":"max-image-preview:large","max-video-preview":"max-video-preview:-1"},"canonical":"https:\/\/www.prooptica.pt\/en\/world-orthoptics-day-see-well-and-live-better\/","og_locale":"en_GB","og_type":"article","og_title":"Dia Mundial da Ort\u00f3ptica | Ver bem e viver melhor","og_description":"Realizar avalia\u00e7\u00f5es visuais peri\u00f3dicas, mesmo na aus\u00eancia de queixas, \u00e9 uma forma eficaz de preservar o conforto e o equil\u00edbrio visual.","og_url":"https:\/\/www.prooptica.pt\/en\/world-orthoptics-day-see-well-and-live-better\/","og_site_name":"Prooptica","article_published_time":"2025-06-02T10:27:48+00:00","og_image":[{"width":852,"height":514,"url":"https:\/\/www.prooptica.pt\/wp-content\/uploads\/2025\/06\/Capa-artigo-blog.jpg","type":"image\/jpeg"}],"author":"admin","twitter_card":"summary_large_image","twitter_misc":{"Written by":"admin","Estimated reading time":"2 minutes"},"schema":{"@context":"https:\/\/schema.org","@graph":[{"@type":"Article","@id":"https:\/\/www.prooptica.pt\/dia-mundial-da-ortoptica-ver-bem-e-viver-melhor\/#article","isPartOf":{"@id":"https:\/\/www.prooptica.pt\/dia-mundial-da-ortoptica-ver-bem-e-viver-melhor\/"},"author":{"name":"admin","@id":"https:\/\/www.prooptica.pt\/home\/#\/schema\/person\/1cbd826a9322a3c38a052e43d1638306"},"headline":"Dia Mundial da Ort\u00f3ptica | Ver bem e viver melhor","datePublished":"2025-06-02T10:27:48+00:00","mainEntityOfPage":{"@id":"https:\/\/www.prooptica.pt\/dia-mundial-da-ortoptica-ver-bem-e-viver-melhor\/"},"wordCount":258,"image":{"@id":"https:\/\/www.prooptica.pt\/dia-mundial-da-ortoptica-ver-bem-e-viver-melhor\/#primaryimage"},"thumbnailUrl":"https:\/\/www.prooptica.pt\/wp-content\/uploads\/2025\/06\/Capa-artigo-blog.jpg","articleSection":["Insight"],"inLanguage":"en-GB"},{"@type":"WebPage","@id":"https:\/\/www.prooptica.pt\/dia-mundial-da-ortoptica-ver-bem-e-viver-melhor\/","url":"https:\/\/www.prooptica.pt\/dia-mundial-da-ortoptica-ver-bem-e-viver-melhor\/","name":"World Orthoptics Day | See well and live better","isPartOf":{"@id":"https:\/\/www.prooptica.pt\/home\/#website"},"primaryImageOfPage":{"@id":"https:\/\/www.prooptica.pt\/dia-mundial-da-ortoptica-ver-bem-e-viver-melhor\/#primaryimage"},"image":{"@id":"https:\/\/www.prooptica.pt\/dia-mundial-da-ortoptica-ver-bem-e-viver-melhor\/#primaryimage"},"thumbnailUrl":"https:\/\/www.prooptica.pt\/wp-content\/uploads\/2025\/06\/Capa-artigo-blog.jpg","datePublished":"2025-06-02T10:27:48+00:00","author":{"@id":"https:\/\/www.prooptica.pt\/home\/#\/schema\/person\/1cbd826a9322a3c38a052e43d1638306"},"description":"Carrying out regular visual assessments, even in the absence of complaints, is an effective way of preserving visual comfort and balance.","breadcrumb":{"@id":"https:\/\/www.prooptica.pt\/dia-mundial-da-ortoptica-ver-bem-e-viver-melhor\/#breadcrumb"},"inLanguage":"en-GB","potentialAction":[{"@type":"ReadAction","target":["https:\/\/www.prooptica.pt\/dia-mundial-da-ortoptica-ver-bem-e-viver-melhor\/"]}]},{"@type":"ImageObject","inLanguage":"en-GB","@id":"https:\/\/www.prooptica.pt\/dia-mundial-da-ortoptica-ver-bem-e-viver-melhor\/#primaryimage","url":"https:\/\/www.prooptica.pt\/wp-content\/uploads\/2025\/06\/Capa-artigo-blog.jpg","contentUrl":"https:\/\/www.prooptica.pt\/wp-content\/uploads\/2025\/06\/Capa-artigo-blog.jpg","width":852,"height":514},{"@type":"BreadcrumbList","@id":"https:\/\/www.prooptica.pt\/dia-mundial-da-ortoptica-ver-bem-e-viver-melhor\/#breadcrumb","itemListElement":[{"@type":"ListItem","position":1,"name":"In\u00edcio","item":"https:\/\/www.prooptica.pt\/"},{"@type":"ListItem","position":2,"name":"Dia Mundial da Ort\u00f3ptica | Ver bem e viver melhor"}]},{"@type":"WebSite","@id":"https:\/\/www.prooptica.pt\/home\/#website","url":"https:\/\/www.prooptica.pt\/home\/","name":"Prooptica","description":"Full Eyewear Concept","potentialAction":[{"@type":"SearchAction","target":{"@type":"EntryPoint","urlTemplate":"https:\/\/www.prooptica.pt\/home\/?s={search_term_string}"},"query-input":{"@type":"PropertyValueSpecification","valueRequired":true,"valueName":"search_term_string"}}],"inLanguage":"en-GB"},{"@type":"Person","@id":"https:\/\/www.prooptica.pt\/home\/#\/schema\/person\/1cbd826a9322a3c38a052e43d1638306","name":"admin","image":{"@type":"ImageObject","inLanguage":"en-GB","@id":"https:\/\/secure.gravatar.com\/avatar\/528c714482569d81724b02603aa719344e9ad7c0b50becf07272b2086b2c1cfd?s=96&d=mm&r=g","url":"https:\/\/secure.gravatar.com\/avatar\/528c714482569d81724b02603aa719344e9ad7c0b50becf07272b2086b2c1cfd?s=96&d=mm&r=g","contentUrl":"https:\/\/secure.gravatar.com\/avatar\/528c714482569d81724b02603aa719344e9ad7c0b50becf07272b2086b2c1cfd?s=96&d=mm&r=g","caption":"admin"},"url":"https:\/\/www.prooptica.pt\/en\/author\/admin\/"}]}},"_links":{"self":[{"href":"https:\/\/www.prooptica.pt\/en\/wp-json\/wp\/v2\/posts\/23371","targetHints":{"allow":["GET"]}}],"collection":[{"href":"https:\/\/www.prooptica.pt\/en\/wp-json\/wp\/v2\/posts"}],"about":[{"href":"https:\/\/www.prooptica.pt\/en\/wp-json\/wp\/v2\/types\/post"}],"author":[{"embeddable":true,"href":"https:\/\/www.prooptica.pt\/en\/wp-json\/wp\/v2\/users\/2"}],"replies":[{"embeddable":true,"href":"https:\/\/www.prooptica.pt\/en\/wp-json\/wp\/v2\/comments?post=23371"}],"version-history":[{"count":1,"href":"https:\/\/www.prooptica.pt\/en\/wp-json\/wp\/v2\/posts\/23371\/revisions"}],"predecessor-version":[{"id":23373,"href":"https:\/\/www.prooptica.pt\/en\/wp-json\/wp\/v2\/posts\/23371\/revisions\/23373"}],"wp:featuredmedia":[{"embeddable":true,"href":"https:\/\/www.prooptica.pt\/en\/wp-json\/wp\/v2\/media\/23372"}],"wp:attachment":[{"href":"https:\/\/www.prooptica.pt\/en\/wp-json\/wp\/v2\/media?parent=23371"}],"wp:term":[{"taxonomy":"category","embeddable":true,"href":"https:\/\/www.prooptica.pt\/en\/wp-json\/wp\/v2\/categories?post=23371"},{"taxonomy":"post_tag","embeddable":true,"href":"https:\/\/www.prooptica.pt\/en\/wp-json\/wp\/v2\/tags?post=23371"}],"curies":[{"name":"wp","href":"https:\/\/api.w.org\/{rel}","templated":true}]}}