{"id":23374,"date":"2025-06-04T08:38:41","date_gmt":"2025-06-04T08:38:41","guid":{"rendered":"https:\/\/www.prooptica.pt\/?p=23374"},"modified":"2025-06-04T11:50:05","modified_gmt":"2025-06-04T11:50:05","slug":"world-running-day-take-care-of-your-body-and-eyesight-and-run-for-a-healthier-future","status":"publish","type":"post","link":"https:\/\/www.prooptica.pt\/en\/dia-mundial-da-corrida-cuidar-do-corpo-e-da-visao-e-correr-para-um-futuro-mais-saudavel\/","title":{"rendered":"World Running Day | Taking care of your body and eyesight is running towards a healthier future"},"content":{"rendered":"<p>World Running Day aims to promote a more active and healthy lifestyle, raising awareness of the benefits of sport in preventing disease and improving quality of life. It is also a symbolic date that unites people all over the world, of all ages and levels of experience, around a common movement: running for pleasure, for health, for overcoming obstacles or simply for the pleasure of moving.<\/p>\n<p>On this day, we celebrate not only the pleasure of running, but also the importance of doing it safely and well. Physical exercise has countless benefits for physical and mental health - but to get the most out of it, it's essential to be properly prepared, including with regard to your eyesight.<\/p>\n<p>There are specific glasses for running, developed with a sporty and aerodynamic design, ideal for keeping up with the pace and challenges of this activity. As well as providing protection against intense sunlight and particles such as dust or insects, these models are also gradable, allowing for clear vision even on the move.<\/p>\n<p>With soft rubber plates and adjustable ends, they offer a comfortable and secure fit, even during the most demanding workouts. They are therefore the ideal companion not only for runners, but also for cyclists and other outdoor activities.<\/p>\n<p>In sport, as in everyday life, seeing well makes all the difference. This World Running Day, take care of your body... and your eyesight.<\/p>","protected":false},"excerpt":{"rendered":"<p>O Dia Mundial da Corrida tem como objetivo promover um estilo de vida mais ativo e saud\u00e1vel, sensibilizando para os benef\u00edcios do desporto na preven\u00e7\u00e3o de doen\u00e7as e na melhoria da qualidade de vida. \u00c9 tamb\u00e9m uma data simb\u00f3lica que une pessoas em todo o mundo, de todas as idades e n\u00edveis de experi\u00eancia, em [&hellip;]<\/p>\n","protected":false},"author":2,"featured_media":23411,"comment_status":"closed","ping_status":"closed","sticky":false,"template":"","format":"standard","meta":{"footnotes":""},"categories":[238],"tags":[],"class_list":["post-23374","post","type-post","status-publish","format-standard","has-post-thumbnail","hentry","category-insight"],"yoast_head":"<!-- This site is optimized with the Yoast SEO plugin v27.5 - https:\/\/yoast.com\/product\/yoast-seo-wordpress\/ -->\n<title>Dia Mundial da Corrida | Cuidar do corpo e da vis\u00e3o<\/title>\n<meta name=\"description\" content=\"No desporto, tal como no dia-a-dia, ver bem faz toda a diferen\u00e7a. Neste Dia Mundial da Corrida, cuide do seu corpo\u2026 e da sua vis\u00e3o.\" \/>\n<meta name=\"robots\" content=\"index, follow, max-snippet:-1, max-image-preview:large, max-video-preview:-1\" \/>\n<link rel=\"canonical\" href=\"https:\/\/www.prooptica.pt\/en\/world-running-day-take-care-of-your-body-and-eyesight-and-run-for-a-healthier-future\/\" \/>\n<meta property=\"og:locale\" content=\"en_GB\" \/>\n<meta property=\"og:type\" content=\"article\" \/>\n<meta property=\"og:title\" content=\"Dia Mundial da Corrida | Cuidar do corpo e da vis\u00e3o\" \/>\n<meta property=\"og:description\" content=\"No desporto, tal como no dia-a-dia, ver bem faz toda a diferen\u00e7a. Neste Dia Mundial da Corrida, cuide do seu corpo\u2026 e da sua vis\u00e3o.\" \/>\n<meta property=\"og:url\" content=\"https:\/\/www.prooptica.pt\/en\/world-running-day-take-care-of-your-body-and-eyesight-and-run-for-a-healthier-future\/\" \/>\n<meta property=\"og:site_name\" content=\"Prooptica\" \/>\n<meta property=\"article:published_time\" content=\"2025-06-04T08:38:41+00:00\" \/>\n<meta property=\"article:modified_time\" content=\"2025-06-04T11:50:05+00:00\" \/>\n<meta property=\"og:image\" content=\"https:\/\/www.prooptica.pt\/wp-content\/uploads\/2025\/06\/Capa-artigo-blog-2.jpg\" \/>\n\t<meta property=\"og:image:width\" content=\"852\" \/>\n\t<meta property=\"og:image:height\" content=\"514\" \/>\n\t<meta property=\"og:image:type\" content=\"image\/jpeg\" \/>\n<meta name=\"author\" content=\"admin\" \/>\n<meta name=\"twitter:card\" content=\"summary_large_image\" \/>\n<meta name=\"twitter:label1\" content=\"Written by\" \/>\n\t<meta name=\"twitter:data1\" content=\"admin\" \/>\n\t<meta name=\"twitter:label2\" content=\"Estimated reading time\" \/>\n\t<meta name=\"twitter:data2\" content=\"2 minutes\" \/>\n<script type=\"application\/ld+json\" class=\"yoast-schema-graph\">{\"@context\":\"https:\\\/\\\/schema.org\",\"@graph\":[{\"@type\":\"Article\",\"@id\":\"https:\\\/\\\/www.prooptica.pt\\\/dia-mundial-da-corrida-cuidar-do-corpo-e-da-visao-e-correr-para-um-futuro-mais-saudavel\\\/#article\",\"isPartOf\":{\"@id\":\"https:\\\/\\\/www.prooptica.pt\\\/dia-mundial-da-corrida-cuidar-do-corpo-e-da-visao-e-correr-para-um-futuro-mais-saudavel\\\/\"},\"author\":{\"name\":\"admin\",\"@id\":\"https:\\\/\\\/www.prooptica.pt\\\/home\\\/#\\\/schema\\\/person\\\/1cbd826a9322a3c38a052e43d1638306\"},\"headline\":\"Dia Mundial da Corrida | Cuidar do corpo e da vis\u00e3o \u00e9 correr para um futuro mais saud\u00e1vel\",\"datePublished\":\"2025-06-04T08:38:41+00:00\",\"dateModified\":\"2025-06-04T11:50:05+00:00\",\"mainEntityOfPage\":{\"@id\":\"https:\\\/\\\/www.prooptica.pt\\\/dia-mundial-da-corrida-cuidar-do-corpo-e-da-visao-e-correr-para-um-futuro-mais-saudavel\\\/\"},\"wordCount\":301,\"image\":{\"@id\":\"https:\\\/\\\/www.prooptica.pt\\\/dia-mundial-da-corrida-cuidar-do-corpo-e-da-visao-e-correr-para-um-futuro-mais-saudavel\\\/#primaryimage\"},\"thumbnailUrl\":\"https:\\\/\\\/www.prooptica.pt\\\/wp-content\\\/uploads\\\/2025\\\/06\\\/Capa-artigo-blog-2.jpg\",\"articleSection\":[\"Insight\"],\"inLanguage\":\"en-GB\"},{\"@type\":\"WebPage\",\"@id\":\"https:\\\/\\\/www.prooptica.pt\\\/dia-mundial-da-corrida-cuidar-do-corpo-e-da-visao-e-correr-para-um-futuro-mais-saudavel\\\/\",\"url\":\"https:\\\/\\\/www.prooptica.pt\\\/dia-mundial-da-corrida-cuidar-do-corpo-e-da-visao-e-correr-para-um-futuro-mais-saudavel\\\/\",\"name\":\"Dia Mundial da Corrida | Cuidar do corpo e da vis\u00e3o\",\"isPartOf\":{\"@id\":\"https:\\\/\\\/www.prooptica.pt\\\/home\\\/#website\"},\"primaryImageOfPage\":{\"@id\":\"https:\\\/\\\/www.prooptica.pt\\\/dia-mundial-da-corrida-cuidar-do-corpo-e-da-visao-e-correr-para-um-futuro-mais-saudavel\\\/#primaryimage\"},\"image\":{\"@id\":\"https:\\\/\\\/www.prooptica.pt\\\/dia-mundial-da-corrida-cuidar-do-corpo-e-da-visao-e-correr-para-um-futuro-mais-saudavel\\\/#primaryimage\"},\"thumbnailUrl\":\"https:\\\/\\\/www.prooptica.pt\\\/wp-content\\\/uploads\\\/2025\\\/06\\\/Capa-artigo-blog-2.jpg\",\"datePublished\":\"2025-06-04T08:38:41+00:00\",\"dateModified\":\"2025-06-04T11:50:05+00:00\",\"author\":{\"@id\":\"https:\\\/\\\/www.prooptica.pt\\\/home\\\/#\\\/schema\\\/person\\\/1cbd826a9322a3c38a052e43d1638306\"},\"description\":\"No desporto, tal como no dia-a-dia, ver bem faz toda a diferen\u00e7a. Neste Dia Mundial da Corrida, cuide do seu corpo\u2026 e da sua vis\u00e3o.\",\"breadcrumb\":{\"@id\":\"https:\\\/\\\/www.prooptica.pt\\\/dia-mundial-da-corrida-cuidar-do-corpo-e-da-visao-e-correr-para-um-futuro-mais-saudavel\\\/#breadcrumb\"},\"inLanguage\":\"en-GB\",\"potentialAction\":[{\"@type\":\"ReadAction\",\"target\":[\"https:\\\/\\\/www.prooptica.pt\\\/dia-mundial-da-corrida-cuidar-do-corpo-e-da-visao-e-correr-para-um-futuro-mais-saudavel\\\/\"]}]},{\"@type\":\"ImageObject\",\"inLanguage\":\"en-GB\",\"@id\":\"https:\\\/\\\/www.prooptica.pt\\\/dia-mundial-da-corrida-cuidar-do-corpo-e-da-visao-e-correr-para-um-futuro-mais-saudavel\\\/#primaryimage\",\"url\":\"https:\\\/\\\/www.prooptica.pt\\\/wp-content\\\/uploads\\\/2025\\\/06\\\/Capa-artigo-blog-2.jpg\",\"contentUrl\":\"https:\\\/\\\/www.prooptica.pt\\\/wp-content\\\/uploads\\\/2025\\\/06\\\/Capa-artigo-blog-2.jpg\",\"width\":852,\"height\":514},{\"@type\":\"BreadcrumbList\",\"@id\":\"https:\\\/\\\/www.prooptica.pt\\\/dia-mundial-da-corrida-cuidar-do-corpo-e-da-visao-e-correr-para-um-futuro-mais-saudavel\\\/#breadcrumb\",\"itemListElement\":[{\"@type\":\"ListItem\",\"position\":1,\"name\":\"In\u00edcio\",\"item\":\"https:\\\/\\\/www.prooptica.pt\\\/\"},{\"@type\":\"ListItem\",\"position\":2,\"name\":\"Dia Mundial da Corrida | Cuidar do corpo e da vis\u00e3o \u00e9 correr para um futuro mais saud\u00e1vel\"}]},{\"@type\":\"WebSite\",\"@id\":\"https:\\\/\\\/www.prooptica.pt\\\/home\\\/#website\",\"url\":\"https:\\\/\\\/www.prooptica.pt\\\/home\\\/\",\"name\":\"Prooptica\",\"description\":\"Full Eyewear Concept\",\"potentialAction\":[{\"@type\":\"SearchAction\",\"target\":{\"@type\":\"EntryPoint\",\"urlTemplate\":\"https:\\\/\\\/www.prooptica.pt\\\/home\\\/?s={search_term_string}\"},\"query-input\":{\"@type\":\"PropertyValueSpecification\",\"valueRequired\":true,\"valueName\":\"search_term_string\"}}],\"inLanguage\":\"en-GB\"},{\"@type\":\"Person\",\"@id\":\"https:\\\/\\\/www.prooptica.pt\\\/home\\\/#\\\/schema\\\/person\\\/1cbd826a9322a3c38a052e43d1638306\",\"name\":\"admin\",\"image\":{\"@type\":\"ImageObject\",\"inLanguage\":\"en-GB\",\"@id\":\"https:\\\/\\\/secure.gravatar.com\\\/avatar\\\/528c714482569d81724b02603aa719344e9ad7c0b50becf07272b2086b2c1cfd?s=96&d=mm&r=g\",\"url\":\"https:\\\/\\\/secure.gravatar.com\\\/avatar\\\/528c714482569d81724b02603aa719344e9ad7c0b50becf07272b2086b2c1cfd?s=96&d=mm&r=g\",\"contentUrl\":\"https:\\\/\\\/secure.gravatar.com\\\/avatar\\\/528c714482569d81724b02603aa719344e9ad7c0b50becf07272b2086b2c1cfd?s=96&d=mm&r=g\",\"caption\":\"admin\"},\"url\":\"https:\\\/\\\/www.prooptica.pt\\\/en\\\/author\\\/admin\\\/\"}]}<\/script>\n<!-- \/ Yoast SEO plugin. -->","yoast_head_json":{"title":"World Running Day | Taking care of your body and your sight","description":"In sport, as in everyday life, seeing well makes all the difference. This World Running Day, take care of your body... and your eyesight.","robots":{"index":"index","follow":"follow","max-snippet":"max-snippet:-1","max-image-preview":"max-image-preview:large","max-video-preview":"max-video-preview:-1"},"canonical":"https:\/\/www.prooptica.pt\/en\/world-running-day-take-care-of-your-body-and-eyesight-and-run-for-a-healthier-future\/","og_locale":"en_GB","og_type":"article","og_title":"Dia Mundial da Corrida | Cuidar do corpo e da vis\u00e3o","og_description":"No desporto, tal como no dia-a-dia, ver bem faz toda a diferen\u00e7a. Neste Dia Mundial da Corrida, cuide do seu corpo\u2026 e da sua vis\u00e3o.","og_url":"https:\/\/www.prooptica.pt\/en\/world-running-day-take-care-of-your-body-and-eyesight-and-run-for-a-healthier-future\/","og_site_name":"Prooptica","article_published_time":"2025-06-04T08:38:41+00:00","article_modified_time":"2025-06-04T11:50:05+00:00","og_image":[{"width":852,"height":514,"url":"https:\/\/www.prooptica.pt\/wp-content\/uploads\/2025\/06\/Capa-artigo-blog-2.jpg","type":"image\/jpeg"}],"author":"admin","twitter_card":"summary_large_image","twitter_misc":{"Written by":"admin","Estimated reading time":"2 minutes"},"schema":{"@context":"https:\/\/schema.org","@graph":[{"@type":"Article","@id":"https:\/\/www.prooptica.pt\/dia-mundial-da-corrida-cuidar-do-corpo-e-da-visao-e-correr-para-um-futuro-mais-saudavel\/#article","isPartOf":{"@id":"https:\/\/www.prooptica.pt\/dia-mundial-da-corrida-cuidar-do-corpo-e-da-visao-e-correr-para-um-futuro-mais-saudavel\/"},"author":{"name":"admin","@id":"https:\/\/www.prooptica.pt\/home\/#\/schema\/person\/1cbd826a9322a3c38a052e43d1638306"},"headline":"Dia Mundial da Corrida | Cuidar do corpo e da vis\u00e3o \u00e9 correr para um futuro mais saud\u00e1vel","datePublished":"2025-06-04T08:38:41+00:00","dateModified":"2025-06-04T11:50:05+00:00","mainEntityOfPage":{"@id":"https:\/\/www.prooptica.pt\/dia-mundial-da-corrida-cuidar-do-corpo-e-da-visao-e-correr-para-um-futuro-mais-saudavel\/"},"wordCount":301,"image":{"@id":"https:\/\/www.prooptica.pt\/dia-mundial-da-corrida-cuidar-do-corpo-e-da-visao-e-correr-para-um-futuro-mais-saudavel\/#primaryimage"},"thumbnailUrl":"https:\/\/www.prooptica.pt\/wp-content\/uploads\/2025\/06\/Capa-artigo-blog-2.jpg","articleSection":["Insight"],"inLanguage":"en-GB"},{"@type":"WebPage","@id":"https:\/\/www.prooptica.pt\/dia-mundial-da-corrida-cuidar-do-corpo-e-da-visao-e-correr-para-um-futuro-mais-saudavel\/","url":"https:\/\/www.prooptica.pt\/dia-mundial-da-corrida-cuidar-do-corpo-e-da-visao-e-correr-para-um-futuro-mais-saudavel\/","name":"World Running Day | Taking care of your body and your sight","isPartOf":{"@id":"https:\/\/www.prooptica.pt\/home\/#website"},"primaryImageOfPage":{"@id":"https:\/\/www.prooptica.pt\/dia-mundial-da-corrida-cuidar-do-corpo-e-da-visao-e-correr-para-um-futuro-mais-saudavel\/#primaryimage"},"image":{"@id":"https:\/\/www.prooptica.pt\/dia-mundial-da-corrida-cuidar-do-corpo-e-da-visao-e-correr-para-um-futuro-mais-saudavel\/#primaryimage"},"thumbnailUrl":"https:\/\/www.prooptica.pt\/wp-content\/uploads\/2025\/06\/Capa-artigo-blog-2.jpg","datePublished":"2025-06-04T08:38:41+00:00","dateModified":"2025-06-04T11:50:05+00:00","author":{"@id":"https:\/\/www.prooptica.pt\/home\/#\/schema\/person\/1cbd826a9322a3c38a052e43d1638306"},"description":"In sport, as in everyday life, seeing well makes all the difference. This World Running Day, take care of your body... and your eyesight.","breadcrumb":{"@id":"https:\/\/www.prooptica.pt\/dia-mundial-da-corrida-cuidar-do-corpo-e-da-visao-e-correr-para-um-futuro-mais-saudavel\/#breadcrumb"},"inLanguage":"en-GB","potentialAction":[{"@type":"ReadAction","target":["https:\/\/www.prooptica.pt\/dia-mundial-da-corrida-cuidar-do-corpo-e-da-visao-e-correr-para-um-futuro-mais-saudavel\/"]}]},{"@type":"ImageObject","inLanguage":"en-GB","@id":"https:\/\/www.prooptica.pt\/dia-mundial-da-corrida-cuidar-do-corpo-e-da-visao-e-correr-para-um-futuro-mais-saudavel\/#primaryimage","url":"https:\/\/www.prooptica.pt\/wp-content\/uploads\/2025\/06\/Capa-artigo-blog-2.jpg","contentUrl":"https:\/\/www.prooptica.pt\/wp-content\/uploads\/2025\/06\/Capa-artigo-blog-2.jpg","width":852,"height":514},{"@type":"BreadcrumbList","@id":"https:\/\/www.prooptica.pt\/dia-mundial-da-corrida-cuidar-do-corpo-e-da-visao-e-correr-para-um-futuro-mais-saudavel\/#breadcrumb","itemListElement":[{"@type":"ListItem","position":1,"name":"In\u00edcio","item":"https:\/\/www.prooptica.pt\/"},{"@type":"ListItem","position":2,"name":"Dia Mundial da Corrida | Cuidar do corpo e da vis\u00e3o \u00e9 correr para um futuro mais saud\u00e1vel"}]},{"@type":"WebSite","@id":"https:\/\/www.prooptica.pt\/home\/#website","url":"https:\/\/www.prooptica.pt\/home\/","name":"Prooptica","description":"Full Eyewear Concept","potentialAction":[{"@type":"SearchAction","target":{"@type":"EntryPoint","urlTemplate":"https:\/\/www.prooptica.pt\/home\/?s={search_term_string}"},"query-input":{"@type":"PropertyValueSpecification","valueRequired":true,"valueName":"search_term_string"}}],"inLanguage":"en-GB"},{"@type":"Person","@id":"https:\/\/www.prooptica.pt\/home\/#\/schema\/person\/1cbd826a9322a3c38a052e43d1638306","name":"admin","image":{"@type":"ImageObject","inLanguage":"en-GB","@id":"https:\/\/secure.gravatar.com\/avatar\/528c714482569d81724b02603aa719344e9ad7c0b50becf07272b2086b2c1cfd?s=96&d=mm&r=g","url":"https:\/\/secure.gravatar.com\/avatar\/528c714482569d81724b02603aa719344e9ad7c0b50becf07272b2086b2c1cfd?s=96&d=mm&r=g","contentUrl":"https:\/\/secure.gravatar.com\/avatar\/528c714482569d81724b02603aa719344e9ad7c0b50becf07272b2086b2c1cfd?s=96&d=mm&r=g","caption":"admin"},"url":"https:\/\/www.prooptica.pt\/en\/author\/admin\/"}]}},"_links":{"self":[{"href":"https:\/\/www.prooptica.pt\/en\/wp-json\/wp\/v2\/posts\/23374","targetHints":{"allow":["GET"]}}],"collection":[{"href":"https:\/\/www.prooptica.pt\/en\/wp-json\/wp\/v2\/posts"}],"about":[{"href":"https:\/\/www.prooptica.pt\/en\/wp-json\/wp\/v2\/types\/post"}],"author":[{"embeddable":true,"href":"https:\/\/www.prooptica.pt\/en\/wp-json\/wp\/v2\/users\/2"}],"replies":[{"embeddable":true,"href":"https:\/\/www.prooptica.pt\/en\/wp-json\/wp\/v2\/comments?post=23374"}],"version-history":[{"count":1,"href":"https:\/\/www.prooptica.pt\/en\/wp-json\/wp\/v2\/posts\/23374\/revisions"}],"predecessor-version":[{"id":23376,"href":"https:\/\/www.prooptica.pt\/en\/wp-json\/wp\/v2\/posts\/23374\/revisions\/23376"}],"wp:featuredmedia":[{"embeddable":true,"href":"https:\/\/www.prooptica.pt\/en\/wp-json\/wp\/v2\/media\/23411"}],"wp:attachment":[{"href":"https:\/\/www.prooptica.pt\/en\/wp-json\/wp\/v2\/media?parent=23374"}],"wp:term":[{"taxonomy":"category","embeddable":true,"href":"https:\/\/www.prooptica.pt\/en\/wp-json\/wp\/v2\/categories?post=23374"},{"taxonomy":"post_tag","embeddable":true,"href":"https:\/\/www.prooptica.pt\/en\/wp-json\/wp\/v2\/tags?post=23374"}],"curies":[{"name":"wp","href":"https:\/\/api.w.org\/{rel}","templated":true}]}}