{"id":23419,"date":"2025-06-05T10:23:53","date_gmt":"2025-06-05T10:23:53","guid":{"rendered":"https:\/\/www.prooptica.pt\/?p=23419"},"modified":"2025-06-05T12:38:28","modified_gmt":"2025-06-05T12:38:28","slug":"world-environment-day-a-more-sustainable-vision","status":"publish","type":"post","link":"https:\/\/www.prooptica.pt\/en\/dia-mundial-do-ambiente-uma-visao-mais-sustentavel\/","title":{"rendered":"World Environment Day | A more sustainable vision"},"content":{"rendered":"<p>World Environment Day, celebrated on 5 June, is a call to action for the preservation of our planet. At Prooptica, we believe that change starts with small gestures - and that all companies have a fundamental role to play in building a greener, more responsible and conscious future.<\/p>\n<p>It is in this spirit that we are renewing our commitment to sustainability by actively supporting initiatives such as Sociedade Ponto Verde, the organisation that manages the integrated waste collection and treatment system in Portugal. Through this partnership, we reinforce our contribution to the circular economy and the correct management of resources.<\/p>\n<p>But our ecological vision goes further: we have been implementing new environmental practices within the company itself, which include reducing the use of disposable materials, improving energy efficiency and promoting a more environmentally friendly internal culture.<\/p>\n<p>One of the most visible aspects of this change is the introduction of ecological glasses, made from recycled or sustainably sourced materials, without compromising on quality, comfort or style. These models represent a new way of seeing - and living in - the world, in harmony with the values of environmental responsibility.<\/p>\n<p>This World Environment Day, we celebrate the choices that make a difference. Because seeing the future clearly also means taking care of the planet we live on.<\/p>\n<p>&nbsp;<\/p>","protected":false},"excerpt":{"rendered":"<p>O Dia Mundial do Ambiente, celebrado a 5 de junho, \u00e9 um apelo \u00e0 a\u00e7\u00e3o pela preserva\u00e7\u00e3o do nosso planeta. Na Prooptica, acreditamos que a mudan\u00e7a come\u00e7a com pequenos gestos \u2014 e que todas as empresas t\u00eam um papel fundamental na constru\u00e7\u00e3o de um futuro mais verde, respons\u00e1vel e consciente. \u00c9 com esse esp\u00edrito que [&hellip;]<\/p>\n","protected":false},"author":2,"featured_media":23420,"comment_status":"closed","ping_status":"closed","sticky":false,"template":"","format":"standard","meta":{"footnotes":""},"categories":[195],"tags":[],"class_list":["post-23419","post","type-post","status-publish","format-standard","has-post-thumbnail","hentry","category-institucional"],"yoast_head":"<!-- This site is optimized with the Yoast SEO plugin v27.4 - https:\/\/yoast.com\/product\/yoast-seo-wordpress\/ -->\n<title>Dia Mundial do Ambiente | Uma vis\u00e3o mais sustent\u00e1vel<\/title>\n<meta name=\"description\" content=\"Na Prooptica, acreditamos que as empresas t\u00eam um papel fundamental na constru\u00e7\u00e3o de um futuro mais verde, respons\u00e1vel e consciente.\" \/>\n<meta name=\"robots\" content=\"index, follow, max-snippet:-1, max-image-preview:large, max-video-preview:-1\" \/>\n<link rel=\"canonical\" href=\"https:\/\/www.prooptica.pt\/en\/world-environment-day-a-more-sustainable-vision\/\" \/>\n<meta property=\"og:locale\" content=\"en_GB\" \/>\n<meta property=\"og:type\" content=\"article\" \/>\n<meta property=\"og:title\" content=\"Dia Mundial do Ambiente | Uma vis\u00e3o mais sustent\u00e1vel\" \/>\n<meta property=\"og:description\" content=\"Na Prooptica, acreditamos que as empresas t\u00eam um papel fundamental na constru\u00e7\u00e3o de um futuro mais verde, respons\u00e1vel e consciente.\" \/>\n<meta property=\"og:url\" content=\"https:\/\/www.prooptica.pt\/en\/world-environment-day-a-more-sustainable-vision\/\" \/>\n<meta property=\"og:site_name\" content=\"Prooptica\" \/>\n<meta property=\"article:published_time\" content=\"2025-06-05T10:23:53+00:00\" \/>\n<meta property=\"article:modified_time\" content=\"2025-06-05T12:38:28+00:00\" \/>\n<meta property=\"og:image\" content=\"https:\/\/www.prooptica.pt\/wp-content\/uploads\/2025\/06\/Capa-artigo-blog-3.jpg\" \/>\n\t<meta property=\"og:image:width\" content=\"852\" \/>\n\t<meta property=\"og:image:height\" content=\"514\" \/>\n\t<meta property=\"og:image:type\" content=\"image\/jpeg\" \/>\n<meta name=\"author\" content=\"admin\" \/>\n<meta name=\"twitter:card\" content=\"summary_large_image\" \/>\n<meta name=\"twitter:label1\" content=\"Written by\" \/>\n\t<meta name=\"twitter:data1\" content=\"admin\" \/>\n\t<meta name=\"twitter:label2\" content=\"Estimated reading time\" \/>\n\t<meta name=\"twitter:data2\" content=\"2 minutes\" \/>\n<script type=\"application\/ld+json\" class=\"yoast-schema-graph\">{\"@context\":\"https:\\\/\\\/schema.org\",\"@graph\":[{\"@type\":\"Article\",\"@id\":\"https:\\\/\\\/www.prooptica.pt\\\/dia-mundial-do-ambiente-uma-visao-mais-sustentavel\\\/#article\",\"isPartOf\":{\"@id\":\"https:\\\/\\\/www.prooptica.pt\\\/dia-mundial-do-ambiente-uma-visao-mais-sustentavel\\\/\"},\"author\":{\"name\":\"admin\",\"@id\":\"https:\\\/\\\/www.prooptica.pt\\\/home\\\/#\\\/schema\\\/person\\\/1cbd826a9322a3c38a052e43d1638306\"},\"headline\":\"Dia Mundial do Ambiente | Uma Vis\u00e3o mais Sustent\u00e1vel\",\"datePublished\":\"2025-06-05T10:23:53+00:00\",\"dateModified\":\"2025-06-05T12:38:28+00:00\",\"mainEntityOfPage\":{\"@id\":\"https:\\\/\\\/www.prooptica.pt\\\/dia-mundial-do-ambiente-uma-visao-mais-sustentavel\\\/\"},\"wordCount\":253,\"image\":{\"@id\":\"https:\\\/\\\/www.prooptica.pt\\\/dia-mundial-do-ambiente-uma-visao-mais-sustentavel\\\/#primaryimage\"},\"thumbnailUrl\":\"https:\\\/\\\/www.prooptica.pt\\\/wp-content\\\/uploads\\\/2025\\\/06\\\/Capa-artigo-blog-3.jpg\",\"articleSection\":[\"Institucional\"],\"inLanguage\":\"en-GB\"},{\"@type\":\"WebPage\",\"@id\":\"https:\\\/\\\/www.prooptica.pt\\\/dia-mundial-do-ambiente-uma-visao-mais-sustentavel\\\/\",\"url\":\"https:\\\/\\\/www.prooptica.pt\\\/dia-mundial-do-ambiente-uma-visao-mais-sustentavel\\\/\",\"name\":\"Dia Mundial do Ambiente | Uma vis\u00e3o mais sustent\u00e1vel\",\"isPartOf\":{\"@id\":\"https:\\\/\\\/www.prooptica.pt\\\/home\\\/#website\"},\"primaryImageOfPage\":{\"@id\":\"https:\\\/\\\/www.prooptica.pt\\\/dia-mundial-do-ambiente-uma-visao-mais-sustentavel\\\/#primaryimage\"},\"image\":{\"@id\":\"https:\\\/\\\/www.prooptica.pt\\\/dia-mundial-do-ambiente-uma-visao-mais-sustentavel\\\/#primaryimage\"},\"thumbnailUrl\":\"https:\\\/\\\/www.prooptica.pt\\\/wp-content\\\/uploads\\\/2025\\\/06\\\/Capa-artigo-blog-3.jpg\",\"datePublished\":\"2025-06-05T10:23:53+00:00\",\"dateModified\":\"2025-06-05T12:38:28+00:00\",\"author\":{\"@id\":\"https:\\\/\\\/www.prooptica.pt\\\/home\\\/#\\\/schema\\\/person\\\/1cbd826a9322a3c38a052e43d1638306\"},\"description\":\"Na Prooptica, acreditamos que as empresas t\u00eam um papel fundamental na constru\u00e7\u00e3o de um futuro mais verde, respons\u00e1vel e consciente.\",\"breadcrumb\":{\"@id\":\"https:\\\/\\\/www.prooptica.pt\\\/dia-mundial-do-ambiente-uma-visao-mais-sustentavel\\\/#breadcrumb\"},\"inLanguage\":\"en-GB\",\"potentialAction\":[{\"@type\":\"ReadAction\",\"target\":[\"https:\\\/\\\/www.prooptica.pt\\\/dia-mundial-do-ambiente-uma-visao-mais-sustentavel\\\/\"]}]},{\"@type\":\"ImageObject\",\"inLanguage\":\"en-GB\",\"@id\":\"https:\\\/\\\/www.prooptica.pt\\\/dia-mundial-do-ambiente-uma-visao-mais-sustentavel\\\/#primaryimage\",\"url\":\"https:\\\/\\\/www.prooptica.pt\\\/wp-content\\\/uploads\\\/2025\\\/06\\\/Capa-artigo-blog-3.jpg\",\"contentUrl\":\"https:\\\/\\\/www.prooptica.pt\\\/wp-content\\\/uploads\\\/2025\\\/06\\\/Capa-artigo-blog-3.jpg\",\"width\":852,\"height\":514},{\"@type\":\"BreadcrumbList\",\"@id\":\"https:\\\/\\\/www.prooptica.pt\\\/dia-mundial-do-ambiente-uma-visao-mais-sustentavel\\\/#breadcrumb\",\"itemListElement\":[{\"@type\":\"ListItem\",\"position\":1,\"name\":\"In\u00edcio\",\"item\":\"https:\\\/\\\/www.prooptica.pt\\\/\"},{\"@type\":\"ListItem\",\"position\":2,\"name\":\"Dia Mundial do Ambiente | Uma Vis\u00e3o mais Sustent\u00e1vel\"}]},{\"@type\":\"WebSite\",\"@id\":\"https:\\\/\\\/www.prooptica.pt\\\/home\\\/#website\",\"url\":\"https:\\\/\\\/www.prooptica.pt\\\/home\\\/\",\"name\":\"Prooptica\",\"description\":\"Full Eyewear Concept\",\"potentialAction\":[{\"@type\":\"SearchAction\",\"target\":{\"@type\":\"EntryPoint\",\"urlTemplate\":\"https:\\\/\\\/www.prooptica.pt\\\/home\\\/?s={search_term_string}\"},\"query-input\":{\"@type\":\"PropertyValueSpecification\",\"valueRequired\":true,\"valueName\":\"search_term_string\"}}],\"inLanguage\":\"en-GB\"},{\"@type\":\"Person\",\"@id\":\"https:\\\/\\\/www.prooptica.pt\\\/home\\\/#\\\/schema\\\/person\\\/1cbd826a9322a3c38a052e43d1638306\",\"name\":\"admin\",\"image\":{\"@type\":\"ImageObject\",\"inLanguage\":\"en-GB\",\"@id\":\"https:\\\/\\\/secure.gravatar.com\\\/avatar\\\/528c714482569d81724b02603aa719344e9ad7c0b50becf07272b2086b2c1cfd?s=96&d=mm&r=g\",\"url\":\"https:\\\/\\\/secure.gravatar.com\\\/avatar\\\/528c714482569d81724b02603aa719344e9ad7c0b50becf07272b2086b2c1cfd?s=96&d=mm&r=g\",\"contentUrl\":\"https:\\\/\\\/secure.gravatar.com\\\/avatar\\\/528c714482569d81724b02603aa719344e9ad7c0b50becf07272b2086b2c1cfd?s=96&d=mm&r=g\",\"caption\":\"admin\"},\"url\":\"https:\\\/\\\/www.prooptica.pt\\\/en\\\/author\\\/admin\\\/\"}]}<\/script>\n<!-- \/ Yoast SEO plugin. -->","yoast_head_json":{"title":"World Environment Day | A more sustainable vision","description":"At Prooptica, we believe that companies have a fundamental role to play in building a greener, more responsible and conscious future.","robots":{"index":"index","follow":"follow","max-snippet":"max-snippet:-1","max-image-preview":"max-image-preview:large","max-video-preview":"max-video-preview:-1"},"canonical":"https:\/\/www.prooptica.pt\/en\/world-environment-day-a-more-sustainable-vision\/","og_locale":"en_GB","og_type":"article","og_title":"Dia Mundial do Ambiente | Uma vis\u00e3o mais sustent\u00e1vel","og_description":"Na Prooptica, acreditamos que as empresas t\u00eam um papel fundamental na constru\u00e7\u00e3o de um futuro mais verde, respons\u00e1vel e consciente.","og_url":"https:\/\/www.prooptica.pt\/en\/world-environment-day-a-more-sustainable-vision\/","og_site_name":"Prooptica","article_published_time":"2025-06-05T10:23:53+00:00","article_modified_time":"2025-06-05T12:38:28+00:00","og_image":[{"width":852,"height":514,"url":"https:\/\/www.prooptica.pt\/wp-content\/uploads\/2025\/06\/Capa-artigo-blog-3.jpg","type":"image\/jpeg"}],"author":"admin","twitter_card":"summary_large_image","twitter_misc":{"Written by":"admin","Estimated reading time":"2 minutes"},"schema":{"@context":"https:\/\/schema.org","@graph":[{"@type":"Article","@id":"https:\/\/www.prooptica.pt\/dia-mundial-do-ambiente-uma-visao-mais-sustentavel\/#article","isPartOf":{"@id":"https:\/\/www.prooptica.pt\/dia-mundial-do-ambiente-uma-visao-mais-sustentavel\/"},"author":{"name":"admin","@id":"https:\/\/www.prooptica.pt\/home\/#\/schema\/person\/1cbd826a9322a3c38a052e43d1638306"},"headline":"Dia Mundial do Ambiente | Uma Vis\u00e3o mais Sustent\u00e1vel","datePublished":"2025-06-05T10:23:53+00:00","dateModified":"2025-06-05T12:38:28+00:00","mainEntityOfPage":{"@id":"https:\/\/www.prooptica.pt\/dia-mundial-do-ambiente-uma-visao-mais-sustentavel\/"},"wordCount":253,"image":{"@id":"https:\/\/www.prooptica.pt\/dia-mundial-do-ambiente-uma-visao-mais-sustentavel\/#primaryimage"},"thumbnailUrl":"https:\/\/www.prooptica.pt\/wp-content\/uploads\/2025\/06\/Capa-artigo-blog-3.jpg","articleSection":["Institucional"],"inLanguage":"en-GB"},{"@type":"WebPage","@id":"https:\/\/www.prooptica.pt\/dia-mundial-do-ambiente-uma-visao-mais-sustentavel\/","url":"https:\/\/www.prooptica.pt\/dia-mundial-do-ambiente-uma-visao-mais-sustentavel\/","name":"World Environment Day | A more sustainable vision","isPartOf":{"@id":"https:\/\/www.prooptica.pt\/home\/#website"},"primaryImageOfPage":{"@id":"https:\/\/www.prooptica.pt\/dia-mundial-do-ambiente-uma-visao-mais-sustentavel\/#primaryimage"},"image":{"@id":"https:\/\/www.prooptica.pt\/dia-mundial-do-ambiente-uma-visao-mais-sustentavel\/#primaryimage"},"thumbnailUrl":"https:\/\/www.prooptica.pt\/wp-content\/uploads\/2025\/06\/Capa-artigo-blog-3.jpg","datePublished":"2025-06-05T10:23:53+00:00","dateModified":"2025-06-05T12:38:28+00:00","author":{"@id":"https:\/\/www.prooptica.pt\/home\/#\/schema\/person\/1cbd826a9322a3c38a052e43d1638306"},"description":"At Prooptica, we believe that companies have a fundamental role to play in building a greener, more responsible and conscious future.","breadcrumb":{"@id":"https:\/\/www.prooptica.pt\/dia-mundial-do-ambiente-uma-visao-mais-sustentavel\/#breadcrumb"},"inLanguage":"en-GB","potentialAction":[{"@type":"ReadAction","target":["https:\/\/www.prooptica.pt\/dia-mundial-do-ambiente-uma-visao-mais-sustentavel\/"]}]},{"@type":"ImageObject","inLanguage":"en-GB","@id":"https:\/\/www.prooptica.pt\/dia-mundial-do-ambiente-uma-visao-mais-sustentavel\/#primaryimage","url":"https:\/\/www.prooptica.pt\/wp-content\/uploads\/2025\/06\/Capa-artigo-blog-3.jpg","contentUrl":"https:\/\/www.prooptica.pt\/wp-content\/uploads\/2025\/06\/Capa-artigo-blog-3.jpg","width":852,"height":514},{"@type":"BreadcrumbList","@id":"https:\/\/www.prooptica.pt\/dia-mundial-do-ambiente-uma-visao-mais-sustentavel\/#breadcrumb","itemListElement":[{"@type":"ListItem","position":1,"name":"In\u00edcio","item":"https:\/\/www.prooptica.pt\/"},{"@type":"ListItem","position":2,"name":"Dia Mundial do Ambiente | Uma Vis\u00e3o mais Sustent\u00e1vel"}]},{"@type":"WebSite","@id":"https:\/\/www.prooptica.pt\/home\/#website","url":"https:\/\/www.prooptica.pt\/home\/","name":"Prooptica","description":"Full Eyewear Concept","potentialAction":[{"@type":"SearchAction","target":{"@type":"EntryPoint","urlTemplate":"https:\/\/www.prooptica.pt\/home\/?s={search_term_string}"},"query-input":{"@type":"PropertyValueSpecification","valueRequired":true,"valueName":"search_term_string"}}],"inLanguage":"en-GB"},{"@type":"Person","@id":"https:\/\/www.prooptica.pt\/home\/#\/schema\/person\/1cbd826a9322a3c38a052e43d1638306","name":"admin","image":{"@type":"ImageObject","inLanguage":"en-GB","@id":"https:\/\/secure.gravatar.com\/avatar\/528c714482569d81724b02603aa719344e9ad7c0b50becf07272b2086b2c1cfd?s=96&d=mm&r=g","url":"https:\/\/secure.gravatar.com\/avatar\/528c714482569d81724b02603aa719344e9ad7c0b50becf07272b2086b2c1cfd?s=96&d=mm&r=g","contentUrl":"https:\/\/secure.gravatar.com\/avatar\/528c714482569d81724b02603aa719344e9ad7c0b50becf07272b2086b2c1cfd?s=96&d=mm&r=g","caption":"admin"},"url":"https:\/\/www.prooptica.pt\/en\/author\/admin\/"}]}},"_links":{"self":[{"href":"https:\/\/www.prooptica.pt\/en\/wp-json\/wp\/v2\/posts\/23419","targetHints":{"allow":["GET"]}}],"collection":[{"href":"https:\/\/www.prooptica.pt\/en\/wp-json\/wp\/v2\/posts"}],"about":[{"href":"https:\/\/www.prooptica.pt\/en\/wp-json\/wp\/v2\/types\/post"}],"author":[{"embeddable":true,"href":"https:\/\/www.prooptica.pt\/en\/wp-json\/wp\/v2\/users\/2"}],"replies":[{"embeddable":true,"href":"https:\/\/www.prooptica.pt\/en\/wp-json\/wp\/v2\/comments?post=23419"}],"version-history":[{"count":4,"href":"https:\/\/www.prooptica.pt\/en\/wp-json\/wp\/v2\/posts\/23419\/revisions"}],"predecessor-version":[{"id":23424,"href":"https:\/\/www.prooptica.pt\/en\/wp-json\/wp\/v2\/posts\/23419\/revisions\/23424"}],"wp:featuredmedia":[{"embeddable":true,"href":"https:\/\/www.prooptica.pt\/en\/wp-json\/wp\/v2\/media\/23420"}],"wp:attachment":[{"href":"https:\/\/www.prooptica.pt\/en\/wp-json\/wp\/v2\/media?parent=23419"}],"wp:term":[{"taxonomy":"category","embeddable":true,"href":"https:\/\/www.prooptica.pt\/en\/wp-json\/wp\/v2\/categories?post=23419"},{"taxonomy":"post_tag","embeddable":true,"href":"https:\/\/www.prooptica.pt\/en\/wp-json\/wp\/v2\/tags?post=23419"}],"curies":[{"name":"wp","href":"https:\/\/api.w.org\/{rel}","templated":true}]}}