{"id":23428,"date":"2025-06-09T16:37:50","date_gmt":"2025-06-09T16:37:50","guid":{"rendered":"https:\/\/www.prooptica.pt\/?p=23428"},"modified":"2025-06-09T16:37:50","modified_gmt":"2025-06-09T16:37:50","slug":"portugal-day-celebrating-what-is-ours","status":"publish","type":"post","link":"https:\/\/www.prooptica.pt\/en\/dia-de-portugal-a-celebrar-o-que-e-nosso\/","title":{"rendered":"Portugal Day | Celebrating what's ours"},"content":{"rendered":"<p>On this Portugal Day, we proudly celebrate the identity, creativity and talent that define our country. Over the years <strong>Prooptica<\/strong> has taken an active role in promoting Portuguese culture and fashion in the optical sector, continually investing in the creation, development and internationalisation of national brands. We believe in the value of what is ours - and we make a point of showing it to the world.<\/p>\n<p>More than just a distribution company, we are a driving force behind Portuguese design and industry, supporting brands that reflect the authenticity, style and diversity of our culture. With collections that combine tradition, innovation and visual identity, we take Portugal across borders with pride and ambition.<\/p>\n<p>These brands include <strong>Amalia<\/strong>A tribute to the greatest voice of fado, with frames that evoke classic elegance and timeless femininity. A <strong>Dielmar<\/strong>, a benchmark in men's clothing excellence, brings the same sophistication, sobriety and attention to detail to its glasses. A <strong>Lanidor<\/strong>, an essential reference in women's clothing in Portugal, translates its delicate and contemporary style to the eyewear universe, with sophisticated models designed for the modern woman. A <strong>Quebramar<\/strong> carries the nautical and adventurous spirit into the eyewear universe, with sporty and functional lines, with Clip-on and Sport models. A <strong>Throttleman<\/strong>with a relaxed and urban attitude, offers young, versatile collections full of energy and style.<\/p>\n<p>At Prooptica, we don't just promote brands - we promote stories, identity and national talent. We believe in the power of Portuguese fashion and culture as drivers of affirmation across borders. That's why we continue to invest with passion and purpose in collections that reflect the best that Portugal has to offer. Because wearing and seeing Portuguese is more than a choice - it's an act of pride, authenticity and valuing what is ours.<\/p>","protected":false},"excerpt":{"rendered":"<p>Neste Dia de Portugal, celebramos com orgulho a identidade, a criatividade e o talento que definem o nosso pa\u00eds. Ao longo dos anos, a Prooptica tem assumido um papel ativo na promo\u00e7\u00e3o da cultura e moda portuguesa no setor da \u00f3tica, investindo continuamente na cria\u00e7\u00e3o, desenvolvimento e internacionaliza\u00e7\u00e3o de marcas nacionais. Acreditamos no valor do [&hellip;]<\/p>\n","protected":false},"author":2,"featured_media":23431,"comment_status":"closed","ping_status":"closed","sticky":false,"template":"","format":"standard","meta":{"footnotes":""},"categories":[67],"tags":[],"class_list":["post-23428","post","type-post","status-publish","format-standard","has-post-thumbnail","hentry","category-moda-portuguesa"],"yoast_head":"<!-- This site is optimized with the Yoast SEO plugin v27.4 - https:\/\/yoast.com\/product\/yoast-seo-wordpress\/ -->\n<title>Dia de Portugal | A celebrar o que \u00e9 nosso<\/title>\n<meta name=\"description\" content=\"Na Prooptica, promovemos hist\u00f3rias, identidade e talento nacional. Acreditamos na for\u00e7a da moda e da cultura portuguesa!\" \/>\n<meta name=\"robots\" content=\"index, follow, max-snippet:-1, max-image-preview:large, max-video-preview:-1\" \/>\n<link rel=\"canonical\" href=\"https:\/\/www.prooptica.pt\/en\/portugal-day-celebrating-what-is-ours\/\" \/>\n<meta property=\"og:locale\" content=\"en_GB\" \/>\n<meta property=\"og:type\" content=\"article\" \/>\n<meta property=\"og:title\" content=\"Dia de Portugal | A celebrar o que \u00e9 nosso\" \/>\n<meta property=\"og:description\" content=\"Na Prooptica, promovemos hist\u00f3rias, identidade e talento nacional. Acreditamos na for\u00e7a da moda e da cultura portuguesa!\" \/>\n<meta property=\"og:url\" content=\"https:\/\/www.prooptica.pt\/en\/portugal-day-celebrating-what-is-ours\/\" \/>\n<meta property=\"og:site_name\" content=\"Prooptica\" \/>\n<meta property=\"article:published_time\" content=\"2025-06-09T16:37:50+00:00\" \/>\n<meta property=\"og:image\" content=\"https:\/\/www.prooptica.pt\/wp-content\/uploads\/2025\/06\/Capa-de-Blog.jpeg\" \/>\n\t<meta property=\"og:image:width\" content=\"1600\" \/>\n\t<meta property=\"og:image:height\" content=\"965\" \/>\n\t<meta property=\"og:image:type\" content=\"image\/jpeg\" \/>\n<meta name=\"author\" content=\"admin\" \/>\n<meta name=\"twitter:card\" content=\"summary_large_image\" \/>\n<meta name=\"twitter:label1\" content=\"Written by\" \/>\n\t<meta name=\"twitter:data1\" content=\"admin\" \/>\n\t<meta name=\"twitter:label2\" content=\"Estimated reading time\" \/>\n\t<meta name=\"twitter:data2\" content=\"2 minutes\" \/>\n<script type=\"application\/ld+json\" class=\"yoast-schema-graph\">{\"@context\":\"https:\\\/\\\/schema.org\",\"@graph\":[{\"@type\":\"Article\",\"@id\":\"https:\\\/\\\/www.prooptica.pt\\\/dia-de-portugal-a-celebrar-o-que-e-nosso\\\/#article\",\"isPartOf\":{\"@id\":\"https:\\\/\\\/www.prooptica.pt\\\/dia-de-portugal-a-celebrar-o-que-e-nosso\\\/\"},\"author\":{\"name\":\"admin\",\"@id\":\"https:\\\/\\\/www.prooptica.pt\\\/home\\\/#\\\/schema\\\/person\\\/1cbd826a9322a3c38a052e43d1638306\"},\"headline\":\"Dia de Portugal | A celebrar o que \u00e9 nosso\",\"datePublished\":\"2025-06-09T16:37:50+00:00\",\"mainEntityOfPage\":{\"@id\":\"https:\\\/\\\/www.prooptica.pt\\\/dia-de-portugal-a-celebrar-o-que-e-nosso\\\/\"},\"wordCount\":340,\"image\":{\"@id\":\"https:\\\/\\\/www.prooptica.pt\\\/dia-de-portugal-a-celebrar-o-que-e-nosso\\\/#primaryimage\"},\"thumbnailUrl\":\"https:\\\/\\\/www.prooptica.pt\\\/wp-content\\\/uploads\\\/2025\\\/06\\\/Capa-de-Blog.jpeg\",\"articleSection\":[\"Moda Portuguesa\"],\"inLanguage\":\"en-GB\"},{\"@type\":\"WebPage\",\"@id\":\"https:\\\/\\\/www.prooptica.pt\\\/dia-de-portugal-a-celebrar-o-que-e-nosso\\\/\",\"url\":\"https:\\\/\\\/www.prooptica.pt\\\/dia-de-portugal-a-celebrar-o-que-e-nosso\\\/\",\"name\":\"Dia de Portugal | A celebrar o que \u00e9 nosso\",\"isPartOf\":{\"@id\":\"https:\\\/\\\/www.prooptica.pt\\\/home\\\/#website\"},\"primaryImageOfPage\":{\"@id\":\"https:\\\/\\\/www.prooptica.pt\\\/dia-de-portugal-a-celebrar-o-que-e-nosso\\\/#primaryimage\"},\"image\":{\"@id\":\"https:\\\/\\\/www.prooptica.pt\\\/dia-de-portugal-a-celebrar-o-que-e-nosso\\\/#primaryimage\"},\"thumbnailUrl\":\"https:\\\/\\\/www.prooptica.pt\\\/wp-content\\\/uploads\\\/2025\\\/06\\\/Capa-de-Blog.jpeg\",\"datePublished\":\"2025-06-09T16:37:50+00:00\",\"author\":{\"@id\":\"https:\\\/\\\/www.prooptica.pt\\\/home\\\/#\\\/schema\\\/person\\\/1cbd826a9322a3c38a052e43d1638306\"},\"description\":\"Na Prooptica, promovemos hist\u00f3rias, identidade e talento nacional. Acreditamos na for\u00e7a da moda e da cultura portuguesa!\",\"breadcrumb\":{\"@id\":\"https:\\\/\\\/www.prooptica.pt\\\/dia-de-portugal-a-celebrar-o-que-e-nosso\\\/#breadcrumb\"},\"inLanguage\":\"en-GB\",\"potentialAction\":[{\"@type\":\"ReadAction\",\"target\":[\"https:\\\/\\\/www.prooptica.pt\\\/dia-de-portugal-a-celebrar-o-que-e-nosso\\\/\"]}]},{\"@type\":\"ImageObject\",\"inLanguage\":\"en-GB\",\"@id\":\"https:\\\/\\\/www.prooptica.pt\\\/dia-de-portugal-a-celebrar-o-que-e-nosso\\\/#primaryimage\",\"url\":\"https:\\\/\\\/www.prooptica.pt\\\/wp-content\\\/uploads\\\/2025\\\/06\\\/Capa-de-Blog.jpeg\",\"contentUrl\":\"https:\\\/\\\/www.prooptica.pt\\\/wp-content\\\/uploads\\\/2025\\\/06\\\/Capa-de-Blog.jpeg\",\"width\":1600,\"height\":965},{\"@type\":\"BreadcrumbList\",\"@id\":\"https:\\\/\\\/www.prooptica.pt\\\/dia-de-portugal-a-celebrar-o-que-e-nosso\\\/#breadcrumb\",\"itemListElement\":[{\"@type\":\"ListItem\",\"position\":1,\"name\":\"In\u00edcio\",\"item\":\"https:\\\/\\\/www.prooptica.pt\\\/\"},{\"@type\":\"ListItem\",\"position\":2,\"name\":\"Dia de Portugal | A celebrar o que \u00e9 nosso\"}]},{\"@type\":\"WebSite\",\"@id\":\"https:\\\/\\\/www.prooptica.pt\\\/home\\\/#website\",\"url\":\"https:\\\/\\\/www.prooptica.pt\\\/home\\\/\",\"name\":\"Prooptica\",\"description\":\"Full Eyewear Concept\",\"potentialAction\":[{\"@type\":\"SearchAction\",\"target\":{\"@type\":\"EntryPoint\",\"urlTemplate\":\"https:\\\/\\\/www.prooptica.pt\\\/home\\\/?s={search_term_string}\"},\"query-input\":{\"@type\":\"PropertyValueSpecification\",\"valueRequired\":true,\"valueName\":\"search_term_string\"}}],\"inLanguage\":\"en-GB\"},{\"@type\":\"Person\",\"@id\":\"https:\\\/\\\/www.prooptica.pt\\\/home\\\/#\\\/schema\\\/person\\\/1cbd826a9322a3c38a052e43d1638306\",\"name\":\"admin\",\"image\":{\"@type\":\"ImageObject\",\"inLanguage\":\"en-GB\",\"@id\":\"https:\\\/\\\/secure.gravatar.com\\\/avatar\\\/528c714482569d81724b02603aa719344e9ad7c0b50becf07272b2086b2c1cfd?s=96&d=mm&r=g\",\"url\":\"https:\\\/\\\/secure.gravatar.com\\\/avatar\\\/528c714482569d81724b02603aa719344e9ad7c0b50becf07272b2086b2c1cfd?s=96&d=mm&r=g\",\"contentUrl\":\"https:\\\/\\\/secure.gravatar.com\\\/avatar\\\/528c714482569d81724b02603aa719344e9ad7c0b50becf07272b2086b2c1cfd?s=96&d=mm&r=g\",\"caption\":\"admin\"},\"url\":\"https:\\\/\\\/www.prooptica.pt\\\/en\\\/author\\\/admin\\\/\"}]}<\/script>\n<!-- \/ Yoast SEO plugin. -->","yoast_head_json":{"title":"Portugal Day | Celebrating what's ours","description":"At Prooptica, we promote stories, identity and national talent. We believe in the power of Portuguese fashion and culture!","robots":{"index":"index","follow":"follow","max-snippet":"max-snippet:-1","max-image-preview":"max-image-preview:large","max-video-preview":"max-video-preview:-1"},"canonical":"https:\/\/www.prooptica.pt\/en\/portugal-day-celebrating-what-is-ours\/","og_locale":"en_GB","og_type":"article","og_title":"Dia de Portugal | A celebrar o que \u00e9 nosso","og_description":"Na Prooptica, promovemos hist\u00f3rias, identidade e talento nacional. Acreditamos na for\u00e7a da moda e da cultura portuguesa!","og_url":"https:\/\/www.prooptica.pt\/en\/portugal-day-celebrating-what-is-ours\/","og_site_name":"Prooptica","article_published_time":"2025-06-09T16:37:50+00:00","og_image":[{"width":1600,"height":965,"url":"https:\/\/www.prooptica.pt\/wp-content\/uploads\/2025\/06\/Capa-de-Blog.jpeg","type":"image\/jpeg"}],"author":"admin","twitter_card":"summary_large_image","twitter_misc":{"Written by":"admin","Estimated reading time":"2 minutes"},"schema":{"@context":"https:\/\/schema.org","@graph":[{"@type":"Article","@id":"https:\/\/www.prooptica.pt\/dia-de-portugal-a-celebrar-o-que-e-nosso\/#article","isPartOf":{"@id":"https:\/\/www.prooptica.pt\/dia-de-portugal-a-celebrar-o-que-e-nosso\/"},"author":{"name":"admin","@id":"https:\/\/www.prooptica.pt\/home\/#\/schema\/person\/1cbd826a9322a3c38a052e43d1638306"},"headline":"Dia de Portugal | A celebrar o que \u00e9 nosso","datePublished":"2025-06-09T16:37:50+00:00","mainEntityOfPage":{"@id":"https:\/\/www.prooptica.pt\/dia-de-portugal-a-celebrar-o-que-e-nosso\/"},"wordCount":340,"image":{"@id":"https:\/\/www.prooptica.pt\/dia-de-portugal-a-celebrar-o-que-e-nosso\/#primaryimage"},"thumbnailUrl":"https:\/\/www.prooptica.pt\/wp-content\/uploads\/2025\/06\/Capa-de-Blog.jpeg","articleSection":["Moda Portuguesa"],"inLanguage":"en-GB"},{"@type":"WebPage","@id":"https:\/\/www.prooptica.pt\/dia-de-portugal-a-celebrar-o-que-e-nosso\/","url":"https:\/\/www.prooptica.pt\/dia-de-portugal-a-celebrar-o-que-e-nosso\/","name":"Portugal Day | Celebrating what's ours","isPartOf":{"@id":"https:\/\/www.prooptica.pt\/home\/#website"},"primaryImageOfPage":{"@id":"https:\/\/www.prooptica.pt\/dia-de-portugal-a-celebrar-o-que-e-nosso\/#primaryimage"},"image":{"@id":"https:\/\/www.prooptica.pt\/dia-de-portugal-a-celebrar-o-que-e-nosso\/#primaryimage"},"thumbnailUrl":"https:\/\/www.prooptica.pt\/wp-content\/uploads\/2025\/06\/Capa-de-Blog.jpeg","datePublished":"2025-06-09T16:37:50+00:00","author":{"@id":"https:\/\/www.prooptica.pt\/home\/#\/schema\/person\/1cbd826a9322a3c38a052e43d1638306"},"description":"At Prooptica, we promote stories, identity and national talent. We believe in the power of Portuguese fashion and culture!","breadcrumb":{"@id":"https:\/\/www.prooptica.pt\/dia-de-portugal-a-celebrar-o-que-e-nosso\/#breadcrumb"},"inLanguage":"en-GB","potentialAction":[{"@type":"ReadAction","target":["https:\/\/www.prooptica.pt\/dia-de-portugal-a-celebrar-o-que-e-nosso\/"]}]},{"@type":"ImageObject","inLanguage":"en-GB","@id":"https:\/\/www.prooptica.pt\/dia-de-portugal-a-celebrar-o-que-e-nosso\/#primaryimage","url":"https:\/\/www.prooptica.pt\/wp-content\/uploads\/2025\/06\/Capa-de-Blog.jpeg","contentUrl":"https:\/\/www.prooptica.pt\/wp-content\/uploads\/2025\/06\/Capa-de-Blog.jpeg","width":1600,"height":965},{"@type":"BreadcrumbList","@id":"https:\/\/www.prooptica.pt\/dia-de-portugal-a-celebrar-o-que-e-nosso\/#breadcrumb","itemListElement":[{"@type":"ListItem","position":1,"name":"In\u00edcio","item":"https:\/\/www.prooptica.pt\/"},{"@type":"ListItem","position":2,"name":"Dia de Portugal | A celebrar o que \u00e9 nosso"}]},{"@type":"WebSite","@id":"https:\/\/www.prooptica.pt\/home\/#website","url":"https:\/\/www.prooptica.pt\/home\/","name":"Prooptica","description":"Full Eyewear Concept","potentialAction":[{"@type":"SearchAction","target":{"@type":"EntryPoint","urlTemplate":"https:\/\/www.prooptica.pt\/home\/?s={search_term_string}"},"query-input":{"@type":"PropertyValueSpecification","valueRequired":true,"valueName":"search_term_string"}}],"inLanguage":"en-GB"},{"@type":"Person","@id":"https:\/\/www.prooptica.pt\/home\/#\/schema\/person\/1cbd826a9322a3c38a052e43d1638306","name":"admin","image":{"@type":"ImageObject","inLanguage":"en-GB","@id":"https:\/\/secure.gravatar.com\/avatar\/528c714482569d81724b02603aa719344e9ad7c0b50becf07272b2086b2c1cfd?s=96&d=mm&r=g","url":"https:\/\/secure.gravatar.com\/avatar\/528c714482569d81724b02603aa719344e9ad7c0b50becf07272b2086b2c1cfd?s=96&d=mm&r=g","contentUrl":"https:\/\/secure.gravatar.com\/avatar\/528c714482569d81724b02603aa719344e9ad7c0b50becf07272b2086b2c1cfd?s=96&d=mm&r=g","caption":"admin"},"url":"https:\/\/www.prooptica.pt\/en\/author\/admin\/"}]}},"_links":{"self":[{"href":"https:\/\/www.prooptica.pt\/en\/wp-json\/wp\/v2\/posts\/23428","targetHints":{"allow":["GET"]}}],"collection":[{"href":"https:\/\/www.prooptica.pt\/en\/wp-json\/wp\/v2\/posts"}],"about":[{"href":"https:\/\/www.prooptica.pt\/en\/wp-json\/wp\/v2\/types\/post"}],"author":[{"embeddable":true,"href":"https:\/\/www.prooptica.pt\/en\/wp-json\/wp\/v2\/users\/2"}],"replies":[{"embeddable":true,"href":"https:\/\/www.prooptica.pt\/en\/wp-json\/wp\/v2\/comments?post=23428"}],"version-history":[{"count":2,"href":"https:\/\/www.prooptica.pt\/en\/wp-json\/wp\/v2\/posts\/23428\/revisions"}],"predecessor-version":[{"id":23432,"href":"https:\/\/www.prooptica.pt\/en\/wp-json\/wp\/v2\/posts\/23428\/revisions\/23432"}],"wp:featuredmedia":[{"embeddable":true,"href":"https:\/\/www.prooptica.pt\/en\/wp-json\/wp\/v2\/media\/23431"}],"wp:attachment":[{"href":"https:\/\/www.prooptica.pt\/en\/wp-json\/wp\/v2\/media?parent=23428"}],"wp:term":[{"taxonomy":"category","embeddable":true,"href":"https:\/\/www.prooptica.pt\/en\/wp-json\/wp\/v2\/categories?post=23428"},{"taxonomy":"post_tag","embeddable":true,"href":"https:\/\/www.prooptica.pt\/en\/wp-json\/wp\/v2\/tags?post=23428"}],"curies":[{"name":"wp","href":"https:\/\/api.w.org\/{rel}","templated":true}]}}