{"id":23625,"date":"2025-06-30T16:08:44","date_gmt":"2025-06-30T16:08:44","guid":{"rendered":"https:\/\/www.prooptica.pt\/?p=23625"},"modified":"2025-07-24T11:18:16","modified_gmt":"2025-07-24T11:18:16","slug":"world-social-media-day-when-style-becomes-sharing","status":"publish","type":"post","link":"https:\/\/www.prooptica.pt\/en\/dia-mundial-das-redes-sociais-quando-o-estilo-se-transforma-em-partilha\/","title":{"rendered":"World Social Media Day | When style becomes sharing!"},"content":{"rendered":"<p>On World Social Media Day, we celebrate much more than likes and followers - we celebrate the way we express ourselves, connect and inspire each other in an increasingly visual and digital world. And in this universe where image is queen, brands <em>instagrammable<\/em> are the new protagonists - such as the irreverent Sevenoaks.<\/p>\n<p>With a bold and visually striking DNA, Sevenoaks is committed to trendy models that stand out at first glance. Its campaigns, produced using artificial intelligence, are creative, modern and made to shine in the feed. More than just glasses, the brand offers style with attitude - perfect for those who want to make their presence felt with originality.<\/p>\n<p>Today, social networks have evolved far beyond simply sharing moments. They are spaces for building identity, personal affirmation and influence. The brands that stand out are those that understand this visual and emotional language - and Sevenoaks does this masterfully, speaking directly to a generation that is connected, creative and always looking for something new.<\/p>\n<p>\ud83d\udcf8 Shares style. Inspire attitude. Live Sevenoaks.<\/p>","protected":false},"excerpt":{"rendered":"<p>No Dia Mundial das Redes Sociais, celebramos muito mais do que likes e seguidores \u2014 celebramos a forma como nos expressamos, nos conectamos e inspiramos uns aos outros num mundo cada vez mais visual e digital. E neste universo onde a imagem \u00e9 rainha, as marcas instagram\u00e1veis s\u00e3o as novas protagonistas \u2014 como \u00e9 o [&hellip;]<\/p>\n","protected":false},"author":2,"featured_media":23629,"comment_status":"closed","ping_status":"closed","sticky":false,"template":"","format":"standard","meta":{"footnotes":""},"categories":[189],"tags":[],"class_list":["post-23625","post","type-post","status-publish","format-standard","has-post-thumbnail","hentry","category-oculos"],"yoast_head":"<!-- This site is optimized with the Yoast SEO plugin v27.4 - https:\/\/yoast.com\/product\/yoast-seo-wordpress\/ -->\n<title>Dia Mundial das Redes Sociais<\/title>\n<meta name=\"description\" content=\"As redes sociais evolu\u00edram para al\u00e9m da partilha de momentos. S\u00e3o espa\u00e7os de constru\u00e7\u00e3o de identidade, de afirma\u00e7\u00e3o pessoal e de influ\u00eancia.\" \/>\n<meta name=\"robots\" content=\"index, follow, max-snippet:-1, max-image-preview:large, max-video-preview:-1\" \/>\n<link rel=\"canonical\" href=\"https:\/\/www.prooptica.pt\/en\/world-social-media-day-when-style-becomes-sharing\/\" \/>\n<meta property=\"og:locale\" content=\"en_GB\" \/>\n<meta property=\"og:type\" content=\"article\" \/>\n<meta property=\"og:title\" content=\"Dia Mundial das Redes Sociais\" \/>\n<meta property=\"og:description\" content=\"As redes sociais evolu\u00edram para al\u00e9m da partilha de momentos. S\u00e3o espa\u00e7os de constru\u00e7\u00e3o de identidade, de afirma\u00e7\u00e3o pessoal e de influ\u00eancia.\" \/>\n<meta property=\"og:url\" content=\"https:\/\/www.prooptica.pt\/en\/world-social-media-day-when-style-becomes-sharing\/\" \/>\n<meta property=\"og:site_name\" content=\"Prooptica\" \/>\n<meta property=\"article:published_time\" content=\"2025-06-30T16:08:44+00:00\" \/>\n<meta property=\"article:modified_time\" content=\"2025-07-24T11:18:16+00:00\" \/>\n<meta property=\"og:image\" content=\"https:\/\/www.prooptica.pt\/wp-content\/uploads\/2025\/06\/Capa-artigo-blog-SK.jpg\" \/>\n\t<meta property=\"og:image:width\" content=\"852\" \/>\n\t<meta property=\"og:image:height\" content=\"514\" \/>\n\t<meta property=\"og:image:type\" content=\"image\/jpeg\" \/>\n<meta name=\"author\" content=\"admin\" \/>\n<meta name=\"twitter:card\" content=\"summary_large_image\" \/>\n<meta name=\"twitter:label1\" content=\"Written by\" \/>\n\t<meta name=\"twitter:data1\" content=\"admin\" \/>\n\t<meta name=\"twitter:label2\" content=\"Estimated reading time\" \/>\n\t<meta name=\"twitter:data2\" content=\"2 minutes\" \/>\n<script type=\"application\/ld+json\" class=\"yoast-schema-graph\">{\"@context\":\"https:\\\/\\\/schema.org\",\"@graph\":[{\"@type\":\"Article\",\"@id\":\"https:\\\/\\\/www.prooptica.pt\\\/dia-mundial-das-redes-sociais-quando-o-estilo-se-transforma-em-partilha\\\/#article\",\"isPartOf\":{\"@id\":\"https:\\\/\\\/www.prooptica.pt\\\/dia-mundial-das-redes-sociais-quando-o-estilo-se-transforma-em-partilha\\\/\"},\"author\":{\"name\":\"admin\",\"@id\":\"https:\\\/\\\/www.prooptica.pt\\\/home\\\/#\\\/schema\\\/person\\\/1cbd826a9322a3c38a052e43d1638306\"},\"headline\":\"Dia Mundial das Redes Sociais | Quando o estilo se transforma em partilha!\",\"datePublished\":\"2025-06-30T16:08:44+00:00\",\"dateModified\":\"2025-07-24T11:18:16+00:00\",\"mainEntityOfPage\":{\"@id\":\"https:\\\/\\\/www.prooptica.pt\\\/dia-mundial-das-redes-sociais-quando-o-estilo-se-transforma-em-partilha\\\/\"},\"wordCount\":203,\"image\":{\"@id\":\"https:\\\/\\\/www.prooptica.pt\\\/dia-mundial-das-redes-sociais-quando-o-estilo-se-transforma-em-partilha\\\/#primaryimage\"},\"thumbnailUrl\":\"https:\\\/\\\/www.prooptica.pt\\\/wp-content\\\/uploads\\\/2025\\\/06\\\/Capa-artigo-blog-SK.jpg\",\"articleSection\":[\"\u00d3culos\"],\"inLanguage\":\"en-GB\"},{\"@type\":\"WebPage\",\"@id\":\"https:\\\/\\\/www.prooptica.pt\\\/dia-mundial-das-redes-sociais-quando-o-estilo-se-transforma-em-partilha\\\/\",\"url\":\"https:\\\/\\\/www.prooptica.pt\\\/dia-mundial-das-redes-sociais-quando-o-estilo-se-transforma-em-partilha\\\/\",\"name\":\"Dia Mundial das Redes Sociais\",\"isPartOf\":{\"@id\":\"https:\\\/\\\/www.prooptica.pt\\\/home\\\/#website\"},\"primaryImageOfPage\":{\"@id\":\"https:\\\/\\\/www.prooptica.pt\\\/dia-mundial-das-redes-sociais-quando-o-estilo-se-transforma-em-partilha\\\/#primaryimage\"},\"image\":{\"@id\":\"https:\\\/\\\/www.prooptica.pt\\\/dia-mundial-das-redes-sociais-quando-o-estilo-se-transforma-em-partilha\\\/#primaryimage\"},\"thumbnailUrl\":\"https:\\\/\\\/www.prooptica.pt\\\/wp-content\\\/uploads\\\/2025\\\/06\\\/Capa-artigo-blog-SK.jpg\",\"datePublished\":\"2025-06-30T16:08:44+00:00\",\"dateModified\":\"2025-07-24T11:18:16+00:00\",\"author\":{\"@id\":\"https:\\\/\\\/www.prooptica.pt\\\/home\\\/#\\\/schema\\\/person\\\/1cbd826a9322a3c38a052e43d1638306\"},\"description\":\"As redes sociais evolu\u00edram para al\u00e9m da partilha de momentos. S\u00e3o espa\u00e7os de constru\u00e7\u00e3o de identidade, de afirma\u00e7\u00e3o pessoal e de influ\u00eancia.\",\"breadcrumb\":{\"@id\":\"https:\\\/\\\/www.prooptica.pt\\\/dia-mundial-das-redes-sociais-quando-o-estilo-se-transforma-em-partilha\\\/#breadcrumb\"},\"inLanguage\":\"en-GB\",\"potentialAction\":[{\"@type\":\"ReadAction\",\"target\":[\"https:\\\/\\\/www.prooptica.pt\\\/dia-mundial-das-redes-sociais-quando-o-estilo-se-transforma-em-partilha\\\/\"]}]},{\"@type\":\"ImageObject\",\"inLanguage\":\"en-GB\",\"@id\":\"https:\\\/\\\/www.prooptica.pt\\\/dia-mundial-das-redes-sociais-quando-o-estilo-se-transforma-em-partilha\\\/#primaryimage\",\"url\":\"https:\\\/\\\/www.prooptica.pt\\\/wp-content\\\/uploads\\\/2025\\\/06\\\/Capa-artigo-blog-SK.jpg\",\"contentUrl\":\"https:\\\/\\\/www.prooptica.pt\\\/wp-content\\\/uploads\\\/2025\\\/06\\\/Capa-artigo-blog-SK.jpg\",\"width\":852,\"height\":514},{\"@type\":\"BreadcrumbList\",\"@id\":\"https:\\\/\\\/www.prooptica.pt\\\/dia-mundial-das-redes-sociais-quando-o-estilo-se-transforma-em-partilha\\\/#breadcrumb\",\"itemListElement\":[{\"@type\":\"ListItem\",\"position\":1,\"name\":\"In\u00edcio\",\"item\":\"https:\\\/\\\/www.prooptica.pt\\\/\"},{\"@type\":\"ListItem\",\"position\":2,\"name\":\"Dia Mundial das Redes Sociais | Quando o estilo se transforma em partilha!\"}]},{\"@type\":\"WebSite\",\"@id\":\"https:\\\/\\\/www.prooptica.pt\\\/home\\\/#website\",\"url\":\"https:\\\/\\\/www.prooptica.pt\\\/home\\\/\",\"name\":\"Prooptica\",\"description\":\"Full Eyewear Concept\",\"potentialAction\":[{\"@type\":\"SearchAction\",\"target\":{\"@type\":\"EntryPoint\",\"urlTemplate\":\"https:\\\/\\\/www.prooptica.pt\\\/home\\\/?s={search_term_string}\"},\"query-input\":{\"@type\":\"PropertyValueSpecification\",\"valueRequired\":true,\"valueName\":\"search_term_string\"}}],\"inLanguage\":\"en-GB\"},{\"@type\":\"Person\",\"@id\":\"https:\\\/\\\/www.prooptica.pt\\\/home\\\/#\\\/schema\\\/person\\\/1cbd826a9322a3c38a052e43d1638306\",\"name\":\"admin\",\"image\":{\"@type\":\"ImageObject\",\"inLanguage\":\"en-GB\",\"@id\":\"https:\\\/\\\/secure.gravatar.com\\\/avatar\\\/528c714482569d81724b02603aa719344e9ad7c0b50becf07272b2086b2c1cfd?s=96&d=mm&r=g\",\"url\":\"https:\\\/\\\/secure.gravatar.com\\\/avatar\\\/528c714482569d81724b02603aa719344e9ad7c0b50becf07272b2086b2c1cfd?s=96&d=mm&r=g\",\"contentUrl\":\"https:\\\/\\\/secure.gravatar.com\\\/avatar\\\/528c714482569d81724b02603aa719344e9ad7c0b50becf07272b2086b2c1cfd?s=96&d=mm&r=g\",\"caption\":\"admin\"},\"url\":\"https:\\\/\\\/www.prooptica.pt\\\/en\\\/author\\\/admin\\\/\"}]}<\/script>\n<!-- \/ Yoast SEO plugin. -->","yoast_head_json":{"title":"World Social Media Day","description":"Social networks have evolved beyond sharing moments. They are spaces for building identity, personal affirmation and influence.","robots":{"index":"index","follow":"follow","max-snippet":"max-snippet:-1","max-image-preview":"max-image-preview:large","max-video-preview":"max-video-preview:-1"},"canonical":"https:\/\/www.prooptica.pt\/en\/world-social-media-day-when-style-becomes-sharing\/","og_locale":"en_GB","og_type":"article","og_title":"Dia Mundial das Redes Sociais","og_description":"As redes sociais evolu\u00edram para al\u00e9m da partilha de momentos. S\u00e3o espa\u00e7os de constru\u00e7\u00e3o de identidade, de afirma\u00e7\u00e3o pessoal e de influ\u00eancia.","og_url":"https:\/\/www.prooptica.pt\/en\/world-social-media-day-when-style-becomes-sharing\/","og_site_name":"Prooptica","article_published_time":"2025-06-30T16:08:44+00:00","article_modified_time":"2025-07-24T11:18:16+00:00","og_image":[{"width":852,"height":514,"url":"https:\/\/www.prooptica.pt\/wp-content\/uploads\/2025\/06\/Capa-artigo-blog-SK.jpg","type":"image\/jpeg"}],"author":"admin","twitter_card":"summary_large_image","twitter_misc":{"Written by":"admin","Estimated reading time":"2 minutes"},"schema":{"@context":"https:\/\/schema.org","@graph":[{"@type":"Article","@id":"https:\/\/www.prooptica.pt\/dia-mundial-das-redes-sociais-quando-o-estilo-se-transforma-em-partilha\/#article","isPartOf":{"@id":"https:\/\/www.prooptica.pt\/dia-mundial-das-redes-sociais-quando-o-estilo-se-transforma-em-partilha\/"},"author":{"name":"admin","@id":"https:\/\/www.prooptica.pt\/home\/#\/schema\/person\/1cbd826a9322a3c38a052e43d1638306"},"headline":"Dia Mundial das Redes Sociais | Quando o estilo se transforma em partilha!","datePublished":"2025-06-30T16:08:44+00:00","dateModified":"2025-07-24T11:18:16+00:00","mainEntityOfPage":{"@id":"https:\/\/www.prooptica.pt\/dia-mundial-das-redes-sociais-quando-o-estilo-se-transforma-em-partilha\/"},"wordCount":203,"image":{"@id":"https:\/\/www.prooptica.pt\/dia-mundial-das-redes-sociais-quando-o-estilo-se-transforma-em-partilha\/#primaryimage"},"thumbnailUrl":"https:\/\/www.prooptica.pt\/wp-content\/uploads\/2025\/06\/Capa-artigo-blog-SK.jpg","articleSection":["\u00d3culos"],"inLanguage":"en-GB"},{"@type":"WebPage","@id":"https:\/\/www.prooptica.pt\/dia-mundial-das-redes-sociais-quando-o-estilo-se-transforma-em-partilha\/","url":"https:\/\/www.prooptica.pt\/dia-mundial-das-redes-sociais-quando-o-estilo-se-transforma-em-partilha\/","name":"World Social Media Day","isPartOf":{"@id":"https:\/\/www.prooptica.pt\/home\/#website"},"primaryImageOfPage":{"@id":"https:\/\/www.prooptica.pt\/dia-mundial-das-redes-sociais-quando-o-estilo-se-transforma-em-partilha\/#primaryimage"},"image":{"@id":"https:\/\/www.prooptica.pt\/dia-mundial-das-redes-sociais-quando-o-estilo-se-transforma-em-partilha\/#primaryimage"},"thumbnailUrl":"https:\/\/www.prooptica.pt\/wp-content\/uploads\/2025\/06\/Capa-artigo-blog-SK.jpg","datePublished":"2025-06-30T16:08:44+00:00","dateModified":"2025-07-24T11:18:16+00:00","author":{"@id":"https:\/\/www.prooptica.pt\/home\/#\/schema\/person\/1cbd826a9322a3c38a052e43d1638306"},"description":"Social networks have evolved beyond sharing moments. They are spaces for building identity, personal affirmation and influence.","breadcrumb":{"@id":"https:\/\/www.prooptica.pt\/dia-mundial-das-redes-sociais-quando-o-estilo-se-transforma-em-partilha\/#breadcrumb"},"inLanguage":"en-GB","potentialAction":[{"@type":"ReadAction","target":["https:\/\/www.prooptica.pt\/dia-mundial-das-redes-sociais-quando-o-estilo-se-transforma-em-partilha\/"]}]},{"@type":"ImageObject","inLanguage":"en-GB","@id":"https:\/\/www.prooptica.pt\/dia-mundial-das-redes-sociais-quando-o-estilo-se-transforma-em-partilha\/#primaryimage","url":"https:\/\/www.prooptica.pt\/wp-content\/uploads\/2025\/06\/Capa-artigo-blog-SK.jpg","contentUrl":"https:\/\/www.prooptica.pt\/wp-content\/uploads\/2025\/06\/Capa-artigo-blog-SK.jpg","width":852,"height":514},{"@type":"BreadcrumbList","@id":"https:\/\/www.prooptica.pt\/dia-mundial-das-redes-sociais-quando-o-estilo-se-transforma-em-partilha\/#breadcrumb","itemListElement":[{"@type":"ListItem","position":1,"name":"In\u00edcio","item":"https:\/\/www.prooptica.pt\/"},{"@type":"ListItem","position":2,"name":"Dia Mundial das Redes Sociais | Quando o estilo se transforma em partilha!"}]},{"@type":"WebSite","@id":"https:\/\/www.prooptica.pt\/home\/#website","url":"https:\/\/www.prooptica.pt\/home\/","name":"Prooptica","description":"Full Eyewear Concept","potentialAction":[{"@type":"SearchAction","target":{"@type":"EntryPoint","urlTemplate":"https:\/\/www.prooptica.pt\/home\/?s={search_term_string}"},"query-input":{"@type":"PropertyValueSpecification","valueRequired":true,"valueName":"search_term_string"}}],"inLanguage":"en-GB"},{"@type":"Person","@id":"https:\/\/www.prooptica.pt\/home\/#\/schema\/person\/1cbd826a9322a3c38a052e43d1638306","name":"admin","image":{"@type":"ImageObject","inLanguage":"en-GB","@id":"https:\/\/secure.gravatar.com\/avatar\/528c714482569d81724b02603aa719344e9ad7c0b50becf07272b2086b2c1cfd?s=96&d=mm&r=g","url":"https:\/\/secure.gravatar.com\/avatar\/528c714482569d81724b02603aa719344e9ad7c0b50becf07272b2086b2c1cfd?s=96&d=mm&r=g","contentUrl":"https:\/\/secure.gravatar.com\/avatar\/528c714482569d81724b02603aa719344e9ad7c0b50becf07272b2086b2c1cfd?s=96&d=mm&r=g","caption":"admin"},"url":"https:\/\/www.prooptica.pt\/en\/author\/admin\/"}]}},"_links":{"self":[{"href":"https:\/\/www.prooptica.pt\/en\/wp-json\/wp\/v2\/posts\/23625","targetHints":{"allow":["GET"]}}],"collection":[{"href":"https:\/\/www.prooptica.pt\/en\/wp-json\/wp\/v2\/posts"}],"about":[{"href":"https:\/\/www.prooptica.pt\/en\/wp-json\/wp\/v2\/types\/post"}],"author":[{"embeddable":true,"href":"https:\/\/www.prooptica.pt\/en\/wp-json\/wp\/v2\/users\/2"}],"replies":[{"embeddable":true,"href":"https:\/\/www.prooptica.pt\/en\/wp-json\/wp\/v2\/comments?post=23625"}],"version-history":[{"count":4,"href":"https:\/\/www.prooptica.pt\/en\/wp-json\/wp\/v2\/posts\/23625\/revisions"}],"predecessor-version":[{"id":23794,"href":"https:\/\/www.prooptica.pt\/en\/wp-json\/wp\/v2\/posts\/23625\/revisions\/23794"}],"wp:featuredmedia":[{"embeddable":true,"href":"https:\/\/www.prooptica.pt\/en\/wp-json\/wp\/v2\/media\/23629"}],"wp:attachment":[{"href":"https:\/\/www.prooptica.pt\/en\/wp-json\/wp\/v2\/media?parent=23625"}],"wp:term":[{"taxonomy":"category","embeddable":true,"href":"https:\/\/www.prooptica.pt\/en\/wp-json\/wp\/v2\/categories?post=23625"},{"taxonomy":"post_tag","embeddable":true,"href":"https:\/\/www.prooptica.pt\/en\/wp-json\/wp\/v2\/tags?post=23625"}],"curies":[{"name":"wp","href":"https:\/\/api.w.org\/{rel}","templated":true}]}}