{"id":23738,"date":"2025-07-11T11:37:16","date_gmt":"2025-07-11T11:37:16","guid":{"rendered":"https:\/\/www.prooptica.pt\/?p=23738"},"modified":"2025-07-11T11:37:16","modified_gmt":"2025-07-11T11:37:16","slug":"masai-the-eyewear-collection-that-celebrates-diversity","status":"publish","type":"post","link":"https:\/\/www.prooptica.pt\/en\/masai-a-colecao-de-eyewear-que-celebra-a-diversidade\/","title":{"rendered":"Masai | The eyewear collection that celebrates diversity"},"content":{"rendered":"<p>Masai presents itself as the most multicultural eyewear collection of the moment, a true affirmation of inclusion, representativeness and freedom of individual expression. Designed to embrace everyone, regardless of their colour, origin, race or age, Masai is more than an eyewear line - it's a statement of universal values.<\/p>\n<p>The collection includes frames and sunglasses with a minimalist and sophisticated design, using simple lines and subtle colours to create versatile and elegant pieces. Each model is designed to adapt to different styles, faces and personalities, reinforcing the idea that everyone should feel represented and included.<\/p>\n<p>The DNA of the Masai brand is visibly present in its campaign images, which portray with sensitivity and strength the spirit of an inclusive collection, where each pair of glasses becomes a symbol of identity and self-expression.<\/p>\n<p>At a time when fashion increasingly intersects with social causes and human values, Masai is positioning itself as a brand with purpose, with a collection that celebrates beauty in plurality.<\/p>\n<p>&nbsp;<\/p>","protected":false},"excerpt":{"rendered":"<p>A Masai apresenta-se como a cole\u00e7\u00e3o de \u00f3culos mais multicultural do momento, uma verdadeira afirma\u00e7\u00e3o de inclus\u00e3o, representatividade e liberdade de express\u00e3o individual. Concebida para abra\u00e7ar todas as pessoas, independentemente da sua cor, origem, ra\u00e7a ou idade, a Masai \u00e9 mais do que uma linha de eyewear \u2014 \u00e9 uma declara\u00e7\u00e3o de valores universais. A [&hellip;]<\/p>\n","protected":false},"author":2,"featured_media":23753,"comment_status":"closed","ping_status":"closed","sticky":false,"template":"","format":"standard","meta":{"footnotes":""},"categories":[189],"tags":[],"class_list":["post-23738","post","type-post","status-publish","format-standard","has-post-thumbnail","hentry","category-oculos"],"yoast_head":"<!-- This site is optimized with the Yoast SEO plugin v27.4 - https:\/\/yoast.com\/product\/yoast-seo-wordpress\/ -->\n<title>Masai | A cole\u00e7\u00e3o de eyewear que celebra a diversidade<\/title>\n<meta name=\"description\" content=\"Numa altura em que a moda se cruza cada vez mais com causas sociais e valores humanos, a Masai posiciona-se como uma marca com prop\u00f3sito.\" \/>\n<meta name=\"robots\" content=\"index, follow, max-snippet:-1, max-image-preview:large, max-video-preview:-1\" \/>\n<link rel=\"canonical\" href=\"https:\/\/www.prooptica.pt\/en\/masai-the-eyewear-collection-that-celebrates-diversity\/\" \/>\n<meta property=\"og:locale\" content=\"en_GB\" \/>\n<meta property=\"og:type\" content=\"article\" \/>\n<meta property=\"og:title\" content=\"Masai | A cole\u00e7\u00e3o de eyewear que celebra a diversidade\" \/>\n<meta property=\"og:description\" content=\"Numa altura em que a moda se cruza cada vez mais com causas sociais e valores humanos, a Masai posiciona-se como uma marca com prop\u00f3sito.\" \/>\n<meta property=\"og:url\" content=\"https:\/\/www.prooptica.pt\/en\/masai-the-eyewear-collection-that-celebrates-diversity\/\" \/>\n<meta property=\"og:site_name\" content=\"Prooptica\" \/>\n<meta property=\"article:published_time\" content=\"2025-07-11T11:37:16+00:00\" \/>\n<meta property=\"og:image\" content=\"https:\/\/www.prooptica.pt\/wp-content\/uploads\/2025\/07\/Capa-artigo-blog.jpg\" \/>\n\t<meta property=\"og:image:width\" content=\"852\" \/>\n\t<meta property=\"og:image:height\" content=\"514\" \/>\n\t<meta property=\"og:image:type\" content=\"image\/jpeg\" \/>\n<meta name=\"author\" content=\"admin\" \/>\n<meta name=\"twitter:card\" content=\"summary_large_image\" \/>\n<meta name=\"twitter:label1\" content=\"Written by\" \/>\n\t<meta name=\"twitter:data1\" content=\"admin\" \/>\n\t<meta name=\"twitter:label2\" content=\"Estimated reading time\" \/>\n\t<meta name=\"twitter:data2\" content=\"2 minutes\" \/>\n<script type=\"application\/ld+json\" class=\"yoast-schema-graph\">{\"@context\":\"https:\\\/\\\/schema.org\",\"@graph\":[{\"@type\":\"Article\",\"@id\":\"https:\\\/\\\/www.prooptica.pt\\\/masai-a-colecao-de-eyewear-que-celebra-a-diversidade\\\/#article\",\"isPartOf\":{\"@id\":\"https:\\\/\\\/www.prooptica.pt\\\/masai-a-colecao-de-eyewear-que-celebra-a-diversidade\\\/\"},\"author\":{\"name\":\"admin\",\"@id\":\"https:\\\/\\\/www.prooptica.pt\\\/home\\\/#\\\/schema\\\/person\\\/1cbd826a9322a3c38a052e43d1638306\"},\"headline\":\"Masai | A cole\u00e7\u00e3o de eyewear que celebra a diversidade\",\"datePublished\":\"2025-07-11T11:37:16+00:00\",\"mainEntityOfPage\":{\"@id\":\"https:\\\/\\\/www.prooptica.pt\\\/masai-a-colecao-de-eyewear-que-celebra-a-diversidade\\\/\"},\"wordCount\":203,\"image\":{\"@id\":\"https:\\\/\\\/www.prooptica.pt\\\/masai-a-colecao-de-eyewear-que-celebra-a-diversidade\\\/#primaryimage\"},\"thumbnailUrl\":\"https:\\\/\\\/www.prooptica.pt\\\/wp-content\\\/uploads\\\/2025\\\/07\\\/Capa-artigo-blog.jpg\",\"articleSection\":[\"\u00d3culos\"],\"inLanguage\":\"en-GB\"},{\"@type\":\"WebPage\",\"@id\":\"https:\\\/\\\/www.prooptica.pt\\\/masai-a-colecao-de-eyewear-que-celebra-a-diversidade\\\/\",\"url\":\"https:\\\/\\\/www.prooptica.pt\\\/masai-a-colecao-de-eyewear-que-celebra-a-diversidade\\\/\",\"name\":\"Masai | A cole\u00e7\u00e3o de eyewear que celebra a diversidade\",\"isPartOf\":{\"@id\":\"https:\\\/\\\/www.prooptica.pt\\\/home\\\/#website\"},\"primaryImageOfPage\":{\"@id\":\"https:\\\/\\\/www.prooptica.pt\\\/masai-a-colecao-de-eyewear-que-celebra-a-diversidade\\\/#primaryimage\"},\"image\":{\"@id\":\"https:\\\/\\\/www.prooptica.pt\\\/masai-a-colecao-de-eyewear-que-celebra-a-diversidade\\\/#primaryimage\"},\"thumbnailUrl\":\"https:\\\/\\\/www.prooptica.pt\\\/wp-content\\\/uploads\\\/2025\\\/07\\\/Capa-artigo-blog.jpg\",\"datePublished\":\"2025-07-11T11:37:16+00:00\",\"author\":{\"@id\":\"https:\\\/\\\/www.prooptica.pt\\\/home\\\/#\\\/schema\\\/person\\\/1cbd826a9322a3c38a052e43d1638306\"},\"description\":\"Numa altura em que a moda se cruza cada vez mais com causas sociais e valores humanos, a Masai posiciona-se como uma marca com prop\u00f3sito.\",\"breadcrumb\":{\"@id\":\"https:\\\/\\\/www.prooptica.pt\\\/masai-a-colecao-de-eyewear-que-celebra-a-diversidade\\\/#breadcrumb\"},\"inLanguage\":\"en-GB\",\"potentialAction\":[{\"@type\":\"ReadAction\",\"target\":[\"https:\\\/\\\/www.prooptica.pt\\\/masai-a-colecao-de-eyewear-que-celebra-a-diversidade\\\/\"]}]},{\"@type\":\"ImageObject\",\"inLanguage\":\"en-GB\",\"@id\":\"https:\\\/\\\/www.prooptica.pt\\\/masai-a-colecao-de-eyewear-que-celebra-a-diversidade\\\/#primaryimage\",\"url\":\"https:\\\/\\\/www.prooptica.pt\\\/wp-content\\\/uploads\\\/2025\\\/07\\\/Capa-artigo-blog.jpg\",\"contentUrl\":\"https:\\\/\\\/www.prooptica.pt\\\/wp-content\\\/uploads\\\/2025\\\/07\\\/Capa-artigo-blog.jpg\",\"width\":852,\"height\":514},{\"@type\":\"BreadcrumbList\",\"@id\":\"https:\\\/\\\/www.prooptica.pt\\\/masai-a-colecao-de-eyewear-que-celebra-a-diversidade\\\/#breadcrumb\",\"itemListElement\":[{\"@type\":\"ListItem\",\"position\":1,\"name\":\"In\u00edcio\",\"item\":\"https:\\\/\\\/www.prooptica.pt\\\/\"},{\"@type\":\"ListItem\",\"position\":2,\"name\":\"Masai | A cole\u00e7\u00e3o de eyewear que celebra a diversidade\"}]},{\"@type\":\"WebSite\",\"@id\":\"https:\\\/\\\/www.prooptica.pt\\\/home\\\/#website\",\"url\":\"https:\\\/\\\/www.prooptica.pt\\\/home\\\/\",\"name\":\"Prooptica\",\"description\":\"Full Eyewear Concept\",\"potentialAction\":[{\"@type\":\"SearchAction\",\"target\":{\"@type\":\"EntryPoint\",\"urlTemplate\":\"https:\\\/\\\/www.prooptica.pt\\\/home\\\/?s={search_term_string}\"},\"query-input\":{\"@type\":\"PropertyValueSpecification\",\"valueRequired\":true,\"valueName\":\"search_term_string\"}}],\"inLanguage\":\"en-GB\"},{\"@type\":\"Person\",\"@id\":\"https:\\\/\\\/www.prooptica.pt\\\/home\\\/#\\\/schema\\\/person\\\/1cbd826a9322a3c38a052e43d1638306\",\"name\":\"admin\",\"image\":{\"@type\":\"ImageObject\",\"inLanguage\":\"en-GB\",\"@id\":\"https:\\\/\\\/secure.gravatar.com\\\/avatar\\\/528c714482569d81724b02603aa719344e9ad7c0b50becf07272b2086b2c1cfd?s=96&d=mm&r=g\",\"url\":\"https:\\\/\\\/secure.gravatar.com\\\/avatar\\\/528c714482569d81724b02603aa719344e9ad7c0b50becf07272b2086b2c1cfd?s=96&d=mm&r=g\",\"contentUrl\":\"https:\\\/\\\/secure.gravatar.com\\\/avatar\\\/528c714482569d81724b02603aa719344e9ad7c0b50becf07272b2086b2c1cfd?s=96&d=mm&r=g\",\"caption\":\"admin\"},\"url\":\"https:\\\/\\\/www.prooptica.pt\\\/en\\\/author\\\/admin\\\/\"}]}<\/script>\n<!-- \/ Yoast SEO plugin. -->","yoast_head_json":{"title":"Masai | The eyewear collection that celebrates diversity","description":"At a time when fashion increasingly intersects with social causes and human values, Masai is positioning itself as a brand with purpose.","robots":{"index":"index","follow":"follow","max-snippet":"max-snippet:-1","max-image-preview":"max-image-preview:large","max-video-preview":"max-video-preview:-1"},"canonical":"https:\/\/www.prooptica.pt\/en\/masai-the-eyewear-collection-that-celebrates-diversity\/","og_locale":"en_GB","og_type":"article","og_title":"Masai | A cole\u00e7\u00e3o de eyewear que celebra a diversidade","og_description":"Numa altura em que a moda se cruza cada vez mais com causas sociais e valores humanos, a Masai posiciona-se como uma marca com prop\u00f3sito.","og_url":"https:\/\/www.prooptica.pt\/en\/masai-the-eyewear-collection-that-celebrates-diversity\/","og_site_name":"Prooptica","article_published_time":"2025-07-11T11:37:16+00:00","og_image":[{"width":852,"height":514,"url":"https:\/\/www.prooptica.pt\/wp-content\/uploads\/2025\/07\/Capa-artigo-blog.jpg","type":"image\/jpeg"}],"author":"admin","twitter_card":"summary_large_image","twitter_misc":{"Written by":"admin","Estimated reading time":"2 minutes"},"schema":{"@context":"https:\/\/schema.org","@graph":[{"@type":"Article","@id":"https:\/\/www.prooptica.pt\/masai-a-colecao-de-eyewear-que-celebra-a-diversidade\/#article","isPartOf":{"@id":"https:\/\/www.prooptica.pt\/masai-a-colecao-de-eyewear-que-celebra-a-diversidade\/"},"author":{"name":"admin","@id":"https:\/\/www.prooptica.pt\/home\/#\/schema\/person\/1cbd826a9322a3c38a052e43d1638306"},"headline":"Masai | A cole\u00e7\u00e3o de eyewear que celebra a diversidade","datePublished":"2025-07-11T11:37:16+00:00","mainEntityOfPage":{"@id":"https:\/\/www.prooptica.pt\/masai-a-colecao-de-eyewear-que-celebra-a-diversidade\/"},"wordCount":203,"image":{"@id":"https:\/\/www.prooptica.pt\/masai-a-colecao-de-eyewear-que-celebra-a-diversidade\/#primaryimage"},"thumbnailUrl":"https:\/\/www.prooptica.pt\/wp-content\/uploads\/2025\/07\/Capa-artigo-blog.jpg","articleSection":["\u00d3culos"],"inLanguage":"en-GB"},{"@type":"WebPage","@id":"https:\/\/www.prooptica.pt\/masai-a-colecao-de-eyewear-que-celebra-a-diversidade\/","url":"https:\/\/www.prooptica.pt\/masai-a-colecao-de-eyewear-que-celebra-a-diversidade\/","name":"Masai | The eyewear collection that celebrates diversity","isPartOf":{"@id":"https:\/\/www.prooptica.pt\/home\/#website"},"primaryImageOfPage":{"@id":"https:\/\/www.prooptica.pt\/masai-a-colecao-de-eyewear-que-celebra-a-diversidade\/#primaryimage"},"image":{"@id":"https:\/\/www.prooptica.pt\/masai-a-colecao-de-eyewear-que-celebra-a-diversidade\/#primaryimage"},"thumbnailUrl":"https:\/\/www.prooptica.pt\/wp-content\/uploads\/2025\/07\/Capa-artigo-blog.jpg","datePublished":"2025-07-11T11:37:16+00:00","author":{"@id":"https:\/\/www.prooptica.pt\/home\/#\/schema\/person\/1cbd826a9322a3c38a052e43d1638306"},"description":"At a time when fashion increasingly intersects with social causes and human values, Masai is positioning itself as a brand with purpose.","breadcrumb":{"@id":"https:\/\/www.prooptica.pt\/masai-a-colecao-de-eyewear-que-celebra-a-diversidade\/#breadcrumb"},"inLanguage":"en-GB","potentialAction":[{"@type":"ReadAction","target":["https:\/\/www.prooptica.pt\/masai-a-colecao-de-eyewear-que-celebra-a-diversidade\/"]}]},{"@type":"ImageObject","inLanguage":"en-GB","@id":"https:\/\/www.prooptica.pt\/masai-a-colecao-de-eyewear-que-celebra-a-diversidade\/#primaryimage","url":"https:\/\/www.prooptica.pt\/wp-content\/uploads\/2025\/07\/Capa-artigo-blog.jpg","contentUrl":"https:\/\/www.prooptica.pt\/wp-content\/uploads\/2025\/07\/Capa-artigo-blog.jpg","width":852,"height":514},{"@type":"BreadcrumbList","@id":"https:\/\/www.prooptica.pt\/masai-a-colecao-de-eyewear-que-celebra-a-diversidade\/#breadcrumb","itemListElement":[{"@type":"ListItem","position":1,"name":"In\u00edcio","item":"https:\/\/www.prooptica.pt\/"},{"@type":"ListItem","position":2,"name":"Masai | A cole\u00e7\u00e3o de eyewear que celebra a diversidade"}]},{"@type":"WebSite","@id":"https:\/\/www.prooptica.pt\/home\/#website","url":"https:\/\/www.prooptica.pt\/home\/","name":"Prooptica","description":"Full Eyewear Concept","potentialAction":[{"@type":"SearchAction","target":{"@type":"EntryPoint","urlTemplate":"https:\/\/www.prooptica.pt\/home\/?s={search_term_string}"},"query-input":{"@type":"PropertyValueSpecification","valueRequired":true,"valueName":"search_term_string"}}],"inLanguage":"en-GB"},{"@type":"Person","@id":"https:\/\/www.prooptica.pt\/home\/#\/schema\/person\/1cbd826a9322a3c38a052e43d1638306","name":"admin","image":{"@type":"ImageObject","inLanguage":"en-GB","@id":"https:\/\/secure.gravatar.com\/avatar\/528c714482569d81724b02603aa719344e9ad7c0b50becf07272b2086b2c1cfd?s=96&d=mm&r=g","url":"https:\/\/secure.gravatar.com\/avatar\/528c714482569d81724b02603aa719344e9ad7c0b50becf07272b2086b2c1cfd?s=96&d=mm&r=g","contentUrl":"https:\/\/secure.gravatar.com\/avatar\/528c714482569d81724b02603aa719344e9ad7c0b50becf07272b2086b2c1cfd?s=96&d=mm&r=g","caption":"admin"},"url":"https:\/\/www.prooptica.pt\/en\/author\/admin\/"}]}},"_links":{"self":[{"href":"https:\/\/www.prooptica.pt\/en\/wp-json\/wp\/v2\/posts\/23738","targetHints":{"allow":["GET"]}}],"collection":[{"href":"https:\/\/www.prooptica.pt\/en\/wp-json\/wp\/v2\/posts"}],"about":[{"href":"https:\/\/www.prooptica.pt\/en\/wp-json\/wp\/v2\/types\/post"}],"author":[{"embeddable":true,"href":"https:\/\/www.prooptica.pt\/en\/wp-json\/wp\/v2\/users\/2"}],"replies":[{"embeddable":true,"href":"https:\/\/www.prooptica.pt\/en\/wp-json\/wp\/v2\/comments?post=23738"}],"version-history":[{"count":1,"href":"https:\/\/www.prooptica.pt\/en\/wp-json\/wp\/v2\/posts\/23738\/revisions"}],"predecessor-version":[{"id":23739,"href":"https:\/\/www.prooptica.pt\/en\/wp-json\/wp\/v2\/posts\/23738\/revisions\/23739"}],"wp:featuredmedia":[{"embeddable":true,"href":"https:\/\/www.prooptica.pt\/en\/wp-json\/wp\/v2\/media\/23753"}],"wp:attachment":[{"href":"https:\/\/www.prooptica.pt\/en\/wp-json\/wp\/v2\/media?parent=23738"}],"wp:term":[{"taxonomy":"category","embeddable":true,"href":"https:\/\/www.prooptica.pt\/en\/wp-json\/wp\/v2\/categories?post=23738"},{"taxonomy":"post_tag","embeddable":true,"href":"https:\/\/www.prooptica.pt\/en\/wp-json\/wp\/v2\/tags?post=23738"}],"curies":[{"name":"wp","href":"https:\/\/api.w.org\/{rel}","templated":true}]}}