{"id":23817,"date":"2025-08-19T15:40:17","date_gmt":"2025-08-19T15:40:17","guid":{"rendered":"https:\/\/www.prooptica.pt\/?p=23817"},"modified":"2025-08-19T15:40:17","modified_gmt":"2025-08-19T15:40:17","slug":"world-photography-day-celebrating-the-art-of-eternalising-moments","status":"publish","type":"post","link":"https:\/\/www.prooptica.pt\/en\/dia-mundial-da-fotografia-celebrar-a-arte-de-eternizar-momentos\/","title":{"rendered":"World Photography Day | Celebrating the art of eternalising moments"},"content":{"rendered":"<p>On 19 August, World Photography Day is celebrated, a special date dedicated to all those who find in the lens of a camera the purest way to tell stories, keep memories and share emotions.<\/p>\n<p>From the first photographic records to the digital age, photography has become a universal language. Whether through portraits, landscapes or small details of everyday life, each image has the power to transport us to a place, a time or an emotion.<\/p>\n<p>When we talk about photography, it's impossible not to think of brands that have become synonymous with quality and innovation in this universe. Nikon, a brand that has been around for over 100 years, and one of the most recognised brands in the world of photography and optics, has become a world reference in cameras and photographic lenses. Today, it stands out for its wide range of precision optics and electronic products, and is recognised for the exceptional quality of its lenses and constant technological innovation.<\/p>\n<p>With a long history marked by innovation, Nikon has developed equipment that has revolutionised the way we capture images: from iconic DSLR cameras to state-of-the-art mirrorless models, not forgetting the unrivalled quality of its lenses. Each product reflects the brand's commitment to delivering sharpness, performance and reliability so that every photograph becomes truly unique.<\/p>\n<p>On this World Photography Day, we celebrate not only the art of photography, but also Nikon's fundamental role in inspiring generations of photographers around the world. Because every photograph is more than a click - it's a piece of history that stays forever.<\/p>","protected":false},"excerpt":{"rendered":"<p>No dia 19 de agosto, comemora-se o Dia Mundial da Fotografia, uma data especial dedicada a todos os que encontram na lente de uma c\u00e2mara a forma mais pura de contar hist\u00f3rias, guardar mem\u00f3rias e partilhar emo\u00e7\u00f5es. Desde os primeiros registos fotogr\u00e1ficos at\u00e9 \u00e0 era digital, a fotografia transformou-se numa linguagem universal. Seja atrav\u00e9s de [&hellip;]<\/p>\n","protected":false},"author":2,"featured_media":23818,"comment_status":"closed","ping_status":"closed","sticky":false,"template":"","format":"standard","meta":{"footnotes":""},"categories":[238,187],"tags":[],"class_list":["post-23817","post","type-post","status-publish","format-standard","has-post-thumbnail","hentry","category-insight","category-lentes"],"yoast_head":"<!-- This site is optimized with the Yoast SEO plugin v27.5 - https:\/\/yoast.com\/product\/yoast-seo-wordpress\/ -->\n<title>Dia Mundial da Fotografia | Celebrar a arte de eternizar momentos<\/title>\n<meta name=\"description\" content=\"Hoje, celebramos n\u00e3o s\u00f3 a arte de fotografar, mas tamb\u00e9m o papel fundamental da Nikon em inspirar gera\u00e7\u00f5es de fot\u00f3grafos em todo o mundo.\" \/>\n<meta name=\"robots\" content=\"index, follow, max-snippet:-1, max-image-preview:large, max-video-preview:-1\" \/>\n<link rel=\"canonical\" href=\"https:\/\/www.prooptica.pt\/en\/world-photography-day-celebrating-the-art-of-eternalising-moments\/\" \/>\n<meta property=\"og:locale\" content=\"en_GB\" \/>\n<meta property=\"og:type\" content=\"article\" \/>\n<meta property=\"og:title\" content=\"Dia Mundial da Fotografia | Celebrar a arte de eternizar momentos\" \/>\n<meta property=\"og:description\" content=\"Hoje, celebramos n\u00e3o s\u00f3 a arte de fotografar, mas tamb\u00e9m o papel fundamental da Nikon em inspirar gera\u00e7\u00f5es de fot\u00f3grafos em todo o mundo.\" \/>\n<meta property=\"og:url\" content=\"https:\/\/www.prooptica.pt\/en\/world-photography-day-celebrating-the-art-of-eternalising-moments\/\" \/>\n<meta property=\"og:site_name\" content=\"Prooptica\" \/>\n<meta property=\"article:published_time\" content=\"2025-08-19T15:40:17+00:00\" \/>\n<meta property=\"og:image\" content=\"https:\/\/www.prooptica.pt\/wp-content\/uploads\/2025\/08\/Capa-artigo-blog.jpg\" \/>\n\t<meta property=\"og:image:width\" content=\"852\" \/>\n\t<meta property=\"og:image:height\" content=\"514\" \/>\n\t<meta property=\"og:image:type\" content=\"image\/jpeg\" \/>\n<meta name=\"author\" content=\"admin\" \/>\n<meta name=\"twitter:card\" content=\"summary_large_image\" \/>\n<meta name=\"twitter:label1\" content=\"Written by\" \/>\n\t<meta name=\"twitter:data1\" content=\"admin\" \/>\n\t<meta name=\"twitter:label2\" content=\"Estimated reading time\" \/>\n\t<meta name=\"twitter:data2\" content=\"2 minutes\" \/>\n<script type=\"application\/ld+json\" class=\"yoast-schema-graph\">{\"@context\":\"https:\\\/\\\/schema.org\",\"@graph\":[{\"@type\":\"Article\",\"@id\":\"https:\\\/\\\/www.prooptica.pt\\\/dia-mundial-da-fotografia-celebrar-a-arte-de-eternizar-momentos\\\/#article\",\"isPartOf\":{\"@id\":\"https:\\\/\\\/www.prooptica.pt\\\/dia-mundial-da-fotografia-celebrar-a-arte-de-eternizar-momentos\\\/\"},\"author\":{\"name\":\"admin\",\"@id\":\"https:\\\/\\\/www.prooptica.pt\\\/home\\\/#\\\/schema\\\/person\\\/1cbd826a9322a3c38a052e43d1638306\"},\"headline\":\"Dia Mundial da Fotografia | Celebrar a arte de eternizar momentos\",\"datePublished\":\"2025-08-19T15:40:17+00:00\",\"mainEntityOfPage\":{\"@id\":\"https:\\\/\\\/www.prooptica.pt\\\/dia-mundial-da-fotografia-celebrar-a-arte-de-eternizar-momentos\\\/\"},\"wordCount\":292,\"image\":{\"@id\":\"https:\\\/\\\/www.prooptica.pt\\\/dia-mundial-da-fotografia-celebrar-a-arte-de-eternizar-momentos\\\/#primaryimage\"},\"thumbnailUrl\":\"https:\\\/\\\/www.prooptica.pt\\\/wp-content\\\/uploads\\\/2025\\\/08\\\/Capa-artigo-blog.jpg\",\"articleSection\":[\"Insight\",\"Lentes\"],\"inLanguage\":\"en-GB\"},{\"@type\":\"WebPage\",\"@id\":\"https:\\\/\\\/www.prooptica.pt\\\/dia-mundial-da-fotografia-celebrar-a-arte-de-eternizar-momentos\\\/\",\"url\":\"https:\\\/\\\/www.prooptica.pt\\\/dia-mundial-da-fotografia-celebrar-a-arte-de-eternizar-momentos\\\/\",\"name\":\"Dia Mundial da Fotografia | Celebrar a arte de eternizar momentos\",\"isPartOf\":{\"@id\":\"https:\\\/\\\/www.prooptica.pt\\\/home\\\/#website\"},\"primaryImageOfPage\":{\"@id\":\"https:\\\/\\\/www.prooptica.pt\\\/dia-mundial-da-fotografia-celebrar-a-arte-de-eternizar-momentos\\\/#primaryimage\"},\"image\":{\"@id\":\"https:\\\/\\\/www.prooptica.pt\\\/dia-mundial-da-fotografia-celebrar-a-arte-de-eternizar-momentos\\\/#primaryimage\"},\"thumbnailUrl\":\"https:\\\/\\\/www.prooptica.pt\\\/wp-content\\\/uploads\\\/2025\\\/08\\\/Capa-artigo-blog.jpg\",\"datePublished\":\"2025-08-19T15:40:17+00:00\",\"author\":{\"@id\":\"https:\\\/\\\/www.prooptica.pt\\\/home\\\/#\\\/schema\\\/person\\\/1cbd826a9322a3c38a052e43d1638306\"},\"description\":\"Hoje, celebramos n\u00e3o s\u00f3 a arte de fotografar, mas tamb\u00e9m o papel fundamental da Nikon em inspirar gera\u00e7\u00f5es de fot\u00f3grafos em todo o mundo.\",\"breadcrumb\":{\"@id\":\"https:\\\/\\\/www.prooptica.pt\\\/dia-mundial-da-fotografia-celebrar-a-arte-de-eternizar-momentos\\\/#breadcrumb\"},\"inLanguage\":\"en-GB\",\"potentialAction\":[{\"@type\":\"ReadAction\",\"target\":[\"https:\\\/\\\/www.prooptica.pt\\\/dia-mundial-da-fotografia-celebrar-a-arte-de-eternizar-momentos\\\/\"]}]},{\"@type\":\"ImageObject\",\"inLanguage\":\"en-GB\",\"@id\":\"https:\\\/\\\/www.prooptica.pt\\\/dia-mundial-da-fotografia-celebrar-a-arte-de-eternizar-momentos\\\/#primaryimage\",\"url\":\"https:\\\/\\\/www.prooptica.pt\\\/wp-content\\\/uploads\\\/2025\\\/08\\\/Capa-artigo-blog.jpg\",\"contentUrl\":\"https:\\\/\\\/www.prooptica.pt\\\/wp-content\\\/uploads\\\/2025\\\/08\\\/Capa-artigo-blog.jpg\",\"width\":852,\"height\":514},{\"@type\":\"BreadcrumbList\",\"@id\":\"https:\\\/\\\/www.prooptica.pt\\\/dia-mundial-da-fotografia-celebrar-a-arte-de-eternizar-momentos\\\/#breadcrumb\",\"itemListElement\":[{\"@type\":\"ListItem\",\"position\":1,\"name\":\"In\u00edcio\",\"item\":\"https:\\\/\\\/www.prooptica.pt\\\/\"},{\"@type\":\"ListItem\",\"position\":2,\"name\":\"Dia Mundial da Fotografia | Celebrar a arte de eternizar momentos\"}]},{\"@type\":\"WebSite\",\"@id\":\"https:\\\/\\\/www.prooptica.pt\\\/home\\\/#website\",\"url\":\"https:\\\/\\\/www.prooptica.pt\\\/home\\\/\",\"name\":\"Prooptica\",\"description\":\"Full Eyewear Concept\",\"potentialAction\":[{\"@type\":\"SearchAction\",\"target\":{\"@type\":\"EntryPoint\",\"urlTemplate\":\"https:\\\/\\\/www.prooptica.pt\\\/home\\\/?s={search_term_string}\"},\"query-input\":{\"@type\":\"PropertyValueSpecification\",\"valueRequired\":true,\"valueName\":\"search_term_string\"}}],\"inLanguage\":\"en-GB\"},{\"@type\":\"Person\",\"@id\":\"https:\\\/\\\/www.prooptica.pt\\\/home\\\/#\\\/schema\\\/person\\\/1cbd826a9322a3c38a052e43d1638306\",\"name\":\"admin\",\"image\":{\"@type\":\"ImageObject\",\"inLanguage\":\"en-GB\",\"@id\":\"https:\\\/\\\/secure.gravatar.com\\\/avatar\\\/528c714482569d81724b02603aa719344e9ad7c0b50becf07272b2086b2c1cfd?s=96&d=mm&r=g\",\"url\":\"https:\\\/\\\/secure.gravatar.com\\\/avatar\\\/528c714482569d81724b02603aa719344e9ad7c0b50becf07272b2086b2c1cfd?s=96&d=mm&r=g\",\"contentUrl\":\"https:\\\/\\\/secure.gravatar.com\\\/avatar\\\/528c714482569d81724b02603aa719344e9ad7c0b50becf07272b2086b2c1cfd?s=96&d=mm&r=g\",\"caption\":\"admin\"},\"url\":\"https:\\\/\\\/www.prooptica.pt\\\/en\\\/author\\\/admin\\\/\"}]}<\/script>\n<!-- \/ Yoast SEO plugin. -->","yoast_head_json":{"title":"World Photography Day | Celebrating the art of eternalising moments","description":"Today, we celebrate not only the art of photography, but also Nikon's fundamental role in inspiring generations of photographers around the world.","robots":{"index":"index","follow":"follow","max-snippet":"max-snippet:-1","max-image-preview":"max-image-preview:large","max-video-preview":"max-video-preview:-1"},"canonical":"https:\/\/www.prooptica.pt\/en\/world-photography-day-celebrating-the-art-of-eternalising-moments\/","og_locale":"en_GB","og_type":"article","og_title":"Dia Mundial da Fotografia | Celebrar a arte de eternizar momentos","og_description":"Hoje, celebramos n\u00e3o s\u00f3 a arte de fotografar, mas tamb\u00e9m o papel fundamental da Nikon em inspirar gera\u00e7\u00f5es de fot\u00f3grafos em todo o mundo.","og_url":"https:\/\/www.prooptica.pt\/en\/world-photography-day-celebrating-the-art-of-eternalising-moments\/","og_site_name":"Prooptica","article_published_time":"2025-08-19T15:40:17+00:00","og_image":[{"width":852,"height":514,"url":"https:\/\/www.prooptica.pt\/wp-content\/uploads\/2025\/08\/Capa-artigo-blog.jpg","type":"image\/jpeg"}],"author":"admin","twitter_card":"summary_large_image","twitter_misc":{"Written by":"admin","Estimated reading time":"2 minutes"},"schema":{"@context":"https:\/\/schema.org","@graph":[{"@type":"Article","@id":"https:\/\/www.prooptica.pt\/dia-mundial-da-fotografia-celebrar-a-arte-de-eternizar-momentos\/#article","isPartOf":{"@id":"https:\/\/www.prooptica.pt\/dia-mundial-da-fotografia-celebrar-a-arte-de-eternizar-momentos\/"},"author":{"name":"admin","@id":"https:\/\/www.prooptica.pt\/home\/#\/schema\/person\/1cbd826a9322a3c38a052e43d1638306"},"headline":"Dia Mundial da Fotografia | Celebrar a arte de eternizar momentos","datePublished":"2025-08-19T15:40:17+00:00","mainEntityOfPage":{"@id":"https:\/\/www.prooptica.pt\/dia-mundial-da-fotografia-celebrar-a-arte-de-eternizar-momentos\/"},"wordCount":292,"image":{"@id":"https:\/\/www.prooptica.pt\/dia-mundial-da-fotografia-celebrar-a-arte-de-eternizar-momentos\/#primaryimage"},"thumbnailUrl":"https:\/\/www.prooptica.pt\/wp-content\/uploads\/2025\/08\/Capa-artigo-blog.jpg","articleSection":["Insight","Lentes"],"inLanguage":"en-GB"},{"@type":"WebPage","@id":"https:\/\/www.prooptica.pt\/dia-mundial-da-fotografia-celebrar-a-arte-de-eternizar-momentos\/","url":"https:\/\/www.prooptica.pt\/dia-mundial-da-fotografia-celebrar-a-arte-de-eternizar-momentos\/","name":"World Photography Day | Celebrating the art of eternalising moments","isPartOf":{"@id":"https:\/\/www.prooptica.pt\/home\/#website"},"primaryImageOfPage":{"@id":"https:\/\/www.prooptica.pt\/dia-mundial-da-fotografia-celebrar-a-arte-de-eternizar-momentos\/#primaryimage"},"image":{"@id":"https:\/\/www.prooptica.pt\/dia-mundial-da-fotografia-celebrar-a-arte-de-eternizar-momentos\/#primaryimage"},"thumbnailUrl":"https:\/\/www.prooptica.pt\/wp-content\/uploads\/2025\/08\/Capa-artigo-blog.jpg","datePublished":"2025-08-19T15:40:17+00:00","author":{"@id":"https:\/\/www.prooptica.pt\/home\/#\/schema\/person\/1cbd826a9322a3c38a052e43d1638306"},"description":"Today, we celebrate not only the art of photography, but also Nikon's fundamental role in inspiring generations of photographers around the world.","breadcrumb":{"@id":"https:\/\/www.prooptica.pt\/dia-mundial-da-fotografia-celebrar-a-arte-de-eternizar-momentos\/#breadcrumb"},"inLanguage":"en-GB","potentialAction":[{"@type":"ReadAction","target":["https:\/\/www.prooptica.pt\/dia-mundial-da-fotografia-celebrar-a-arte-de-eternizar-momentos\/"]}]},{"@type":"ImageObject","inLanguage":"en-GB","@id":"https:\/\/www.prooptica.pt\/dia-mundial-da-fotografia-celebrar-a-arte-de-eternizar-momentos\/#primaryimage","url":"https:\/\/www.prooptica.pt\/wp-content\/uploads\/2025\/08\/Capa-artigo-blog.jpg","contentUrl":"https:\/\/www.prooptica.pt\/wp-content\/uploads\/2025\/08\/Capa-artigo-blog.jpg","width":852,"height":514},{"@type":"BreadcrumbList","@id":"https:\/\/www.prooptica.pt\/dia-mundial-da-fotografia-celebrar-a-arte-de-eternizar-momentos\/#breadcrumb","itemListElement":[{"@type":"ListItem","position":1,"name":"In\u00edcio","item":"https:\/\/www.prooptica.pt\/"},{"@type":"ListItem","position":2,"name":"Dia Mundial da Fotografia | Celebrar a arte de eternizar momentos"}]},{"@type":"WebSite","@id":"https:\/\/www.prooptica.pt\/home\/#website","url":"https:\/\/www.prooptica.pt\/home\/","name":"Prooptica","description":"Full Eyewear Concept","potentialAction":[{"@type":"SearchAction","target":{"@type":"EntryPoint","urlTemplate":"https:\/\/www.prooptica.pt\/home\/?s={search_term_string}"},"query-input":{"@type":"PropertyValueSpecification","valueRequired":true,"valueName":"search_term_string"}}],"inLanguage":"en-GB"},{"@type":"Person","@id":"https:\/\/www.prooptica.pt\/home\/#\/schema\/person\/1cbd826a9322a3c38a052e43d1638306","name":"admin","image":{"@type":"ImageObject","inLanguage":"en-GB","@id":"https:\/\/secure.gravatar.com\/avatar\/528c714482569d81724b02603aa719344e9ad7c0b50becf07272b2086b2c1cfd?s=96&d=mm&r=g","url":"https:\/\/secure.gravatar.com\/avatar\/528c714482569d81724b02603aa719344e9ad7c0b50becf07272b2086b2c1cfd?s=96&d=mm&r=g","contentUrl":"https:\/\/secure.gravatar.com\/avatar\/528c714482569d81724b02603aa719344e9ad7c0b50becf07272b2086b2c1cfd?s=96&d=mm&r=g","caption":"admin"},"url":"https:\/\/www.prooptica.pt\/en\/author\/admin\/"}]}},"_links":{"self":[{"href":"https:\/\/www.prooptica.pt\/en\/wp-json\/wp\/v2\/posts\/23817","targetHints":{"allow":["GET"]}}],"collection":[{"href":"https:\/\/www.prooptica.pt\/en\/wp-json\/wp\/v2\/posts"}],"about":[{"href":"https:\/\/www.prooptica.pt\/en\/wp-json\/wp\/v2\/types\/post"}],"author":[{"embeddable":true,"href":"https:\/\/www.prooptica.pt\/en\/wp-json\/wp\/v2\/users\/2"}],"replies":[{"embeddable":true,"href":"https:\/\/www.prooptica.pt\/en\/wp-json\/wp\/v2\/comments?post=23817"}],"version-history":[{"count":1,"href":"https:\/\/www.prooptica.pt\/en\/wp-json\/wp\/v2\/posts\/23817\/revisions"}],"predecessor-version":[{"id":23819,"href":"https:\/\/www.prooptica.pt\/en\/wp-json\/wp\/v2\/posts\/23817\/revisions\/23819"}],"wp:featuredmedia":[{"embeddable":true,"href":"https:\/\/www.prooptica.pt\/en\/wp-json\/wp\/v2\/media\/23818"}],"wp:attachment":[{"href":"https:\/\/www.prooptica.pt\/en\/wp-json\/wp\/v2\/media?parent=23817"}],"wp:term":[{"taxonomy":"category","embeddable":true,"href":"https:\/\/www.prooptica.pt\/en\/wp-json\/wp\/v2\/categories?post=23817"},{"taxonomy":"post_tag","embeddable":true,"href":"https:\/\/www.prooptica.pt\/en\/wp-json\/wp\/v2\/tags?post=23817"}],"curies":[{"name":"wp","href":"https:\/\/api.w.org\/{rel}","templated":true}]}}