{"id":23826,"date":"2025-08-21T12:29:35","date_gmt":"2025-08-21T12:29:35","guid":{"rendered":"https:\/\/www.prooptica.pt\/?p=23826"},"modified":"2025-08-21T12:29:35","modified_gmt":"2025-08-21T12:29:35","slug":"international-fashion-day-celebrating-style-through-the-eyes","status":"publish","type":"post","link":"https:\/\/www.prooptica.pt\/en\/dia-internacional-da-moda-celebrar-o-estilo-atraves-do-olhar\/","title":{"rendered":"International Fashion Day | Celebrating style through the eyes"},"content":{"rendered":"<p>International Fashion Day is an occasion to celebrate creativity, personal expression and fashion's ability to transform our daily lives. More than clothes, fashion is attitude, identity and vision - and eyewear is one of its most striking protagonists today.<\/p>\n<p>At Prooptica, we believe that glasses are much more than a functional accessory: they are fashion pieces that complete the look, translate style and reflect the personality of the wearer.<\/p>\n<p><strong>Betting on Portuguese and Iberian fashion<\/strong><\/p>\n<p>For more than three decades, Prooptica has been committed to enhancing Portuguese and Iberian fashion through exclusive eyewear collections. These lines combine design, quality and international trends, but always with the creative signature of our cultural identity.<\/p>\n<p>An example of this are partnerships with leading brands such as <strong>Dielmar<\/strong>, an icon of luxury men's tailoring that brings all its tradition of elegance and refinement to the eyewear world, and <strong>Lanidor<\/strong>, one of the most prestigious Portuguese women's fashion brands, which inspires sophisticated, modern eyewear collections designed for cosmopolitan women.<\/p>\n<p>Alongside these, the <strong>Duyos<\/strong>created in collaboration with renowned Spanish designer Juan Duyos. Recognised for his elegant, sophisticated and timeless style, Duyos brings the essence of Iberian fashion to the world of eyewear: modern, expressive and full of personality.<\/p>\n<p>With these collections, Prooptica reinforces its role as a fashion ambassador in the optical sector, offering the market pieces that not only follow trends, but also tell stories and translate the essence of a unique look.<\/p>\n<p><strong>The future of fashion depends on the look<\/strong><\/p>\n<p>On this International Fashion Day, we celebrate all the forms of expression that spring from creativity - and also the transformative power of a pair of glasses. Because every piece of eyewear is a statement, and at Prooptica we will continue to develop collections that give voice (and style) to Portuguese and Iberian fashion.<\/p>\n<p>&nbsp;<\/p>","protected":false},"excerpt":{"rendered":"<p>O Dia Internacional da Moda \u00e9 uma ocasi\u00e3o para celebrar a criatividade, a express\u00e3o pessoal e a capacidade da moda de transformar o nosso quotidiano. Mais do que roupa, a moda \u00e9 atitude, identidade e vis\u00e3o \u2014 e o eyewear \u00e9 hoje um dos seus protagonistas mais marcantes. Na Prooptica, acreditamos que os \u00f3culos s\u00e3o [&hellip;]<\/p>\n","protected":false},"author":2,"featured_media":23827,"comment_status":"closed","ping_status":"closed","sticky":false,"template":"","format":"standard","meta":{"footnotes":""},"categories":[238,67],"tags":[],"class_list":["post-23826","post","type-post","status-publish","format-standard","has-post-thumbnail","hentry","category-insight","category-moda-portuguesa"],"yoast_head":"<!-- This site is optimized with the Yoast SEO plugin v27.5 - https:\/\/yoast.com\/product\/yoast-seo-wordpress\/ -->\n<title>Dia Internacional da Moda | Celebrar o estilo atrav\u00e9s do olhar<\/title>\n<meta name=\"description\" content=\"H\u00e1 mais de tr\u00eas d\u00e9cadas que a Prooptica aposta em valorizar a moda portuguesa e ib\u00e9rica, atrav\u00e9s de cole\u00e7\u00f5es de eyewear exclusivas.\" \/>\n<meta name=\"robots\" content=\"index, follow, max-snippet:-1, max-image-preview:large, max-video-preview:-1\" \/>\n<link rel=\"canonical\" href=\"https:\/\/www.prooptica.pt\/en\/international-fashion-day-celebrating-style-through-the-eyes\/\" \/>\n<meta property=\"og:locale\" content=\"en_GB\" \/>\n<meta property=\"og:type\" content=\"article\" \/>\n<meta property=\"og:title\" content=\"Dia Internacional da Moda | Celebrar o estilo atrav\u00e9s do olhar\" \/>\n<meta property=\"og:description\" content=\"H\u00e1 mais de tr\u00eas d\u00e9cadas que a Prooptica aposta em valorizar a moda portuguesa e ib\u00e9rica, atrav\u00e9s de cole\u00e7\u00f5es de eyewear exclusivas.\" \/>\n<meta property=\"og:url\" content=\"https:\/\/www.prooptica.pt\/en\/international-fashion-day-celebrating-style-through-the-eyes\/\" \/>\n<meta property=\"og:site_name\" content=\"Prooptica\" \/>\n<meta property=\"article:published_time\" content=\"2025-08-21T12:29:35+00:00\" \/>\n<meta property=\"og:image\" content=\"https:\/\/www.prooptica.pt\/wp-content\/uploads\/2025\/08\/Capa-artigo-blog-1.jpg\" \/>\n\t<meta property=\"og:image:width\" content=\"852\" \/>\n\t<meta property=\"og:image:height\" content=\"514\" \/>\n\t<meta property=\"og:image:type\" content=\"image\/jpeg\" \/>\n<meta name=\"author\" content=\"admin\" \/>\n<meta name=\"twitter:card\" content=\"summary_large_image\" \/>\n<meta name=\"twitter:label1\" content=\"Written by\" \/>\n\t<meta name=\"twitter:data1\" content=\"admin\" \/>\n\t<meta name=\"twitter:label2\" content=\"Estimated reading time\" \/>\n\t<meta name=\"twitter:data2\" content=\"2 minutes\" \/>\n<script type=\"application\/ld+json\" class=\"yoast-schema-graph\">{\"@context\":\"https:\\\/\\\/schema.org\",\"@graph\":[{\"@type\":\"Article\",\"@id\":\"https:\\\/\\\/www.prooptica.pt\\\/dia-internacional-da-moda-celebrar-o-estilo-atraves-do-olhar\\\/#article\",\"isPartOf\":{\"@id\":\"https:\\\/\\\/www.prooptica.pt\\\/dia-internacional-da-moda-celebrar-o-estilo-atraves-do-olhar\\\/\"},\"author\":{\"name\":\"admin\",\"@id\":\"https:\\\/\\\/www.prooptica.pt\\\/home\\\/#\\\/schema\\\/person\\\/1cbd826a9322a3c38a052e43d1638306\"},\"headline\":\"Dia Internacional da Moda | Celebrar o estilo atrav\u00e9s do olhar\",\"datePublished\":\"2025-08-21T12:29:35+00:00\",\"mainEntityOfPage\":{\"@id\":\"https:\\\/\\\/www.prooptica.pt\\\/dia-internacional-da-moda-celebrar-o-estilo-atraves-do-olhar\\\/\"},\"wordCount\":368,\"image\":{\"@id\":\"https:\\\/\\\/www.prooptica.pt\\\/dia-internacional-da-moda-celebrar-o-estilo-atraves-do-olhar\\\/#primaryimage\"},\"thumbnailUrl\":\"https:\\\/\\\/www.prooptica.pt\\\/wp-content\\\/uploads\\\/2025\\\/08\\\/Capa-artigo-blog-1.jpg\",\"articleSection\":[\"Insight\",\"Moda Portuguesa\"],\"inLanguage\":\"en-GB\"},{\"@type\":\"WebPage\",\"@id\":\"https:\\\/\\\/www.prooptica.pt\\\/dia-internacional-da-moda-celebrar-o-estilo-atraves-do-olhar\\\/\",\"url\":\"https:\\\/\\\/www.prooptica.pt\\\/dia-internacional-da-moda-celebrar-o-estilo-atraves-do-olhar\\\/\",\"name\":\"Dia Internacional da Moda | Celebrar o estilo atrav\u00e9s do olhar\",\"isPartOf\":{\"@id\":\"https:\\\/\\\/www.prooptica.pt\\\/home\\\/#website\"},\"primaryImageOfPage\":{\"@id\":\"https:\\\/\\\/www.prooptica.pt\\\/dia-internacional-da-moda-celebrar-o-estilo-atraves-do-olhar\\\/#primaryimage\"},\"image\":{\"@id\":\"https:\\\/\\\/www.prooptica.pt\\\/dia-internacional-da-moda-celebrar-o-estilo-atraves-do-olhar\\\/#primaryimage\"},\"thumbnailUrl\":\"https:\\\/\\\/www.prooptica.pt\\\/wp-content\\\/uploads\\\/2025\\\/08\\\/Capa-artigo-blog-1.jpg\",\"datePublished\":\"2025-08-21T12:29:35+00:00\",\"author\":{\"@id\":\"https:\\\/\\\/www.prooptica.pt\\\/home\\\/#\\\/schema\\\/person\\\/1cbd826a9322a3c38a052e43d1638306\"},\"description\":\"H\u00e1 mais de tr\u00eas d\u00e9cadas que a Prooptica aposta em valorizar a moda portuguesa e ib\u00e9rica, atrav\u00e9s de cole\u00e7\u00f5es de eyewear exclusivas.\",\"breadcrumb\":{\"@id\":\"https:\\\/\\\/www.prooptica.pt\\\/dia-internacional-da-moda-celebrar-o-estilo-atraves-do-olhar\\\/#breadcrumb\"},\"inLanguage\":\"en-GB\",\"potentialAction\":[{\"@type\":\"ReadAction\",\"target\":[\"https:\\\/\\\/www.prooptica.pt\\\/dia-internacional-da-moda-celebrar-o-estilo-atraves-do-olhar\\\/\"]}]},{\"@type\":\"ImageObject\",\"inLanguage\":\"en-GB\",\"@id\":\"https:\\\/\\\/www.prooptica.pt\\\/dia-internacional-da-moda-celebrar-o-estilo-atraves-do-olhar\\\/#primaryimage\",\"url\":\"https:\\\/\\\/www.prooptica.pt\\\/wp-content\\\/uploads\\\/2025\\\/08\\\/Capa-artigo-blog-1.jpg\",\"contentUrl\":\"https:\\\/\\\/www.prooptica.pt\\\/wp-content\\\/uploads\\\/2025\\\/08\\\/Capa-artigo-blog-1.jpg\",\"width\":852,\"height\":514},{\"@type\":\"BreadcrumbList\",\"@id\":\"https:\\\/\\\/www.prooptica.pt\\\/dia-internacional-da-moda-celebrar-o-estilo-atraves-do-olhar\\\/#breadcrumb\",\"itemListElement\":[{\"@type\":\"ListItem\",\"position\":1,\"name\":\"In\u00edcio\",\"item\":\"https:\\\/\\\/www.prooptica.pt\\\/\"},{\"@type\":\"ListItem\",\"position\":2,\"name\":\"Dia Internacional da Moda | Celebrar o estilo atrav\u00e9s do olhar\"}]},{\"@type\":\"WebSite\",\"@id\":\"https:\\\/\\\/www.prooptica.pt\\\/home\\\/#website\",\"url\":\"https:\\\/\\\/www.prooptica.pt\\\/home\\\/\",\"name\":\"Prooptica\",\"description\":\"Full Eyewear Concept\",\"potentialAction\":[{\"@type\":\"SearchAction\",\"target\":{\"@type\":\"EntryPoint\",\"urlTemplate\":\"https:\\\/\\\/www.prooptica.pt\\\/home\\\/?s={search_term_string}\"},\"query-input\":{\"@type\":\"PropertyValueSpecification\",\"valueRequired\":true,\"valueName\":\"search_term_string\"}}],\"inLanguage\":\"en-GB\"},{\"@type\":\"Person\",\"@id\":\"https:\\\/\\\/www.prooptica.pt\\\/home\\\/#\\\/schema\\\/person\\\/1cbd826a9322a3c38a052e43d1638306\",\"name\":\"admin\",\"image\":{\"@type\":\"ImageObject\",\"inLanguage\":\"en-GB\",\"@id\":\"https:\\\/\\\/secure.gravatar.com\\\/avatar\\\/528c714482569d81724b02603aa719344e9ad7c0b50becf07272b2086b2c1cfd?s=96&d=mm&r=g\",\"url\":\"https:\\\/\\\/secure.gravatar.com\\\/avatar\\\/528c714482569d81724b02603aa719344e9ad7c0b50becf07272b2086b2c1cfd?s=96&d=mm&r=g\",\"contentUrl\":\"https:\\\/\\\/secure.gravatar.com\\\/avatar\\\/528c714482569d81724b02603aa719344e9ad7c0b50becf07272b2086b2c1cfd?s=96&d=mm&r=g\",\"caption\":\"admin\"},\"url\":\"https:\\\/\\\/www.prooptica.pt\\\/en\\\/author\\\/admin\\\/\"}]}<\/script>\n<!-- \/ Yoast SEO plugin. -->","yoast_head_json":{"title":"International Fashion Day | Celebrating style through the eyes","description":"For more than three decades, Prooptica has been committed to enhancing Portuguese and Iberian fashion through exclusive eyewear collections.","robots":{"index":"index","follow":"follow","max-snippet":"max-snippet:-1","max-image-preview":"max-image-preview:large","max-video-preview":"max-video-preview:-1"},"canonical":"https:\/\/www.prooptica.pt\/en\/international-fashion-day-celebrating-style-through-the-eyes\/","og_locale":"en_GB","og_type":"article","og_title":"Dia Internacional da Moda | Celebrar o estilo atrav\u00e9s do olhar","og_description":"H\u00e1 mais de tr\u00eas d\u00e9cadas que a Prooptica aposta em valorizar a moda portuguesa e ib\u00e9rica, atrav\u00e9s de cole\u00e7\u00f5es de eyewear exclusivas.","og_url":"https:\/\/www.prooptica.pt\/en\/international-fashion-day-celebrating-style-through-the-eyes\/","og_site_name":"Prooptica","article_published_time":"2025-08-21T12:29:35+00:00","og_image":[{"width":852,"height":514,"url":"https:\/\/www.prooptica.pt\/wp-content\/uploads\/2025\/08\/Capa-artigo-blog-1.jpg","type":"image\/jpeg"}],"author":"admin","twitter_card":"summary_large_image","twitter_misc":{"Written by":"admin","Estimated reading time":"2 minutes"},"schema":{"@context":"https:\/\/schema.org","@graph":[{"@type":"Article","@id":"https:\/\/www.prooptica.pt\/dia-internacional-da-moda-celebrar-o-estilo-atraves-do-olhar\/#article","isPartOf":{"@id":"https:\/\/www.prooptica.pt\/dia-internacional-da-moda-celebrar-o-estilo-atraves-do-olhar\/"},"author":{"name":"admin","@id":"https:\/\/www.prooptica.pt\/home\/#\/schema\/person\/1cbd826a9322a3c38a052e43d1638306"},"headline":"Dia Internacional da Moda | Celebrar o estilo atrav\u00e9s do olhar","datePublished":"2025-08-21T12:29:35+00:00","mainEntityOfPage":{"@id":"https:\/\/www.prooptica.pt\/dia-internacional-da-moda-celebrar-o-estilo-atraves-do-olhar\/"},"wordCount":368,"image":{"@id":"https:\/\/www.prooptica.pt\/dia-internacional-da-moda-celebrar-o-estilo-atraves-do-olhar\/#primaryimage"},"thumbnailUrl":"https:\/\/www.prooptica.pt\/wp-content\/uploads\/2025\/08\/Capa-artigo-blog-1.jpg","articleSection":["Insight","Moda Portuguesa"],"inLanguage":"en-GB"},{"@type":"WebPage","@id":"https:\/\/www.prooptica.pt\/dia-internacional-da-moda-celebrar-o-estilo-atraves-do-olhar\/","url":"https:\/\/www.prooptica.pt\/dia-internacional-da-moda-celebrar-o-estilo-atraves-do-olhar\/","name":"International Fashion Day | Celebrating style through the eyes","isPartOf":{"@id":"https:\/\/www.prooptica.pt\/home\/#website"},"primaryImageOfPage":{"@id":"https:\/\/www.prooptica.pt\/dia-internacional-da-moda-celebrar-o-estilo-atraves-do-olhar\/#primaryimage"},"image":{"@id":"https:\/\/www.prooptica.pt\/dia-internacional-da-moda-celebrar-o-estilo-atraves-do-olhar\/#primaryimage"},"thumbnailUrl":"https:\/\/www.prooptica.pt\/wp-content\/uploads\/2025\/08\/Capa-artigo-blog-1.jpg","datePublished":"2025-08-21T12:29:35+00:00","author":{"@id":"https:\/\/www.prooptica.pt\/home\/#\/schema\/person\/1cbd826a9322a3c38a052e43d1638306"},"description":"For more than three decades, Prooptica has been committed to enhancing Portuguese and Iberian fashion through exclusive eyewear collections.","breadcrumb":{"@id":"https:\/\/www.prooptica.pt\/dia-internacional-da-moda-celebrar-o-estilo-atraves-do-olhar\/#breadcrumb"},"inLanguage":"en-GB","potentialAction":[{"@type":"ReadAction","target":["https:\/\/www.prooptica.pt\/dia-internacional-da-moda-celebrar-o-estilo-atraves-do-olhar\/"]}]},{"@type":"ImageObject","inLanguage":"en-GB","@id":"https:\/\/www.prooptica.pt\/dia-internacional-da-moda-celebrar-o-estilo-atraves-do-olhar\/#primaryimage","url":"https:\/\/www.prooptica.pt\/wp-content\/uploads\/2025\/08\/Capa-artigo-blog-1.jpg","contentUrl":"https:\/\/www.prooptica.pt\/wp-content\/uploads\/2025\/08\/Capa-artigo-blog-1.jpg","width":852,"height":514},{"@type":"BreadcrumbList","@id":"https:\/\/www.prooptica.pt\/dia-internacional-da-moda-celebrar-o-estilo-atraves-do-olhar\/#breadcrumb","itemListElement":[{"@type":"ListItem","position":1,"name":"In\u00edcio","item":"https:\/\/www.prooptica.pt\/"},{"@type":"ListItem","position":2,"name":"Dia Internacional da Moda | Celebrar o estilo atrav\u00e9s do olhar"}]},{"@type":"WebSite","@id":"https:\/\/www.prooptica.pt\/home\/#website","url":"https:\/\/www.prooptica.pt\/home\/","name":"Prooptica","description":"Full Eyewear Concept","potentialAction":[{"@type":"SearchAction","target":{"@type":"EntryPoint","urlTemplate":"https:\/\/www.prooptica.pt\/home\/?s={search_term_string}"},"query-input":{"@type":"PropertyValueSpecification","valueRequired":true,"valueName":"search_term_string"}}],"inLanguage":"en-GB"},{"@type":"Person","@id":"https:\/\/www.prooptica.pt\/home\/#\/schema\/person\/1cbd826a9322a3c38a052e43d1638306","name":"admin","image":{"@type":"ImageObject","inLanguage":"en-GB","@id":"https:\/\/secure.gravatar.com\/avatar\/528c714482569d81724b02603aa719344e9ad7c0b50becf07272b2086b2c1cfd?s=96&d=mm&r=g","url":"https:\/\/secure.gravatar.com\/avatar\/528c714482569d81724b02603aa719344e9ad7c0b50becf07272b2086b2c1cfd?s=96&d=mm&r=g","contentUrl":"https:\/\/secure.gravatar.com\/avatar\/528c714482569d81724b02603aa719344e9ad7c0b50becf07272b2086b2c1cfd?s=96&d=mm&r=g","caption":"admin"},"url":"https:\/\/www.prooptica.pt\/en\/author\/admin\/"}]}},"_links":{"self":[{"href":"https:\/\/www.prooptica.pt\/en\/wp-json\/wp\/v2\/posts\/23826","targetHints":{"allow":["GET"]}}],"collection":[{"href":"https:\/\/www.prooptica.pt\/en\/wp-json\/wp\/v2\/posts"}],"about":[{"href":"https:\/\/www.prooptica.pt\/en\/wp-json\/wp\/v2\/types\/post"}],"author":[{"embeddable":true,"href":"https:\/\/www.prooptica.pt\/en\/wp-json\/wp\/v2\/users\/2"}],"replies":[{"embeddable":true,"href":"https:\/\/www.prooptica.pt\/en\/wp-json\/wp\/v2\/comments?post=23826"}],"version-history":[{"count":1,"href":"https:\/\/www.prooptica.pt\/en\/wp-json\/wp\/v2\/posts\/23826\/revisions"}],"predecessor-version":[{"id":23828,"href":"https:\/\/www.prooptica.pt\/en\/wp-json\/wp\/v2\/posts\/23826\/revisions\/23828"}],"wp:featuredmedia":[{"embeddable":true,"href":"https:\/\/www.prooptica.pt\/en\/wp-json\/wp\/v2\/media\/23827"}],"wp:attachment":[{"href":"https:\/\/www.prooptica.pt\/en\/wp-json\/wp\/v2\/media?parent=23826"}],"wp:term":[{"taxonomy":"category","embeddable":true,"href":"https:\/\/www.prooptica.pt\/en\/wp-json\/wp\/v2\/categories?post=23826"},{"taxonomy":"post_tag","embeddable":true,"href":"https:\/\/www.prooptica.pt\/en\/wp-json\/wp\/v2\/tags?post=23826"}],"curies":[{"name":"wp","href":"https:\/\/api.w.org\/{rel}","templated":true}]}}