{"id":23875,"date":"2025-08-28T16:00:58","date_gmt":"2025-08-28T16:00:58","guid":{"rendered":"https:\/\/www.prooptica.pt\/?p=23875"},"modified":"2025-08-28T16:00:58","modified_gmt":"2025-08-28T16:00:58","slug":"piper-presents-the-new-back-to-school-collection-an-explosion-of-colour","status":"publish","type":"post","link":"https:\/\/www.prooptica.pt\/en\/piper-apresenta-a-nova-colecao-uma-explosao-de-cor-no-regresso-as-aulas\/","title":{"rendered":"Piper presents the new collection | An explosion of colour for back to school"},"content":{"rendered":"<p>Piper is launching its latest collection of children's glasses, inspired by the sweet and colourful world of sweets. A vibrant and energetic palette promises to make back-to-school an even more exciting and fun experience for the little ones.<\/p>\n<p>With irresistible colours, each model in the Piper collection stands out for its stylish design and personality. More than just an accessory, glasses become an expression of joy and confidence in everyday school life.<\/p>\n<p>In addition to its eye-catching aesthetics, Piper reinforces its commitment to quality: super comfortable and resistant models, designed to accompany every adventure and ensure that young explorers live every moment in safety and style.<\/p>\n<p>The new Piper collection celebrates childhood with lightness and creativity, transforming each pair of glasses into a real explosion of fun and reaffirms its mission to make children's glasses an element of fashion and personal expression, designed to accompany the unique rhythm and energy of each child.<\/p>\n<p style=\"text-align: center;\"><a href=\"https:\/\/loja.prooptica.pt\/wp-content\/uploads\/Catalogo-Piper-2025_LR-3.pdf\"><span style=\"color: #000000;\"><strong>Click here to find out all the news<\/strong><\/span><\/a><\/p>","protected":false},"excerpt":{"rendered":"<p>A Piper lan\u00e7a a sua mais recente cole\u00e7\u00e3o de \u00f3culos infantis, inspirada no universo doce e colorido das guloseimas. Uma paleta vibrante e cheia de energia promete transformar o regresso \u00e0s aulas numa experi\u00eancia ainda mais entusiasmante e divertida para os mais pequenos. Com cores irresist\u00edveis, cada modelo da cole\u00e7\u00e3o Piper destaca-se pelo design cheio [&hellip;]<\/p>\n","protected":false},"author":2,"featured_media":23876,"comment_status":"closed","ping_status":"closed","sticky":false,"template":"","format":"standard","meta":{"footnotes":""},"categories":[189],"tags":[],"class_list":["post-23875","post","type-post","status-publish","format-standard","has-post-thumbnail","hentry","category-oculos"],"yoast_head":"<!-- This site is optimized with the Yoast SEO plugin v27.5 - https:\/\/yoast.com\/product\/yoast-seo-wordpress\/ -->\n<title>Piper apresenta a nova cole\u00e7\u00e3o | Uma explos\u00e3o de cor<\/title>\n<meta name=\"description\" content=\"A Piper lan\u00e7a novos modelos super confort\u00e1veis e resistentes, pensados para acompanhar todas as aventuras dos nossos jovens exploradores.\" \/>\n<meta name=\"robots\" content=\"index, follow, max-snippet:-1, max-image-preview:large, max-video-preview:-1\" \/>\n<link rel=\"canonical\" href=\"https:\/\/www.prooptica.pt\/en\/piper-presents-the-new-back-to-school-collection-an-explosion-of-colour\/\" \/>\n<meta property=\"og:locale\" content=\"en_GB\" \/>\n<meta property=\"og:type\" content=\"article\" \/>\n<meta property=\"og:title\" content=\"Piper apresenta a nova cole\u00e7\u00e3o | Uma explos\u00e3o de cor\" \/>\n<meta property=\"og:description\" content=\"A Piper lan\u00e7a novos modelos super confort\u00e1veis e resistentes, pensados para acompanhar todas as aventuras dos nossos jovens exploradores.\" \/>\n<meta property=\"og:url\" content=\"https:\/\/www.prooptica.pt\/en\/piper-presents-the-new-back-to-school-collection-an-explosion-of-colour\/\" \/>\n<meta property=\"og:site_name\" content=\"Prooptica\" \/>\n<meta property=\"article:published_time\" content=\"2025-08-28T16:00:58+00:00\" \/>\n<meta property=\"og:image\" content=\"https:\/\/www.prooptica.pt\/wp-content\/uploads\/2025\/08\/Capa-artigo-blog-4.jpg\" \/>\n\t<meta property=\"og:image:width\" content=\"852\" \/>\n\t<meta property=\"og:image:height\" content=\"514\" \/>\n\t<meta property=\"og:image:type\" content=\"image\/jpeg\" \/>\n<meta name=\"author\" content=\"admin\" \/>\n<meta name=\"twitter:card\" content=\"summary_large_image\" \/>\n<meta name=\"twitter:label1\" content=\"Written by\" \/>\n\t<meta name=\"twitter:data1\" content=\"admin\" \/>\n\t<meta name=\"twitter:label2\" content=\"Estimated reading time\" \/>\n\t<meta name=\"twitter:data2\" content=\"2 minutes\" \/>\n<script type=\"application\/ld+json\" class=\"yoast-schema-graph\">{\"@context\":\"https:\\\/\\\/schema.org\",\"@graph\":[{\"@type\":\"Article\",\"@id\":\"https:\\\/\\\/www.prooptica.pt\\\/piper-apresenta-a-nova-colecao-uma-explosao-de-cor-no-regresso-as-aulas\\\/#article\",\"isPartOf\":{\"@id\":\"https:\\\/\\\/www.prooptica.pt\\\/piper-apresenta-a-nova-colecao-uma-explosao-de-cor-no-regresso-as-aulas\\\/\"},\"author\":{\"name\":\"admin\",\"@id\":\"https:\\\/\\\/www.prooptica.pt\\\/home\\\/#\\\/schema\\\/person\\\/1cbd826a9322a3c38a052e43d1638306\"},\"headline\":\"Piper apresenta a nova cole\u00e7\u00e3o | Uma explos\u00e3o de cor no regresso \u00e0s aulas\",\"datePublished\":\"2025-08-28T16:00:58+00:00\",\"mainEntityOfPage\":{\"@id\":\"https:\\\/\\\/www.prooptica.pt\\\/piper-apresenta-a-nova-colecao-uma-explosao-de-cor-no-regresso-as-aulas\\\/\"},\"wordCount\":208,\"image\":{\"@id\":\"https:\\\/\\\/www.prooptica.pt\\\/piper-apresenta-a-nova-colecao-uma-explosao-de-cor-no-regresso-as-aulas\\\/#primaryimage\"},\"thumbnailUrl\":\"https:\\\/\\\/www.prooptica.pt\\\/wp-content\\\/uploads\\\/2025\\\/08\\\/Capa-artigo-blog-4.jpg\",\"articleSection\":[\"\u00d3culos\"],\"inLanguage\":\"en-GB\"},{\"@type\":\"WebPage\",\"@id\":\"https:\\\/\\\/www.prooptica.pt\\\/piper-apresenta-a-nova-colecao-uma-explosao-de-cor-no-regresso-as-aulas\\\/\",\"url\":\"https:\\\/\\\/www.prooptica.pt\\\/piper-apresenta-a-nova-colecao-uma-explosao-de-cor-no-regresso-as-aulas\\\/\",\"name\":\"Piper apresenta a nova cole\u00e7\u00e3o | Uma explos\u00e3o de cor\",\"isPartOf\":{\"@id\":\"https:\\\/\\\/www.prooptica.pt\\\/home\\\/#website\"},\"primaryImageOfPage\":{\"@id\":\"https:\\\/\\\/www.prooptica.pt\\\/piper-apresenta-a-nova-colecao-uma-explosao-de-cor-no-regresso-as-aulas\\\/#primaryimage\"},\"image\":{\"@id\":\"https:\\\/\\\/www.prooptica.pt\\\/piper-apresenta-a-nova-colecao-uma-explosao-de-cor-no-regresso-as-aulas\\\/#primaryimage\"},\"thumbnailUrl\":\"https:\\\/\\\/www.prooptica.pt\\\/wp-content\\\/uploads\\\/2025\\\/08\\\/Capa-artigo-blog-4.jpg\",\"datePublished\":\"2025-08-28T16:00:58+00:00\",\"author\":{\"@id\":\"https:\\\/\\\/www.prooptica.pt\\\/home\\\/#\\\/schema\\\/person\\\/1cbd826a9322a3c38a052e43d1638306\"},\"description\":\"A Piper lan\u00e7a novos modelos super confort\u00e1veis e resistentes, pensados para acompanhar todas as aventuras dos nossos jovens exploradores.\",\"breadcrumb\":{\"@id\":\"https:\\\/\\\/www.prooptica.pt\\\/piper-apresenta-a-nova-colecao-uma-explosao-de-cor-no-regresso-as-aulas\\\/#breadcrumb\"},\"inLanguage\":\"en-GB\",\"potentialAction\":[{\"@type\":\"ReadAction\",\"target\":[\"https:\\\/\\\/www.prooptica.pt\\\/piper-apresenta-a-nova-colecao-uma-explosao-de-cor-no-regresso-as-aulas\\\/\"]}]},{\"@type\":\"ImageObject\",\"inLanguage\":\"en-GB\",\"@id\":\"https:\\\/\\\/www.prooptica.pt\\\/piper-apresenta-a-nova-colecao-uma-explosao-de-cor-no-regresso-as-aulas\\\/#primaryimage\",\"url\":\"https:\\\/\\\/www.prooptica.pt\\\/wp-content\\\/uploads\\\/2025\\\/08\\\/Capa-artigo-blog-4.jpg\",\"contentUrl\":\"https:\\\/\\\/www.prooptica.pt\\\/wp-content\\\/uploads\\\/2025\\\/08\\\/Capa-artigo-blog-4.jpg\",\"width\":852,\"height\":514},{\"@type\":\"BreadcrumbList\",\"@id\":\"https:\\\/\\\/www.prooptica.pt\\\/piper-apresenta-a-nova-colecao-uma-explosao-de-cor-no-regresso-as-aulas\\\/#breadcrumb\",\"itemListElement\":[{\"@type\":\"ListItem\",\"position\":1,\"name\":\"In\u00edcio\",\"item\":\"https:\\\/\\\/www.prooptica.pt\\\/\"},{\"@type\":\"ListItem\",\"position\":2,\"name\":\"Piper apresenta a nova cole\u00e7\u00e3o | Uma explos\u00e3o de cor no regresso \u00e0s aulas\"}]},{\"@type\":\"WebSite\",\"@id\":\"https:\\\/\\\/www.prooptica.pt\\\/home\\\/#website\",\"url\":\"https:\\\/\\\/www.prooptica.pt\\\/home\\\/\",\"name\":\"Prooptica\",\"description\":\"Full Eyewear Concept\",\"potentialAction\":[{\"@type\":\"SearchAction\",\"target\":{\"@type\":\"EntryPoint\",\"urlTemplate\":\"https:\\\/\\\/www.prooptica.pt\\\/home\\\/?s={search_term_string}\"},\"query-input\":{\"@type\":\"PropertyValueSpecification\",\"valueRequired\":true,\"valueName\":\"search_term_string\"}}],\"inLanguage\":\"en-GB\"},{\"@type\":\"Person\",\"@id\":\"https:\\\/\\\/www.prooptica.pt\\\/home\\\/#\\\/schema\\\/person\\\/1cbd826a9322a3c38a052e43d1638306\",\"name\":\"admin\",\"image\":{\"@type\":\"ImageObject\",\"inLanguage\":\"en-GB\",\"@id\":\"https:\\\/\\\/secure.gravatar.com\\\/avatar\\\/528c714482569d81724b02603aa719344e9ad7c0b50becf07272b2086b2c1cfd?s=96&d=mm&r=g\",\"url\":\"https:\\\/\\\/secure.gravatar.com\\\/avatar\\\/528c714482569d81724b02603aa719344e9ad7c0b50becf07272b2086b2c1cfd?s=96&d=mm&r=g\",\"contentUrl\":\"https:\\\/\\\/secure.gravatar.com\\\/avatar\\\/528c714482569d81724b02603aa719344e9ad7c0b50becf07272b2086b2c1cfd?s=96&d=mm&r=g\",\"caption\":\"admin\"},\"url\":\"https:\\\/\\\/www.prooptica.pt\\\/en\\\/author\\\/admin\\\/\"}]}<\/script>\n<!-- \/ Yoast SEO plugin. -->","yoast_head_json":{"title":"Piper presents the new collection | An explosion of colour","description":"Piper is launching new models that are super comfortable and resistant, designed to accompany all the adventures of our young explorers.","robots":{"index":"index","follow":"follow","max-snippet":"max-snippet:-1","max-image-preview":"max-image-preview:large","max-video-preview":"max-video-preview:-1"},"canonical":"https:\/\/www.prooptica.pt\/en\/piper-presents-the-new-back-to-school-collection-an-explosion-of-colour\/","og_locale":"en_GB","og_type":"article","og_title":"Piper apresenta a nova cole\u00e7\u00e3o | Uma explos\u00e3o de cor","og_description":"A Piper lan\u00e7a novos modelos super confort\u00e1veis e resistentes, pensados para acompanhar todas as aventuras dos nossos jovens exploradores.","og_url":"https:\/\/www.prooptica.pt\/en\/piper-presents-the-new-back-to-school-collection-an-explosion-of-colour\/","og_site_name":"Prooptica","article_published_time":"2025-08-28T16:00:58+00:00","og_image":[{"width":852,"height":514,"url":"https:\/\/www.prooptica.pt\/wp-content\/uploads\/2025\/08\/Capa-artigo-blog-4.jpg","type":"image\/jpeg"}],"author":"admin","twitter_card":"summary_large_image","twitter_misc":{"Written by":"admin","Estimated reading time":"2 minutes"},"schema":{"@context":"https:\/\/schema.org","@graph":[{"@type":"Article","@id":"https:\/\/www.prooptica.pt\/piper-apresenta-a-nova-colecao-uma-explosao-de-cor-no-regresso-as-aulas\/#article","isPartOf":{"@id":"https:\/\/www.prooptica.pt\/piper-apresenta-a-nova-colecao-uma-explosao-de-cor-no-regresso-as-aulas\/"},"author":{"name":"admin","@id":"https:\/\/www.prooptica.pt\/home\/#\/schema\/person\/1cbd826a9322a3c38a052e43d1638306"},"headline":"Piper apresenta a nova cole\u00e7\u00e3o | Uma explos\u00e3o de cor no regresso \u00e0s aulas","datePublished":"2025-08-28T16:00:58+00:00","mainEntityOfPage":{"@id":"https:\/\/www.prooptica.pt\/piper-apresenta-a-nova-colecao-uma-explosao-de-cor-no-regresso-as-aulas\/"},"wordCount":208,"image":{"@id":"https:\/\/www.prooptica.pt\/piper-apresenta-a-nova-colecao-uma-explosao-de-cor-no-regresso-as-aulas\/#primaryimage"},"thumbnailUrl":"https:\/\/www.prooptica.pt\/wp-content\/uploads\/2025\/08\/Capa-artigo-blog-4.jpg","articleSection":["\u00d3culos"],"inLanguage":"en-GB"},{"@type":"WebPage","@id":"https:\/\/www.prooptica.pt\/piper-apresenta-a-nova-colecao-uma-explosao-de-cor-no-regresso-as-aulas\/","url":"https:\/\/www.prooptica.pt\/piper-apresenta-a-nova-colecao-uma-explosao-de-cor-no-regresso-as-aulas\/","name":"Piper presents the new collection | An explosion of colour","isPartOf":{"@id":"https:\/\/www.prooptica.pt\/home\/#website"},"primaryImageOfPage":{"@id":"https:\/\/www.prooptica.pt\/piper-apresenta-a-nova-colecao-uma-explosao-de-cor-no-regresso-as-aulas\/#primaryimage"},"image":{"@id":"https:\/\/www.prooptica.pt\/piper-apresenta-a-nova-colecao-uma-explosao-de-cor-no-regresso-as-aulas\/#primaryimage"},"thumbnailUrl":"https:\/\/www.prooptica.pt\/wp-content\/uploads\/2025\/08\/Capa-artigo-blog-4.jpg","datePublished":"2025-08-28T16:00:58+00:00","author":{"@id":"https:\/\/www.prooptica.pt\/home\/#\/schema\/person\/1cbd826a9322a3c38a052e43d1638306"},"description":"Piper is launching new models that are super comfortable and resistant, designed to accompany all the adventures of our young explorers.","breadcrumb":{"@id":"https:\/\/www.prooptica.pt\/piper-apresenta-a-nova-colecao-uma-explosao-de-cor-no-regresso-as-aulas\/#breadcrumb"},"inLanguage":"en-GB","potentialAction":[{"@type":"ReadAction","target":["https:\/\/www.prooptica.pt\/piper-apresenta-a-nova-colecao-uma-explosao-de-cor-no-regresso-as-aulas\/"]}]},{"@type":"ImageObject","inLanguage":"en-GB","@id":"https:\/\/www.prooptica.pt\/piper-apresenta-a-nova-colecao-uma-explosao-de-cor-no-regresso-as-aulas\/#primaryimage","url":"https:\/\/www.prooptica.pt\/wp-content\/uploads\/2025\/08\/Capa-artigo-blog-4.jpg","contentUrl":"https:\/\/www.prooptica.pt\/wp-content\/uploads\/2025\/08\/Capa-artigo-blog-4.jpg","width":852,"height":514},{"@type":"BreadcrumbList","@id":"https:\/\/www.prooptica.pt\/piper-apresenta-a-nova-colecao-uma-explosao-de-cor-no-regresso-as-aulas\/#breadcrumb","itemListElement":[{"@type":"ListItem","position":1,"name":"In\u00edcio","item":"https:\/\/www.prooptica.pt\/"},{"@type":"ListItem","position":2,"name":"Piper apresenta a nova cole\u00e7\u00e3o | Uma explos\u00e3o de cor no regresso \u00e0s aulas"}]},{"@type":"WebSite","@id":"https:\/\/www.prooptica.pt\/home\/#website","url":"https:\/\/www.prooptica.pt\/home\/","name":"Prooptica","description":"Full Eyewear Concept","potentialAction":[{"@type":"SearchAction","target":{"@type":"EntryPoint","urlTemplate":"https:\/\/www.prooptica.pt\/home\/?s={search_term_string}"},"query-input":{"@type":"PropertyValueSpecification","valueRequired":true,"valueName":"search_term_string"}}],"inLanguage":"en-GB"},{"@type":"Person","@id":"https:\/\/www.prooptica.pt\/home\/#\/schema\/person\/1cbd826a9322a3c38a052e43d1638306","name":"admin","image":{"@type":"ImageObject","inLanguage":"en-GB","@id":"https:\/\/secure.gravatar.com\/avatar\/528c714482569d81724b02603aa719344e9ad7c0b50becf07272b2086b2c1cfd?s=96&d=mm&r=g","url":"https:\/\/secure.gravatar.com\/avatar\/528c714482569d81724b02603aa719344e9ad7c0b50becf07272b2086b2c1cfd?s=96&d=mm&r=g","contentUrl":"https:\/\/secure.gravatar.com\/avatar\/528c714482569d81724b02603aa719344e9ad7c0b50becf07272b2086b2c1cfd?s=96&d=mm&r=g","caption":"admin"},"url":"https:\/\/www.prooptica.pt\/en\/author\/admin\/"}]}},"_links":{"self":[{"href":"https:\/\/www.prooptica.pt\/en\/wp-json\/wp\/v2\/posts\/23875","targetHints":{"allow":["GET"]}}],"collection":[{"href":"https:\/\/www.prooptica.pt\/en\/wp-json\/wp\/v2\/posts"}],"about":[{"href":"https:\/\/www.prooptica.pt\/en\/wp-json\/wp\/v2\/types\/post"}],"author":[{"embeddable":true,"href":"https:\/\/www.prooptica.pt\/en\/wp-json\/wp\/v2\/users\/2"}],"replies":[{"embeddable":true,"href":"https:\/\/www.prooptica.pt\/en\/wp-json\/wp\/v2\/comments?post=23875"}],"version-history":[{"count":1,"href":"https:\/\/www.prooptica.pt\/en\/wp-json\/wp\/v2\/posts\/23875\/revisions"}],"predecessor-version":[{"id":23877,"href":"https:\/\/www.prooptica.pt\/en\/wp-json\/wp\/v2\/posts\/23875\/revisions\/23877"}],"wp:featuredmedia":[{"embeddable":true,"href":"https:\/\/www.prooptica.pt\/en\/wp-json\/wp\/v2\/media\/23876"}],"wp:attachment":[{"href":"https:\/\/www.prooptica.pt\/en\/wp-json\/wp\/v2\/media?parent=23875"}],"wp:term":[{"taxonomy":"category","embeddable":true,"href":"https:\/\/www.prooptica.pt\/en\/wp-json\/wp\/v2\/categories?post=23875"},{"taxonomy":"post_tag","embeddable":true,"href":"https:\/\/www.prooptica.pt\/en\/wp-json\/wp\/v2\/tags?post=23875"}],"curies":[{"name":"wp","href":"https:\/\/api.w.org\/{rel}","templated":true}]}}