{"id":23923,"date":"2025-09-05T15:24:31","date_gmt":"2025-09-05T15:24:31","guid":{"rendered":"https:\/\/www.prooptica.pt\/?p=23923"},"modified":"2025-09-05T15:29:32","modified_gmt":"2025-09-05T15:29:32","slug":"progear-eyeguard-protection-and-performance-for-athletes-of-all-disciplines","status":"publish","type":"post","link":"https:\/\/www.prooptica.pt\/en\/progear-eyeguard-protecao-e-desempenho-para-atletas-de-todas-as-modalidades\/","title":{"rendered":"Progear Eyeguard | Protection and performance for athletes of all disciplines"},"content":{"rendered":"<p>Progear Eyeguard presents its range of protective eyewear, specially developed for those who play sport intensely. Created to meet the demands of athletes, the models combine advanced technology, high impact resistance materials and an innovative design, guaranteeing maximum safety in any sporting practice.<\/p>\n<p>More than just protection, the Progear Eyeguard goggles are designed for comfort and ergonomics. With robust frames and an adjustable design, they provide a stable and secure fit, even during high-intensity movements.<\/p>\n<p>The fusion of performance, protection and reliability makes the Progear Eyeguard an indispensable choice for athletes looking to push the limits without compromising their safety.<\/p>\n<p>With Progear Eyeguard, every challenge is met with maximum confidence and protection.<\/p>\n<p style=\"text-align: center;\"><a href=\"https:\/\/loja.prooptica.pt\/wp-content\/uploads\/Progear-Brochura-2024.pdf\" target=\"_blank\" rel=\"noopener\"><span style=\"color: #000000;\"><strong>Click here to discover the collection<\/strong><\/span><\/a><\/p>","protected":false},"excerpt":{"rendered":"<p>A Progear Eyeguard apresenta a sua linha de \u00f3culos de prote\u00e7\u00e3o, especialmente desenvolvida para quem vive o desporto de forma intensa. Criados para responder \u00e0s exig\u00eancias dos atletas, os modelos combinam tecnologia avan\u00e7ada, materiais de alta resist\u00eancia ao impacto e um design inovador, garantindo m\u00e1xima seguran\u00e7a em qualquer pr\u00e1tica desportiva. Mais do que prote\u00e7\u00e3o, os [&hellip;]<\/p>\n","protected":false},"author":2,"featured_media":23924,"comment_status":"closed","ping_status":"closed","sticky":false,"template":"","format":"standard","meta":{"footnotes":""},"categories":[189],"tags":[],"class_list":["post-23923","post","type-post","status-publish","format-standard","has-post-thumbnail","hentry","category-oculos"],"yoast_head":"<!-- This site is optimized with the Yoast SEO plugin v27.4 - https:\/\/yoast.com\/product\/yoast-seo-wordpress\/ -->\n<title>Progear Eyeguard | Prote\u00e7\u00e3o e desempenho<\/title>\n<meta name=\"description\" content=\"A fus\u00e3o entre desempenho, prote\u00e7\u00e3o e confian\u00e7a faz da Progear Eyeguard uma escolha indispens\u00e1vel para atletas que procuram ir al\u00e9m dos limites\" \/>\n<meta name=\"robots\" content=\"index, follow, max-snippet:-1, max-image-preview:large, max-video-preview:-1\" \/>\n<link rel=\"canonical\" href=\"https:\/\/www.prooptica.pt\/en\/progear-eyeguard-protection-and-performance-for-athletes-of-all-disciplines\/\" \/>\n<meta property=\"og:locale\" content=\"en_GB\" \/>\n<meta property=\"og:type\" content=\"article\" \/>\n<meta property=\"og:title\" content=\"Progear Eyeguard | Prote\u00e7\u00e3o e desempenho\" \/>\n<meta property=\"og:description\" content=\"A fus\u00e3o entre desempenho, prote\u00e7\u00e3o e confian\u00e7a faz da Progear Eyeguard uma escolha indispens\u00e1vel para atletas que procuram ir al\u00e9m dos limites\" \/>\n<meta property=\"og:url\" content=\"https:\/\/www.prooptica.pt\/en\/progear-eyeguard-protection-and-performance-for-athletes-of-all-disciplines\/\" \/>\n<meta property=\"og:site_name\" content=\"Prooptica\" \/>\n<meta property=\"article:published_time\" content=\"2025-09-05T15:24:31+00:00\" \/>\n<meta property=\"article:modified_time\" content=\"2025-09-05T15:29:32+00:00\" \/>\n<meta property=\"og:image\" content=\"https:\/\/www.prooptica.pt\/wp-content\/uploads\/2025\/09\/Capa-artigo-blog-1.jpg\" \/>\n\t<meta property=\"og:image:width\" content=\"852\" \/>\n\t<meta property=\"og:image:height\" content=\"514\" \/>\n\t<meta property=\"og:image:type\" content=\"image\/jpeg\" \/>\n<meta name=\"author\" content=\"admin\" \/>\n<meta name=\"twitter:card\" content=\"summary_large_image\" \/>\n<meta name=\"twitter:label1\" content=\"Written by\" \/>\n\t<meta name=\"twitter:data1\" content=\"admin\" \/>\n\t<meta name=\"twitter:label2\" content=\"Estimated reading time\" \/>\n\t<meta name=\"twitter:data2\" content=\"1 minute\" \/>\n<script type=\"application\/ld+json\" class=\"yoast-schema-graph\">{\"@context\":\"https:\\\/\\\/schema.org\",\"@graph\":[{\"@type\":\"Article\",\"@id\":\"https:\\\/\\\/www.prooptica.pt\\\/progear-eyeguard-protecao-e-desempenho-para-atletas-de-todas-as-modalidades\\\/#article\",\"isPartOf\":{\"@id\":\"https:\\\/\\\/www.prooptica.pt\\\/progear-eyeguard-protecao-e-desempenho-para-atletas-de-todas-as-modalidades\\\/\"},\"author\":{\"name\":\"admin\",\"@id\":\"https:\\\/\\\/www.prooptica.pt\\\/home\\\/#\\\/schema\\\/person\\\/1cbd826a9322a3c38a052e43d1638306\"},\"headline\":\"Progear Eyeguard | Prote\u00e7\u00e3o e desempenho para atletas de todas as modalidades\",\"datePublished\":\"2025-09-05T15:24:31+00:00\",\"dateModified\":\"2025-09-05T15:29:32+00:00\",\"mainEntityOfPage\":{\"@id\":\"https:\\\/\\\/www.prooptica.pt\\\/progear-eyeguard-protecao-e-desempenho-para-atletas-de-todas-as-modalidades\\\/\"},\"wordCount\":160,\"image\":{\"@id\":\"https:\\\/\\\/www.prooptica.pt\\\/progear-eyeguard-protecao-e-desempenho-para-atletas-de-todas-as-modalidades\\\/#primaryimage\"},\"thumbnailUrl\":\"https:\\\/\\\/www.prooptica.pt\\\/wp-content\\\/uploads\\\/2025\\\/09\\\/Capa-artigo-blog-1.jpg\",\"articleSection\":[\"\u00d3culos\"],\"inLanguage\":\"en-GB\"},{\"@type\":\"WebPage\",\"@id\":\"https:\\\/\\\/www.prooptica.pt\\\/progear-eyeguard-protecao-e-desempenho-para-atletas-de-todas-as-modalidades\\\/\",\"url\":\"https:\\\/\\\/www.prooptica.pt\\\/progear-eyeguard-protecao-e-desempenho-para-atletas-de-todas-as-modalidades\\\/\",\"name\":\"Progear Eyeguard | Prote\u00e7\u00e3o e desempenho\",\"isPartOf\":{\"@id\":\"https:\\\/\\\/www.prooptica.pt\\\/home\\\/#website\"},\"primaryImageOfPage\":{\"@id\":\"https:\\\/\\\/www.prooptica.pt\\\/progear-eyeguard-protecao-e-desempenho-para-atletas-de-todas-as-modalidades\\\/#primaryimage\"},\"image\":{\"@id\":\"https:\\\/\\\/www.prooptica.pt\\\/progear-eyeguard-protecao-e-desempenho-para-atletas-de-todas-as-modalidades\\\/#primaryimage\"},\"thumbnailUrl\":\"https:\\\/\\\/www.prooptica.pt\\\/wp-content\\\/uploads\\\/2025\\\/09\\\/Capa-artigo-blog-1.jpg\",\"datePublished\":\"2025-09-05T15:24:31+00:00\",\"dateModified\":\"2025-09-05T15:29:32+00:00\",\"author\":{\"@id\":\"https:\\\/\\\/www.prooptica.pt\\\/home\\\/#\\\/schema\\\/person\\\/1cbd826a9322a3c38a052e43d1638306\"},\"description\":\"A fus\u00e3o entre desempenho, prote\u00e7\u00e3o e confian\u00e7a faz da Progear Eyeguard uma escolha indispens\u00e1vel para atletas que procuram ir al\u00e9m dos limites\",\"breadcrumb\":{\"@id\":\"https:\\\/\\\/www.prooptica.pt\\\/progear-eyeguard-protecao-e-desempenho-para-atletas-de-todas-as-modalidades\\\/#breadcrumb\"},\"inLanguage\":\"en-GB\",\"potentialAction\":[{\"@type\":\"ReadAction\",\"target\":[\"https:\\\/\\\/www.prooptica.pt\\\/progear-eyeguard-protecao-e-desempenho-para-atletas-de-todas-as-modalidades\\\/\"]}]},{\"@type\":\"ImageObject\",\"inLanguage\":\"en-GB\",\"@id\":\"https:\\\/\\\/www.prooptica.pt\\\/progear-eyeguard-protecao-e-desempenho-para-atletas-de-todas-as-modalidades\\\/#primaryimage\",\"url\":\"https:\\\/\\\/www.prooptica.pt\\\/wp-content\\\/uploads\\\/2025\\\/09\\\/Capa-artigo-blog-1.jpg\",\"contentUrl\":\"https:\\\/\\\/www.prooptica.pt\\\/wp-content\\\/uploads\\\/2025\\\/09\\\/Capa-artigo-blog-1.jpg\",\"width\":852,\"height\":514},{\"@type\":\"BreadcrumbList\",\"@id\":\"https:\\\/\\\/www.prooptica.pt\\\/progear-eyeguard-protecao-e-desempenho-para-atletas-de-todas-as-modalidades\\\/#breadcrumb\",\"itemListElement\":[{\"@type\":\"ListItem\",\"position\":1,\"name\":\"In\u00edcio\",\"item\":\"https:\\\/\\\/www.prooptica.pt\\\/\"},{\"@type\":\"ListItem\",\"position\":2,\"name\":\"Progear Eyeguard | Prote\u00e7\u00e3o e desempenho para atletas de todas as modalidades\"}]},{\"@type\":\"WebSite\",\"@id\":\"https:\\\/\\\/www.prooptica.pt\\\/home\\\/#website\",\"url\":\"https:\\\/\\\/www.prooptica.pt\\\/home\\\/\",\"name\":\"Prooptica\",\"description\":\"Full Eyewear Concept\",\"potentialAction\":[{\"@type\":\"SearchAction\",\"target\":{\"@type\":\"EntryPoint\",\"urlTemplate\":\"https:\\\/\\\/www.prooptica.pt\\\/home\\\/?s={search_term_string}\"},\"query-input\":{\"@type\":\"PropertyValueSpecification\",\"valueRequired\":true,\"valueName\":\"search_term_string\"}}],\"inLanguage\":\"en-GB\"},{\"@type\":\"Person\",\"@id\":\"https:\\\/\\\/www.prooptica.pt\\\/home\\\/#\\\/schema\\\/person\\\/1cbd826a9322a3c38a052e43d1638306\",\"name\":\"admin\",\"image\":{\"@type\":\"ImageObject\",\"inLanguage\":\"en-GB\",\"@id\":\"https:\\\/\\\/secure.gravatar.com\\\/avatar\\\/528c714482569d81724b02603aa719344e9ad7c0b50becf07272b2086b2c1cfd?s=96&d=mm&r=g\",\"url\":\"https:\\\/\\\/secure.gravatar.com\\\/avatar\\\/528c714482569d81724b02603aa719344e9ad7c0b50becf07272b2086b2c1cfd?s=96&d=mm&r=g\",\"contentUrl\":\"https:\\\/\\\/secure.gravatar.com\\\/avatar\\\/528c714482569d81724b02603aa719344e9ad7c0b50becf07272b2086b2c1cfd?s=96&d=mm&r=g\",\"caption\":\"admin\"},\"url\":\"https:\\\/\\\/www.prooptica.pt\\\/en\\\/author\\\/admin\\\/\"}]}<\/script>\n<!-- \/ Yoast SEO plugin. -->","yoast_head_json":{"title":"Progear Eyeguard | Protection and performance","description":"The fusion of performance, protection and reliability makes the Progear Eyeguard an indispensable choice for athletes looking to push the limits","robots":{"index":"index","follow":"follow","max-snippet":"max-snippet:-1","max-image-preview":"max-image-preview:large","max-video-preview":"max-video-preview:-1"},"canonical":"https:\/\/www.prooptica.pt\/en\/progear-eyeguard-protection-and-performance-for-athletes-of-all-disciplines\/","og_locale":"en_GB","og_type":"article","og_title":"Progear Eyeguard | Prote\u00e7\u00e3o e desempenho","og_description":"A fus\u00e3o entre desempenho, prote\u00e7\u00e3o e confian\u00e7a faz da Progear Eyeguard uma escolha indispens\u00e1vel para atletas que procuram ir al\u00e9m dos limites","og_url":"https:\/\/www.prooptica.pt\/en\/progear-eyeguard-protection-and-performance-for-athletes-of-all-disciplines\/","og_site_name":"Prooptica","article_published_time":"2025-09-05T15:24:31+00:00","article_modified_time":"2025-09-05T15:29:32+00:00","og_image":[{"width":852,"height":514,"url":"https:\/\/www.prooptica.pt\/wp-content\/uploads\/2025\/09\/Capa-artigo-blog-1.jpg","type":"image\/jpeg"}],"author":"admin","twitter_card":"summary_large_image","twitter_misc":{"Written by":"admin","Estimated reading time":"1 minute"},"schema":{"@context":"https:\/\/schema.org","@graph":[{"@type":"Article","@id":"https:\/\/www.prooptica.pt\/progear-eyeguard-protecao-e-desempenho-para-atletas-de-todas-as-modalidades\/#article","isPartOf":{"@id":"https:\/\/www.prooptica.pt\/progear-eyeguard-protecao-e-desempenho-para-atletas-de-todas-as-modalidades\/"},"author":{"name":"admin","@id":"https:\/\/www.prooptica.pt\/home\/#\/schema\/person\/1cbd826a9322a3c38a052e43d1638306"},"headline":"Progear Eyeguard | Prote\u00e7\u00e3o e desempenho para atletas de todas as modalidades","datePublished":"2025-09-05T15:24:31+00:00","dateModified":"2025-09-05T15:29:32+00:00","mainEntityOfPage":{"@id":"https:\/\/www.prooptica.pt\/progear-eyeguard-protecao-e-desempenho-para-atletas-de-todas-as-modalidades\/"},"wordCount":160,"image":{"@id":"https:\/\/www.prooptica.pt\/progear-eyeguard-protecao-e-desempenho-para-atletas-de-todas-as-modalidades\/#primaryimage"},"thumbnailUrl":"https:\/\/www.prooptica.pt\/wp-content\/uploads\/2025\/09\/Capa-artigo-blog-1.jpg","articleSection":["\u00d3culos"],"inLanguage":"en-GB"},{"@type":"WebPage","@id":"https:\/\/www.prooptica.pt\/progear-eyeguard-protecao-e-desempenho-para-atletas-de-todas-as-modalidades\/","url":"https:\/\/www.prooptica.pt\/progear-eyeguard-protecao-e-desempenho-para-atletas-de-todas-as-modalidades\/","name":"Progear Eyeguard | Protection and performance","isPartOf":{"@id":"https:\/\/www.prooptica.pt\/home\/#website"},"primaryImageOfPage":{"@id":"https:\/\/www.prooptica.pt\/progear-eyeguard-protecao-e-desempenho-para-atletas-de-todas-as-modalidades\/#primaryimage"},"image":{"@id":"https:\/\/www.prooptica.pt\/progear-eyeguard-protecao-e-desempenho-para-atletas-de-todas-as-modalidades\/#primaryimage"},"thumbnailUrl":"https:\/\/www.prooptica.pt\/wp-content\/uploads\/2025\/09\/Capa-artigo-blog-1.jpg","datePublished":"2025-09-05T15:24:31+00:00","dateModified":"2025-09-05T15:29:32+00:00","author":{"@id":"https:\/\/www.prooptica.pt\/home\/#\/schema\/person\/1cbd826a9322a3c38a052e43d1638306"},"description":"The fusion of performance, protection and reliability makes the Progear Eyeguard an indispensable choice for athletes looking to push the limits","breadcrumb":{"@id":"https:\/\/www.prooptica.pt\/progear-eyeguard-protecao-e-desempenho-para-atletas-de-todas-as-modalidades\/#breadcrumb"},"inLanguage":"en-GB","potentialAction":[{"@type":"ReadAction","target":["https:\/\/www.prooptica.pt\/progear-eyeguard-protecao-e-desempenho-para-atletas-de-todas-as-modalidades\/"]}]},{"@type":"ImageObject","inLanguage":"en-GB","@id":"https:\/\/www.prooptica.pt\/progear-eyeguard-protecao-e-desempenho-para-atletas-de-todas-as-modalidades\/#primaryimage","url":"https:\/\/www.prooptica.pt\/wp-content\/uploads\/2025\/09\/Capa-artigo-blog-1.jpg","contentUrl":"https:\/\/www.prooptica.pt\/wp-content\/uploads\/2025\/09\/Capa-artigo-blog-1.jpg","width":852,"height":514},{"@type":"BreadcrumbList","@id":"https:\/\/www.prooptica.pt\/progear-eyeguard-protecao-e-desempenho-para-atletas-de-todas-as-modalidades\/#breadcrumb","itemListElement":[{"@type":"ListItem","position":1,"name":"In\u00edcio","item":"https:\/\/www.prooptica.pt\/"},{"@type":"ListItem","position":2,"name":"Progear Eyeguard | Prote\u00e7\u00e3o e desempenho para atletas de todas as modalidades"}]},{"@type":"WebSite","@id":"https:\/\/www.prooptica.pt\/home\/#website","url":"https:\/\/www.prooptica.pt\/home\/","name":"Prooptica","description":"Full Eyewear Concept","potentialAction":[{"@type":"SearchAction","target":{"@type":"EntryPoint","urlTemplate":"https:\/\/www.prooptica.pt\/home\/?s={search_term_string}"},"query-input":{"@type":"PropertyValueSpecification","valueRequired":true,"valueName":"search_term_string"}}],"inLanguage":"en-GB"},{"@type":"Person","@id":"https:\/\/www.prooptica.pt\/home\/#\/schema\/person\/1cbd826a9322a3c38a052e43d1638306","name":"admin","image":{"@type":"ImageObject","inLanguage":"en-GB","@id":"https:\/\/secure.gravatar.com\/avatar\/528c714482569d81724b02603aa719344e9ad7c0b50becf07272b2086b2c1cfd?s=96&d=mm&r=g","url":"https:\/\/secure.gravatar.com\/avatar\/528c714482569d81724b02603aa719344e9ad7c0b50becf07272b2086b2c1cfd?s=96&d=mm&r=g","contentUrl":"https:\/\/secure.gravatar.com\/avatar\/528c714482569d81724b02603aa719344e9ad7c0b50becf07272b2086b2c1cfd?s=96&d=mm&r=g","caption":"admin"},"url":"https:\/\/www.prooptica.pt\/en\/author\/admin\/"}]}},"_links":{"self":[{"href":"https:\/\/www.prooptica.pt\/en\/wp-json\/wp\/v2\/posts\/23923","targetHints":{"allow":["GET"]}}],"collection":[{"href":"https:\/\/www.prooptica.pt\/en\/wp-json\/wp\/v2\/posts"}],"about":[{"href":"https:\/\/www.prooptica.pt\/en\/wp-json\/wp\/v2\/types\/post"}],"author":[{"embeddable":true,"href":"https:\/\/www.prooptica.pt\/en\/wp-json\/wp\/v2\/users\/2"}],"replies":[{"embeddable":true,"href":"https:\/\/www.prooptica.pt\/en\/wp-json\/wp\/v2\/comments?post=23923"}],"version-history":[{"count":2,"href":"https:\/\/www.prooptica.pt\/en\/wp-json\/wp\/v2\/posts\/23923\/revisions"}],"predecessor-version":[{"id":23927,"href":"https:\/\/www.prooptica.pt\/en\/wp-json\/wp\/v2\/posts\/23923\/revisions\/23927"}],"wp:featuredmedia":[{"embeddable":true,"href":"https:\/\/www.prooptica.pt\/en\/wp-json\/wp\/v2\/media\/23924"}],"wp:attachment":[{"href":"https:\/\/www.prooptica.pt\/en\/wp-json\/wp\/v2\/media?parent=23923"}],"wp:term":[{"taxonomy":"category","embeddable":true,"href":"https:\/\/www.prooptica.pt\/en\/wp-json\/wp\/v2\/categories?post=23923"},{"taxonomy":"post_tag","embeddable":true,"href":"https:\/\/www.prooptica.pt\/en\/wp-json\/wp\/v2\/tags?post=23923"}],"curies":[{"name":"wp","href":"https:\/\/api.w.org\/{rel}","templated":true}]}}