{"id":24099,"date":"2025-09-22T15:34:50","date_gmt":"2025-09-22T15:34:50","guid":{"rendered":"https:\/\/www.prooptica.pt\/?p=24099"},"modified":"2025-09-22T15:47:09","modified_gmt":"2025-09-22T15:47:09","slug":"world-sustainability-day-proopticas-commitment-to-a-greener-future","status":"publish","type":"post","link":"https:\/\/www.prooptica.pt\/en\/dia-mundial-da-sustentabilidade-o-compromisso-prooptica-com-um-futuro-mais-verde\/","title":{"rendered":"World Sustainability Day | Prooptica's commitment to a greener future"},"content":{"rendered":"<p>World Sustainability Day is an opportunity to reflect on the way we live, produce and consume. In a world marked by increasingly urgent environmental and social challenges, the role of companies goes far beyond economic success. Being sustainable is an imperative today, not just to meet market and consumer expectations, but above all to guarantee a more balanced and responsible future for everyone.<\/p>\n<p>At Prooptica, we take this commitment as part of our identity. We believe that every decision counts: from the choice of partners and materials to the way we communicate and interact with the community. Our ESG (Environmental, Social and Governance) commitment reflects our conviction that it is possible to grow ethically, transparently and sustainably, taking care of the planet, people and the innovation that drives the sector.<\/p>\n<p>One of the pillars of this commitment is our link with Sociedade Ponto Verde, with whom we share the mission of promoting recycling and the circular economy. We believe that supporting this cause is fundamental to reducing environmental impact, giving new life to waste and building a more conscious and responsible society.<\/p>\n<p>More than a trend, sustainability is a shared responsibility. It's up to companies to lead by example, investing in responsible practices that promote the reduction of environmental impact, the valorisation of employees and consumer confidence.<\/p>\n<p>On this World Sustainability Day, we reinforce our determination to continue investing in solutions and initiatives that promote this purpose, because we believe that the future can only be built with a sustainable vision.<\/p>","protected":false},"excerpt":{"rendered":"<p>O Dia Mundial da Sustentabilidade \u00e9 uma oportunidade para refletirmos sobre a forma como vivemos, produzimos e consumimos. Num mundo marcado por desafios ambientais e sociais cada vez mais urgentes, o papel das empresas vai muito al\u00e9m do sucesso econ\u00f3mico. Ser sustent\u00e1vel \u00e9 hoje um imperativo, n\u00e3o apenas para responder \u00e0s expectativas do mercado e [&hellip;]<\/p>\n","protected":false},"author":2,"featured_media":24100,"comment_status":"closed","ping_status":"closed","sticky":false,"template":"","format":"standard","meta":{"footnotes":""},"categories":[197],"tags":[],"class_list":["post-24099","post","type-post","status-publish","format-standard","has-post-thumbnail","hentry","category-sustentabilidade"],"yoast_head":"<!-- This site is optimized with the Yoast SEO plugin v27.4 - https:\/\/yoast.com\/product\/yoast-seo-wordpress\/ -->\n<title>Dia Mundial da Sustentabilidade | O compromisso Prooptica<\/title>\n<meta name=\"description\" content=\"A Prooptica refor\u00e7a a determina\u00e7\u00e3o em investir nestas iniciativas, porque acredita que o futuro s\u00f3 pode ser constru\u00eddo com vis\u00e3o sustent\u00e1vel.\" \/>\n<meta name=\"robots\" content=\"index, follow, max-snippet:-1, max-image-preview:large, max-video-preview:-1\" \/>\n<link rel=\"canonical\" href=\"https:\/\/www.prooptica.pt\/en\/world-sustainability-day-proopticas-commitment-to-a-greener-future\/\" \/>\n<meta property=\"og:locale\" content=\"en_GB\" \/>\n<meta property=\"og:type\" content=\"article\" \/>\n<meta property=\"og:title\" content=\"Dia Mundial da Sustentabilidade | O compromisso Prooptica\" \/>\n<meta property=\"og:description\" content=\"A Prooptica refor\u00e7a a determina\u00e7\u00e3o em investir nestas iniciativas, porque acredita que o futuro s\u00f3 pode ser constru\u00eddo com vis\u00e3o sustent\u00e1vel.\" \/>\n<meta property=\"og:url\" content=\"https:\/\/www.prooptica.pt\/en\/world-sustainability-day-proopticas-commitment-to-a-greener-future\/\" \/>\n<meta property=\"og:site_name\" content=\"Prooptica\" \/>\n<meta property=\"article:published_time\" content=\"2025-09-22T15:34:50+00:00\" \/>\n<meta property=\"article:modified_time\" content=\"2025-09-22T15:47:09+00:00\" \/>\n<meta property=\"og:image\" content=\"https:\/\/www.prooptica.pt\/wp-content\/uploads\/2025\/09\/Capa-artigo-blog-8.jpg\" \/>\n\t<meta property=\"og:image:width\" content=\"852\" \/>\n\t<meta property=\"og:image:height\" content=\"514\" \/>\n\t<meta property=\"og:image:type\" content=\"image\/jpeg\" \/>\n<meta name=\"author\" content=\"admin\" \/>\n<meta name=\"twitter:card\" content=\"summary_large_image\" \/>\n<meta name=\"twitter:label1\" content=\"Written by\" \/>\n\t<meta name=\"twitter:data1\" content=\"admin\" \/>\n\t<meta name=\"twitter:label2\" content=\"Estimated reading time\" \/>\n\t<meta name=\"twitter:data2\" content=\"2 minutes\" \/>\n<script type=\"application\/ld+json\" class=\"yoast-schema-graph\">{\"@context\":\"https:\\\/\\\/schema.org\",\"@graph\":[{\"@type\":\"Article\",\"@id\":\"https:\\\/\\\/www.prooptica.pt\\\/dia-mundial-da-sustentabilidade-o-compromisso-prooptica-com-um-futuro-mais-verde\\\/#article\",\"isPartOf\":{\"@id\":\"https:\\\/\\\/www.prooptica.pt\\\/dia-mundial-da-sustentabilidade-o-compromisso-prooptica-com-um-futuro-mais-verde\\\/\"},\"author\":{\"name\":\"admin\",\"@id\":\"https:\\\/\\\/www.prooptica.pt\\\/home\\\/#\\\/schema\\\/person\\\/1cbd826a9322a3c38a052e43d1638306\"},\"headline\":\"Dia Mundial da Sustentabilidade | O compromisso Prooptica com um futuro mais verde\",\"datePublished\":\"2025-09-22T15:34:50+00:00\",\"dateModified\":\"2025-09-22T15:47:09+00:00\",\"mainEntityOfPage\":{\"@id\":\"https:\\\/\\\/www.prooptica.pt\\\/dia-mundial-da-sustentabilidade-o-compromisso-prooptica-com-um-futuro-mais-verde\\\/\"},\"wordCount\":288,\"image\":{\"@id\":\"https:\\\/\\\/www.prooptica.pt\\\/dia-mundial-da-sustentabilidade-o-compromisso-prooptica-com-um-futuro-mais-verde\\\/#primaryimage\"},\"thumbnailUrl\":\"https:\\\/\\\/www.prooptica.pt\\\/wp-content\\\/uploads\\\/2025\\\/09\\\/Capa-artigo-blog-8.jpg\",\"articleSection\":[\"Sustentabilidade\"],\"inLanguage\":\"en-GB\"},{\"@type\":\"WebPage\",\"@id\":\"https:\\\/\\\/www.prooptica.pt\\\/dia-mundial-da-sustentabilidade-o-compromisso-prooptica-com-um-futuro-mais-verde\\\/\",\"url\":\"https:\\\/\\\/www.prooptica.pt\\\/dia-mundial-da-sustentabilidade-o-compromisso-prooptica-com-um-futuro-mais-verde\\\/\",\"name\":\"Dia Mundial da Sustentabilidade | O compromisso Prooptica\",\"isPartOf\":{\"@id\":\"https:\\\/\\\/www.prooptica.pt\\\/home\\\/#website\"},\"primaryImageOfPage\":{\"@id\":\"https:\\\/\\\/www.prooptica.pt\\\/dia-mundial-da-sustentabilidade-o-compromisso-prooptica-com-um-futuro-mais-verde\\\/#primaryimage\"},\"image\":{\"@id\":\"https:\\\/\\\/www.prooptica.pt\\\/dia-mundial-da-sustentabilidade-o-compromisso-prooptica-com-um-futuro-mais-verde\\\/#primaryimage\"},\"thumbnailUrl\":\"https:\\\/\\\/www.prooptica.pt\\\/wp-content\\\/uploads\\\/2025\\\/09\\\/Capa-artigo-blog-8.jpg\",\"datePublished\":\"2025-09-22T15:34:50+00:00\",\"dateModified\":\"2025-09-22T15:47:09+00:00\",\"author\":{\"@id\":\"https:\\\/\\\/www.prooptica.pt\\\/home\\\/#\\\/schema\\\/person\\\/1cbd826a9322a3c38a052e43d1638306\"},\"description\":\"A Prooptica refor\u00e7a a determina\u00e7\u00e3o em investir nestas iniciativas, porque acredita que o futuro s\u00f3 pode ser constru\u00eddo com vis\u00e3o sustent\u00e1vel.\",\"breadcrumb\":{\"@id\":\"https:\\\/\\\/www.prooptica.pt\\\/dia-mundial-da-sustentabilidade-o-compromisso-prooptica-com-um-futuro-mais-verde\\\/#breadcrumb\"},\"inLanguage\":\"en-GB\",\"potentialAction\":[{\"@type\":\"ReadAction\",\"target\":[\"https:\\\/\\\/www.prooptica.pt\\\/dia-mundial-da-sustentabilidade-o-compromisso-prooptica-com-um-futuro-mais-verde\\\/\"]}]},{\"@type\":\"ImageObject\",\"inLanguage\":\"en-GB\",\"@id\":\"https:\\\/\\\/www.prooptica.pt\\\/dia-mundial-da-sustentabilidade-o-compromisso-prooptica-com-um-futuro-mais-verde\\\/#primaryimage\",\"url\":\"https:\\\/\\\/www.prooptica.pt\\\/wp-content\\\/uploads\\\/2025\\\/09\\\/Capa-artigo-blog-8.jpg\",\"contentUrl\":\"https:\\\/\\\/www.prooptica.pt\\\/wp-content\\\/uploads\\\/2025\\\/09\\\/Capa-artigo-blog-8.jpg\",\"width\":852,\"height\":514},{\"@type\":\"BreadcrumbList\",\"@id\":\"https:\\\/\\\/www.prooptica.pt\\\/dia-mundial-da-sustentabilidade-o-compromisso-prooptica-com-um-futuro-mais-verde\\\/#breadcrumb\",\"itemListElement\":[{\"@type\":\"ListItem\",\"position\":1,\"name\":\"In\u00edcio\",\"item\":\"https:\\\/\\\/www.prooptica.pt\\\/\"},{\"@type\":\"ListItem\",\"position\":2,\"name\":\"Dia Mundial da Sustentabilidade | O compromisso Prooptica com um futuro mais verde\"}]},{\"@type\":\"WebSite\",\"@id\":\"https:\\\/\\\/www.prooptica.pt\\\/home\\\/#website\",\"url\":\"https:\\\/\\\/www.prooptica.pt\\\/home\\\/\",\"name\":\"Prooptica\",\"description\":\"Full Eyewear Concept\",\"potentialAction\":[{\"@type\":\"SearchAction\",\"target\":{\"@type\":\"EntryPoint\",\"urlTemplate\":\"https:\\\/\\\/www.prooptica.pt\\\/home\\\/?s={search_term_string}\"},\"query-input\":{\"@type\":\"PropertyValueSpecification\",\"valueRequired\":true,\"valueName\":\"search_term_string\"}}],\"inLanguage\":\"en-GB\"},{\"@type\":\"Person\",\"@id\":\"https:\\\/\\\/www.prooptica.pt\\\/home\\\/#\\\/schema\\\/person\\\/1cbd826a9322a3c38a052e43d1638306\",\"name\":\"admin\",\"image\":{\"@type\":\"ImageObject\",\"inLanguage\":\"en-GB\",\"@id\":\"https:\\\/\\\/secure.gravatar.com\\\/avatar\\\/528c714482569d81724b02603aa719344e9ad7c0b50becf07272b2086b2c1cfd?s=96&d=mm&r=g\",\"url\":\"https:\\\/\\\/secure.gravatar.com\\\/avatar\\\/528c714482569d81724b02603aa719344e9ad7c0b50becf07272b2086b2c1cfd?s=96&d=mm&r=g\",\"contentUrl\":\"https:\\\/\\\/secure.gravatar.com\\\/avatar\\\/528c714482569d81724b02603aa719344e9ad7c0b50becf07272b2086b2c1cfd?s=96&d=mm&r=g\",\"caption\":\"admin\"},\"url\":\"https:\\\/\\\/www.prooptica.pt\\\/en\\\/author\\\/admin\\\/\"}]}<\/script>\n<!-- \/ Yoast SEO plugin. -->","yoast_head_json":{"title":"World Sustainability Day | Prooptica's commitment","description":"Prooptica is determined to invest in these initiatives because it believes that the future can only be built with a sustainable vision.","robots":{"index":"index","follow":"follow","max-snippet":"max-snippet:-1","max-image-preview":"max-image-preview:large","max-video-preview":"max-video-preview:-1"},"canonical":"https:\/\/www.prooptica.pt\/en\/world-sustainability-day-proopticas-commitment-to-a-greener-future\/","og_locale":"en_GB","og_type":"article","og_title":"Dia Mundial da Sustentabilidade | O compromisso Prooptica","og_description":"A Prooptica refor\u00e7a a determina\u00e7\u00e3o em investir nestas iniciativas, porque acredita que o futuro s\u00f3 pode ser constru\u00eddo com vis\u00e3o sustent\u00e1vel.","og_url":"https:\/\/www.prooptica.pt\/en\/world-sustainability-day-proopticas-commitment-to-a-greener-future\/","og_site_name":"Prooptica","article_published_time":"2025-09-22T15:34:50+00:00","article_modified_time":"2025-09-22T15:47:09+00:00","og_image":[{"width":852,"height":514,"url":"https:\/\/www.prooptica.pt\/wp-content\/uploads\/2025\/09\/Capa-artigo-blog-8.jpg","type":"image\/jpeg"}],"author":"admin","twitter_card":"summary_large_image","twitter_misc":{"Written by":"admin","Estimated reading time":"2 minutes"},"schema":{"@context":"https:\/\/schema.org","@graph":[{"@type":"Article","@id":"https:\/\/www.prooptica.pt\/dia-mundial-da-sustentabilidade-o-compromisso-prooptica-com-um-futuro-mais-verde\/#article","isPartOf":{"@id":"https:\/\/www.prooptica.pt\/dia-mundial-da-sustentabilidade-o-compromisso-prooptica-com-um-futuro-mais-verde\/"},"author":{"name":"admin","@id":"https:\/\/www.prooptica.pt\/home\/#\/schema\/person\/1cbd826a9322a3c38a052e43d1638306"},"headline":"Dia Mundial da Sustentabilidade | O compromisso Prooptica com um futuro mais verde","datePublished":"2025-09-22T15:34:50+00:00","dateModified":"2025-09-22T15:47:09+00:00","mainEntityOfPage":{"@id":"https:\/\/www.prooptica.pt\/dia-mundial-da-sustentabilidade-o-compromisso-prooptica-com-um-futuro-mais-verde\/"},"wordCount":288,"image":{"@id":"https:\/\/www.prooptica.pt\/dia-mundial-da-sustentabilidade-o-compromisso-prooptica-com-um-futuro-mais-verde\/#primaryimage"},"thumbnailUrl":"https:\/\/www.prooptica.pt\/wp-content\/uploads\/2025\/09\/Capa-artigo-blog-8.jpg","articleSection":["Sustentabilidade"],"inLanguage":"en-GB"},{"@type":"WebPage","@id":"https:\/\/www.prooptica.pt\/dia-mundial-da-sustentabilidade-o-compromisso-prooptica-com-um-futuro-mais-verde\/","url":"https:\/\/www.prooptica.pt\/dia-mundial-da-sustentabilidade-o-compromisso-prooptica-com-um-futuro-mais-verde\/","name":"World Sustainability Day | Prooptica's commitment","isPartOf":{"@id":"https:\/\/www.prooptica.pt\/home\/#website"},"primaryImageOfPage":{"@id":"https:\/\/www.prooptica.pt\/dia-mundial-da-sustentabilidade-o-compromisso-prooptica-com-um-futuro-mais-verde\/#primaryimage"},"image":{"@id":"https:\/\/www.prooptica.pt\/dia-mundial-da-sustentabilidade-o-compromisso-prooptica-com-um-futuro-mais-verde\/#primaryimage"},"thumbnailUrl":"https:\/\/www.prooptica.pt\/wp-content\/uploads\/2025\/09\/Capa-artigo-blog-8.jpg","datePublished":"2025-09-22T15:34:50+00:00","dateModified":"2025-09-22T15:47:09+00:00","author":{"@id":"https:\/\/www.prooptica.pt\/home\/#\/schema\/person\/1cbd826a9322a3c38a052e43d1638306"},"description":"Prooptica is determined to invest in these initiatives because it believes that the future can only be built with a sustainable vision.","breadcrumb":{"@id":"https:\/\/www.prooptica.pt\/dia-mundial-da-sustentabilidade-o-compromisso-prooptica-com-um-futuro-mais-verde\/#breadcrumb"},"inLanguage":"en-GB","potentialAction":[{"@type":"ReadAction","target":["https:\/\/www.prooptica.pt\/dia-mundial-da-sustentabilidade-o-compromisso-prooptica-com-um-futuro-mais-verde\/"]}]},{"@type":"ImageObject","inLanguage":"en-GB","@id":"https:\/\/www.prooptica.pt\/dia-mundial-da-sustentabilidade-o-compromisso-prooptica-com-um-futuro-mais-verde\/#primaryimage","url":"https:\/\/www.prooptica.pt\/wp-content\/uploads\/2025\/09\/Capa-artigo-blog-8.jpg","contentUrl":"https:\/\/www.prooptica.pt\/wp-content\/uploads\/2025\/09\/Capa-artigo-blog-8.jpg","width":852,"height":514},{"@type":"BreadcrumbList","@id":"https:\/\/www.prooptica.pt\/dia-mundial-da-sustentabilidade-o-compromisso-prooptica-com-um-futuro-mais-verde\/#breadcrumb","itemListElement":[{"@type":"ListItem","position":1,"name":"In\u00edcio","item":"https:\/\/www.prooptica.pt\/"},{"@type":"ListItem","position":2,"name":"Dia Mundial da Sustentabilidade | O compromisso Prooptica com um futuro mais verde"}]},{"@type":"WebSite","@id":"https:\/\/www.prooptica.pt\/home\/#website","url":"https:\/\/www.prooptica.pt\/home\/","name":"Prooptica","description":"Full Eyewear Concept","potentialAction":[{"@type":"SearchAction","target":{"@type":"EntryPoint","urlTemplate":"https:\/\/www.prooptica.pt\/home\/?s={search_term_string}"},"query-input":{"@type":"PropertyValueSpecification","valueRequired":true,"valueName":"search_term_string"}}],"inLanguage":"en-GB"},{"@type":"Person","@id":"https:\/\/www.prooptica.pt\/home\/#\/schema\/person\/1cbd826a9322a3c38a052e43d1638306","name":"admin","image":{"@type":"ImageObject","inLanguage":"en-GB","@id":"https:\/\/secure.gravatar.com\/avatar\/528c714482569d81724b02603aa719344e9ad7c0b50becf07272b2086b2c1cfd?s=96&d=mm&r=g","url":"https:\/\/secure.gravatar.com\/avatar\/528c714482569d81724b02603aa719344e9ad7c0b50becf07272b2086b2c1cfd?s=96&d=mm&r=g","contentUrl":"https:\/\/secure.gravatar.com\/avatar\/528c714482569d81724b02603aa719344e9ad7c0b50becf07272b2086b2c1cfd?s=96&d=mm&r=g","caption":"admin"},"url":"https:\/\/www.prooptica.pt\/en\/author\/admin\/"}]}},"_links":{"self":[{"href":"https:\/\/www.prooptica.pt\/en\/wp-json\/wp\/v2\/posts\/24099","targetHints":{"allow":["GET"]}}],"collection":[{"href":"https:\/\/www.prooptica.pt\/en\/wp-json\/wp\/v2\/posts"}],"about":[{"href":"https:\/\/www.prooptica.pt\/en\/wp-json\/wp\/v2\/types\/post"}],"author":[{"embeddable":true,"href":"https:\/\/www.prooptica.pt\/en\/wp-json\/wp\/v2\/users\/2"}],"replies":[{"embeddable":true,"href":"https:\/\/www.prooptica.pt\/en\/wp-json\/wp\/v2\/comments?post=24099"}],"version-history":[{"count":1,"href":"https:\/\/www.prooptica.pt\/en\/wp-json\/wp\/v2\/posts\/24099\/revisions"}],"predecessor-version":[{"id":24101,"href":"https:\/\/www.prooptica.pt\/en\/wp-json\/wp\/v2\/posts\/24099\/revisions\/24101"}],"wp:featuredmedia":[{"embeddable":true,"href":"https:\/\/www.prooptica.pt\/en\/wp-json\/wp\/v2\/media\/24100"}],"wp:attachment":[{"href":"https:\/\/www.prooptica.pt\/en\/wp-json\/wp\/v2\/media?parent=24099"}],"wp:term":[{"taxonomy":"category","embeddable":true,"href":"https:\/\/www.prooptica.pt\/en\/wp-json\/wp\/v2\/categories?post=24099"},{"taxonomy":"post_tag","embeddable":true,"href":"https:\/\/www.prooptica.pt\/en\/wp-json\/wp\/v2\/tags?post=24099"}],"curies":[{"name":"wp","href":"https:\/\/api.w.org\/{rel}","templated":true}]}}