{"id":24103,"date":"2025-09-26T09:18:35","date_gmt":"2025-09-26T09:18:35","guid":{"rendered":"https:\/\/www.prooptica.pt\/?p=24103"},"modified":"2025-09-26T09:18:35","modified_gmt":"2025-09-26T09:18:35","slug":"the-power-of-the-window-in-shop-design","status":"publish","type":"post","link":"https:\/\/www.prooptica.pt\/en\/o-poder-da-montra-no-design-de-lojas\/","title":{"rendered":"The Power of the Shop Window in Store Design"},"content":{"rendered":"<p>The outside of a shop is more than a fa\u00e7ade: it's an invitation. It's the first contact between the brand and the buyer, the moment when you decide whether it's worth going in and finding out more. A well-designed window display is not just a showcase for products, it is a statement of identity, a reflection of commercial strategy and, above all, a visual experience that can generate desire, emotion and loyalty.<\/p>\n<h6><strong>Shop window: the first glance counts<\/strong><\/h6>\n<p>The shop window acts as a stage where the brand communicates its essence. When well planned, it attracts attention, arouses curiosity and creates an immediate connection with the visitor. The secret lies in balance: less visual information, more impact.<\/p>\n<p>There are different ways of looking at the shop window, each with a strategic role in the design of the space:<\/p>\n<ul>\n<li><strong>Prestigious shop windows<\/strong> - transform items into icons, creating a visual impact and conveying exclusivity.<\/li>\n<li><strong>Station windows<\/strong> - reveal trends and novelties, in line with the times and lifestyles.<\/li>\n<li><strong>Informative shop windows<\/strong> - showcase new or less explored pieces.<\/li>\n<li><strong>Promotional shop windows<\/strong> - appeal to opportunity and encourage immediate purchase.<\/li>\n<li><strong>Price windows<\/strong> - emphasise competitiveness and accessibility as central arguments.<\/li>\n<\/ul>\n<h6><strong>Design that guides the eye<\/strong><\/h6>\n<p>The visual composition of the shop window is decisive. Vertical lines convey height, horizontal lines give breadth, diagonals suggest dynamism and curves evoke movement. Lighting, in turn, transforms products, creates atmospheres and can be the difference between the ordinary and the memorable.<\/p>\n<p>The arrangement of the items also follows a logic: at eye level, the impact is greater; above or below, attention is dispersed. A zigzag organisation, with different heights, invites the eye to wander around the window, discovering details and creating a visual narrative.<\/p>\n<h6><strong>Far beyond the exhibition<\/strong><\/h6>\n<p>Ultimately, the shop window is not just a display space. It's a communication tool that translates values, differentiates the brand and generates emotional involvement. It's a place where design and architecture meet to create experiences that not only attract visitors, but also build lasting relationships between shop and customer.<\/p>\n<h6><strong>Because in commercial space design, the exterior isn't just the entrance - it's the beginning of the story we want to tell.<\/strong><\/h6>","protected":false},"excerpt":{"rendered":"<p>O exterior de uma loja \u00e9 mais do que uma fachada: \u00e9 um convite. \u00c9 o primeiro contacto entre a marca e o comprador, o momento em que se decide se vale a pena entrar e descobrir mais. Uma montra bem concebida n\u00e3o \u00e9 apenas uma vitrine de produtos, \u00e9 uma declara\u00e7\u00e3o de identidade, um [&hellip;]<\/p>\n","protected":false},"author":2,"featured_media":24104,"comment_status":"closed","ping_status":"closed","sticky":false,"template":"","format":"standard","meta":{"footnotes":""},"categories":[41,238],"tags":[],"class_list":["post-24103","post","type-post","status-publish","format-standard","has-post-thumbnail","hentry","category-design-arquitetura","category-insight"],"yoast_head":"<!-- This site is optimized with the Yoast SEO plugin v27.4 - https:\/\/yoast.com\/product\/yoast-seo-wordpress\/ -->\n<title>O Poder da Montra no Design de Lojas<\/title>\n<meta name=\"description\" content=\"A montra \u00e9 uma ferramenta de comunica\u00e7\u00e3o que traduz valores, diferencia a marca e gera envolvimento emocional.\" \/>\n<meta name=\"robots\" content=\"index, follow, max-snippet:-1, max-image-preview:large, max-video-preview:-1\" \/>\n<link rel=\"canonical\" href=\"https:\/\/www.prooptica.pt\/en\/the-power-of-the-window-in-shop-design\/\" \/>\n<meta property=\"og:locale\" content=\"en_GB\" \/>\n<meta property=\"og:type\" content=\"article\" \/>\n<meta property=\"og:title\" content=\"O Poder da Montra no Design de Lojas\" \/>\n<meta property=\"og:description\" content=\"A montra \u00e9 uma ferramenta de comunica\u00e7\u00e3o que traduz valores, diferencia a marca e gera envolvimento emocional.\" \/>\n<meta property=\"og:url\" content=\"https:\/\/www.prooptica.pt\/en\/the-power-of-the-window-in-shop-design\/\" \/>\n<meta property=\"og:site_name\" content=\"Prooptica\" \/>\n<meta property=\"article:published_time\" content=\"2025-09-26T09:18:35+00:00\" \/>\n<meta property=\"og:image\" content=\"https:\/\/www.prooptica.pt\/wp-content\/uploads\/2025\/09\/Capa-artigo-blog-9.jpg\" \/>\n\t<meta property=\"og:image:width\" content=\"852\" \/>\n\t<meta property=\"og:image:height\" content=\"514\" \/>\n\t<meta property=\"og:image:type\" content=\"image\/jpeg\" \/>\n<meta name=\"author\" content=\"admin\" \/>\n<meta name=\"twitter:card\" content=\"summary_large_image\" \/>\n<meta name=\"twitter:label1\" content=\"Written by\" \/>\n\t<meta name=\"twitter:data1\" content=\"admin\" \/>\n\t<meta name=\"twitter:label2\" content=\"Estimated reading time\" \/>\n\t<meta name=\"twitter:data2\" content=\"3 minutes\" \/>\n<script type=\"application\/ld+json\" class=\"yoast-schema-graph\">{\"@context\":\"https:\\\/\\\/schema.org\",\"@graph\":[{\"@type\":\"Article\",\"@id\":\"https:\\\/\\\/www.prooptica.pt\\\/o-poder-da-montra-no-design-de-lojas\\\/#article\",\"isPartOf\":{\"@id\":\"https:\\\/\\\/www.prooptica.pt\\\/o-poder-da-montra-no-design-de-lojas\\\/\"},\"author\":{\"name\":\"admin\",\"@id\":\"https:\\\/\\\/www.prooptica.pt\\\/home\\\/#\\\/schema\\\/person\\\/1cbd826a9322a3c38a052e43d1638306\"},\"headline\":\"O Poder da Montra no Design de Lojas\",\"datePublished\":\"2025-09-26T09:18:35+00:00\",\"mainEntityOfPage\":{\"@id\":\"https:\\\/\\\/www.prooptica.pt\\\/o-poder-da-montra-no-design-de-lojas\\\/\"},\"wordCount\":400,\"image\":{\"@id\":\"https:\\\/\\\/www.prooptica.pt\\\/o-poder-da-montra-no-design-de-lojas\\\/#primaryimage\"},\"thumbnailUrl\":\"https:\\\/\\\/www.prooptica.pt\\\/wp-content\\\/uploads\\\/2025\\\/09\\\/Capa-artigo-blog-9.jpg\",\"articleSection\":[\"Design + Arquitetura\",\"Insight\"],\"inLanguage\":\"en-GB\"},{\"@type\":\"WebPage\",\"@id\":\"https:\\\/\\\/www.prooptica.pt\\\/o-poder-da-montra-no-design-de-lojas\\\/\",\"url\":\"https:\\\/\\\/www.prooptica.pt\\\/o-poder-da-montra-no-design-de-lojas\\\/\",\"name\":\"O Poder da Montra no Design de Lojas\",\"isPartOf\":{\"@id\":\"https:\\\/\\\/www.prooptica.pt\\\/home\\\/#website\"},\"primaryImageOfPage\":{\"@id\":\"https:\\\/\\\/www.prooptica.pt\\\/o-poder-da-montra-no-design-de-lojas\\\/#primaryimage\"},\"image\":{\"@id\":\"https:\\\/\\\/www.prooptica.pt\\\/o-poder-da-montra-no-design-de-lojas\\\/#primaryimage\"},\"thumbnailUrl\":\"https:\\\/\\\/www.prooptica.pt\\\/wp-content\\\/uploads\\\/2025\\\/09\\\/Capa-artigo-blog-9.jpg\",\"datePublished\":\"2025-09-26T09:18:35+00:00\",\"author\":{\"@id\":\"https:\\\/\\\/www.prooptica.pt\\\/home\\\/#\\\/schema\\\/person\\\/1cbd826a9322a3c38a052e43d1638306\"},\"description\":\"A montra \u00e9 uma ferramenta de comunica\u00e7\u00e3o que traduz valores, diferencia a marca e gera envolvimento emocional.\",\"breadcrumb\":{\"@id\":\"https:\\\/\\\/www.prooptica.pt\\\/o-poder-da-montra-no-design-de-lojas\\\/#breadcrumb\"},\"inLanguage\":\"en-GB\",\"potentialAction\":[{\"@type\":\"ReadAction\",\"target\":[\"https:\\\/\\\/www.prooptica.pt\\\/o-poder-da-montra-no-design-de-lojas\\\/\"]}]},{\"@type\":\"ImageObject\",\"inLanguage\":\"en-GB\",\"@id\":\"https:\\\/\\\/www.prooptica.pt\\\/o-poder-da-montra-no-design-de-lojas\\\/#primaryimage\",\"url\":\"https:\\\/\\\/www.prooptica.pt\\\/wp-content\\\/uploads\\\/2025\\\/09\\\/Capa-artigo-blog-9.jpg\",\"contentUrl\":\"https:\\\/\\\/www.prooptica.pt\\\/wp-content\\\/uploads\\\/2025\\\/09\\\/Capa-artigo-blog-9.jpg\",\"width\":852,\"height\":514},{\"@type\":\"BreadcrumbList\",\"@id\":\"https:\\\/\\\/www.prooptica.pt\\\/o-poder-da-montra-no-design-de-lojas\\\/#breadcrumb\",\"itemListElement\":[{\"@type\":\"ListItem\",\"position\":1,\"name\":\"In\u00edcio\",\"item\":\"https:\\\/\\\/www.prooptica.pt\\\/\"},{\"@type\":\"ListItem\",\"position\":2,\"name\":\"O Poder da Montra no Design de Lojas\"}]},{\"@type\":\"WebSite\",\"@id\":\"https:\\\/\\\/www.prooptica.pt\\\/home\\\/#website\",\"url\":\"https:\\\/\\\/www.prooptica.pt\\\/home\\\/\",\"name\":\"Prooptica\",\"description\":\"Full Eyewear Concept\",\"potentialAction\":[{\"@type\":\"SearchAction\",\"target\":{\"@type\":\"EntryPoint\",\"urlTemplate\":\"https:\\\/\\\/www.prooptica.pt\\\/home\\\/?s={search_term_string}\"},\"query-input\":{\"@type\":\"PropertyValueSpecification\",\"valueRequired\":true,\"valueName\":\"search_term_string\"}}],\"inLanguage\":\"en-GB\"},{\"@type\":\"Person\",\"@id\":\"https:\\\/\\\/www.prooptica.pt\\\/home\\\/#\\\/schema\\\/person\\\/1cbd826a9322a3c38a052e43d1638306\",\"name\":\"admin\",\"image\":{\"@type\":\"ImageObject\",\"inLanguage\":\"en-GB\",\"@id\":\"https:\\\/\\\/secure.gravatar.com\\\/avatar\\\/528c714482569d81724b02603aa719344e9ad7c0b50becf07272b2086b2c1cfd?s=96&d=mm&r=g\",\"url\":\"https:\\\/\\\/secure.gravatar.com\\\/avatar\\\/528c714482569d81724b02603aa719344e9ad7c0b50becf07272b2086b2c1cfd?s=96&d=mm&r=g\",\"contentUrl\":\"https:\\\/\\\/secure.gravatar.com\\\/avatar\\\/528c714482569d81724b02603aa719344e9ad7c0b50becf07272b2086b2c1cfd?s=96&d=mm&r=g\",\"caption\":\"admin\"},\"url\":\"https:\\\/\\\/www.prooptica.pt\\\/en\\\/author\\\/admin\\\/\"}]}<\/script>\n<!-- \/ Yoast SEO plugin. -->","yoast_head_json":{"title":"The Power of the Shop Window in Store Design","description":"The shop window is a communication tool that translates values, differentiates the brand and generates emotional involvement.","robots":{"index":"index","follow":"follow","max-snippet":"max-snippet:-1","max-image-preview":"max-image-preview:large","max-video-preview":"max-video-preview:-1"},"canonical":"https:\/\/www.prooptica.pt\/en\/the-power-of-the-window-in-shop-design\/","og_locale":"en_GB","og_type":"article","og_title":"O Poder da Montra no Design de Lojas","og_description":"A montra \u00e9 uma ferramenta de comunica\u00e7\u00e3o que traduz valores, diferencia a marca e gera envolvimento emocional.","og_url":"https:\/\/www.prooptica.pt\/en\/the-power-of-the-window-in-shop-design\/","og_site_name":"Prooptica","article_published_time":"2025-09-26T09:18:35+00:00","og_image":[{"width":852,"height":514,"url":"https:\/\/www.prooptica.pt\/wp-content\/uploads\/2025\/09\/Capa-artigo-blog-9.jpg","type":"image\/jpeg"}],"author":"admin","twitter_card":"summary_large_image","twitter_misc":{"Written by":"admin","Estimated reading time":"3 minutes"},"schema":{"@context":"https:\/\/schema.org","@graph":[{"@type":"Article","@id":"https:\/\/www.prooptica.pt\/o-poder-da-montra-no-design-de-lojas\/#article","isPartOf":{"@id":"https:\/\/www.prooptica.pt\/o-poder-da-montra-no-design-de-lojas\/"},"author":{"name":"admin","@id":"https:\/\/www.prooptica.pt\/home\/#\/schema\/person\/1cbd826a9322a3c38a052e43d1638306"},"headline":"O Poder da Montra no Design de Lojas","datePublished":"2025-09-26T09:18:35+00:00","mainEntityOfPage":{"@id":"https:\/\/www.prooptica.pt\/o-poder-da-montra-no-design-de-lojas\/"},"wordCount":400,"image":{"@id":"https:\/\/www.prooptica.pt\/o-poder-da-montra-no-design-de-lojas\/#primaryimage"},"thumbnailUrl":"https:\/\/www.prooptica.pt\/wp-content\/uploads\/2025\/09\/Capa-artigo-blog-9.jpg","articleSection":["Design + Arquitetura","Insight"],"inLanguage":"en-GB"},{"@type":"WebPage","@id":"https:\/\/www.prooptica.pt\/o-poder-da-montra-no-design-de-lojas\/","url":"https:\/\/www.prooptica.pt\/o-poder-da-montra-no-design-de-lojas\/","name":"The Power of the Shop Window in Store Design","isPartOf":{"@id":"https:\/\/www.prooptica.pt\/home\/#website"},"primaryImageOfPage":{"@id":"https:\/\/www.prooptica.pt\/o-poder-da-montra-no-design-de-lojas\/#primaryimage"},"image":{"@id":"https:\/\/www.prooptica.pt\/o-poder-da-montra-no-design-de-lojas\/#primaryimage"},"thumbnailUrl":"https:\/\/www.prooptica.pt\/wp-content\/uploads\/2025\/09\/Capa-artigo-blog-9.jpg","datePublished":"2025-09-26T09:18:35+00:00","author":{"@id":"https:\/\/www.prooptica.pt\/home\/#\/schema\/person\/1cbd826a9322a3c38a052e43d1638306"},"description":"The shop window is a communication tool that translates values, differentiates the brand and generates emotional involvement.","breadcrumb":{"@id":"https:\/\/www.prooptica.pt\/o-poder-da-montra-no-design-de-lojas\/#breadcrumb"},"inLanguage":"en-GB","potentialAction":[{"@type":"ReadAction","target":["https:\/\/www.prooptica.pt\/o-poder-da-montra-no-design-de-lojas\/"]}]},{"@type":"ImageObject","inLanguage":"en-GB","@id":"https:\/\/www.prooptica.pt\/o-poder-da-montra-no-design-de-lojas\/#primaryimage","url":"https:\/\/www.prooptica.pt\/wp-content\/uploads\/2025\/09\/Capa-artigo-blog-9.jpg","contentUrl":"https:\/\/www.prooptica.pt\/wp-content\/uploads\/2025\/09\/Capa-artigo-blog-9.jpg","width":852,"height":514},{"@type":"BreadcrumbList","@id":"https:\/\/www.prooptica.pt\/o-poder-da-montra-no-design-de-lojas\/#breadcrumb","itemListElement":[{"@type":"ListItem","position":1,"name":"In\u00edcio","item":"https:\/\/www.prooptica.pt\/"},{"@type":"ListItem","position":2,"name":"O Poder da Montra no Design de Lojas"}]},{"@type":"WebSite","@id":"https:\/\/www.prooptica.pt\/home\/#website","url":"https:\/\/www.prooptica.pt\/home\/","name":"Prooptica","description":"Full Eyewear Concept","potentialAction":[{"@type":"SearchAction","target":{"@type":"EntryPoint","urlTemplate":"https:\/\/www.prooptica.pt\/home\/?s={search_term_string}"},"query-input":{"@type":"PropertyValueSpecification","valueRequired":true,"valueName":"search_term_string"}}],"inLanguage":"en-GB"},{"@type":"Person","@id":"https:\/\/www.prooptica.pt\/home\/#\/schema\/person\/1cbd826a9322a3c38a052e43d1638306","name":"admin","image":{"@type":"ImageObject","inLanguage":"en-GB","@id":"https:\/\/secure.gravatar.com\/avatar\/528c714482569d81724b02603aa719344e9ad7c0b50becf07272b2086b2c1cfd?s=96&d=mm&r=g","url":"https:\/\/secure.gravatar.com\/avatar\/528c714482569d81724b02603aa719344e9ad7c0b50becf07272b2086b2c1cfd?s=96&d=mm&r=g","contentUrl":"https:\/\/secure.gravatar.com\/avatar\/528c714482569d81724b02603aa719344e9ad7c0b50becf07272b2086b2c1cfd?s=96&d=mm&r=g","caption":"admin"},"url":"https:\/\/www.prooptica.pt\/en\/author\/admin\/"}]}},"_links":{"self":[{"href":"https:\/\/www.prooptica.pt\/en\/wp-json\/wp\/v2\/posts\/24103","targetHints":{"allow":["GET"]}}],"collection":[{"href":"https:\/\/www.prooptica.pt\/en\/wp-json\/wp\/v2\/posts"}],"about":[{"href":"https:\/\/www.prooptica.pt\/en\/wp-json\/wp\/v2\/types\/post"}],"author":[{"embeddable":true,"href":"https:\/\/www.prooptica.pt\/en\/wp-json\/wp\/v2\/users\/2"}],"replies":[{"embeddable":true,"href":"https:\/\/www.prooptica.pt\/en\/wp-json\/wp\/v2\/comments?post=24103"}],"version-history":[{"count":1,"href":"https:\/\/www.prooptica.pt\/en\/wp-json\/wp\/v2\/posts\/24103\/revisions"}],"predecessor-version":[{"id":24105,"href":"https:\/\/www.prooptica.pt\/en\/wp-json\/wp\/v2\/posts\/24103\/revisions\/24105"}],"wp:featuredmedia":[{"embeddable":true,"href":"https:\/\/www.prooptica.pt\/en\/wp-json\/wp\/v2\/media\/24104"}],"wp:attachment":[{"href":"https:\/\/www.prooptica.pt\/en\/wp-json\/wp\/v2\/media?parent=24103"}],"wp:term":[{"taxonomy":"category","embeddable":true,"href":"https:\/\/www.prooptica.pt\/en\/wp-json\/wp\/v2\/categories?post=24103"},{"taxonomy":"post_tag","embeddable":true,"href":"https:\/\/www.prooptica.pt\/en\/wp-json\/wp\/v2\/tags?post=24103"}],"curies":[{"name":"wp","href":"https:\/\/api.w.org\/{rel}","templated":true}]}}