{"id":24113,"date":"2025-10-02T16:17:19","date_gmt":"2025-10-02T16:17:19","guid":{"rendered":"https:\/\/www.prooptica.pt\/?p=24113"},"modified":"2025-10-02T16:17:19","modified_gmt":"2025-10-02T16:17:19","slug":"digitally-optimised-lenses-technology-at-the-service-of-vision","status":"publish","type":"post","link":"https:\/\/www.prooptica.pt\/en\/lentes-digitalmente-otimizadas-tecnologia-ao-servico-da-visao\/","title":{"rendered":"Digitally optimised lenses | Technology at the service of vision"},"content":{"rendered":"<p>The advance of digital technology has transformed the way we see the world - and we're not just talking about the screens that are part of our daily lives. In the optical sector too, innovation has brought with it new solutions capable of offering a more precise, comfortable visual experience adapted to the needs of each user: the <strong>digitally optimised ophthalmic lenses<\/strong>.<\/p>\n<h6><strong>What are digitally optimised lenses?<\/strong><\/h6>\n<p>Unlike conventional lenses, which are produced using standardised methods, digitally optimised lenses use advanced software and high-precision manufacturing processes, known as <strong>freeform technology<\/strong>. This method allows the surface of the lens to be personalised according to the grade, the frame chosen and even the wearer's visual habits.<\/p>\n<h6><strong>Benefits for the user<\/strong><\/h6>\n<ul>\n<li><strong>Clearer, more precise vision<\/strong> on the entire surface of the lens, reducing peripheral distortions.<\/li>\n<li><strong>Greater visual comfort<\/strong>especially during prolonged activities such as reading, driving or using digital devices.<\/li>\n<li><strong>Faster adaptation<\/strong>even in complex graduations or progressive lenses.<\/li>\n<li><strong>Improved aesthetics<\/strong>with thinner and lighter lenses, without compromising optical quality.<\/li>\n<\/ul>\n<h6><strong>Why choose digitally optimised lenses?<\/strong><\/h6>\n<p>We live in a world where the fast pace and intensive use of digital devices place greater demands on our vision. Digitally optimised lenses offer an answer to these challenges, providing not only better visual performance, but also greater well-being throughout the day.<\/p>\n<p>More than just a technological trend, these lenses represent a <strong>qualitative leap<\/strong> in the way we care for visual health, combining science, innovation and personalisation.<\/p>","protected":false},"excerpt":{"rendered":"<p>O avan\u00e7o da tecnologia digital tem transformado a forma como vemos o mundo \u2013 e n\u00e3o falamos apenas dos ecr\u00e3s que fazem parte do nosso dia a dia. Tamb\u00e9m no setor \u00f3tico, a inova\u00e7\u00e3o trouxe consigo novas solu\u00e7\u00f5es capazes de oferecer uma experi\u00eancia visual mais precisa, confort\u00e1vel e adaptada \u00e0s necessidades de cada utilizador: as [&hellip;]<\/p>\n","protected":false},"author":2,"featured_media":24116,"comment_status":"closed","ping_status":"closed","sticky":false,"template":"","format":"standard","meta":{"footnotes":""},"categories":[238,187],"tags":[],"class_list":["post-24113","post","type-post","status-publish","format-standard","has-post-thumbnail","hentry","category-insight","category-lentes"],"yoast_head":"<!-- This site is optimized with the Yoast SEO plugin v27.4 - https:\/\/yoast.com\/product\/yoast-seo-wordpress\/ -->\n<title>Lentes digitalmente otimizadas | Tecnologia ao servi\u00e7o da vis\u00e3o<\/title>\n<meta name=\"description\" content=\"Mais do que uma tend\u00eancia tecnol\u00f3gica, estas lentes mudam a forma de cuidarmos da sa\u00fade visual, combinando ci\u00eancia, inova\u00e7\u00e3o e personaliza\u00e7\u00e3o.\" \/>\n<meta name=\"robots\" content=\"index, follow, max-snippet:-1, max-image-preview:large, max-video-preview:-1\" \/>\n<link rel=\"canonical\" href=\"https:\/\/www.prooptica.pt\/en\/digitally-optimised-lenses-technology-at-the-service-of-vision\/\" \/>\n<meta property=\"og:locale\" content=\"en_GB\" \/>\n<meta property=\"og:type\" content=\"article\" \/>\n<meta property=\"og:title\" content=\"Lentes digitalmente otimizadas | Tecnologia ao servi\u00e7o da vis\u00e3o\" \/>\n<meta property=\"og:description\" content=\"Mais do que uma tend\u00eancia tecnol\u00f3gica, estas lentes mudam a forma de cuidarmos da sa\u00fade visual, combinando ci\u00eancia, inova\u00e7\u00e3o e personaliza\u00e7\u00e3o.\" \/>\n<meta property=\"og:url\" content=\"https:\/\/www.prooptica.pt\/en\/digitally-optimised-lenses-technology-at-the-service-of-vision\/\" \/>\n<meta property=\"og:site_name\" content=\"Prooptica\" \/>\n<meta property=\"article:published_time\" content=\"2025-10-02T16:17:19+00:00\" \/>\n<meta property=\"og:image\" content=\"https:\/\/www.prooptica.pt\/wp-content\/uploads\/2025\/10\/Capa-artigo-blog.jpg\" \/>\n\t<meta property=\"og:image:width\" content=\"852\" \/>\n\t<meta property=\"og:image:height\" content=\"514\" \/>\n\t<meta property=\"og:image:type\" content=\"image\/jpeg\" \/>\n<meta name=\"author\" content=\"admin\" \/>\n<meta name=\"twitter:card\" content=\"summary_large_image\" \/>\n<meta name=\"twitter:label1\" content=\"Written by\" \/>\n\t<meta name=\"twitter:data1\" content=\"admin\" \/>\n\t<meta name=\"twitter:label2\" content=\"Estimated reading time\" \/>\n\t<meta name=\"twitter:data2\" content=\"2 minutes\" \/>\n<script type=\"application\/ld+json\" class=\"yoast-schema-graph\">{\"@context\":\"https:\\\/\\\/schema.org\",\"@graph\":[{\"@type\":\"Article\",\"@id\":\"https:\\\/\\\/www.prooptica.pt\\\/lentes-digitalmente-otimizadas-tecnologia-ao-servico-da-visao\\\/#article\",\"isPartOf\":{\"@id\":\"https:\\\/\\\/www.prooptica.pt\\\/lentes-digitalmente-otimizadas-tecnologia-ao-servico-da-visao\\\/\"},\"author\":{\"name\":\"admin\",\"@id\":\"https:\\\/\\\/www.prooptica.pt\\\/home\\\/#\\\/schema\\\/person\\\/1cbd826a9322a3c38a052e43d1638306\"},\"headline\":\"Lentes digitalmente otimizadas | Tecnologia ao servi\u00e7o da vis\u00e3o\",\"datePublished\":\"2025-10-02T16:17:19+00:00\",\"mainEntityOfPage\":{\"@id\":\"https:\\\/\\\/www.prooptica.pt\\\/lentes-digitalmente-otimizadas-tecnologia-ao-servico-da-visao\\\/\"},\"wordCount\":299,\"image\":{\"@id\":\"https:\\\/\\\/www.prooptica.pt\\\/lentes-digitalmente-otimizadas-tecnologia-ao-servico-da-visao\\\/#primaryimage\"},\"thumbnailUrl\":\"https:\\\/\\\/www.prooptica.pt\\\/wp-content\\\/uploads\\\/2025\\\/10\\\/Capa-artigo-blog.jpg\",\"articleSection\":[\"Insight\",\"Lentes\"],\"inLanguage\":\"en-GB\"},{\"@type\":\"WebPage\",\"@id\":\"https:\\\/\\\/www.prooptica.pt\\\/lentes-digitalmente-otimizadas-tecnologia-ao-servico-da-visao\\\/\",\"url\":\"https:\\\/\\\/www.prooptica.pt\\\/lentes-digitalmente-otimizadas-tecnologia-ao-servico-da-visao\\\/\",\"name\":\"Lentes digitalmente otimizadas | Tecnologia ao servi\u00e7o da vis\u00e3o\",\"isPartOf\":{\"@id\":\"https:\\\/\\\/www.prooptica.pt\\\/home\\\/#website\"},\"primaryImageOfPage\":{\"@id\":\"https:\\\/\\\/www.prooptica.pt\\\/lentes-digitalmente-otimizadas-tecnologia-ao-servico-da-visao\\\/#primaryimage\"},\"image\":{\"@id\":\"https:\\\/\\\/www.prooptica.pt\\\/lentes-digitalmente-otimizadas-tecnologia-ao-servico-da-visao\\\/#primaryimage\"},\"thumbnailUrl\":\"https:\\\/\\\/www.prooptica.pt\\\/wp-content\\\/uploads\\\/2025\\\/10\\\/Capa-artigo-blog.jpg\",\"datePublished\":\"2025-10-02T16:17:19+00:00\",\"author\":{\"@id\":\"https:\\\/\\\/www.prooptica.pt\\\/home\\\/#\\\/schema\\\/person\\\/1cbd826a9322a3c38a052e43d1638306\"},\"description\":\"Mais do que uma tend\u00eancia tecnol\u00f3gica, estas lentes mudam a forma de cuidarmos da sa\u00fade visual, combinando ci\u00eancia, inova\u00e7\u00e3o e personaliza\u00e7\u00e3o.\",\"breadcrumb\":{\"@id\":\"https:\\\/\\\/www.prooptica.pt\\\/lentes-digitalmente-otimizadas-tecnologia-ao-servico-da-visao\\\/#breadcrumb\"},\"inLanguage\":\"en-GB\",\"potentialAction\":[{\"@type\":\"ReadAction\",\"target\":[\"https:\\\/\\\/www.prooptica.pt\\\/lentes-digitalmente-otimizadas-tecnologia-ao-servico-da-visao\\\/\"]}]},{\"@type\":\"ImageObject\",\"inLanguage\":\"en-GB\",\"@id\":\"https:\\\/\\\/www.prooptica.pt\\\/lentes-digitalmente-otimizadas-tecnologia-ao-servico-da-visao\\\/#primaryimage\",\"url\":\"https:\\\/\\\/www.prooptica.pt\\\/wp-content\\\/uploads\\\/2025\\\/10\\\/Capa-artigo-blog.jpg\",\"contentUrl\":\"https:\\\/\\\/www.prooptica.pt\\\/wp-content\\\/uploads\\\/2025\\\/10\\\/Capa-artigo-blog.jpg\",\"width\":852,\"height\":514},{\"@type\":\"BreadcrumbList\",\"@id\":\"https:\\\/\\\/www.prooptica.pt\\\/lentes-digitalmente-otimizadas-tecnologia-ao-servico-da-visao\\\/#breadcrumb\",\"itemListElement\":[{\"@type\":\"ListItem\",\"position\":1,\"name\":\"In\u00edcio\",\"item\":\"https:\\\/\\\/www.prooptica.pt\\\/\"},{\"@type\":\"ListItem\",\"position\":2,\"name\":\"Lentes digitalmente otimizadas | Tecnologia ao servi\u00e7o da vis\u00e3o\"}]},{\"@type\":\"WebSite\",\"@id\":\"https:\\\/\\\/www.prooptica.pt\\\/home\\\/#website\",\"url\":\"https:\\\/\\\/www.prooptica.pt\\\/home\\\/\",\"name\":\"Prooptica\",\"description\":\"Full Eyewear Concept\",\"potentialAction\":[{\"@type\":\"SearchAction\",\"target\":{\"@type\":\"EntryPoint\",\"urlTemplate\":\"https:\\\/\\\/www.prooptica.pt\\\/home\\\/?s={search_term_string}\"},\"query-input\":{\"@type\":\"PropertyValueSpecification\",\"valueRequired\":true,\"valueName\":\"search_term_string\"}}],\"inLanguage\":\"en-GB\"},{\"@type\":\"Person\",\"@id\":\"https:\\\/\\\/www.prooptica.pt\\\/home\\\/#\\\/schema\\\/person\\\/1cbd826a9322a3c38a052e43d1638306\",\"name\":\"admin\",\"image\":{\"@type\":\"ImageObject\",\"inLanguage\":\"en-GB\",\"@id\":\"https:\\\/\\\/secure.gravatar.com\\\/avatar\\\/528c714482569d81724b02603aa719344e9ad7c0b50becf07272b2086b2c1cfd?s=96&d=mm&r=g\",\"url\":\"https:\\\/\\\/secure.gravatar.com\\\/avatar\\\/528c714482569d81724b02603aa719344e9ad7c0b50becf07272b2086b2c1cfd?s=96&d=mm&r=g\",\"contentUrl\":\"https:\\\/\\\/secure.gravatar.com\\\/avatar\\\/528c714482569d81724b02603aa719344e9ad7c0b50becf07272b2086b2c1cfd?s=96&d=mm&r=g\",\"caption\":\"admin\"},\"url\":\"https:\\\/\\\/www.prooptica.pt\\\/en\\\/author\\\/admin\\\/\"}]}<\/script>\n<!-- \/ Yoast SEO plugin. -->","yoast_head_json":{"title":"Digitally optimised lenses | Technology at the service of vision","description":"More than a technological trend, these lenses change the way we look after our visual health, combining science, innovation and personalisation.","robots":{"index":"index","follow":"follow","max-snippet":"max-snippet:-1","max-image-preview":"max-image-preview:large","max-video-preview":"max-video-preview:-1"},"canonical":"https:\/\/www.prooptica.pt\/en\/digitally-optimised-lenses-technology-at-the-service-of-vision\/","og_locale":"en_GB","og_type":"article","og_title":"Lentes digitalmente otimizadas | Tecnologia ao servi\u00e7o da vis\u00e3o","og_description":"Mais do que uma tend\u00eancia tecnol\u00f3gica, estas lentes mudam a forma de cuidarmos da sa\u00fade visual, combinando ci\u00eancia, inova\u00e7\u00e3o e personaliza\u00e7\u00e3o.","og_url":"https:\/\/www.prooptica.pt\/en\/digitally-optimised-lenses-technology-at-the-service-of-vision\/","og_site_name":"Prooptica","article_published_time":"2025-10-02T16:17:19+00:00","og_image":[{"width":852,"height":514,"url":"https:\/\/www.prooptica.pt\/wp-content\/uploads\/2025\/10\/Capa-artigo-blog.jpg","type":"image\/jpeg"}],"author":"admin","twitter_card":"summary_large_image","twitter_misc":{"Written by":"admin","Estimated reading time":"2 minutes"},"schema":{"@context":"https:\/\/schema.org","@graph":[{"@type":"Article","@id":"https:\/\/www.prooptica.pt\/lentes-digitalmente-otimizadas-tecnologia-ao-servico-da-visao\/#article","isPartOf":{"@id":"https:\/\/www.prooptica.pt\/lentes-digitalmente-otimizadas-tecnologia-ao-servico-da-visao\/"},"author":{"name":"admin","@id":"https:\/\/www.prooptica.pt\/home\/#\/schema\/person\/1cbd826a9322a3c38a052e43d1638306"},"headline":"Lentes digitalmente otimizadas | Tecnologia ao servi\u00e7o da vis\u00e3o","datePublished":"2025-10-02T16:17:19+00:00","mainEntityOfPage":{"@id":"https:\/\/www.prooptica.pt\/lentes-digitalmente-otimizadas-tecnologia-ao-servico-da-visao\/"},"wordCount":299,"image":{"@id":"https:\/\/www.prooptica.pt\/lentes-digitalmente-otimizadas-tecnologia-ao-servico-da-visao\/#primaryimage"},"thumbnailUrl":"https:\/\/www.prooptica.pt\/wp-content\/uploads\/2025\/10\/Capa-artigo-blog.jpg","articleSection":["Insight","Lentes"],"inLanguage":"en-GB"},{"@type":"WebPage","@id":"https:\/\/www.prooptica.pt\/lentes-digitalmente-otimizadas-tecnologia-ao-servico-da-visao\/","url":"https:\/\/www.prooptica.pt\/lentes-digitalmente-otimizadas-tecnologia-ao-servico-da-visao\/","name":"Digitally optimised lenses | Technology at the service of vision","isPartOf":{"@id":"https:\/\/www.prooptica.pt\/home\/#website"},"primaryImageOfPage":{"@id":"https:\/\/www.prooptica.pt\/lentes-digitalmente-otimizadas-tecnologia-ao-servico-da-visao\/#primaryimage"},"image":{"@id":"https:\/\/www.prooptica.pt\/lentes-digitalmente-otimizadas-tecnologia-ao-servico-da-visao\/#primaryimage"},"thumbnailUrl":"https:\/\/www.prooptica.pt\/wp-content\/uploads\/2025\/10\/Capa-artigo-blog.jpg","datePublished":"2025-10-02T16:17:19+00:00","author":{"@id":"https:\/\/www.prooptica.pt\/home\/#\/schema\/person\/1cbd826a9322a3c38a052e43d1638306"},"description":"More than a technological trend, these lenses change the way we look after our visual health, combining science, innovation and personalisation.","breadcrumb":{"@id":"https:\/\/www.prooptica.pt\/lentes-digitalmente-otimizadas-tecnologia-ao-servico-da-visao\/#breadcrumb"},"inLanguage":"en-GB","potentialAction":[{"@type":"ReadAction","target":["https:\/\/www.prooptica.pt\/lentes-digitalmente-otimizadas-tecnologia-ao-servico-da-visao\/"]}]},{"@type":"ImageObject","inLanguage":"en-GB","@id":"https:\/\/www.prooptica.pt\/lentes-digitalmente-otimizadas-tecnologia-ao-servico-da-visao\/#primaryimage","url":"https:\/\/www.prooptica.pt\/wp-content\/uploads\/2025\/10\/Capa-artigo-blog.jpg","contentUrl":"https:\/\/www.prooptica.pt\/wp-content\/uploads\/2025\/10\/Capa-artigo-blog.jpg","width":852,"height":514},{"@type":"BreadcrumbList","@id":"https:\/\/www.prooptica.pt\/lentes-digitalmente-otimizadas-tecnologia-ao-servico-da-visao\/#breadcrumb","itemListElement":[{"@type":"ListItem","position":1,"name":"In\u00edcio","item":"https:\/\/www.prooptica.pt\/"},{"@type":"ListItem","position":2,"name":"Lentes digitalmente otimizadas | Tecnologia ao servi\u00e7o da vis\u00e3o"}]},{"@type":"WebSite","@id":"https:\/\/www.prooptica.pt\/home\/#website","url":"https:\/\/www.prooptica.pt\/home\/","name":"Prooptica","description":"Full Eyewear Concept","potentialAction":[{"@type":"SearchAction","target":{"@type":"EntryPoint","urlTemplate":"https:\/\/www.prooptica.pt\/home\/?s={search_term_string}"},"query-input":{"@type":"PropertyValueSpecification","valueRequired":true,"valueName":"search_term_string"}}],"inLanguage":"en-GB"},{"@type":"Person","@id":"https:\/\/www.prooptica.pt\/home\/#\/schema\/person\/1cbd826a9322a3c38a052e43d1638306","name":"admin","image":{"@type":"ImageObject","inLanguage":"en-GB","@id":"https:\/\/secure.gravatar.com\/avatar\/528c714482569d81724b02603aa719344e9ad7c0b50becf07272b2086b2c1cfd?s=96&d=mm&r=g","url":"https:\/\/secure.gravatar.com\/avatar\/528c714482569d81724b02603aa719344e9ad7c0b50becf07272b2086b2c1cfd?s=96&d=mm&r=g","contentUrl":"https:\/\/secure.gravatar.com\/avatar\/528c714482569d81724b02603aa719344e9ad7c0b50becf07272b2086b2c1cfd?s=96&d=mm&r=g","caption":"admin"},"url":"https:\/\/www.prooptica.pt\/en\/author\/admin\/"}]}},"_links":{"self":[{"href":"https:\/\/www.prooptica.pt\/en\/wp-json\/wp\/v2\/posts\/24113","targetHints":{"allow":["GET"]}}],"collection":[{"href":"https:\/\/www.prooptica.pt\/en\/wp-json\/wp\/v2\/posts"}],"about":[{"href":"https:\/\/www.prooptica.pt\/en\/wp-json\/wp\/v2\/types\/post"}],"author":[{"embeddable":true,"href":"https:\/\/www.prooptica.pt\/en\/wp-json\/wp\/v2\/users\/2"}],"replies":[{"embeddable":true,"href":"https:\/\/www.prooptica.pt\/en\/wp-json\/wp\/v2\/comments?post=24113"}],"version-history":[{"count":1,"href":"https:\/\/www.prooptica.pt\/en\/wp-json\/wp\/v2\/posts\/24113\/revisions"}],"predecessor-version":[{"id":24115,"href":"https:\/\/www.prooptica.pt\/en\/wp-json\/wp\/v2\/posts\/24113\/revisions\/24115"}],"wp:featuredmedia":[{"embeddable":true,"href":"https:\/\/www.prooptica.pt\/en\/wp-json\/wp\/v2\/media\/24116"}],"wp:attachment":[{"href":"https:\/\/www.prooptica.pt\/en\/wp-json\/wp\/v2\/media?parent=24113"}],"wp:term":[{"taxonomy":"category","embeddable":true,"href":"https:\/\/www.prooptica.pt\/en\/wp-json\/wp\/v2\/categories?post=24113"},{"taxonomy":"post_tag","embeddable":true,"href":"https:\/\/www.prooptica.pt\/en\/wp-json\/wp\/v2\/tags?post=24113"}],"curies":[{"name":"wp","href":"https:\/\/api.w.org\/{rel}","templated":true}]}}