{"id":24117,"date":"2025-10-02T16:31:45","date_gmt":"2025-10-02T16:31:45","guid":{"rendered":"https:\/\/www.prooptica.pt\/?p=24117"},"modified":"2025-10-02T16:38:27","modified_gmt":"2025-10-02T16:38:27","slug":"world-teachers-day-clear-vision-for-those-who-teach-the-future","status":"publish","type":"post","link":"https:\/\/www.prooptica.pt\/en\/dia-mundial-do-professor-visao-clara-para-quem-ensina-o-futuro\/","title":{"rendered":"World Teachers' Day | Clear vision for those who teach the future"},"content":{"rendered":"<p>The 5th of October is <strong>World Teachers' Day<\/strong>This is a date that honours all those who dedicate their lives to teaching, inspiring and transforming generations. The role of teachers is demanding: it requires dedication, patience and, above all, a clear vision - literally and figuratively.<\/p>\n<p>Just as knowledge needs to be transmitted without barriers, a teacher's vision needs to be free of limitations. Hours spent preparing lessons, correcting assignments, reading on the board or on the computer require a lot of time. <strong>suitable ophthalmic lenses<\/strong>This ensures comfort and clarity throughout the day.<\/p>\n<h6><strong>The importance of the right lenses for the teaching profession<\/strong><\/h6>\n<ul>\n<li><strong>Clear vision at different distances<\/strong>: from the computer screen at the back of the classroom.<\/li>\n<li><strong>Long-lasting visual comfort<\/strong>essential on long, intensive journeys.<\/li>\n<li><strong>Reduced eye fatigue<\/strong>caused by the frequent use of digital devices.<\/li>\n<li><strong>More natural posture<\/strong>This helps with general well-being.<\/li>\n<\/ul>\n<p>Just as teachers adapt their teaching methods to the needs of each student, lenses must also be personalised to the demands of the profession. <strong>Progressive or digitally optimised lenses<\/strong> are often the ideal choice for those who need to move quickly from the computer to eye contact with students, maintaining clarity at all distances.<\/p>\n<h6><strong>A tribute to the vision that inspires<\/strong><\/h6>\n<p>On World Teachers' Day, we celebrate not only knowledge, but also the ability to see the future clearly. Because in order to teach and inspire, it's essential to see well - and the right lenses can be as important a tool as the blackboard, the book or the voice that guides each lesson.<\/p>","protected":false},"excerpt":{"rendered":"<p>No dia 5 de outubro celebra-se o Dia Mundial do Professor, uma data que homenageia todos aqueles que dedicam a sua vida a ensinar, inspirar e transformar gera\u00e7\u00f5es. O papel dos professores \u00e9 exigente: requer dedica\u00e7\u00e3o, paci\u00eancia e, acima de tudo, uma vis\u00e3o clara \u2013 no sentido literal e figurado. Tal como o conhecimento deve [&hellip;]<\/p>\n","protected":false},"author":2,"featured_media":24118,"comment_status":"closed","ping_status":"closed","sticky":false,"template":"","format":"standard","meta":{"footnotes":""},"categories":[187],"tags":[],"class_list":["post-24117","post","type-post","status-publish","format-standard","has-post-thumbnail","hentry","category-lentes"],"yoast_head":"<!-- This site is optimized with the Yoast SEO plugin v27.4 - https:\/\/yoast.com\/product\/yoast-seo-wordpress\/ -->\n<title>Dia Mundial do Professor | Vis\u00e3o clara para quem ensina o futuro<\/title>\n<meta name=\"description\" content=\"Hoje celebramos o conhecimento e tamb\u00e9m a capacidade de olhar o futuro com clareza, porque, para ensinar e inspirar, \u00e9 fundamental ver bem.\" \/>\n<meta name=\"robots\" content=\"index, follow, max-snippet:-1, max-image-preview:large, max-video-preview:-1\" \/>\n<link rel=\"canonical\" href=\"https:\/\/www.prooptica.pt\/en\/world-teachers-day-clear-vision-for-those-who-teach-the-future\/\" \/>\n<meta property=\"og:locale\" content=\"en_GB\" \/>\n<meta property=\"og:type\" content=\"article\" \/>\n<meta property=\"og:title\" content=\"Dia Mundial do Professor | Vis\u00e3o clara para quem ensina o futuro\" \/>\n<meta property=\"og:description\" content=\"Hoje celebramos o conhecimento e tamb\u00e9m a capacidade de olhar o futuro com clareza, porque, para ensinar e inspirar, \u00e9 fundamental ver bem.\" \/>\n<meta property=\"og:url\" content=\"https:\/\/www.prooptica.pt\/en\/world-teachers-day-clear-vision-for-those-who-teach-the-future\/\" \/>\n<meta property=\"og:site_name\" content=\"Prooptica\" \/>\n<meta property=\"article:published_time\" content=\"2025-10-02T16:31:45+00:00\" \/>\n<meta property=\"article:modified_time\" content=\"2025-10-02T16:38:27+00:00\" \/>\n<meta property=\"og:image\" content=\"https:\/\/www.prooptica.pt\/wp-content\/uploads\/2025\/10\/Capa-artigo-blog-1.jpg\" \/>\n\t<meta property=\"og:image:width\" content=\"852\" \/>\n\t<meta property=\"og:image:height\" content=\"514\" \/>\n\t<meta property=\"og:image:type\" content=\"image\/jpeg\" \/>\n<meta name=\"author\" content=\"admin\" \/>\n<meta name=\"twitter:card\" content=\"summary_large_image\" \/>\n<meta name=\"twitter:label1\" content=\"Written by\" \/>\n\t<meta name=\"twitter:data1\" content=\"admin\" \/>\n\t<meta name=\"twitter:label2\" content=\"Estimated reading time\" \/>\n\t<meta name=\"twitter:data2\" content=\"2 minutes\" \/>\n<script type=\"application\/ld+json\" class=\"yoast-schema-graph\">{\"@context\":\"https:\\\/\\\/schema.org\",\"@graph\":[{\"@type\":\"Article\",\"@id\":\"https:\\\/\\\/www.prooptica.pt\\\/dia-mundial-do-professor-visao-clara-para-quem-ensina-o-futuro\\\/#article\",\"isPartOf\":{\"@id\":\"https:\\\/\\\/www.prooptica.pt\\\/dia-mundial-do-professor-visao-clara-para-quem-ensina-o-futuro\\\/\"},\"author\":{\"name\":\"admin\",\"@id\":\"https:\\\/\\\/www.prooptica.pt\\\/home\\\/#\\\/schema\\\/person\\\/1cbd826a9322a3c38a052e43d1638306\"},\"headline\":\"Dia Mundial do Professor | Vis\u00e3o clara para quem ensina o futuro\",\"datePublished\":\"2025-10-02T16:31:45+00:00\",\"dateModified\":\"2025-10-02T16:38:27+00:00\",\"mainEntityOfPage\":{\"@id\":\"https:\\\/\\\/www.prooptica.pt\\\/dia-mundial-do-professor-visao-clara-para-quem-ensina-o-futuro\\\/\"},\"wordCount\":302,\"image\":{\"@id\":\"https:\\\/\\\/www.prooptica.pt\\\/dia-mundial-do-professor-visao-clara-para-quem-ensina-o-futuro\\\/#primaryimage\"},\"thumbnailUrl\":\"https:\\\/\\\/www.prooptica.pt\\\/wp-content\\\/uploads\\\/2025\\\/10\\\/Capa-artigo-blog-1.jpg\",\"articleSection\":[\"Lentes\"],\"inLanguage\":\"en-GB\"},{\"@type\":\"WebPage\",\"@id\":\"https:\\\/\\\/www.prooptica.pt\\\/dia-mundial-do-professor-visao-clara-para-quem-ensina-o-futuro\\\/\",\"url\":\"https:\\\/\\\/www.prooptica.pt\\\/dia-mundial-do-professor-visao-clara-para-quem-ensina-o-futuro\\\/\",\"name\":\"Dia Mundial do Professor | Vis\u00e3o clara para quem ensina o futuro\",\"isPartOf\":{\"@id\":\"https:\\\/\\\/www.prooptica.pt\\\/home\\\/#website\"},\"primaryImageOfPage\":{\"@id\":\"https:\\\/\\\/www.prooptica.pt\\\/dia-mundial-do-professor-visao-clara-para-quem-ensina-o-futuro\\\/#primaryimage\"},\"image\":{\"@id\":\"https:\\\/\\\/www.prooptica.pt\\\/dia-mundial-do-professor-visao-clara-para-quem-ensina-o-futuro\\\/#primaryimage\"},\"thumbnailUrl\":\"https:\\\/\\\/www.prooptica.pt\\\/wp-content\\\/uploads\\\/2025\\\/10\\\/Capa-artigo-blog-1.jpg\",\"datePublished\":\"2025-10-02T16:31:45+00:00\",\"dateModified\":\"2025-10-02T16:38:27+00:00\",\"author\":{\"@id\":\"https:\\\/\\\/www.prooptica.pt\\\/home\\\/#\\\/schema\\\/person\\\/1cbd826a9322a3c38a052e43d1638306\"},\"description\":\"Hoje celebramos o conhecimento e tamb\u00e9m a capacidade de olhar o futuro com clareza, porque, para ensinar e inspirar, \u00e9 fundamental ver bem.\",\"breadcrumb\":{\"@id\":\"https:\\\/\\\/www.prooptica.pt\\\/dia-mundial-do-professor-visao-clara-para-quem-ensina-o-futuro\\\/#breadcrumb\"},\"inLanguage\":\"en-GB\",\"potentialAction\":[{\"@type\":\"ReadAction\",\"target\":[\"https:\\\/\\\/www.prooptica.pt\\\/dia-mundial-do-professor-visao-clara-para-quem-ensina-o-futuro\\\/\"]}]},{\"@type\":\"ImageObject\",\"inLanguage\":\"en-GB\",\"@id\":\"https:\\\/\\\/www.prooptica.pt\\\/dia-mundial-do-professor-visao-clara-para-quem-ensina-o-futuro\\\/#primaryimage\",\"url\":\"https:\\\/\\\/www.prooptica.pt\\\/wp-content\\\/uploads\\\/2025\\\/10\\\/Capa-artigo-blog-1.jpg\",\"contentUrl\":\"https:\\\/\\\/www.prooptica.pt\\\/wp-content\\\/uploads\\\/2025\\\/10\\\/Capa-artigo-blog-1.jpg\",\"width\":852,\"height\":514},{\"@type\":\"BreadcrumbList\",\"@id\":\"https:\\\/\\\/www.prooptica.pt\\\/dia-mundial-do-professor-visao-clara-para-quem-ensina-o-futuro\\\/#breadcrumb\",\"itemListElement\":[{\"@type\":\"ListItem\",\"position\":1,\"name\":\"In\u00edcio\",\"item\":\"https:\\\/\\\/www.prooptica.pt\\\/\"},{\"@type\":\"ListItem\",\"position\":2,\"name\":\"Dia Mundial do Professor | Vis\u00e3o clara para quem ensina o futuro\"}]},{\"@type\":\"WebSite\",\"@id\":\"https:\\\/\\\/www.prooptica.pt\\\/home\\\/#website\",\"url\":\"https:\\\/\\\/www.prooptica.pt\\\/home\\\/\",\"name\":\"Prooptica\",\"description\":\"Full Eyewear Concept\",\"potentialAction\":[{\"@type\":\"SearchAction\",\"target\":{\"@type\":\"EntryPoint\",\"urlTemplate\":\"https:\\\/\\\/www.prooptica.pt\\\/home\\\/?s={search_term_string}\"},\"query-input\":{\"@type\":\"PropertyValueSpecification\",\"valueRequired\":true,\"valueName\":\"search_term_string\"}}],\"inLanguage\":\"en-GB\"},{\"@type\":\"Person\",\"@id\":\"https:\\\/\\\/www.prooptica.pt\\\/home\\\/#\\\/schema\\\/person\\\/1cbd826a9322a3c38a052e43d1638306\",\"name\":\"admin\",\"image\":{\"@type\":\"ImageObject\",\"inLanguage\":\"en-GB\",\"@id\":\"https:\\\/\\\/secure.gravatar.com\\\/avatar\\\/528c714482569d81724b02603aa719344e9ad7c0b50becf07272b2086b2c1cfd?s=96&d=mm&r=g\",\"url\":\"https:\\\/\\\/secure.gravatar.com\\\/avatar\\\/528c714482569d81724b02603aa719344e9ad7c0b50becf07272b2086b2c1cfd?s=96&d=mm&r=g\",\"contentUrl\":\"https:\\\/\\\/secure.gravatar.com\\\/avatar\\\/528c714482569d81724b02603aa719344e9ad7c0b50becf07272b2086b2c1cfd?s=96&d=mm&r=g\",\"caption\":\"admin\"},\"url\":\"https:\\\/\\\/www.prooptica.pt\\\/en\\\/author\\\/admin\\\/\"}]}<\/script>\n<!-- \/ Yoast SEO plugin. -->","yoast_head_json":{"title":"World Teachers' Day | Clear vision for those who teach the future","description":"Today we celebrate knowledge and also the ability to see the future clearly, because in order to teach and inspire, it is essential to see well.","robots":{"index":"index","follow":"follow","max-snippet":"max-snippet:-1","max-image-preview":"max-image-preview:large","max-video-preview":"max-video-preview:-1"},"canonical":"https:\/\/www.prooptica.pt\/en\/world-teachers-day-clear-vision-for-those-who-teach-the-future\/","og_locale":"en_GB","og_type":"article","og_title":"Dia Mundial do Professor | Vis\u00e3o clara para quem ensina o futuro","og_description":"Hoje celebramos o conhecimento e tamb\u00e9m a capacidade de olhar o futuro com clareza, porque, para ensinar e inspirar, \u00e9 fundamental ver bem.","og_url":"https:\/\/www.prooptica.pt\/en\/world-teachers-day-clear-vision-for-those-who-teach-the-future\/","og_site_name":"Prooptica","article_published_time":"2025-10-02T16:31:45+00:00","article_modified_time":"2025-10-02T16:38:27+00:00","og_image":[{"width":852,"height":514,"url":"https:\/\/www.prooptica.pt\/wp-content\/uploads\/2025\/10\/Capa-artigo-blog-1.jpg","type":"image\/jpeg"}],"author":"admin","twitter_card":"summary_large_image","twitter_misc":{"Written by":"admin","Estimated reading time":"2 minutes"},"schema":{"@context":"https:\/\/schema.org","@graph":[{"@type":"Article","@id":"https:\/\/www.prooptica.pt\/dia-mundial-do-professor-visao-clara-para-quem-ensina-o-futuro\/#article","isPartOf":{"@id":"https:\/\/www.prooptica.pt\/dia-mundial-do-professor-visao-clara-para-quem-ensina-o-futuro\/"},"author":{"name":"admin","@id":"https:\/\/www.prooptica.pt\/home\/#\/schema\/person\/1cbd826a9322a3c38a052e43d1638306"},"headline":"Dia Mundial do Professor | Vis\u00e3o clara para quem ensina o futuro","datePublished":"2025-10-02T16:31:45+00:00","dateModified":"2025-10-02T16:38:27+00:00","mainEntityOfPage":{"@id":"https:\/\/www.prooptica.pt\/dia-mundial-do-professor-visao-clara-para-quem-ensina-o-futuro\/"},"wordCount":302,"image":{"@id":"https:\/\/www.prooptica.pt\/dia-mundial-do-professor-visao-clara-para-quem-ensina-o-futuro\/#primaryimage"},"thumbnailUrl":"https:\/\/www.prooptica.pt\/wp-content\/uploads\/2025\/10\/Capa-artigo-blog-1.jpg","articleSection":["Lentes"],"inLanguage":"en-GB"},{"@type":"WebPage","@id":"https:\/\/www.prooptica.pt\/dia-mundial-do-professor-visao-clara-para-quem-ensina-o-futuro\/","url":"https:\/\/www.prooptica.pt\/dia-mundial-do-professor-visao-clara-para-quem-ensina-o-futuro\/","name":"World Teachers' Day | Clear vision for those who teach the future","isPartOf":{"@id":"https:\/\/www.prooptica.pt\/home\/#website"},"primaryImageOfPage":{"@id":"https:\/\/www.prooptica.pt\/dia-mundial-do-professor-visao-clara-para-quem-ensina-o-futuro\/#primaryimage"},"image":{"@id":"https:\/\/www.prooptica.pt\/dia-mundial-do-professor-visao-clara-para-quem-ensina-o-futuro\/#primaryimage"},"thumbnailUrl":"https:\/\/www.prooptica.pt\/wp-content\/uploads\/2025\/10\/Capa-artigo-blog-1.jpg","datePublished":"2025-10-02T16:31:45+00:00","dateModified":"2025-10-02T16:38:27+00:00","author":{"@id":"https:\/\/www.prooptica.pt\/home\/#\/schema\/person\/1cbd826a9322a3c38a052e43d1638306"},"description":"Today we celebrate knowledge and also the ability to see the future clearly, because in order to teach and inspire, it is essential to see well.","breadcrumb":{"@id":"https:\/\/www.prooptica.pt\/dia-mundial-do-professor-visao-clara-para-quem-ensina-o-futuro\/#breadcrumb"},"inLanguage":"en-GB","potentialAction":[{"@type":"ReadAction","target":["https:\/\/www.prooptica.pt\/dia-mundial-do-professor-visao-clara-para-quem-ensina-o-futuro\/"]}]},{"@type":"ImageObject","inLanguage":"en-GB","@id":"https:\/\/www.prooptica.pt\/dia-mundial-do-professor-visao-clara-para-quem-ensina-o-futuro\/#primaryimage","url":"https:\/\/www.prooptica.pt\/wp-content\/uploads\/2025\/10\/Capa-artigo-blog-1.jpg","contentUrl":"https:\/\/www.prooptica.pt\/wp-content\/uploads\/2025\/10\/Capa-artigo-blog-1.jpg","width":852,"height":514},{"@type":"BreadcrumbList","@id":"https:\/\/www.prooptica.pt\/dia-mundial-do-professor-visao-clara-para-quem-ensina-o-futuro\/#breadcrumb","itemListElement":[{"@type":"ListItem","position":1,"name":"In\u00edcio","item":"https:\/\/www.prooptica.pt\/"},{"@type":"ListItem","position":2,"name":"Dia Mundial do Professor | Vis\u00e3o clara para quem ensina o futuro"}]},{"@type":"WebSite","@id":"https:\/\/www.prooptica.pt\/home\/#website","url":"https:\/\/www.prooptica.pt\/home\/","name":"Prooptica","description":"Full Eyewear Concept","potentialAction":[{"@type":"SearchAction","target":{"@type":"EntryPoint","urlTemplate":"https:\/\/www.prooptica.pt\/home\/?s={search_term_string}"},"query-input":{"@type":"PropertyValueSpecification","valueRequired":true,"valueName":"search_term_string"}}],"inLanguage":"en-GB"},{"@type":"Person","@id":"https:\/\/www.prooptica.pt\/home\/#\/schema\/person\/1cbd826a9322a3c38a052e43d1638306","name":"admin","image":{"@type":"ImageObject","inLanguage":"en-GB","@id":"https:\/\/secure.gravatar.com\/avatar\/528c714482569d81724b02603aa719344e9ad7c0b50becf07272b2086b2c1cfd?s=96&d=mm&r=g","url":"https:\/\/secure.gravatar.com\/avatar\/528c714482569d81724b02603aa719344e9ad7c0b50becf07272b2086b2c1cfd?s=96&d=mm&r=g","contentUrl":"https:\/\/secure.gravatar.com\/avatar\/528c714482569d81724b02603aa719344e9ad7c0b50becf07272b2086b2c1cfd?s=96&d=mm&r=g","caption":"admin"},"url":"https:\/\/www.prooptica.pt\/en\/author\/admin\/"}]}},"_links":{"self":[{"href":"https:\/\/www.prooptica.pt\/en\/wp-json\/wp\/v2\/posts\/24117","targetHints":{"allow":["GET"]}}],"collection":[{"href":"https:\/\/www.prooptica.pt\/en\/wp-json\/wp\/v2\/posts"}],"about":[{"href":"https:\/\/www.prooptica.pt\/en\/wp-json\/wp\/v2\/types\/post"}],"author":[{"embeddable":true,"href":"https:\/\/www.prooptica.pt\/en\/wp-json\/wp\/v2\/users\/2"}],"replies":[{"embeddable":true,"href":"https:\/\/www.prooptica.pt\/en\/wp-json\/wp\/v2\/comments?post=24117"}],"version-history":[{"count":1,"href":"https:\/\/www.prooptica.pt\/en\/wp-json\/wp\/v2\/posts\/24117\/revisions"}],"predecessor-version":[{"id":24119,"href":"https:\/\/www.prooptica.pt\/en\/wp-json\/wp\/v2\/posts\/24117\/revisions\/24119"}],"wp:featuredmedia":[{"embeddable":true,"href":"https:\/\/www.prooptica.pt\/en\/wp-json\/wp\/v2\/media\/24118"}],"wp:attachment":[{"href":"https:\/\/www.prooptica.pt\/en\/wp-json\/wp\/v2\/media?parent=24117"}],"wp:term":[{"taxonomy":"category","embeddable":true,"href":"https:\/\/www.prooptica.pt\/en\/wp-json\/wp\/v2\/categories?post=24117"},{"taxonomy":"post_tag","embeddable":true,"href":"https:\/\/www.prooptica.pt\/en\/wp-json\/wp\/v2\/tags?post=24117"}],"curies":[{"name":"wp","href":"https:\/\/api.w.org\/{rel}","templated":true}]}}