{"id":24120,"date":"2025-10-02T16:56:50","date_gmt":"2025-10-02T16:56:50","guid":{"rendered":"https:\/\/www.prooptica.pt\/?p=24120"},"modified":"2026-04-09T10:57:36","modified_gmt":"2026-04-09T10:57:36","slug":"what-makes-an-architect-the-vision-of-architects-and-designers-prooptica","status":"publish","type":"post","link":"https:\/\/www.prooptica.pt\/en\/o-que-faz-um-arquiteto-a-visao-dos-arquitetos-e-designers-prooptica\/","title":{"rendered":"What an architect does | The vision of Prooptica architects and designers"},"content":{"rendered":"<p>When we think of architecture, we often immediately associate it with technical drawings and blueprints. But the work of an architect goes far beyond that. With creativity, technique and vision, these professionals transform needs into spatial solutions that impact the daily lives of people and businesses.<\/p>\n<p>The architect is first and foremost an observer. They analyse every detail: the flow of movement, the entry of natural light, the right materials, thermal and acoustic comfort, functionality and even the way people interact with the space. His ultimate goal is clear: to create harmonious environments that serve and inspire their inhabitants.<\/p>\n<h6><strong>The Prooptica look at architecture and design<\/strong><\/h6>\n<p>At Prooptica, through our Design + Architecture department, we share exactly this vision. Our know-how was born in the optical sector, where the personalisation and functionality of optical spaces are fundamental to the customer experience. But our journey has gone beyond that: today we also develop projects for clinics, offices and other commercial spaces.<\/p>\n<p>Just as an architect designs buildings adapted to different contexts and needs, we create concepts that combine brand identity, innovation and functionality. Each project is an opportunity to design not just spaces, but unique experiences that translate the essence of each client.<\/p>\n<h6><strong>Architects who design experiences<\/strong><\/h6>\n<p>Prooptica architects don't just build walls or organise rooms. Their mission is to create dream projects that reflect the needs and personality of each client. They are spaces designed to welcome, inspire and create lasting emotional connections.<\/p>\n<p>More than functional commercial areas, we believe that each project should reflect the demand, motivation and essence of those who come to us. That's why we say that at Prooptica we design experiences, not just spaces.<\/p>\n<h6><strong>Designing is giving life<\/strong><\/h6>\n<p>To celebrate architecture is to recognise that designing is much more than building. It's about creating stories, inspiring relationships and leaving marks that last over time.<\/p>\n<p>At Prooptica, our architects and designers share this conviction and work every day to transform ideas into unique realities, capable of thrilling and adding value.<\/p>","protected":false},"excerpt":{"rendered":"<p>Quando pensamos em arquitetura, \u00e9 comum associarmos imediatamente a desenhos t\u00e9cnicos e plantas. Mas o trabalho de um arquiteto vai muito al\u00e9m disso. Com criatividade, t\u00e9cnica e vis\u00e3o, estes profissionais transformam necessidades em solu\u00e7\u00f5es espaciais que impactam o dia a dia das pessoas e dos neg\u00f3cios. O arquiteto \u00e9, antes de mais, um observador. Ele [&hellip;]<\/p>\n","protected":false},"author":2,"featured_media":24580,"comment_status":"closed","ping_status":"closed","sticky":false,"template":"","format":"standard","meta":{"footnotes":""},"categories":[41],"tags":[],"class_list":["post-24120","post","type-post","status-publish","format-standard","has-post-thumbnail","hentry","category-design-arquitetura"],"yoast_head":"<!-- This site is optimized with the Yoast SEO plugin v27.4 - https:\/\/yoast.com\/product\/yoast-seo-wordpress\/ -->\n<title>O que faz um arquiteto | A vis\u00e3o dos arquitetos Prooptica<\/title>\n<meta name=\"description\" content=\"Os arquitetos Prooptica trabalham todos os dias para transformar ideias em realidades \u00fanicas, capazes de emocionar e de acrescentar valor.\" \/>\n<meta name=\"robots\" content=\"index, follow, max-snippet:-1, max-image-preview:large, max-video-preview:-1\" \/>\n<link rel=\"canonical\" href=\"https:\/\/www.prooptica.pt\/en\/what-makes-an-architect-the-vision-of-architects-and-designers-prooptica\/\" \/>\n<meta property=\"og:locale\" content=\"en_GB\" \/>\n<meta property=\"og:type\" content=\"article\" \/>\n<meta property=\"og:title\" content=\"O que faz um arquiteto | A vis\u00e3o dos arquitetos Prooptica\" \/>\n<meta property=\"og:description\" content=\"Os arquitetos Prooptica trabalham todos os dias para transformar ideias em realidades \u00fanicas, capazes de emocionar e de acrescentar valor.\" \/>\n<meta property=\"og:url\" content=\"https:\/\/www.prooptica.pt\/en\/what-makes-an-architect-the-vision-of-architects-and-designers-prooptica\/\" \/>\n<meta property=\"og:site_name\" content=\"Prooptica\" \/>\n<meta property=\"article:published_time\" content=\"2025-10-02T16:56:50+00:00\" \/>\n<meta property=\"article:modified_time\" content=\"2026-04-09T10:57:36+00:00\" \/>\n<meta property=\"og:image\" content=\"https:\/\/www.prooptica.pt\/wp-content\/uploads\/2025\/10\/Capa-artigo-blog-13.jpg\" \/>\n\t<meta property=\"og:image:width\" content=\"852\" \/>\n\t<meta property=\"og:image:height\" content=\"514\" \/>\n\t<meta property=\"og:image:type\" content=\"image\/jpeg\" \/>\n<meta name=\"author\" content=\"admin\" \/>\n<meta name=\"twitter:card\" content=\"summary_large_image\" \/>\n<meta name=\"twitter:label1\" content=\"Written by\" \/>\n\t<meta name=\"twitter:data1\" content=\"admin\" \/>\n\t<meta name=\"twitter:label2\" content=\"Estimated reading time\" \/>\n\t<meta name=\"twitter:data2\" content=\"3 minutes\" \/>\n<script type=\"application\/ld+json\" class=\"yoast-schema-graph\">{\"@context\":\"https:\\\/\\\/schema.org\",\"@graph\":[{\"@type\":\"Article\",\"@id\":\"https:\\\/\\\/www.prooptica.pt\\\/o-que-faz-um-arquiteto-a-visao-dos-arquitetos-e-designers-prooptica\\\/#article\",\"isPartOf\":{\"@id\":\"https:\\\/\\\/www.prooptica.pt\\\/o-que-faz-um-arquiteto-a-visao-dos-arquitetos-e-designers-prooptica\\\/\"},\"author\":{\"name\":\"admin\",\"@id\":\"https:\\\/\\\/www.prooptica.pt\\\/home\\\/#\\\/schema\\\/person\\\/1cbd826a9322a3c38a052e43d1638306\"},\"headline\":\"O que faz um arquiteto | A vis\u00e3o dos arquitetos e designers Prooptica\",\"datePublished\":\"2025-10-02T16:56:50+00:00\",\"dateModified\":\"2026-04-09T10:57:36+00:00\",\"mainEntityOfPage\":{\"@id\":\"https:\\\/\\\/www.prooptica.pt\\\/o-que-faz-um-arquiteto-a-visao-dos-arquitetos-e-designers-prooptica\\\/\"},\"wordCount\":399,\"image\":{\"@id\":\"https:\\\/\\\/www.prooptica.pt\\\/o-que-faz-um-arquiteto-a-visao-dos-arquitetos-e-designers-prooptica\\\/#primaryimage\"},\"thumbnailUrl\":\"https:\\\/\\\/www.prooptica.pt\\\/wp-content\\\/uploads\\\/2025\\\/10\\\/Capa-artigo-blog-13.jpg\",\"articleSection\":[\"Design + Arquitetura\"],\"inLanguage\":\"en-GB\"},{\"@type\":\"WebPage\",\"@id\":\"https:\\\/\\\/www.prooptica.pt\\\/o-que-faz-um-arquiteto-a-visao-dos-arquitetos-e-designers-prooptica\\\/\",\"url\":\"https:\\\/\\\/www.prooptica.pt\\\/o-que-faz-um-arquiteto-a-visao-dos-arquitetos-e-designers-prooptica\\\/\",\"name\":\"O que faz um arquiteto | A vis\u00e3o dos arquitetos Prooptica\",\"isPartOf\":{\"@id\":\"https:\\\/\\\/www.prooptica.pt\\\/home\\\/#website\"},\"primaryImageOfPage\":{\"@id\":\"https:\\\/\\\/www.prooptica.pt\\\/o-que-faz-um-arquiteto-a-visao-dos-arquitetos-e-designers-prooptica\\\/#primaryimage\"},\"image\":{\"@id\":\"https:\\\/\\\/www.prooptica.pt\\\/o-que-faz-um-arquiteto-a-visao-dos-arquitetos-e-designers-prooptica\\\/#primaryimage\"},\"thumbnailUrl\":\"https:\\\/\\\/www.prooptica.pt\\\/wp-content\\\/uploads\\\/2025\\\/10\\\/Capa-artigo-blog-13.jpg\",\"datePublished\":\"2025-10-02T16:56:50+00:00\",\"dateModified\":\"2026-04-09T10:57:36+00:00\",\"author\":{\"@id\":\"https:\\\/\\\/www.prooptica.pt\\\/home\\\/#\\\/schema\\\/person\\\/1cbd826a9322a3c38a052e43d1638306\"},\"description\":\"Os arquitetos Prooptica trabalham todos os dias para transformar ideias em realidades \u00fanicas, capazes de emocionar e de acrescentar valor.\",\"breadcrumb\":{\"@id\":\"https:\\\/\\\/www.prooptica.pt\\\/o-que-faz-um-arquiteto-a-visao-dos-arquitetos-e-designers-prooptica\\\/#breadcrumb\"},\"inLanguage\":\"en-GB\",\"potentialAction\":[{\"@type\":\"ReadAction\",\"target\":[\"https:\\\/\\\/www.prooptica.pt\\\/o-que-faz-um-arquiteto-a-visao-dos-arquitetos-e-designers-prooptica\\\/\"]}]},{\"@type\":\"ImageObject\",\"inLanguage\":\"en-GB\",\"@id\":\"https:\\\/\\\/www.prooptica.pt\\\/o-que-faz-um-arquiteto-a-visao-dos-arquitetos-e-designers-prooptica\\\/#primaryimage\",\"url\":\"https:\\\/\\\/www.prooptica.pt\\\/wp-content\\\/uploads\\\/2025\\\/10\\\/Capa-artigo-blog-13.jpg\",\"contentUrl\":\"https:\\\/\\\/www.prooptica.pt\\\/wp-content\\\/uploads\\\/2025\\\/10\\\/Capa-artigo-blog-13.jpg\",\"width\":852,\"height\":514},{\"@type\":\"BreadcrumbList\",\"@id\":\"https:\\\/\\\/www.prooptica.pt\\\/o-que-faz-um-arquiteto-a-visao-dos-arquitetos-e-designers-prooptica\\\/#breadcrumb\",\"itemListElement\":[{\"@type\":\"ListItem\",\"position\":1,\"name\":\"In\u00edcio\",\"item\":\"https:\\\/\\\/www.prooptica.pt\\\/\"},{\"@type\":\"ListItem\",\"position\":2,\"name\":\"O que faz um arquiteto | A vis\u00e3o dos arquitetos e designers Prooptica\"}]},{\"@type\":\"WebSite\",\"@id\":\"https:\\\/\\\/www.prooptica.pt\\\/home\\\/#website\",\"url\":\"https:\\\/\\\/www.prooptica.pt\\\/home\\\/\",\"name\":\"Prooptica\",\"description\":\"Full Eyewear Concept\",\"potentialAction\":[{\"@type\":\"SearchAction\",\"target\":{\"@type\":\"EntryPoint\",\"urlTemplate\":\"https:\\\/\\\/www.prooptica.pt\\\/home\\\/?s={search_term_string}\"},\"query-input\":{\"@type\":\"PropertyValueSpecification\",\"valueRequired\":true,\"valueName\":\"search_term_string\"}}],\"inLanguage\":\"en-GB\"},{\"@type\":\"Person\",\"@id\":\"https:\\\/\\\/www.prooptica.pt\\\/home\\\/#\\\/schema\\\/person\\\/1cbd826a9322a3c38a052e43d1638306\",\"name\":\"admin\",\"image\":{\"@type\":\"ImageObject\",\"inLanguage\":\"en-GB\",\"@id\":\"https:\\\/\\\/secure.gravatar.com\\\/avatar\\\/528c714482569d81724b02603aa719344e9ad7c0b50becf07272b2086b2c1cfd?s=96&d=mm&r=g\",\"url\":\"https:\\\/\\\/secure.gravatar.com\\\/avatar\\\/528c714482569d81724b02603aa719344e9ad7c0b50becf07272b2086b2c1cfd?s=96&d=mm&r=g\",\"contentUrl\":\"https:\\\/\\\/secure.gravatar.com\\\/avatar\\\/528c714482569d81724b02603aa719344e9ad7c0b50becf07272b2086b2c1cfd?s=96&d=mm&r=g\",\"caption\":\"admin\"},\"url\":\"https:\\\/\\\/www.prooptica.pt\\\/en\\\/author\\\/admin\\\/\"}]}<\/script>\n<!-- \/ Yoast SEO plugin. -->","yoast_head_json":{"title":"What an architect does | The vision of Prooptica architects","description":"Prooptica architects work every day to transform ideas into unique realities, capable of thrilling and adding value.","robots":{"index":"index","follow":"follow","max-snippet":"max-snippet:-1","max-image-preview":"max-image-preview:large","max-video-preview":"max-video-preview:-1"},"canonical":"https:\/\/www.prooptica.pt\/en\/what-makes-an-architect-the-vision-of-architects-and-designers-prooptica\/","og_locale":"en_GB","og_type":"article","og_title":"O que faz um arquiteto | A vis\u00e3o dos arquitetos Prooptica","og_description":"Os arquitetos Prooptica trabalham todos os dias para transformar ideias em realidades \u00fanicas, capazes de emocionar e de acrescentar valor.","og_url":"https:\/\/www.prooptica.pt\/en\/what-makes-an-architect-the-vision-of-architects-and-designers-prooptica\/","og_site_name":"Prooptica","article_published_time":"2025-10-02T16:56:50+00:00","article_modified_time":"2026-04-09T10:57:36+00:00","og_image":[{"width":852,"height":514,"url":"https:\/\/www.prooptica.pt\/wp-content\/uploads\/2025\/10\/Capa-artigo-blog-13.jpg","type":"image\/jpeg"}],"author":"admin","twitter_card":"summary_large_image","twitter_misc":{"Written by":"admin","Estimated reading time":"3 minutes"},"schema":{"@context":"https:\/\/schema.org","@graph":[{"@type":"Article","@id":"https:\/\/www.prooptica.pt\/o-que-faz-um-arquiteto-a-visao-dos-arquitetos-e-designers-prooptica\/#article","isPartOf":{"@id":"https:\/\/www.prooptica.pt\/o-que-faz-um-arquiteto-a-visao-dos-arquitetos-e-designers-prooptica\/"},"author":{"name":"admin","@id":"https:\/\/www.prooptica.pt\/home\/#\/schema\/person\/1cbd826a9322a3c38a052e43d1638306"},"headline":"O que faz um arquiteto | A vis\u00e3o dos arquitetos e designers Prooptica","datePublished":"2025-10-02T16:56:50+00:00","dateModified":"2026-04-09T10:57:36+00:00","mainEntityOfPage":{"@id":"https:\/\/www.prooptica.pt\/o-que-faz-um-arquiteto-a-visao-dos-arquitetos-e-designers-prooptica\/"},"wordCount":399,"image":{"@id":"https:\/\/www.prooptica.pt\/o-que-faz-um-arquiteto-a-visao-dos-arquitetos-e-designers-prooptica\/#primaryimage"},"thumbnailUrl":"https:\/\/www.prooptica.pt\/wp-content\/uploads\/2025\/10\/Capa-artigo-blog-13.jpg","articleSection":["Design + Arquitetura"],"inLanguage":"en-GB"},{"@type":"WebPage","@id":"https:\/\/www.prooptica.pt\/o-que-faz-um-arquiteto-a-visao-dos-arquitetos-e-designers-prooptica\/","url":"https:\/\/www.prooptica.pt\/o-que-faz-um-arquiteto-a-visao-dos-arquitetos-e-designers-prooptica\/","name":"What an architect does | The vision of Prooptica architects","isPartOf":{"@id":"https:\/\/www.prooptica.pt\/home\/#website"},"primaryImageOfPage":{"@id":"https:\/\/www.prooptica.pt\/o-que-faz-um-arquiteto-a-visao-dos-arquitetos-e-designers-prooptica\/#primaryimage"},"image":{"@id":"https:\/\/www.prooptica.pt\/o-que-faz-um-arquiteto-a-visao-dos-arquitetos-e-designers-prooptica\/#primaryimage"},"thumbnailUrl":"https:\/\/www.prooptica.pt\/wp-content\/uploads\/2025\/10\/Capa-artigo-blog-13.jpg","datePublished":"2025-10-02T16:56:50+00:00","dateModified":"2026-04-09T10:57:36+00:00","author":{"@id":"https:\/\/www.prooptica.pt\/home\/#\/schema\/person\/1cbd826a9322a3c38a052e43d1638306"},"description":"Prooptica architects work every day to transform ideas into unique realities, capable of thrilling and adding value.","breadcrumb":{"@id":"https:\/\/www.prooptica.pt\/o-que-faz-um-arquiteto-a-visao-dos-arquitetos-e-designers-prooptica\/#breadcrumb"},"inLanguage":"en-GB","potentialAction":[{"@type":"ReadAction","target":["https:\/\/www.prooptica.pt\/o-que-faz-um-arquiteto-a-visao-dos-arquitetos-e-designers-prooptica\/"]}]},{"@type":"ImageObject","inLanguage":"en-GB","@id":"https:\/\/www.prooptica.pt\/o-que-faz-um-arquiteto-a-visao-dos-arquitetos-e-designers-prooptica\/#primaryimage","url":"https:\/\/www.prooptica.pt\/wp-content\/uploads\/2025\/10\/Capa-artigo-blog-13.jpg","contentUrl":"https:\/\/www.prooptica.pt\/wp-content\/uploads\/2025\/10\/Capa-artigo-blog-13.jpg","width":852,"height":514},{"@type":"BreadcrumbList","@id":"https:\/\/www.prooptica.pt\/o-que-faz-um-arquiteto-a-visao-dos-arquitetos-e-designers-prooptica\/#breadcrumb","itemListElement":[{"@type":"ListItem","position":1,"name":"In\u00edcio","item":"https:\/\/www.prooptica.pt\/"},{"@type":"ListItem","position":2,"name":"O que faz um arquiteto | A vis\u00e3o dos arquitetos e designers Prooptica"}]},{"@type":"WebSite","@id":"https:\/\/www.prooptica.pt\/home\/#website","url":"https:\/\/www.prooptica.pt\/home\/","name":"Prooptica","description":"Full Eyewear Concept","potentialAction":[{"@type":"SearchAction","target":{"@type":"EntryPoint","urlTemplate":"https:\/\/www.prooptica.pt\/home\/?s={search_term_string}"},"query-input":{"@type":"PropertyValueSpecification","valueRequired":true,"valueName":"search_term_string"}}],"inLanguage":"en-GB"},{"@type":"Person","@id":"https:\/\/www.prooptica.pt\/home\/#\/schema\/person\/1cbd826a9322a3c38a052e43d1638306","name":"admin","image":{"@type":"ImageObject","inLanguage":"en-GB","@id":"https:\/\/secure.gravatar.com\/avatar\/528c714482569d81724b02603aa719344e9ad7c0b50becf07272b2086b2c1cfd?s=96&d=mm&r=g","url":"https:\/\/secure.gravatar.com\/avatar\/528c714482569d81724b02603aa719344e9ad7c0b50becf07272b2086b2c1cfd?s=96&d=mm&r=g","contentUrl":"https:\/\/secure.gravatar.com\/avatar\/528c714482569d81724b02603aa719344e9ad7c0b50becf07272b2086b2c1cfd?s=96&d=mm&r=g","caption":"admin"},"url":"https:\/\/www.prooptica.pt\/en\/author\/admin\/"}]}},"_links":{"self":[{"href":"https:\/\/www.prooptica.pt\/en\/wp-json\/wp\/v2\/posts\/24120","targetHints":{"allow":["GET"]}}],"collection":[{"href":"https:\/\/www.prooptica.pt\/en\/wp-json\/wp\/v2\/posts"}],"about":[{"href":"https:\/\/www.prooptica.pt\/en\/wp-json\/wp\/v2\/types\/post"}],"author":[{"embeddable":true,"href":"https:\/\/www.prooptica.pt\/en\/wp-json\/wp\/v2\/users\/2"}],"replies":[{"embeddable":true,"href":"https:\/\/www.prooptica.pt\/en\/wp-json\/wp\/v2\/comments?post=24120"}],"version-history":[{"count":1,"href":"https:\/\/www.prooptica.pt\/en\/wp-json\/wp\/v2\/posts\/24120\/revisions"}],"predecessor-version":[{"id":24122,"href":"https:\/\/www.prooptica.pt\/en\/wp-json\/wp\/v2\/posts\/24120\/revisions\/24122"}],"wp:featuredmedia":[{"embeddable":true,"href":"https:\/\/www.prooptica.pt\/en\/wp-json\/wp\/v2\/media\/24580"}],"wp:attachment":[{"href":"https:\/\/www.prooptica.pt\/en\/wp-json\/wp\/v2\/media?parent=24120"}],"wp:term":[{"taxonomy":"category","embeddable":true,"href":"https:\/\/www.prooptica.pt\/en\/wp-json\/wp\/v2\/categories?post=24120"},{"taxonomy":"post_tag","embeddable":true,"href":"https:\/\/www.prooptica.pt\/en\/wp-json\/wp\/v2\/tags?post=24120"}],"curies":[{"name":"wp","href":"https:\/\/api.w.org\/{rel}","templated":true}]}}