{"id":24148,"date":"2025-10-07T15:30:53","date_gmt":"2025-10-07T15:30:53","guid":{"rendered":"https:\/\/www.prooptica.pt\/?p=24148"},"modified":"2025-10-09T12:08:22","modified_gmt":"2025-10-09T12:08:22","slug":"internationalisation-prooptica-silmo-2025","status":"publish","type":"post","link":"https:\/\/www.prooptica.pt\/en\/internacionalizacao-prooptica-silmo-2025\/","title":{"rendered":"Internationalisation Prooptica | Silmo 2025"},"content":{"rendered":"<p>Prooptica was present for the first time at SILMO 2025, one of the most prestigious international trade fairs dedicated to eyewear and the optical world. The event was held at the Paris Nord Villepinte from 26 to 29 September 2025 and stood out for its presentation of innovative designs and the development of responsible products.<\/p>\n<p>SILMO 2025 brought together 900 exhibitors from 42 countries, who presented more than 1,500 brands on carefully designed stands, attracting the attention of more than 27,000 visitors. Of these, around 71% were purchasing decision-makers, making the fair an excellent platform for closing deals and creating strategic connections.<\/p>\n<p>Prooptica's stand, developed by our design and architecture team, once again stood out. Already used at other international fairs, it continues to arouse great curiosity and interest, thanks to its engaging aesthetics and the way it translates the essence of our brands. Its ability to attract visitors reinforces the company's position as a benchmark in the sector.<\/p>\n<p>Prooptica's participation was a real success, allowing the company to strengthen its network of contacts in a unique, influential and close way, consolidating its presence on the international stage.<\/p>\n<p>One of the major objectives achieved was to extend the distribution of our brands to new countries, paving the way for a solid and strategic expansion. Sevenoaks stood out as a real hit with visitors, alongside brands such as Duyos and even Danell, which aroused great interest and strengthened the reputation of Prooptica's portfolio across borders.<\/p>\n<p>&nbsp;<\/p>","protected":false},"excerpt":{"rendered":"<p>A Prooptica marcou presen\u00e7a, pela primeira vez, na SILMO 2025, uma das mais prestigiadas feiras internacionais dedicadas ao eyewear e ao mundo \u00f3tico. O evento realizou-se no Paris Nord Villepinte, entre os dias 26 e 29 de setembro de 2025, e destacou-se pela apresenta\u00e7\u00e3o de designs inovadores e pelo desenvolvimento de produtos respons\u00e1veis. A SILMO [&hellip;]<\/p>\n","protected":false},"author":2,"featured_media":24149,"comment_status":"closed","ping_status":"closed","sticky":false,"template":"","format":"standard","meta":{"footnotes":""},"categories":[195],"tags":[],"class_list":["post-24148","post","type-post","status-publish","format-standard","has-post-thumbnail","hentry","category-institucional"],"yoast_head":"<!-- This site is optimized with the Yoast SEO plugin v27.5 - https:\/\/yoast.com\/product\/yoast-seo-wordpress\/ -->\n<title>Internacionaliza\u00e7\u00e3o Prooptica | Silmo 2025<\/title>\n<meta name=\"description\" content=\"Um dos objetivos conquistados foi o de ampliar a distribui\u00e7\u00e3o das marcas para novos pa\u00edses, abrindo caminho a uma expans\u00e3o s\u00f3lida e estrat\u00e9gica.\" \/>\n<meta name=\"robots\" content=\"index, follow, max-snippet:-1, max-image-preview:large, max-video-preview:-1\" \/>\n<link rel=\"canonical\" href=\"https:\/\/www.prooptica.pt\/en\/internationalisation-prooptica-silmo-2025\/\" \/>\n<meta property=\"og:locale\" content=\"en_GB\" \/>\n<meta property=\"og:type\" content=\"article\" \/>\n<meta property=\"og:title\" content=\"Internacionaliza\u00e7\u00e3o Prooptica | Silmo 2025\" \/>\n<meta property=\"og:description\" content=\"Um dos objetivos conquistados foi o de ampliar a distribui\u00e7\u00e3o das marcas para novos pa\u00edses, abrindo caminho a uma expans\u00e3o s\u00f3lida e estrat\u00e9gica.\" \/>\n<meta property=\"og:url\" content=\"https:\/\/www.prooptica.pt\/en\/internationalisation-prooptica-silmo-2025\/\" \/>\n<meta property=\"og:site_name\" content=\"Prooptica\" \/>\n<meta property=\"article:published_time\" content=\"2025-10-07T15:30:53+00:00\" \/>\n<meta property=\"article:modified_time\" content=\"2025-10-09T12:08:22+00:00\" \/>\n<meta property=\"og:image\" content=\"https:\/\/www.prooptica.pt\/wp-content\/uploads\/2025\/10\/Capa-artigo-blog-Silmo.jpg\" \/>\n\t<meta property=\"og:image:width\" content=\"852\" \/>\n\t<meta property=\"og:image:height\" content=\"514\" \/>\n\t<meta property=\"og:image:type\" content=\"image\/jpeg\" \/>\n<meta name=\"author\" content=\"admin\" \/>\n<meta name=\"twitter:card\" content=\"summary_large_image\" \/>\n<meta name=\"twitter:label1\" content=\"Written by\" \/>\n\t<meta name=\"twitter:data1\" content=\"admin\" \/>\n\t<meta name=\"twitter:label2\" content=\"Estimated reading time\" \/>\n\t<meta name=\"twitter:data2\" content=\"2 minutes\" \/>\n<script type=\"application\/ld+json\" class=\"yoast-schema-graph\">{\"@context\":\"https:\\\/\\\/schema.org\",\"@graph\":[{\"@type\":\"Article\",\"@id\":\"https:\\\/\\\/www.prooptica.pt\\\/internacionalizacao-prooptica-silmo-2025\\\/#article\",\"isPartOf\":{\"@id\":\"https:\\\/\\\/www.prooptica.pt\\\/internacionalizacao-prooptica-silmo-2025\\\/\"},\"author\":{\"name\":\"admin\",\"@id\":\"https:\\\/\\\/www.prooptica.pt\\\/home\\\/#\\\/schema\\\/person\\\/1cbd826a9322a3c38a052e43d1638306\"},\"headline\":\"Internacionaliza\u00e7\u00e3o Prooptica | Silmo 2025\",\"datePublished\":\"2025-10-07T15:30:53+00:00\",\"dateModified\":\"2025-10-09T12:08:22+00:00\",\"mainEntityOfPage\":{\"@id\":\"https:\\\/\\\/www.prooptica.pt\\\/internacionalizacao-prooptica-silmo-2025\\\/\"},\"wordCount\":268,\"image\":{\"@id\":\"https:\\\/\\\/www.prooptica.pt\\\/internacionalizacao-prooptica-silmo-2025\\\/#primaryimage\"},\"thumbnailUrl\":\"https:\\\/\\\/www.prooptica.pt\\\/wp-content\\\/uploads\\\/2025\\\/10\\\/Capa-artigo-blog-Silmo.jpg\",\"articleSection\":[\"Institucional\"],\"inLanguage\":\"en-GB\"},{\"@type\":\"WebPage\",\"@id\":\"https:\\\/\\\/www.prooptica.pt\\\/internacionalizacao-prooptica-silmo-2025\\\/\",\"url\":\"https:\\\/\\\/www.prooptica.pt\\\/internacionalizacao-prooptica-silmo-2025\\\/\",\"name\":\"Internacionaliza\u00e7\u00e3o Prooptica | Silmo 2025\",\"isPartOf\":{\"@id\":\"https:\\\/\\\/www.prooptica.pt\\\/home\\\/#website\"},\"primaryImageOfPage\":{\"@id\":\"https:\\\/\\\/www.prooptica.pt\\\/internacionalizacao-prooptica-silmo-2025\\\/#primaryimage\"},\"image\":{\"@id\":\"https:\\\/\\\/www.prooptica.pt\\\/internacionalizacao-prooptica-silmo-2025\\\/#primaryimage\"},\"thumbnailUrl\":\"https:\\\/\\\/www.prooptica.pt\\\/wp-content\\\/uploads\\\/2025\\\/10\\\/Capa-artigo-blog-Silmo.jpg\",\"datePublished\":\"2025-10-07T15:30:53+00:00\",\"dateModified\":\"2025-10-09T12:08:22+00:00\",\"author\":{\"@id\":\"https:\\\/\\\/www.prooptica.pt\\\/home\\\/#\\\/schema\\\/person\\\/1cbd826a9322a3c38a052e43d1638306\"},\"description\":\"Um dos objetivos conquistados foi o de ampliar a distribui\u00e7\u00e3o das marcas para novos pa\u00edses, abrindo caminho a uma expans\u00e3o s\u00f3lida e estrat\u00e9gica.\",\"breadcrumb\":{\"@id\":\"https:\\\/\\\/www.prooptica.pt\\\/internacionalizacao-prooptica-silmo-2025\\\/#breadcrumb\"},\"inLanguage\":\"en-GB\",\"potentialAction\":[{\"@type\":\"ReadAction\",\"target\":[\"https:\\\/\\\/www.prooptica.pt\\\/internacionalizacao-prooptica-silmo-2025\\\/\"]}]},{\"@type\":\"ImageObject\",\"inLanguage\":\"en-GB\",\"@id\":\"https:\\\/\\\/www.prooptica.pt\\\/internacionalizacao-prooptica-silmo-2025\\\/#primaryimage\",\"url\":\"https:\\\/\\\/www.prooptica.pt\\\/wp-content\\\/uploads\\\/2025\\\/10\\\/Capa-artigo-blog-Silmo.jpg\",\"contentUrl\":\"https:\\\/\\\/www.prooptica.pt\\\/wp-content\\\/uploads\\\/2025\\\/10\\\/Capa-artigo-blog-Silmo.jpg\",\"width\":852,\"height\":514},{\"@type\":\"BreadcrumbList\",\"@id\":\"https:\\\/\\\/www.prooptica.pt\\\/internacionalizacao-prooptica-silmo-2025\\\/#breadcrumb\",\"itemListElement\":[{\"@type\":\"ListItem\",\"position\":1,\"name\":\"In\u00edcio\",\"item\":\"https:\\\/\\\/www.prooptica.pt\\\/\"},{\"@type\":\"ListItem\",\"position\":2,\"name\":\"Internacionaliza\u00e7\u00e3o Prooptica | Silmo 2025\"}]},{\"@type\":\"WebSite\",\"@id\":\"https:\\\/\\\/www.prooptica.pt\\\/home\\\/#website\",\"url\":\"https:\\\/\\\/www.prooptica.pt\\\/home\\\/\",\"name\":\"Prooptica\",\"description\":\"Full Eyewear Concept\",\"potentialAction\":[{\"@type\":\"SearchAction\",\"target\":{\"@type\":\"EntryPoint\",\"urlTemplate\":\"https:\\\/\\\/www.prooptica.pt\\\/home\\\/?s={search_term_string}\"},\"query-input\":{\"@type\":\"PropertyValueSpecification\",\"valueRequired\":true,\"valueName\":\"search_term_string\"}}],\"inLanguage\":\"en-GB\"},{\"@type\":\"Person\",\"@id\":\"https:\\\/\\\/www.prooptica.pt\\\/home\\\/#\\\/schema\\\/person\\\/1cbd826a9322a3c38a052e43d1638306\",\"name\":\"admin\",\"image\":{\"@type\":\"ImageObject\",\"inLanguage\":\"en-GB\",\"@id\":\"https:\\\/\\\/secure.gravatar.com\\\/avatar\\\/528c714482569d81724b02603aa719344e9ad7c0b50becf07272b2086b2c1cfd?s=96&d=mm&r=g\",\"url\":\"https:\\\/\\\/secure.gravatar.com\\\/avatar\\\/528c714482569d81724b02603aa719344e9ad7c0b50becf07272b2086b2c1cfd?s=96&d=mm&r=g\",\"contentUrl\":\"https:\\\/\\\/secure.gravatar.com\\\/avatar\\\/528c714482569d81724b02603aa719344e9ad7c0b50becf07272b2086b2c1cfd?s=96&d=mm&r=g\",\"caption\":\"admin\"},\"url\":\"https:\\\/\\\/www.prooptica.pt\\\/en\\\/author\\\/admin\\\/\"}]}<\/script>\n<!-- \/ Yoast SEO plugin. -->","yoast_head_json":{"title":"Internationalisation Prooptica | Silmo 2025","description":"One of the objectives achieved was to expand the distribution of the brands to new countries, paving the way for solid and strategic expansion.","robots":{"index":"index","follow":"follow","max-snippet":"max-snippet:-1","max-image-preview":"max-image-preview:large","max-video-preview":"max-video-preview:-1"},"canonical":"https:\/\/www.prooptica.pt\/en\/internationalisation-prooptica-silmo-2025\/","og_locale":"en_GB","og_type":"article","og_title":"Internacionaliza\u00e7\u00e3o Prooptica | Silmo 2025","og_description":"Um dos objetivos conquistados foi o de ampliar a distribui\u00e7\u00e3o das marcas para novos pa\u00edses, abrindo caminho a uma expans\u00e3o s\u00f3lida e estrat\u00e9gica.","og_url":"https:\/\/www.prooptica.pt\/en\/internationalisation-prooptica-silmo-2025\/","og_site_name":"Prooptica","article_published_time":"2025-10-07T15:30:53+00:00","article_modified_time":"2025-10-09T12:08:22+00:00","og_image":[{"width":852,"height":514,"url":"https:\/\/www.prooptica.pt\/wp-content\/uploads\/2025\/10\/Capa-artigo-blog-Silmo.jpg","type":"image\/jpeg"}],"author":"admin","twitter_card":"summary_large_image","twitter_misc":{"Written by":"admin","Estimated reading time":"2 minutes"},"schema":{"@context":"https:\/\/schema.org","@graph":[{"@type":"Article","@id":"https:\/\/www.prooptica.pt\/internacionalizacao-prooptica-silmo-2025\/#article","isPartOf":{"@id":"https:\/\/www.prooptica.pt\/internacionalizacao-prooptica-silmo-2025\/"},"author":{"name":"admin","@id":"https:\/\/www.prooptica.pt\/home\/#\/schema\/person\/1cbd826a9322a3c38a052e43d1638306"},"headline":"Internacionaliza\u00e7\u00e3o Prooptica | Silmo 2025","datePublished":"2025-10-07T15:30:53+00:00","dateModified":"2025-10-09T12:08:22+00:00","mainEntityOfPage":{"@id":"https:\/\/www.prooptica.pt\/internacionalizacao-prooptica-silmo-2025\/"},"wordCount":268,"image":{"@id":"https:\/\/www.prooptica.pt\/internacionalizacao-prooptica-silmo-2025\/#primaryimage"},"thumbnailUrl":"https:\/\/www.prooptica.pt\/wp-content\/uploads\/2025\/10\/Capa-artigo-blog-Silmo.jpg","articleSection":["Institucional"],"inLanguage":"en-GB"},{"@type":"WebPage","@id":"https:\/\/www.prooptica.pt\/internacionalizacao-prooptica-silmo-2025\/","url":"https:\/\/www.prooptica.pt\/internacionalizacao-prooptica-silmo-2025\/","name":"Internationalisation Prooptica | Silmo 2025","isPartOf":{"@id":"https:\/\/www.prooptica.pt\/home\/#website"},"primaryImageOfPage":{"@id":"https:\/\/www.prooptica.pt\/internacionalizacao-prooptica-silmo-2025\/#primaryimage"},"image":{"@id":"https:\/\/www.prooptica.pt\/internacionalizacao-prooptica-silmo-2025\/#primaryimage"},"thumbnailUrl":"https:\/\/www.prooptica.pt\/wp-content\/uploads\/2025\/10\/Capa-artigo-blog-Silmo.jpg","datePublished":"2025-10-07T15:30:53+00:00","dateModified":"2025-10-09T12:08:22+00:00","author":{"@id":"https:\/\/www.prooptica.pt\/home\/#\/schema\/person\/1cbd826a9322a3c38a052e43d1638306"},"description":"One of the objectives achieved was to expand the distribution of the brands to new countries, paving the way for solid and strategic expansion.","breadcrumb":{"@id":"https:\/\/www.prooptica.pt\/internacionalizacao-prooptica-silmo-2025\/#breadcrumb"},"inLanguage":"en-GB","potentialAction":[{"@type":"ReadAction","target":["https:\/\/www.prooptica.pt\/internacionalizacao-prooptica-silmo-2025\/"]}]},{"@type":"ImageObject","inLanguage":"en-GB","@id":"https:\/\/www.prooptica.pt\/internacionalizacao-prooptica-silmo-2025\/#primaryimage","url":"https:\/\/www.prooptica.pt\/wp-content\/uploads\/2025\/10\/Capa-artigo-blog-Silmo.jpg","contentUrl":"https:\/\/www.prooptica.pt\/wp-content\/uploads\/2025\/10\/Capa-artigo-blog-Silmo.jpg","width":852,"height":514},{"@type":"BreadcrumbList","@id":"https:\/\/www.prooptica.pt\/internacionalizacao-prooptica-silmo-2025\/#breadcrumb","itemListElement":[{"@type":"ListItem","position":1,"name":"In\u00edcio","item":"https:\/\/www.prooptica.pt\/"},{"@type":"ListItem","position":2,"name":"Internacionaliza\u00e7\u00e3o Prooptica | Silmo 2025"}]},{"@type":"WebSite","@id":"https:\/\/www.prooptica.pt\/home\/#website","url":"https:\/\/www.prooptica.pt\/home\/","name":"Prooptica","description":"Full Eyewear Concept","potentialAction":[{"@type":"SearchAction","target":{"@type":"EntryPoint","urlTemplate":"https:\/\/www.prooptica.pt\/home\/?s={search_term_string}"},"query-input":{"@type":"PropertyValueSpecification","valueRequired":true,"valueName":"search_term_string"}}],"inLanguage":"en-GB"},{"@type":"Person","@id":"https:\/\/www.prooptica.pt\/home\/#\/schema\/person\/1cbd826a9322a3c38a052e43d1638306","name":"admin","image":{"@type":"ImageObject","inLanguage":"en-GB","@id":"https:\/\/secure.gravatar.com\/avatar\/528c714482569d81724b02603aa719344e9ad7c0b50becf07272b2086b2c1cfd?s=96&d=mm&r=g","url":"https:\/\/secure.gravatar.com\/avatar\/528c714482569d81724b02603aa719344e9ad7c0b50becf07272b2086b2c1cfd?s=96&d=mm&r=g","contentUrl":"https:\/\/secure.gravatar.com\/avatar\/528c714482569d81724b02603aa719344e9ad7c0b50becf07272b2086b2c1cfd?s=96&d=mm&r=g","caption":"admin"},"url":"https:\/\/www.prooptica.pt\/en\/author\/admin\/"}]}},"_links":{"self":[{"href":"https:\/\/www.prooptica.pt\/en\/wp-json\/wp\/v2\/posts\/24148","targetHints":{"allow":["GET"]}}],"collection":[{"href":"https:\/\/www.prooptica.pt\/en\/wp-json\/wp\/v2\/posts"}],"about":[{"href":"https:\/\/www.prooptica.pt\/en\/wp-json\/wp\/v2\/types\/post"}],"author":[{"embeddable":true,"href":"https:\/\/www.prooptica.pt\/en\/wp-json\/wp\/v2\/users\/2"}],"replies":[{"embeddable":true,"href":"https:\/\/www.prooptica.pt\/en\/wp-json\/wp\/v2\/comments?post=24148"}],"version-history":[{"count":2,"href":"https:\/\/www.prooptica.pt\/en\/wp-json\/wp\/v2\/posts\/24148\/revisions"}],"predecessor-version":[{"id":24155,"href":"https:\/\/www.prooptica.pt\/en\/wp-json\/wp\/v2\/posts\/24148\/revisions\/24155"}],"wp:featuredmedia":[{"embeddable":true,"href":"https:\/\/www.prooptica.pt\/en\/wp-json\/wp\/v2\/media\/24149"}],"wp:attachment":[{"href":"https:\/\/www.prooptica.pt\/en\/wp-json\/wp\/v2\/media?parent=24148"}],"wp:term":[{"taxonomy":"category","embeddable":true,"href":"https:\/\/www.prooptica.pt\/en\/wp-json\/wp\/v2\/categories?post=24148"},{"taxonomy":"post_tag","embeddable":true,"href":"https:\/\/www.prooptica.pt\/en\/wp-json\/wp\/v2\/tags?post=24148"}],"curies":[{"name":"wp","href":"https:\/\/api.w.org\/{rel}","templated":true}]}}