{"id":24204,"date":"2025-10-29T18:05:35","date_gmt":"2025-10-29T18:05:35","guid":{"rendered":"https:\/\/www.prooptica.pt\/?p=24204"},"modified":"2025-10-29T18:06:41","modified_gmt":"2025-10-29T18:06:41","slug":"%f0%9f%92%99-prooptica-and-prolente-in-solidarity-action-at-the-brejao-socio-cultural-centre-%f0%9f%92%99","status":"publish","type":"post","link":"https:\/\/www.prooptica.pt\/en\/%f0%9f%92%99-prooptica-e-prolente-em-acao-solidaria-no-centro-socio-cultural-do-brejao-%f0%9f%92%99\/","title":{"rendered":"\ud83d\udc99 Prooptica and Prolente in solidarity action at the Brej\u00e3o Socio-Cultural Centre \ud83d\udc99"},"content":{"rendered":"<p>Recently <strong>Prooptica<\/strong> and <strong>Prolente<\/strong> participated in a <strong>solidarity action<\/strong> in <strong>Brej\u00e3o Socio-Cultural Centre<\/strong>, in which visual assessment consultations were carried out with the population, in partnership with the <strong>Am\u00e1lia Rodrigues Foundation<\/strong> and <strong>Odemira Town Council<\/strong>.<\/p>\n<p>The <strong>Brej\u00e3o<\/strong> is a land full of meaning - this is where <strong>Am\u00e1lia Rodrigues<\/strong> lived a large part of his life and where he left a deep mark of love and generosity. The artist <strong>sponsored the Brej\u00e3o Socio-Cultural Centre<\/strong>, It is an institution that continues to honour its values of proximity, culture and solidarity. Inspired by this legacy, we wanted to continue its example by taking a gesture of solidarity to the community. <strong>care, empathy and social commitment<\/strong>. \ud83c\udf3f<\/p>\n<p>During the initiative, we carried out <strong>visual assessment consultations <\/strong>to the local population, with the aim of identifying vision difficulties and raising awareness of the importance of the <strong>regular monitoring of eye health<\/strong>. Often, small visual pathologies go unnoticed and, when left untreated, can significantly affect well-being and quality of life.<\/p>\n<p>These actions are a way of <strong>reaching those who need it most<\/strong>, reinforcing the mission of Prooptica and Prolente in <strong>promote access to visual health in an inclusive and supportive manner<\/strong>. For us, taking care of sight is also taking care of people. \ud83d\udc99<\/p>\n<p>One <strong>special thanks to the Am\u00e1lia Rodrigues Foundation<\/strong> and <strong>Odemira Town Council<\/strong> for trusting us to embrace this initiative of great social relevance, and to <strong>expert Rui Teixeira, from Prolente<\/strong>, for their dedication and professionalism, which were essential to the success of this action.<\/p>\n<p>In <strong>Prooptica<\/strong> and <strong>Prolente<\/strong>, we believe that <strong>to see better is to live better<\/strong> - and that true vision lies in <strong>looking at others with empathy, respect and solidarity<\/strong>.<\/p>","protected":false},"excerpt":{"rendered":"<p>Recentemente, a Prooptica e a Prolente participaram numa a\u00e7\u00e3o de solidariedade no Centro S\u00f3cio-Cultural do Brej\u00e3o, onde foram realizadas consultas de avalia\u00e7\u00e3o visual \u00e0 popula\u00e7\u00e3o, em parceria com a Funda\u00e7\u00e3o Am\u00e1lia Rodrigues e a C\u00e2mara Municipal de Odemira. O Brej\u00e3o \u00e9 uma terra cheia de significado \u2014 foi aqui que Am\u00e1lia Rodrigues viveu grande parte [&hellip;]<\/p>\n","protected":false},"author":2,"featured_media":24205,"comment_status":"closed","ping_status":"closed","sticky":false,"template":"","format":"standard","meta":{"footnotes":""},"categories":[195],"tags":[],"class_list":["post-24204","post","type-post","status-publish","format-standard","has-post-thumbnail","hentry","category-institucional"],"yoast_head":"<!-- This site is optimized with the Yoast SEO plugin v27.5 - https:\/\/yoast.com\/product\/yoast-seo-wordpress\/ -->\n<title>Prooptica e Prolente em a\u00e7\u00e3o solid\u00e1ria no Brej\u00e3o<\/title>\n<meta name=\"description\" content=\"Um agradecimento especial \u00e0 Funda\u00e7\u00e3o Am\u00e1lia Rodrigues e \u00e0 C\u00e2mara Municipal de Odemira e ao especialista Rui Teixeira, da Prolente.\" \/>\n<meta name=\"robots\" content=\"index, follow, max-snippet:-1, max-image-preview:large, max-video-preview:-1\" \/>\n<link rel=\"canonical\" href=\"https:\/\/www.prooptica.pt\/en\/\ud83d\udc99-prooptica-and-prolente-in-solidarity-action-at-the-brejao-socio-cultural-centre-\ud83d\udc99\/\" \/>\n<meta property=\"og:locale\" content=\"en_GB\" \/>\n<meta property=\"og:type\" content=\"article\" \/>\n<meta property=\"og:title\" content=\"Prooptica e Prolente em a\u00e7\u00e3o solid\u00e1ria no Brej\u00e3o\" \/>\n<meta property=\"og:description\" content=\"Um agradecimento especial \u00e0 Funda\u00e7\u00e3o Am\u00e1lia Rodrigues e \u00e0 C\u00e2mara Municipal de Odemira e ao especialista Rui Teixeira, da Prolente.\" \/>\n<meta property=\"og:url\" content=\"https:\/\/www.prooptica.pt\/en\/\ud83d\udc99-prooptica-and-prolente-in-solidarity-action-at-the-brejao-socio-cultural-centre-\ud83d\udc99\/\" \/>\n<meta property=\"og:site_name\" content=\"Prooptica\" \/>\n<meta property=\"article:published_time\" content=\"2025-10-29T18:05:35+00:00\" \/>\n<meta property=\"article:modified_time\" content=\"2025-10-29T18:06:41+00:00\" \/>\n<meta property=\"og:image\" content=\"https:\/\/www.prooptica.pt\/wp-content\/uploads\/2025\/10\/Capa-artigo-blog-12.jpg\" \/>\n\t<meta property=\"og:image:width\" content=\"852\" \/>\n\t<meta property=\"og:image:height\" content=\"514\" \/>\n\t<meta property=\"og:image:type\" content=\"image\/jpeg\" \/>\n<meta name=\"author\" content=\"admin\" \/>\n<meta name=\"twitter:card\" content=\"summary_large_image\" \/>\n<meta name=\"twitter:label1\" content=\"Written by\" \/>\n\t<meta name=\"twitter:data1\" content=\"admin\" \/>\n\t<meta name=\"twitter:label2\" content=\"Estimated reading time\" \/>\n\t<meta name=\"twitter:data2\" content=\"2 minutes\" \/>\n<script type=\"application\/ld+json\" class=\"yoast-schema-graph\">{\"@context\":\"https:\\\/\\\/schema.org\",\"@graph\":[{\"@type\":\"Article\",\"@id\":\"https:\\\/\\\/www.prooptica.pt\\\/%f0%9f%92%99-prooptica-e-prolente-em-acao-solidaria-no-centro-socio-cultural-do-brejao-%f0%9f%92%99\\\/#article\",\"isPartOf\":{\"@id\":\"https:\\\/\\\/www.prooptica.pt\\\/%f0%9f%92%99-prooptica-e-prolente-em-acao-solidaria-no-centro-socio-cultural-do-brejao-%f0%9f%92%99\\\/\"},\"author\":{\"name\":\"admin\",\"@id\":\"https:\\\/\\\/www.prooptica.pt\\\/home\\\/#\\\/schema\\\/person\\\/1cbd826a9322a3c38a052e43d1638306\"},\"headline\":\"\ud83d\udc99 Prooptica e Prolente em a\u00e7\u00e3o solid\u00e1ria no Centro S\u00f3cio-Cultural do Brej\u00e3o \ud83d\udc99\",\"datePublished\":\"2025-10-29T18:05:35+00:00\",\"dateModified\":\"2025-10-29T18:06:41+00:00\",\"mainEntityOfPage\":{\"@id\":\"https:\\\/\\\/www.prooptica.pt\\\/%f0%9f%92%99-prooptica-e-prolente-em-acao-solidaria-no-centro-socio-cultural-do-brejao-%f0%9f%92%99\\\/\"},\"wordCount\":319,\"image\":{\"@id\":\"https:\\\/\\\/www.prooptica.pt\\\/%f0%9f%92%99-prooptica-e-prolente-em-acao-solidaria-no-centro-socio-cultural-do-brejao-%f0%9f%92%99\\\/#primaryimage\"},\"thumbnailUrl\":\"https:\\\/\\\/www.prooptica.pt\\\/wp-content\\\/uploads\\\/2025\\\/10\\\/Capa-artigo-blog-12.jpg\",\"articleSection\":[\"Institucional\"],\"inLanguage\":\"en-GB\"},{\"@type\":\"WebPage\",\"@id\":\"https:\\\/\\\/www.prooptica.pt\\\/%f0%9f%92%99-prooptica-e-prolente-em-acao-solidaria-no-centro-socio-cultural-do-brejao-%f0%9f%92%99\\\/\",\"url\":\"https:\\\/\\\/www.prooptica.pt\\\/%f0%9f%92%99-prooptica-e-prolente-em-acao-solidaria-no-centro-socio-cultural-do-brejao-%f0%9f%92%99\\\/\",\"name\":\"Prooptica e Prolente em a\u00e7\u00e3o solid\u00e1ria no Brej\u00e3o\",\"isPartOf\":{\"@id\":\"https:\\\/\\\/www.prooptica.pt\\\/home\\\/#website\"},\"primaryImageOfPage\":{\"@id\":\"https:\\\/\\\/www.prooptica.pt\\\/%f0%9f%92%99-prooptica-e-prolente-em-acao-solidaria-no-centro-socio-cultural-do-brejao-%f0%9f%92%99\\\/#primaryimage\"},\"image\":{\"@id\":\"https:\\\/\\\/www.prooptica.pt\\\/%f0%9f%92%99-prooptica-e-prolente-em-acao-solidaria-no-centro-socio-cultural-do-brejao-%f0%9f%92%99\\\/#primaryimage\"},\"thumbnailUrl\":\"https:\\\/\\\/www.prooptica.pt\\\/wp-content\\\/uploads\\\/2025\\\/10\\\/Capa-artigo-blog-12.jpg\",\"datePublished\":\"2025-10-29T18:05:35+00:00\",\"dateModified\":\"2025-10-29T18:06:41+00:00\",\"author\":{\"@id\":\"https:\\\/\\\/www.prooptica.pt\\\/home\\\/#\\\/schema\\\/person\\\/1cbd826a9322a3c38a052e43d1638306\"},\"description\":\"Um agradecimento especial \u00e0 Funda\u00e7\u00e3o Am\u00e1lia Rodrigues e \u00e0 C\u00e2mara Municipal de Odemira e ao especialista Rui Teixeira, da Prolente.\",\"breadcrumb\":{\"@id\":\"https:\\\/\\\/www.prooptica.pt\\\/%f0%9f%92%99-prooptica-e-prolente-em-acao-solidaria-no-centro-socio-cultural-do-brejao-%f0%9f%92%99\\\/#breadcrumb\"},\"inLanguage\":\"en-GB\",\"potentialAction\":[{\"@type\":\"ReadAction\",\"target\":[\"https:\\\/\\\/www.prooptica.pt\\\/%f0%9f%92%99-prooptica-e-prolente-em-acao-solidaria-no-centro-socio-cultural-do-brejao-%f0%9f%92%99\\\/\"]}]},{\"@type\":\"ImageObject\",\"inLanguage\":\"en-GB\",\"@id\":\"https:\\\/\\\/www.prooptica.pt\\\/%f0%9f%92%99-prooptica-e-prolente-em-acao-solidaria-no-centro-socio-cultural-do-brejao-%f0%9f%92%99\\\/#primaryimage\",\"url\":\"https:\\\/\\\/www.prooptica.pt\\\/wp-content\\\/uploads\\\/2025\\\/10\\\/Capa-artigo-blog-12.jpg\",\"contentUrl\":\"https:\\\/\\\/www.prooptica.pt\\\/wp-content\\\/uploads\\\/2025\\\/10\\\/Capa-artigo-blog-12.jpg\",\"width\":852,\"height\":514},{\"@type\":\"BreadcrumbList\",\"@id\":\"https:\\\/\\\/www.prooptica.pt\\\/%f0%9f%92%99-prooptica-e-prolente-em-acao-solidaria-no-centro-socio-cultural-do-brejao-%f0%9f%92%99\\\/#breadcrumb\",\"itemListElement\":[{\"@type\":\"ListItem\",\"position\":1,\"name\":\"In\u00edcio\",\"item\":\"https:\\\/\\\/www.prooptica.pt\\\/\"},{\"@type\":\"ListItem\",\"position\":2,\"name\":\"\ud83d\udc99 Prooptica e Prolente em a\u00e7\u00e3o solid\u00e1ria no Centro S\u00f3cio-Cultural do Brej\u00e3o \ud83d\udc99\"}]},{\"@type\":\"WebSite\",\"@id\":\"https:\\\/\\\/www.prooptica.pt\\\/home\\\/#website\",\"url\":\"https:\\\/\\\/www.prooptica.pt\\\/home\\\/\",\"name\":\"Prooptica\",\"description\":\"Full Eyewear Concept\",\"potentialAction\":[{\"@type\":\"SearchAction\",\"target\":{\"@type\":\"EntryPoint\",\"urlTemplate\":\"https:\\\/\\\/www.prooptica.pt\\\/home\\\/?s={search_term_string}\"},\"query-input\":{\"@type\":\"PropertyValueSpecification\",\"valueRequired\":true,\"valueName\":\"search_term_string\"}}],\"inLanguage\":\"en-GB\"},{\"@type\":\"Person\",\"@id\":\"https:\\\/\\\/www.prooptica.pt\\\/home\\\/#\\\/schema\\\/person\\\/1cbd826a9322a3c38a052e43d1638306\",\"name\":\"admin\",\"image\":{\"@type\":\"ImageObject\",\"inLanguage\":\"en-GB\",\"@id\":\"https:\\\/\\\/secure.gravatar.com\\\/avatar\\\/528c714482569d81724b02603aa719344e9ad7c0b50becf07272b2086b2c1cfd?s=96&d=mm&r=g\",\"url\":\"https:\\\/\\\/secure.gravatar.com\\\/avatar\\\/528c714482569d81724b02603aa719344e9ad7c0b50becf07272b2086b2c1cfd?s=96&d=mm&r=g\",\"contentUrl\":\"https:\\\/\\\/secure.gravatar.com\\\/avatar\\\/528c714482569d81724b02603aa719344e9ad7c0b50becf07272b2086b2c1cfd?s=96&d=mm&r=g\",\"caption\":\"admin\"},\"url\":\"https:\\\/\\\/www.prooptica.pt\\\/en\\\/author\\\/admin\\\/\"}]}<\/script>\n<!-- \/ Yoast SEO plugin. -->","yoast_head_json":{"title":"Prooptica and Prolente in solidarity action in Brej\u00e3o","description":"Special thanks to the Am\u00e1lia Rodrigues Foundation and Odemira Town Council, and to Prolente specialist Rui Teixeira.","robots":{"index":"index","follow":"follow","max-snippet":"max-snippet:-1","max-image-preview":"max-image-preview:large","max-video-preview":"max-video-preview:-1"},"canonical":"https:\/\/www.prooptica.pt\/en\/\ud83d\udc99-prooptica-and-prolente-in-solidarity-action-at-the-brejao-socio-cultural-centre-\ud83d\udc99\/","og_locale":"en_GB","og_type":"article","og_title":"Prooptica e Prolente em a\u00e7\u00e3o solid\u00e1ria no Brej\u00e3o","og_description":"Um agradecimento especial \u00e0 Funda\u00e7\u00e3o Am\u00e1lia Rodrigues e \u00e0 C\u00e2mara Municipal de Odemira e ao especialista Rui Teixeira, da Prolente.","og_url":"https:\/\/www.prooptica.pt\/en\/\ud83d\udc99-prooptica-and-prolente-in-solidarity-action-at-the-brejao-socio-cultural-centre-\ud83d\udc99\/","og_site_name":"Prooptica","article_published_time":"2025-10-29T18:05:35+00:00","article_modified_time":"2025-10-29T18:06:41+00:00","og_image":[{"width":852,"height":514,"url":"https:\/\/www.prooptica.pt\/wp-content\/uploads\/2025\/10\/Capa-artigo-blog-12.jpg","type":"image\/jpeg"}],"author":"admin","twitter_card":"summary_large_image","twitter_misc":{"Written by":"admin","Estimated reading time":"2 minutes"},"schema":{"@context":"https:\/\/schema.org","@graph":[{"@type":"Article","@id":"https:\/\/www.prooptica.pt\/%f0%9f%92%99-prooptica-e-prolente-em-acao-solidaria-no-centro-socio-cultural-do-brejao-%f0%9f%92%99\/#article","isPartOf":{"@id":"https:\/\/www.prooptica.pt\/%f0%9f%92%99-prooptica-e-prolente-em-acao-solidaria-no-centro-socio-cultural-do-brejao-%f0%9f%92%99\/"},"author":{"name":"admin","@id":"https:\/\/www.prooptica.pt\/home\/#\/schema\/person\/1cbd826a9322a3c38a052e43d1638306"},"headline":"\ud83d\udc99 Prooptica e Prolente em a\u00e7\u00e3o solid\u00e1ria no Centro S\u00f3cio-Cultural do Brej\u00e3o \ud83d\udc99","datePublished":"2025-10-29T18:05:35+00:00","dateModified":"2025-10-29T18:06:41+00:00","mainEntityOfPage":{"@id":"https:\/\/www.prooptica.pt\/%f0%9f%92%99-prooptica-e-prolente-em-acao-solidaria-no-centro-socio-cultural-do-brejao-%f0%9f%92%99\/"},"wordCount":319,"image":{"@id":"https:\/\/www.prooptica.pt\/%f0%9f%92%99-prooptica-e-prolente-em-acao-solidaria-no-centro-socio-cultural-do-brejao-%f0%9f%92%99\/#primaryimage"},"thumbnailUrl":"https:\/\/www.prooptica.pt\/wp-content\/uploads\/2025\/10\/Capa-artigo-blog-12.jpg","articleSection":["Institucional"],"inLanguage":"en-GB"},{"@type":"WebPage","@id":"https:\/\/www.prooptica.pt\/%f0%9f%92%99-prooptica-e-prolente-em-acao-solidaria-no-centro-socio-cultural-do-brejao-%f0%9f%92%99\/","url":"https:\/\/www.prooptica.pt\/%f0%9f%92%99-prooptica-e-prolente-em-acao-solidaria-no-centro-socio-cultural-do-brejao-%f0%9f%92%99\/","name":"Prooptica and Prolente in solidarity action in Brej\u00e3o","isPartOf":{"@id":"https:\/\/www.prooptica.pt\/home\/#website"},"primaryImageOfPage":{"@id":"https:\/\/www.prooptica.pt\/%f0%9f%92%99-prooptica-e-prolente-em-acao-solidaria-no-centro-socio-cultural-do-brejao-%f0%9f%92%99\/#primaryimage"},"image":{"@id":"https:\/\/www.prooptica.pt\/%f0%9f%92%99-prooptica-e-prolente-em-acao-solidaria-no-centro-socio-cultural-do-brejao-%f0%9f%92%99\/#primaryimage"},"thumbnailUrl":"https:\/\/www.prooptica.pt\/wp-content\/uploads\/2025\/10\/Capa-artigo-blog-12.jpg","datePublished":"2025-10-29T18:05:35+00:00","dateModified":"2025-10-29T18:06:41+00:00","author":{"@id":"https:\/\/www.prooptica.pt\/home\/#\/schema\/person\/1cbd826a9322a3c38a052e43d1638306"},"description":"Special thanks to the Am\u00e1lia Rodrigues Foundation and Odemira Town Council, and to Prolente specialist Rui Teixeira.","breadcrumb":{"@id":"https:\/\/www.prooptica.pt\/%f0%9f%92%99-prooptica-e-prolente-em-acao-solidaria-no-centro-socio-cultural-do-brejao-%f0%9f%92%99\/#breadcrumb"},"inLanguage":"en-GB","potentialAction":[{"@type":"ReadAction","target":["https:\/\/www.prooptica.pt\/%f0%9f%92%99-prooptica-e-prolente-em-acao-solidaria-no-centro-socio-cultural-do-brejao-%f0%9f%92%99\/"]}]},{"@type":"ImageObject","inLanguage":"en-GB","@id":"https:\/\/www.prooptica.pt\/%f0%9f%92%99-prooptica-e-prolente-em-acao-solidaria-no-centro-socio-cultural-do-brejao-%f0%9f%92%99\/#primaryimage","url":"https:\/\/www.prooptica.pt\/wp-content\/uploads\/2025\/10\/Capa-artigo-blog-12.jpg","contentUrl":"https:\/\/www.prooptica.pt\/wp-content\/uploads\/2025\/10\/Capa-artigo-blog-12.jpg","width":852,"height":514},{"@type":"BreadcrumbList","@id":"https:\/\/www.prooptica.pt\/%f0%9f%92%99-prooptica-e-prolente-em-acao-solidaria-no-centro-socio-cultural-do-brejao-%f0%9f%92%99\/#breadcrumb","itemListElement":[{"@type":"ListItem","position":1,"name":"In\u00edcio","item":"https:\/\/www.prooptica.pt\/"},{"@type":"ListItem","position":2,"name":"\ud83d\udc99 Prooptica e Prolente em a\u00e7\u00e3o solid\u00e1ria no Centro S\u00f3cio-Cultural do Brej\u00e3o \ud83d\udc99"}]},{"@type":"WebSite","@id":"https:\/\/www.prooptica.pt\/home\/#website","url":"https:\/\/www.prooptica.pt\/home\/","name":"Prooptica","description":"Full Eyewear Concept","potentialAction":[{"@type":"SearchAction","target":{"@type":"EntryPoint","urlTemplate":"https:\/\/www.prooptica.pt\/home\/?s={search_term_string}"},"query-input":{"@type":"PropertyValueSpecification","valueRequired":true,"valueName":"search_term_string"}}],"inLanguage":"en-GB"},{"@type":"Person","@id":"https:\/\/www.prooptica.pt\/home\/#\/schema\/person\/1cbd826a9322a3c38a052e43d1638306","name":"admin","image":{"@type":"ImageObject","inLanguage":"en-GB","@id":"https:\/\/secure.gravatar.com\/avatar\/528c714482569d81724b02603aa719344e9ad7c0b50becf07272b2086b2c1cfd?s=96&d=mm&r=g","url":"https:\/\/secure.gravatar.com\/avatar\/528c714482569d81724b02603aa719344e9ad7c0b50becf07272b2086b2c1cfd?s=96&d=mm&r=g","contentUrl":"https:\/\/secure.gravatar.com\/avatar\/528c714482569d81724b02603aa719344e9ad7c0b50becf07272b2086b2c1cfd?s=96&d=mm&r=g","caption":"admin"},"url":"https:\/\/www.prooptica.pt\/en\/author\/admin\/"}]}},"_links":{"self":[{"href":"https:\/\/www.prooptica.pt\/en\/wp-json\/wp\/v2\/posts\/24204","targetHints":{"allow":["GET"]}}],"collection":[{"href":"https:\/\/www.prooptica.pt\/en\/wp-json\/wp\/v2\/posts"}],"about":[{"href":"https:\/\/www.prooptica.pt\/en\/wp-json\/wp\/v2\/types\/post"}],"author":[{"embeddable":true,"href":"https:\/\/www.prooptica.pt\/en\/wp-json\/wp\/v2\/users\/2"}],"replies":[{"embeddable":true,"href":"https:\/\/www.prooptica.pt\/en\/wp-json\/wp\/v2\/comments?post=24204"}],"version-history":[{"count":2,"href":"https:\/\/www.prooptica.pt\/en\/wp-json\/wp\/v2\/posts\/24204\/revisions"}],"predecessor-version":[{"id":24207,"href":"https:\/\/www.prooptica.pt\/en\/wp-json\/wp\/v2\/posts\/24204\/revisions\/24207"}],"wp:featuredmedia":[{"embeddable":true,"href":"https:\/\/www.prooptica.pt\/en\/wp-json\/wp\/v2\/media\/24205"}],"wp:attachment":[{"href":"https:\/\/www.prooptica.pt\/en\/wp-json\/wp\/v2\/media?parent=24204"}],"wp:term":[{"taxonomy":"category","embeddable":true,"href":"https:\/\/www.prooptica.pt\/en\/wp-json\/wp\/v2\/categories?post=24204"},{"taxonomy":"post_tag","embeddable":true,"href":"https:\/\/www.prooptica.pt\/en\/wp-json\/wp\/v2\/tags?post=24204"}],"curies":[{"name":"wp","href":"https:\/\/api.w.org\/{rel}","templated":true}]}}