{"id":24278,"date":"2025-11-10T17:22:38","date_gmt":"2025-11-10T17:22:38","guid":{"rendered":"https:\/\/www.prooptica.pt\/?p=24278"},"modified":"2025-11-10T17:22:38","modified_gmt":"2025-11-10T17:22:38","slug":"world-urban-planning-day-designing-spaces-with-purpose","status":"publish","type":"post","link":"https:\/\/www.prooptica.pt\/en\/dia-mundial-do-urbanismo-desenhar-espacos-com-proposito\/","title":{"rendered":"World Urbanism Day | Designing spaces with purpose"},"content":{"rendered":"<p>On Saturday we celebrated World Urbanism Day, an invitation to reflect on the way we plan, organise and live in spaces. Just as urbanism shapes cities, so design and architecture shape the experiences we have within them - whether outdoors or in commercial environments. Urbanism, design and architecture: [...]<\/p>\n<p>Urbanism, design and architecture: a shared vision<\/p>\n<p>At Prooptica, we believe that the philosophy behind urbanism \u2014 the pursuit of harmony between aesthetics, functionality and well-being \u2014 is also the foundation of our work in commercial space design and architecture.<\/p>\n<p>Just as a well-planned city facilitates interaction and mobility, a well-designed commercial space should guide the eye, create comfort and convey identity. Every detail \u2014 from lighting to the layout of displays \u2014 contributes to a fluid and engaging experience.<\/p>\n<p>Creating inspiring spaces<\/p>\n<p>Our goal is the same one that drives good urban planning: placing people at the centre of the project. We seek to create environments that not only elevate the product, but also tell stories, evoke emotions and strengthen the connection between the brand and the customer.<\/p>\n<p>A day to celebrate vision and purpose<\/p>\n<p>On this World Urbanism Day, we celebrate the art of designing spaces that truly make sense \u2014 whether streets, squares or stores. Because, just like in cities, our purpose at Prooptica is to create environments that inspire, welcome, and reflect the identity of those who inhabit and visit them.<\/p>\n<p>&nbsp;<\/p>","protected":false},"excerpt":{"rendered":"<p>S\u00e1bado celebr\u00e1mos o Dia Mundial do Urbanismo, um convite \u00e0 reflex\u00e3o sobre a forma como planeamos, organizamos e vivemos os espa\u00e7os. Tal como o urbanismo molda as cidades, tamb\u00e9m o design e a arquitetura moldam as experi\u00eancias que temos dentro delas \u2014 sejam elas ao ar livre ou em ambientes comerciais. Urbanismo, design e arquitetura: [&hellip;]<\/p>\n","protected":false},"author":2,"featured_media":24279,"comment_status":"closed","ping_status":"closed","sticky":false,"template":"","format":"standard","meta":{"footnotes":""},"categories":[41,238],"tags":[],"class_list":["post-24278","post","type-post","status-publish","format-standard","has-post-thumbnail","hentry","category-design-arquitetura","category-insight"],"yoast_head":"<!-- This site is optimized with the Yoast SEO plugin v27.5 - https:\/\/yoast.com\/product\/yoast-seo-wordpress\/ -->\n<title>Dia Mundial do Urbanismo | Desenhar espa\u00e7os com prop\u00f3sito<\/title>\n<meta name=\"description\" content=\"Neste Dia Mundial do Urbanismo, celebramos a arte de desenhar espa\u00e7os que fazem sentido, na Prooptica \u00e9 o de criar ambientes que inspiram.\" \/>\n<meta name=\"robots\" content=\"index, follow, max-snippet:-1, max-image-preview:large, max-video-preview:-1\" \/>\n<link rel=\"canonical\" href=\"https:\/\/www.prooptica.pt\/en\/world-urban-planning-day-designing-spaces-with-purpose\/\" \/>\n<meta property=\"og:locale\" content=\"en_GB\" \/>\n<meta property=\"og:type\" content=\"article\" \/>\n<meta property=\"og:title\" content=\"Dia Mundial do Urbanismo | Desenhar espa\u00e7os com prop\u00f3sito\" \/>\n<meta property=\"og:description\" content=\"Neste Dia Mundial do Urbanismo, celebramos a arte de desenhar espa\u00e7os que fazem sentido, na Prooptica \u00e9 o de criar ambientes que inspiram.\" \/>\n<meta property=\"og:url\" content=\"https:\/\/www.prooptica.pt\/en\/world-urban-planning-day-designing-spaces-with-purpose\/\" \/>\n<meta property=\"og:site_name\" content=\"Prooptica\" \/>\n<meta property=\"article:published_time\" content=\"2025-11-10T17:22:38+00:00\" \/>\n<meta property=\"og:image\" content=\"https:\/\/www.prooptica.pt\/wp-content\/uploads\/2025\/11\/Capa-artigo-blog.jpg\" \/>\n\t<meta property=\"og:image:width\" content=\"852\" \/>\n\t<meta property=\"og:image:height\" content=\"514\" \/>\n\t<meta property=\"og:image:type\" content=\"image\/jpeg\" \/>\n<meta name=\"author\" content=\"admin\" \/>\n<meta name=\"twitter:card\" content=\"summary_large_image\" \/>\n<meta name=\"twitter:label1\" content=\"Written by\" \/>\n\t<meta name=\"twitter:data1\" content=\"admin\" \/>\n\t<meta name=\"twitter:label2\" content=\"Estimated reading time\" \/>\n\t<meta name=\"twitter:data2\" content=\"2 minutes\" \/>\n<script type=\"application\/ld+json\" class=\"yoast-schema-graph\">{\"@context\":\"https:\\\/\\\/schema.org\",\"@graph\":[{\"@type\":\"Article\",\"@id\":\"https:\\\/\\\/www.prooptica.pt\\\/dia-mundial-do-urbanismo-desenhar-espacos-com-proposito\\\/#article\",\"isPartOf\":{\"@id\":\"https:\\\/\\\/www.prooptica.pt\\\/dia-mundial-do-urbanismo-desenhar-espacos-com-proposito\\\/\"},\"author\":{\"name\":\"admin\",\"@id\":\"https:\\\/\\\/www.prooptica.pt\\\/home\\\/#\\\/schema\\\/person\\\/1cbd826a9322a3c38a052e43d1638306\"},\"headline\":\"Dia Mundial do Urbanismo | Desenhar espa\u00e7os com prop\u00f3sito\",\"datePublished\":\"2025-11-10T17:22:38+00:00\",\"mainEntityOfPage\":{\"@id\":\"https:\\\/\\\/www.prooptica.pt\\\/dia-mundial-do-urbanismo-desenhar-espacos-com-proposito\\\/\"},\"wordCount\":267,\"image\":{\"@id\":\"https:\\\/\\\/www.prooptica.pt\\\/dia-mundial-do-urbanismo-desenhar-espacos-com-proposito\\\/#primaryimage\"},\"thumbnailUrl\":\"https:\\\/\\\/www.prooptica.pt\\\/wp-content\\\/uploads\\\/2025\\\/11\\\/Capa-artigo-blog.jpg\",\"articleSection\":[\"Design + Arquitetura\",\"Insight\"],\"inLanguage\":\"en-GB\"},{\"@type\":\"WebPage\",\"@id\":\"https:\\\/\\\/www.prooptica.pt\\\/dia-mundial-do-urbanismo-desenhar-espacos-com-proposito\\\/\",\"url\":\"https:\\\/\\\/www.prooptica.pt\\\/dia-mundial-do-urbanismo-desenhar-espacos-com-proposito\\\/\",\"name\":\"Dia Mundial do Urbanismo | Desenhar espa\u00e7os com prop\u00f3sito\",\"isPartOf\":{\"@id\":\"https:\\\/\\\/www.prooptica.pt\\\/home\\\/#website\"},\"primaryImageOfPage\":{\"@id\":\"https:\\\/\\\/www.prooptica.pt\\\/dia-mundial-do-urbanismo-desenhar-espacos-com-proposito\\\/#primaryimage\"},\"image\":{\"@id\":\"https:\\\/\\\/www.prooptica.pt\\\/dia-mundial-do-urbanismo-desenhar-espacos-com-proposito\\\/#primaryimage\"},\"thumbnailUrl\":\"https:\\\/\\\/www.prooptica.pt\\\/wp-content\\\/uploads\\\/2025\\\/11\\\/Capa-artigo-blog.jpg\",\"datePublished\":\"2025-11-10T17:22:38+00:00\",\"author\":{\"@id\":\"https:\\\/\\\/www.prooptica.pt\\\/home\\\/#\\\/schema\\\/person\\\/1cbd826a9322a3c38a052e43d1638306\"},\"description\":\"Neste Dia Mundial do Urbanismo, celebramos a arte de desenhar espa\u00e7os que fazem sentido, na Prooptica \u00e9 o de criar ambientes que inspiram.\",\"breadcrumb\":{\"@id\":\"https:\\\/\\\/www.prooptica.pt\\\/dia-mundial-do-urbanismo-desenhar-espacos-com-proposito\\\/#breadcrumb\"},\"inLanguage\":\"en-GB\",\"potentialAction\":[{\"@type\":\"ReadAction\",\"target\":[\"https:\\\/\\\/www.prooptica.pt\\\/dia-mundial-do-urbanismo-desenhar-espacos-com-proposito\\\/\"]}]},{\"@type\":\"ImageObject\",\"inLanguage\":\"en-GB\",\"@id\":\"https:\\\/\\\/www.prooptica.pt\\\/dia-mundial-do-urbanismo-desenhar-espacos-com-proposito\\\/#primaryimage\",\"url\":\"https:\\\/\\\/www.prooptica.pt\\\/wp-content\\\/uploads\\\/2025\\\/11\\\/Capa-artigo-blog.jpg\",\"contentUrl\":\"https:\\\/\\\/www.prooptica.pt\\\/wp-content\\\/uploads\\\/2025\\\/11\\\/Capa-artigo-blog.jpg\",\"width\":852,\"height\":514},{\"@type\":\"BreadcrumbList\",\"@id\":\"https:\\\/\\\/www.prooptica.pt\\\/dia-mundial-do-urbanismo-desenhar-espacos-com-proposito\\\/#breadcrumb\",\"itemListElement\":[{\"@type\":\"ListItem\",\"position\":1,\"name\":\"In\u00edcio\",\"item\":\"https:\\\/\\\/www.prooptica.pt\\\/\"},{\"@type\":\"ListItem\",\"position\":2,\"name\":\"Dia Mundial do Urbanismo | Desenhar espa\u00e7os com prop\u00f3sito\"}]},{\"@type\":\"WebSite\",\"@id\":\"https:\\\/\\\/www.prooptica.pt\\\/home\\\/#website\",\"url\":\"https:\\\/\\\/www.prooptica.pt\\\/home\\\/\",\"name\":\"Prooptica\",\"description\":\"Full Eyewear Concept\",\"potentialAction\":[{\"@type\":\"SearchAction\",\"target\":{\"@type\":\"EntryPoint\",\"urlTemplate\":\"https:\\\/\\\/www.prooptica.pt\\\/home\\\/?s={search_term_string}\"},\"query-input\":{\"@type\":\"PropertyValueSpecification\",\"valueRequired\":true,\"valueName\":\"search_term_string\"}}],\"inLanguage\":\"en-GB\"},{\"@type\":\"Person\",\"@id\":\"https:\\\/\\\/www.prooptica.pt\\\/home\\\/#\\\/schema\\\/person\\\/1cbd826a9322a3c38a052e43d1638306\",\"name\":\"admin\",\"image\":{\"@type\":\"ImageObject\",\"inLanguage\":\"en-GB\",\"@id\":\"https:\\\/\\\/secure.gravatar.com\\\/avatar\\\/528c714482569d81724b02603aa719344e9ad7c0b50becf07272b2086b2c1cfd?s=96&d=mm&r=g\",\"url\":\"https:\\\/\\\/secure.gravatar.com\\\/avatar\\\/528c714482569d81724b02603aa719344e9ad7c0b50becf07272b2086b2c1cfd?s=96&d=mm&r=g\",\"contentUrl\":\"https:\\\/\\\/secure.gravatar.com\\\/avatar\\\/528c714482569d81724b02603aa719344e9ad7c0b50becf07272b2086b2c1cfd?s=96&d=mm&r=g\",\"caption\":\"admin\"},\"url\":\"https:\\\/\\\/www.prooptica.pt\\\/en\\\/author\\\/admin\\\/\"}]}<\/script>\n<!-- \/ Yoast SEO plugin. -->","yoast_head_json":{"title":"World Urbanism Day | Designing spaces with purpose","description":"On this World Urbanism Day, we celebrate the art of designing spaces that make sense, and at Prooptica it's about creating environments that inspire.","robots":{"index":"index","follow":"follow","max-snippet":"max-snippet:-1","max-image-preview":"max-image-preview:large","max-video-preview":"max-video-preview:-1"},"canonical":"https:\/\/www.prooptica.pt\/en\/world-urban-planning-day-designing-spaces-with-purpose\/","og_locale":"en_GB","og_type":"article","og_title":"Dia Mundial do Urbanismo | Desenhar espa\u00e7os com prop\u00f3sito","og_description":"Neste Dia Mundial do Urbanismo, celebramos a arte de desenhar espa\u00e7os que fazem sentido, na Prooptica \u00e9 o de criar ambientes que inspiram.","og_url":"https:\/\/www.prooptica.pt\/en\/world-urban-planning-day-designing-spaces-with-purpose\/","og_site_name":"Prooptica","article_published_time":"2025-11-10T17:22:38+00:00","og_image":[{"width":852,"height":514,"url":"https:\/\/www.prooptica.pt\/wp-content\/uploads\/2025\/11\/Capa-artigo-blog.jpg","type":"image\/jpeg"}],"author":"admin","twitter_card":"summary_large_image","twitter_misc":{"Written by":"admin","Estimated reading time":"2 minutes"},"schema":{"@context":"https:\/\/schema.org","@graph":[{"@type":"Article","@id":"https:\/\/www.prooptica.pt\/dia-mundial-do-urbanismo-desenhar-espacos-com-proposito\/#article","isPartOf":{"@id":"https:\/\/www.prooptica.pt\/dia-mundial-do-urbanismo-desenhar-espacos-com-proposito\/"},"author":{"name":"admin","@id":"https:\/\/www.prooptica.pt\/home\/#\/schema\/person\/1cbd826a9322a3c38a052e43d1638306"},"headline":"Dia Mundial do Urbanismo | Desenhar espa\u00e7os com prop\u00f3sito","datePublished":"2025-11-10T17:22:38+00:00","mainEntityOfPage":{"@id":"https:\/\/www.prooptica.pt\/dia-mundial-do-urbanismo-desenhar-espacos-com-proposito\/"},"wordCount":267,"image":{"@id":"https:\/\/www.prooptica.pt\/dia-mundial-do-urbanismo-desenhar-espacos-com-proposito\/#primaryimage"},"thumbnailUrl":"https:\/\/www.prooptica.pt\/wp-content\/uploads\/2025\/11\/Capa-artigo-blog.jpg","articleSection":["Design + Arquitetura","Insight"],"inLanguage":"en-GB"},{"@type":"WebPage","@id":"https:\/\/www.prooptica.pt\/dia-mundial-do-urbanismo-desenhar-espacos-com-proposito\/","url":"https:\/\/www.prooptica.pt\/dia-mundial-do-urbanismo-desenhar-espacos-com-proposito\/","name":"World Urbanism Day | Designing spaces with purpose","isPartOf":{"@id":"https:\/\/www.prooptica.pt\/home\/#website"},"primaryImageOfPage":{"@id":"https:\/\/www.prooptica.pt\/dia-mundial-do-urbanismo-desenhar-espacos-com-proposito\/#primaryimage"},"image":{"@id":"https:\/\/www.prooptica.pt\/dia-mundial-do-urbanismo-desenhar-espacos-com-proposito\/#primaryimage"},"thumbnailUrl":"https:\/\/www.prooptica.pt\/wp-content\/uploads\/2025\/11\/Capa-artigo-blog.jpg","datePublished":"2025-11-10T17:22:38+00:00","author":{"@id":"https:\/\/www.prooptica.pt\/home\/#\/schema\/person\/1cbd826a9322a3c38a052e43d1638306"},"description":"On this World Urbanism Day, we celebrate the art of designing spaces that make sense, and at Prooptica it's about creating environments that inspire.","breadcrumb":{"@id":"https:\/\/www.prooptica.pt\/dia-mundial-do-urbanismo-desenhar-espacos-com-proposito\/#breadcrumb"},"inLanguage":"en-GB","potentialAction":[{"@type":"ReadAction","target":["https:\/\/www.prooptica.pt\/dia-mundial-do-urbanismo-desenhar-espacos-com-proposito\/"]}]},{"@type":"ImageObject","inLanguage":"en-GB","@id":"https:\/\/www.prooptica.pt\/dia-mundial-do-urbanismo-desenhar-espacos-com-proposito\/#primaryimage","url":"https:\/\/www.prooptica.pt\/wp-content\/uploads\/2025\/11\/Capa-artigo-blog.jpg","contentUrl":"https:\/\/www.prooptica.pt\/wp-content\/uploads\/2025\/11\/Capa-artigo-blog.jpg","width":852,"height":514},{"@type":"BreadcrumbList","@id":"https:\/\/www.prooptica.pt\/dia-mundial-do-urbanismo-desenhar-espacos-com-proposito\/#breadcrumb","itemListElement":[{"@type":"ListItem","position":1,"name":"In\u00edcio","item":"https:\/\/www.prooptica.pt\/"},{"@type":"ListItem","position":2,"name":"Dia Mundial do Urbanismo | Desenhar espa\u00e7os com prop\u00f3sito"}]},{"@type":"WebSite","@id":"https:\/\/www.prooptica.pt\/home\/#website","url":"https:\/\/www.prooptica.pt\/home\/","name":"Prooptica","description":"Full Eyewear Concept","potentialAction":[{"@type":"SearchAction","target":{"@type":"EntryPoint","urlTemplate":"https:\/\/www.prooptica.pt\/home\/?s={search_term_string}"},"query-input":{"@type":"PropertyValueSpecification","valueRequired":true,"valueName":"search_term_string"}}],"inLanguage":"en-GB"},{"@type":"Person","@id":"https:\/\/www.prooptica.pt\/home\/#\/schema\/person\/1cbd826a9322a3c38a052e43d1638306","name":"admin","image":{"@type":"ImageObject","inLanguage":"en-GB","@id":"https:\/\/secure.gravatar.com\/avatar\/528c714482569d81724b02603aa719344e9ad7c0b50becf07272b2086b2c1cfd?s=96&d=mm&r=g","url":"https:\/\/secure.gravatar.com\/avatar\/528c714482569d81724b02603aa719344e9ad7c0b50becf07272b2086b2c1cfd?s=96&d=mm&r=g","contentUrl":"https:\/\/secure.gravatar.com\/avatar\/528c714482569d81724b02603aa719344e9ad7c0b50becf07272b2086b2c1cfd?s=96&d=mm&r=g","caption":"admin"},"url":"https:\/\/www.prooptica.pt\/en\/author\/admin\/"}]}},"_links":{"self":[{"href":"https:\/\/www.prooptica.pt\/en\/wp-json\/wp\/v2\/posts\/24278","targetHints":{"allow":["GET"]}}],"collection":[{"href":"https:\/\/www.prooptica.pt\/en\/wp-json\/wp\/v2\/posts"}],"about":[{"href":"https:\/\/www.prooptica.pt\/en\/wp-json\/wp\/v2\/types\/post"}],"author":[{"embeddable":true,"href":"https:\/\/www.prooptica.pt\/en\/wp-json\/wp\/v2\/users\/2"}],"replies":[{"embeddable":true,"href":"https:\/\/www.prooptica.pt\/en\/wp-json\/wp\/v2\/comments?post=24278"}],"version-history":[{"count":1,"href":"https:\/\/www.prooptica.pt\/en\/wp-json\/wp\/v2\/posts\/24278\/revisions"}],"predecessor-version":[{"id":24280,"href":"https:\/\/www.prooptica.pt\/en\/wp-json\/wp\/v2\/posts\/24278\/revisions\/24280"}],"wp:featuredmedia":[{"embeddable":true,"href":"https:\/\/www.prooptica.pt\/en\/wp-json\/wp\/v2\/media\/24279"}],"wp:attachment":[{"href":"https:\/\/www.prooptica.pt\/en\/wp-json\/wp\/v2\/media?parent=24278"}],"wp:term":[{"taxonomy":"category","embeddable":true,"href":"https:\/\/www.prooptica.pt\/en\/wp-json\/wp\/v2\/categories?post=24278"},{"taxonomy":"post_tag","embeddable":true,"href":"https:\/\/www.prooptica.pt\/en\/wp-json\/wp\/v2\/tags?post=24278"}],"curies":[{"name":"wp","href":"https:\/\/api.w.org\/{rel}","templated":true}]}}