{"id":24446,"date":"2026-01-23T13:00:06","date_gmt":"2026-01-23T13:00:06","guid":{"rendered":"https:\/\/www.prooptica.pt\/?p=24446"},"modified":"2026-01-23T13:23:35","modified_gmt":"2026-01-23T13:23:35","slug":"dia-internacional-da-educacao-investir-no-conhecimento-e-investir-no-futuro","status":"publish","type":"post","link":"https:\/\/www.prooptica.pt\/en\/dia-internacional-da-educacao-investir-no-conhecimento-e-investir-no-futuro\/","title":{"rendered":"International Education Day | Investing in knowledge is investing in the future"},"content":{"rendered":"<p data-start=\"260\" data-end=\"640\">Tomorrow we mark the <strong data-start=\"281\" data-end=\"314\">International Education Day<\/strong>, a date that reinforces the importance of knowledge, continuous training and skills development as drivers of individual and collective growth. In a constantly evolving world, education is an essential pillar for innovation, adaptation to market challenges and building a more sustainable future.<\/p>\n<p data-start=\"642\" data-end=\"1072\">In <strong data-start=\"645\" data-end=\"658\">Prooptica<\/strong>, we are proud to actively contribute to this path through <strong data-start=\"728\" data-end=\"749\">Prooptica Academy<\/strong>, a project developed in partnership with <strong data-start=\"793\" data-end=\"809\">Develop Grow<\/strong>, which was created with the aim of promoting learning, knowledge sharing and the recognition of professionals in the optical sector. We believe that investing in training is investing in people \u2014 and, consequently, in the growth and excellence of the entire sector.<\/p>\n<p data-start=\"1074\" data-end=\"1240\">On this International Day of Education, we reinforce our commitment to training, development and creating opportunities that make a difference today and in the future.<\/p>","protected":false},"excerpt":{"rendered":"<p>Amanh\u00e3 assinalamos o Dia Internacional da Educa\u00e7\u00e3o, uma data que refor\u00e7a a import\u00e2ncia do conhecimento, da forma\u00e7\u00e3o cont\u00ednua e do desenvolvimento de compet\u00eancias como motores de crescimento individual e coletivo. Num mundo em constante evolu\u00e7\u00e3o, a educa\u00e7\u00e3o \u00e9 um pilar essencial para a inova\u00e7\u00e3o, a adapta\u00e7\u00e3o aos desafios do mercado e a constru\u00e7\u00e3o de um [&hellip;]<\/p>\n","protected":false},"author":2,"featured_media":24448,"comment_status":"closed","ping_status":"closed","sticky":false,"template":"","format":"standard","meta":{"footnotes":""},"categories":[195],"tags":[],"class_list":["post-24446","post","type-post","status-publish","format-standard","has-post-thumbnail","hentry","category-institucional"],"yoast_head":"<!-- This site is optimized with the Yoast SEO plugin v27.5 - https:\/\/yoast.com\/product\/yoast-seo-wordpress\/ -->\n<title>Dia Internacional da Educa\u00e7\u00e3o<\/title>\n<meta name=\"description\" content=\"Neste dia, refor\u00e7amos o nosso compromisso com a capacita\u00e7\u00e3o, a evolu\u00e7\u00e3o e a cria\u00e7\u00e3o de oportunidades que fazem a diferen\u00e7a hoje e no futuro.\" \/>\n<meta name=\"robots\" content=\"index, follow, max-snippet:-1, max-image-preview:large, max-video-preview:-1\" \/>\n<link rel=\"canonical\" href=\"https:\/\/www.prooptica.pt\/en\/dia-internacional-da-educacao-investir-no-conhecimento-e-investir-no-futuro\/\" \/>\n<meta property=\"og:locale\" content=\"en_GB\" \/>\n<meta property=\"og:type\" content=\"article\" \/>\n<meta property=\"og:title\" content=\"Dia Internacional da Educa\u00e7\u00e3o\" \/>\n<meta property=\"og:description\" content=\"Neste dia, refor\u00e7amos o nosso compromisso com a capacita\u00e7\u00e3o, a evolu\u00e7\u00e3o e a cria\u00e7\u00e3o de oportunidades que fazem a diferen\u00e7a hoje e no futuro.\" \/>\n<meta property=\"og:url\" content=\"https:\/\/www.prooptica.pt\/en\/dia-internacional-da-educacao-investir-no-conhecimento-e-investir-no-futuro\/\" \/>\n<meta property=\"og:site_name\" content=\"Prooptica\" \/>\n<meta property=\"article:published_time\" content=\"2026-01-23T13:00:06+00:00\" \/>\n<meta property=\"article:modified_time\" content=\"2026-01-23T13:23:35+00:00\" \/>\n<meta property=\"og:image\" content=\"https:\/\/www.prooptica.pt\/wp-content\/uploads\/2026\/01\/Capa-artigo-blog-3.jpg\" \/>\n\t<meta property=\"og:image:width\" content=\"852\" \/>\n\t<meta property=\"og:image:height\" content=\"514\" \/>\n\t<meta property=\"og:image:type\" content=\"image\/jpeg\" \/>\n<meta name=\"author\" content=\"admin\" \/>\n<meta name=\"twitter:card\" content=\"summary_large_image\" \/>\n<meta name=\"twitter:label1\" content=\"Written by\" \/>\n\t<meta name=\"twitter:data1\" content=\"admin\" \/>\n\t<meta name=\"twitter:label2\" content=\"Estimated reading time\" \/>\n\t<meta name=\"twitter:data2\" content=\"2 minutes\" \/>\n<script type=\"application\/ld+json\" class=\"yoast-schema-graph\">{\"@context\":\"https:\\\/\\\/schema.org\",\"@graph\":[{\"@type\":\"Article\",\"@id\":\"https:\\\/\\\/www.prooptica.pt\\\/dia-internacional-da-educacao-investir-no-conhecimento-e-investir-no-futuro\\\/#article\",\"isPartOf\":{\"@id\":\"https:\\\/\\\/www.prooptica.pt\\\/dia-internacional-da-educacao-investir-no-conhecimento-e-investir-no-futuro\\\/\"},\"author\":{\"name\":\"admin\",\"@id\":\"https:\\\/\\\/www.prooptica.pt\\\/home\\\/#\\\/schema\\\/person\\\/1cbd826a9322a3c38a052e43d1638306\"},\"headline\":\"Dia Internacional da Educa\u00e7\u00e3o | Investir no conhecimento \u00e9 investir no futuro\",\"datePublished\":\"2026-01-23T13:00:06+00:00\",\"dateModified\":\"2026-01-23T13:23:35+00:00\",\"mainEntityOfPage\":{\"@id\":\"https:\\\/\\\/www.prooptica.pt\\\/dia-internacional-da-educacao-investir-no-conhecimento-e-investir-no-futuro\\\/\"},\"wordCount\":180,\"image\":{\"@id\":\"https:\\\/\\\/www.prooptica.pt\\\/dia-internacional-da-educacao-investir-no-conhecimento-e-investir-no-futuro\\\/#primaryimage\"},\"thumbnailUrl\":\"https:\\\/\\\/www.prooptica.pt\\\/wp-content\\\/uploads\\\/2026\\\/01\\\/Capa-artigo-blog-3.jpg\",\"articleSection\":[\"Institucional\"],\"inLanguage\":\"en-GB\"},{\"@type\":\"WebPage\",\"@id\":\"https:\\\/\\\/www.prooptica.pt\\\/dia-internacional-da-educacao-investir-no-conhecimento-e-investir-no-futuro\\\/\",\"url\":\"https:\\\/\\\/www.prooptica.pt\\\/dia-internacional-da-educacao-investir-no-conhecimento-e-investir-no-futuro\\\/\",\"name\":\"Dia Internacional da Educa\u00e7\u00e3o\",\"isPartOf\":{\"@id\":\"https:\\\/\\\/www.prooptica.pt\\\/home\\\/#website\"},\"primaryImageOfPage\":{\"@id\":\"https:\\\/\\\/www.prooptica.pt\\\/dia-internacional-da-educacao-investir-no-conhecimento-e-investir-no-futuro\\\/#primaryimage\"},\"image\":{\"@id\":\"https:\\\/\\\/www.prooptica.pt\\\/dia-internacional-da-educacao-investir-no-conhecimento-e-investir-no-futuro\\\/#primaryimage\"},\"thumbnailUrl\":\"https:\\\/\\\/www.prooptica.pt\\\/wp-content\\\/uploads\\\/2026\\\/01\\\/Capa-artigo-blog-3.jpg\",\"datePublished\":\"2026-01-23T13:00:06+00:00\",\"dateModified\":\"2026-01-23T13:23:35+00:00\",\"author\":{\"@id\":\"https:\\\/\\\/www.prooptica.pt\\\/home\\\/#\\\/schema\\\/person\\\/1cbd826a9322a3c38a052e43d1638306\"},\"description\":\"Neste dia, refor\u00e7amos o nosso compromisso com a capacita\u00e7\u00e3o, a evolu\u00e7\u00e3o e a cria\u00e7\u00e3o de oportunidades que fazem a diferen\u00e7a hoje e no futuro.\",\"breadcrumb\":{\"@id\":\"https:\\\/\\\/www.prooptica.pt\\\/dia-internacional-da-educacao-investir-no-conhecimento-e-investir-no-futuro\\\/#breadcrumb\"},\"inLanguage\":\"en-GB\",\"potentialAction\":[{\"@type\":\"ReadAction\",\"target\":[\"https:\\\/\\\/www.prooptica.pt\\\/dia-internacional-da-educacao-investir-no-conhecimento-e-investir-no-futuro\\\/\"]}]},{\"@type\":\"ImageObject\",\"inLanguage\":\"en-GB\",\"@id\":\"https:\\\/\\\/www.prooptica.pt\\\/dia-internacional-da-educacao-investir-no-conhecimento-e-investir-no-futuro\\\/#primaryimage\",\"url\":\"https:\\\/\\\/www.prooptica.pt\\\/wp-content\\\/uploads\\\/2026\\\/01\\\/Capa-artigo-blog-3.jpg\",\"contentUrl\":\"https:\\\/\\\/www.prooptica.pt\\\/wp-content\\\/uploads\\\/2026\\\/01\\\/Capa-artigo-blog-3.jpg\",\"width\":852,\"height\":514},{\"@type\":\"BreadcrumbList\",\"@id\":\"https:\\\/\\\/www.prooptica.pt\\\/dia-internacional-da-educacao-investir-no-conhecimento-e-investir-no-futuro\\\/#breadcrumb\",\"itemListElement\":[{\"@type\":\"ListItem\",\"position\":1,\"name\":\"In\u00edcio\",\"item\":\"https:\\\/\\\/www.prooptica.pt\\\/\"},{\"@type\":\"ListItem\",\"position\":2,\"name\":\"Dia Internacional da Educa\u00e7\u00e3o | Investir no conhecimento \u00e9 investir no futuro\"}]},{\"@type\":\"WebSite\",\"@id\":\"https:\\\/\\\/www.prooptica.pt\\\/home\\\/#website\",\"url\":\"https:\\\/\\\/www.prooptica.pt\\\/home\\\/\",\"name\":\"Prooptica\",\"description\":\"Full Eyewear Concept\",\"potentialAction\":[{\"@type\":\"SearchAction\",\"target\":{\"@type\":\"EntryPoint\",\"urlTemplate\":\"https:\\\/\\\/www.prooptica.pt\\\/home\\\/?s={search_term_string}\"},\"query-input\":{\"@type\":\"PropertyValueSpecification\",\"valueRequired\":true,\"valueName\":\"search_term_string\"}}],\"inLanguage\":\"en-GB\"},{\"@type\":\"Person\",\"@id\":\"https:\\\/\\\/www.prooptica.pt\\\/home\\\/#\\\/schema\\\/person\\\/1cbd826a9322a3c38a052e43d1638306\",\"name\":\"admin\",\"image\":{\"@type\":\"ImageObject\",\"inLanguage\":\"en-GB\",\"@id\":\"https:\\\/\\\/secure.gravatar.com\\\/avatar\\\/528c714482569d81724b02603aa719344e9ad7c0b50becf07272b2086b2c1cfd?s=96&d=mm&r=g\",\"url\":\"https:\\\/\\\/secure.gravatar.com\\\/avatar\\\/528c714482569d81724b02603aa719344e9ad7c0b50becf07272b2086b2c1cfd?s=96&d=mm&r=g\",\"contentUrl\":\"https:\\\/\\\/secure.gravatar.com\\\/avatar\\\/528c714482569d81724b02603aa719344e9ad7c0b50becf07272b2086b2c1cfd?s=96&d=mm&r=g\",\"caption\":\"admin\"},\"url\":\"https:\\\/\\\/www.prooptica.pt\\\/en\\\/author\\\/admin\\\/\"}]}<\/script>\n<!-- \/ Yoast SEO plugin. -->","yoast_head_json":{"title":"International Education Day","description":"Neste dia, refor\u00e7amos o nosso compromisso com a capacita\u00e7\u00e3o, a evolu\u00e7\u00e3o e a cria\u00e7\u00e3o de oportunidades que fazem a diferen\u00e7a hoje e no futuro.","robots":{"index":"index","follow":"follow","max-snippet":"max-snippet:-1","max-image-preview":"max-image-preview:large","max-video-preview":"max-video-preview:-1"},"canonical":"https:\/\/www.prooptica.pt\/en\/dia-internacional-da-educacao-investir-no-conhecimento-e-investir-no-futuro\/","og_locale":"en_GB","og_type":"article","og_title":"Dia Internacional da Educa\u00e7\u00e3o","og_description":"Neste dia, refor\u00e7amos o nosso compromisso com a capacita\u00e7\u00e3o, a evolu\u00e7\u00e3o e a cria\u00e7\u00e3o de oportunidades que fazem a diferen\u00e7a hoje e no futuro.","og_url":"https:\/\/www.prooptica.pt\/en\/dia-internacional-da-educacao-investir-no-conhecimento-e-investir-no-futuro\/","og_site_name":"Prooptica","article_published_time":"2026-01-23T13:00:06+00:00","article_modified_time":"2026-01-23T13:23:35+00:00","og_image":[{"width":852,"height":514,"url":"https:\/\/www.prooptica.pt\/wp-content\/uploads\/2026\/01\/Capa-artigo-blog-3.jpg","type":"image\/jpeg"}],"author":"admin","twitter_card":"summary_large_image","twitter_misc":{"Written by":"admin","Estimated reading time":"2 minutes"},"schema":{"@context":"https:\/\/schema.org","@graph":[{"@type":"Article","@id":"https:\/\/www.prooptica.pt\/dia-internacional-da-educacao-investir-no-conhecimento-e-investir-no-futuro\/#article","isPartOf":{"@id":"https:\/\/www.prooptica.pt\/dia-internacional-da-educacao-investir-no-conhecimento-e-investir-no-futuro\/"},"author":{"name":"admin","@id":"https:\/\/www.prooptica.pt\/home\/#\/schema\/person\/1cbd826a9322a3c38a052e43d1638306"},"headline":"Dia Internacional da Educa\u00e7\u00e3o | Investir no conhecimento \u00e9 investir no futuro","datePublished":"2026-01-23T13:00:06+00:00","dateModified":"2026-01-23T13:23:35+00:00","mainEntityOfPage":{"@id":"https:\/\/www.prooptica.pt\/dia-internacional-da-educacao-investir-no-conhecimento-e-investir-no-futuro\/"},"wordCount":180,"image":{"@id":"https:\/\/www.prooptica.pt\/dia-internacional-da-educacao-investir-no-conhecimento-e-investir-no-futuro\/#primaryimage"},"thumbnailUrl":"https:\/\/www.prooptica.pt\/wp-content\/uploads\/2026\/01\/Capa-artigo-blog-3.jpg","articleSection":["Institucional"],"inLanguage":"en-GB"},{"@type":"WebPage","@id":"https:\/\/www.prooptica.pt\/dia-internacional-da-educacao-investir-no-conhecimento-e-investir-no-futuro\/","url":"https:\/\/www.prooptica.pt\/dia-internacional-da-educacao-investir-no-conhecimento-e-investir-no-futuro\/","name":"International Education Day","isPartOf":{"@id":"https:\/\/www.prooptica.pt\/home\/#website"},"primaryImageOfPage":{"@id":"https:\/\/www.prooptica.pt\/dia-internacional-da-educacao-investir-no-conhecimento-e-investir-no-futuro\/#primaryimage"},"image":{"@id":"https:\/\/www.prooptica.pt\/dia-internacional-da-educacao-investir-no-conhecimento-e-investir-no-futuro\/#primaryimage"},"thumbnailUrl":"https:\/\/www.prooptica.pt\/wp-content\/uploads\/2026\/01\/Capa-artigo-blog-3.jpg","datePublished":"2026-01-23T13:00:06+00:00","dateModified":"2026-01-23T13:23:35+00:00","author":{"@id":"https:\/\/www.prooptica.pt\/home\/#\/schema\/person\/1cbd826a9322a3c38a052e43d1638306"},"description":"Neste dia, refor\u00e7amos o nosso compromisso com a capacita\u00e7\u00e3o, a evolu\u00e7\u00e3o e a cria\u00e7\u00e3o de oportunidades que fazem a diferen\u00e7a hoje e no futuro.","breadcrumb":{"@id":"https:\/\/www.prooptica.pt\/dia-internacional-da-educacao-investir-no-conhecimento-e-investir-no-futuro\/#breadcrumb"},"inLanguage":"en-GB","potentialAction":[{"@type":"ReadAction","target":["https:\/\/www.prooptica.pt\/dia-internacional-da-educacao-investir-no-conhecimento-e-investir-no-futuro\/"]}]},{"@type":"ImageObject","inLanguage":"en-GB","@id":"https:\/\/www.prooptica.pt\/dia-internacional-da-educacao-investir-no-conhecimento-e-investir-no-futuro\/#primaryimage","url":"https:\/\/www.prooptica.pt\/wp-content\/uploads\/2026\/01\/Capa-artigo-blog-3.jpg","contentUrl":"https:\/\/www.prooptica.pt\/wp-content\/uploads\/2026\/01\/Capa-artigo-blog-3.jpg","width":852,"height":514},{"@type":"BreadcrumbList","@id":"https:\/\/www.prooptica.pt\/dia-internacional-da-educacao-investir-no-conhecimento-e-investir-no-futuro\/#breadcrumb","itemListElement":[{"@type":"ListItem","position":1,"name":"In\u00edcio","item":"https:\/\/www.prooptica.pt\/"},{"@type":"ListItem","position":2,"name":"Dia Internacional da Educa\u00e7\u00e3o | Investir no conhecimento \u00e9 investir no futuro"}]},{"@type":"WebSite","@id":"https:\/\/www.prooptica.pt\/home\/#website","url":"https:\/\/www.prooptica.pt\/home\/","name":"Prooptica","description":"Full Eyewear Concept","potentialAction":[{"@type":"SearchAction","target":{"@type":"EntryPoint","urlTemplate":"https:\/\/www.prooptica.pt\/home\/?s={search_term_string}"},"query-input":{"@type":"PropertyValueSpecification","valueRequired":true,"valueName":"search_term_string"}}],"inLanguage":"en-GB"},{"@type":"Person","@id":"https:\/\/www.prooptica.pt\/home\/#\/schema\/person\/1cbd826a9322a3c38a052e43d1638306","name":"admin","image":{"@type":"ImageObject","inLanguage":"en-GB","@id":"https:\/\/secure.gravatar.com\/avatar\/528c714482569d81724b02603aa719344e9ad7c0b50becf07272b2086b2c1cfd?s=96&d=mm&r=g","url":"https:\/\/secure.gravatar.com\/avatar\/528c714482569d81724b02603aa719344e9ad7c0b50becf07272b2086b2c1cfd?s=96&d=mm&r=g","contentUrl":"https:\/\/secure.gravatar.com\/avatar\/528c714482569d81724b02603aa719344e9ad7c0b50becf07272b2086b2c1cfd?s=96&d=mm&r=g","caption":"admin"},"url":"https:\/\/www.prooptica.pt\/en\/author\/admin\/"}]}},"_links":{"self":[{"href":"https:\/\/www.prooptica.pt\/en\/wp-json\/wp\/v2\/posts\/24446","targetHints":{"allow":["GET"]}}],"collection":[{"href":"https:\/\/www.prooptica.pt\/en\/wp-json\/wp\/v2\/posts"}],"about":[{"href":"https:\/\/www.prooptica.pt\/en\/wp-json\/wp\/v2\/types\/post"}],"author":[{"embeddable":true,"href":"https:\/\/www.prooptica.pt\/en\/wp-json\/wp\/v2\/users\/2"}],"replies":[{"embeddable":true,"href":"https:\/\/www.prooptica.pt\/en\/wp-json\/wp\/v2\/comments?post=24446"}],"version-history":[{"count":2,"href":"https:\/\/www.prooptica.pt\/en\/wp-json\/wp\/v2\/posts\/24446\/revisions"}],"predecessor-version":[{"id":24449,"href":"https:\/\/www.prooptica.pt\/en\/wp-json\/wp\/v2\/posts\/24446\/revisions\/24449"}],"wp:featuredmedia":[{"embeddable":true,"href":"https:\/\/www.prooptica.pt\/en\/wp-json\/wp\/v2\/media\/24448"}],"wp:attachment":[{"href":"https:\/\/www.prooptica.pt\/en\/wp-json\/wp\/v2\/media?parent=24446"}],"wp:term":[{"taxonomy":"category","embeddable":true,"href":"https:\/\/www.prooptica.pt\/en\/wp-json\/wp\/v2\/categories?post=24446"},{"taxonomy":"post_tag","embeddable":true,"href":"https:\/\/www.prooptica.pt\/en\/wp-json\/wp\/v2\/tags?post=24446"}],"curies":[{"name":"wp","href":"https:\/\/api.w.org\/{rel}","templated":true}]}}