{"id":24656,"date":"2026-04-30T15:16:24","date_gmt":"2026-04-30T15:16:24","guid":{"rendered":"https:\/\/www.prooptica.pt\/?p=24656"},"modified":"2026-04-30T15:19:51","modified_gmt":"2026-04-30T15:19:51","slug":"nuxe-eyewear-apresenta-nova-colecao-e-imagem-renovada","status":"publish","type":"post","link":"https:\/\/www.prooptica.pt\/en\/nuxe-eyewear-apresenta-nova-colecao-e-imagem-renovada\/","title":{"rendered":"Nuxe Eyewear apresenta nova cole\u00e7\u00e3o e imagem renovada"},"content":{"rendered":"<p>A Nuxe Eyewear revela a sua nova cole\u00e7\u00e3o de arma\u00e7\u00f5es e \u00f3culos de sol, acompanhada por uma renovada campanha de imagem que refor\u00e7a o posicionamento sofisticado, feminino e contempor\u00e2neo da marca. Inspirada no universo da reconhecida refer\u00eancia francesa de cosm\u00e9tica premium, esta nova proposta transporta para o eyewear os valores que distinguem a Nuxe h\u00e1 mais de 30 anos: qualidade, sensorialidade, inova\u00e7\u00e3o e uma liga\u00e7\u00e3o profunda entre natureza e ci\u00eancia.<\/p>\n<p>A nova linha Nuxe Eyewear destaca-se por uma paleta crom\u00e1tica inspirada em elementos naturais e harmonias florais exclusivas, onde tons como Rose, Or, Miel, Aqua e Lavande d\u00e3o personalidade \u00e0s pe\u00e7as. Cores subtis, luminosas e sofisticadas traduzem a ess\u00eancia visual da marca e oferecem propostas vers\u00e1teis para diferentes estilos e ocasi\u00f5es.<\/p>\n<p>Ao n\u00edvel do design, a cole\u00e7\u00e3o aposta em formas org\u00e2nicas, volumes equilibrados e linhas femininas que valorizam o rosto com naturalidade e eleg\u00e2ncia. O toque aveludado dos materiais refor\u00e7a a componente sensorial da experi\u00eancia, criando modelos visualmente apelativos e extremamente confort\u00e1veis no uso di\u00e1rio. Cada detalhe foi pensado para transmitir leveza, bem-estar e distin\u00e7\u00e3o.<\/p>\n<p>Em linha com uma vis\u00e3o mais respons\u00e1vel e consciente, a cole\u00e7\u00e3o \u00e9 produzida em acetato biosourced, biodegrad\u00e1vel e hipoalerg\u00e9nico, refletindo o compromisso da Nuxe com escolhas mais sustent\u00e1veis sem comprometer a qualidade ou a est\u00e9tica. Esta abordagem eco-designed responde \u00e0s expectativas de consumidoras cada vez mais atentas \u00e0 origem dos materiais e ao impacto ambiental das suas escolhas.<\/p>\n<p>A nova campanha de imagem acompanha esta evolu\u00e7\u00e3o e traduz, atrav\u00e9s de retratos luminosos e elegantes, a identidade de uma mulher moderna, confiante e naturalmente sofisticada. Uma linguagem visual clean e contempor\u00e2nea que refor\u00e7a a liga\u00e7\u00e3o entre beleza, moda e autenticidade.<\/p>\n<p style=\"text-align: center;\"><a href=\"https:\/\/loja.prooptica.pt\/wp-content\/uploads\/Catalogo-Nuxe-EyewearSunwear-2026_LR.pdf\"><span style=\"color: #000000;\"><strong>Clique aqui e descubra a Cole\u00e7\u00e3o Nuxe<\/strong><\/span><\/a><\/p>\n<p>&nbsp;<\/p>","protected":false},"excerpt":{"rendered":"<p>A Nuxe Eyewear revela a sua nova cole\u00e7\u00e3o de arma\u00e7\u00f5es e \u00f3culos de sol, acompanhada por uma renovada campanha de imagem que refor\u00e7a o posicionamento sofisticado, feminino e contempor\u00e2neo da marca. Inspirada no universo da reconhecida refer\u00eancia francesa de cosm\u00e9tica premium, esta nova proposta transporta para o eyewear os valores que distinguem a Nuxe h\u00e1 [&hellip;]<\/p>\n","protected":false},"author":2,"featured_media":24657,"comment_status":"closed","ping_status":"closed","sticky":false,"template":"","format":"standard","meta":{"footnotes":""},"categories":[189,197],"tags":[],"class_list":["post-24656","post","type-post","status-publish","format-standard","has-post-thumbnail","hentry","category-oculos","category-sustentabilidade"],"yoast_head":"<!-- This site is optimized with the Yoast SEO plugin v27.5 - https:\/\/yoast.com\/product\/yoast-seo-wordpress\/ -->\n<title>Nuxe Eyewear apresenta nova cole\u00e7\u00e3o e imagem renovada<\/title>\n<meta name=\"description\" content=\"Em linha com uma vis\u00e3o mais respons\u00e1vel e consciente, a cole\u00e7\u00e3o \u00e9 produzida em acetato biosourced, biodegrad\u00e1vel e hipoalerg\u00e9nico.\" \/>\n<meta name=\"robots\" content=\"index, follow, max-snippet:-1, max-image-preview:large, max-video-preview:-1\" \/>\n<link rel=\"canonical\" href=\"https:\/\/www.prooptica.pt\/en\/nuxe-eyewear-apresenta-nova-colecao-e-imagem-renovada\/\" \/>\n<meta property=\"og:locale\" content=\"en_GB\" \/>\n<meta property=\"og:type\" content=\"article\" \/>\n<meta property=\"og:title\" content=\"Nuxe Eyewear apresenta nova cole\u00e7\u00e3o e imagem renovada\" \/>\n<meta property=\"og:description\" content=\"Em linha com uma vis\u00e3o mais respons\u00e1vel e consciente, a cole\u00e7\u00e3o \u00e9 produzida em acetato biosourced, biodegrad\u00e1vel e hipoalerg\u00e9nico.\" \/>\n<meta property=\"og:url\" content=\"https:\/\/www.prooptica.pt\/en\/nuxe-eyewear-apresenta-nova-colecao-e-imagem-renovada\/\" \/>\n<meta property=\"og:site_name\" content=\"Prooptica\" \/>\n<meta property=\"article:published_time\" content=\"2026-04-30T15:16:24+00:00\" \/>\n<meta property=\"article:modified_time\" content=\"2026-04-30T15:19:51+00:00\" \/>\n<meta property=\"og:image\" content=\"https:\/\/www.prooptica.pt\/wp-content\/uploads\/2026\/04\/Capa-artigo-blog-13.jpg\" \/>\n\t<meta property=\"og:image:width\" content=\"852\" \/>\n\t<meta property=\"og:image:height\" content=\"514\" \/>\n\t<meta property=\"og:image:type\" content=\"image\/jpeg\" \/>\n<meta name=\"author\" content=\"admin\" \/>\n<meta name=\"twitter:card\" content=\"summary_large_image\" \/>\n<meta name=\"twitter:label1\" content=\"Written by\" \/>\n\t<meta name=\"twitter:data1\" content=\"admin\" \/>\n\t<meta name=\"twitter:label2\" content=\"Estimated reading time\" \/>\n\t<meta name=\"twitter:data2\" content=\"2 minutes\" \/>\n<script type=\"application\/ld+json\" class=\"yoast-schema-graph\">{\"@context\":\"https:\\\/\\\/schema.org\",\"@graph\":[{\"@type\":\"Article\",\"@id\":\"https:\\\/\\\/www.prooptica.pt\\\/nuxe-eyewear-apresenta-nova-colecao-e-imagem-renovada\\\/#article\",\"isPartOf\":{\"@id\":\"https:\\\/\\\/www.prooptica.pt\\\/nuxe-eyewear-apresenta-nova-colecao-e-imagem-renovada\\\/\"},\"author\":{\"name\":\"admin\",\"@id\":\"https:\\\/\\\/www.prooptica.pt\\\/home\\\/#\\\/schema\\\/person\\\/1cbd826a9322a3c38a052e43d1638306\"},\"headline\":\"Nuxe Eyewear apresenta nova cole\u00e7\u00e3o e imagem renovada\",\"datePublished\":\"2026-04-30T15:16:24+00:00\",\"dateModified\":\"2026-04-30T15:19:51+00:00\",\"mainEntityOfPage\":{\"@id\":\"https:\\\/\\\/www.prooptica.pt\\\/nuxe-eyewear-apresenta-nova-colecao-e-imagem-renovada\\\/\"},\"wordCount\":325,\"image\":{\"@id\":\"https:\\\/\\\/www.prooptica.pt\\\/nuxe-eyewear-apresenta-nova-colecao-e-imagem-renovada\\\/#primaryimage\"},\"thumbnailUrl\":\"https:\\\/\\\/www.prooptica.pt\\\/wp-content\\\/uploads\\\/2026\\\/04\\\/Capa-artigo-blog-13.jpg\",\"articleSection\":[\"\u00d3culos\",\"Sustentabilidade\"],\"inLanguage\":\"en-GB\"},{\"@type\":\"WebPage\",\"@id\":\"https:\\\/\\\/www.prooptica.pt\\\/nuxe-eyewear-apresenta-nova-colecao-e-imagem-renovada\\\/\",\"url\":\"https:\\\/\\\/www.prooptica.pt\\\/nuxe-eyewear-apresenta-nova-colecao-e-imagem-renovada\\\/\",\"name\":\"Nuxe Eyewear apresenta nova cole\u00e7\u00e3o e imagem renovada\",\"isPartOf\":{\"@id\":\"https:\\\/\\\/www.prooptica.pt\\\/home\\\/#website\"},\"primaryImageOfPage\":{\"@id\":\"https:\\\/\\\/www.prooptica.pt\\\/nuxe-eyewear-apresenta-nova-colecao-e-imagem-renovada\\\/#primaryimage\"},\"image\":{\"@id\":\"https:\\\/\\\/www.prooptica.pt\\\/nuxe-eyewear-apresenta-nova-colecao-e-imagem-renovada\\\/#primaryimage\"},\"thumbnailUrl\":\"https:\\\/\\\/www.prooptica.pt\\\/wp-content\\\/uploads\\\/2026\\\/04\\\/Capa-artigo-blog-13.jpg\",\"datePublished\":\"2026-04-30T15:16:24+00:00\",\"dateModified\":\"2026-04-30T15:19:51+00:00\",\"author\":{\"@id\":\"https:\\\/\\\/www.prooptica.pt\\\/home\\\/#\\\/schema\\\/person\\\/1cbd826a9322a3c38a052e43d1638306\"},\"description\":\"Em linha com uma vis\u00e3o mais respons\u00e1vel e consciente, a cole\u00e7\u00e3o \u00e9 produzida em acetato biosourced, biodegrad\u00e1vel e hipoalerg\u00e9nico.\",\"breadcrumb\":{\"@id\":\"https:\\\/\\\/www.prooptica.pt\\\/nuxe-eyewear-apresenta-nova-colecao-e-imagem-renovada\\\/#breadcrumb\"},\"inLanguage\":\"en-GB\",\"potentialAction\":[{\"@type\":\"ReadAction\",\"target\":[\"https:\\\/\\\/www.prooptica.pt\\\/nuxe-eyewear-apresenta-nova-colecao-e-imagem-renovada\\\/\"]}]},{\"@type\":\"ImageObject\",\"inLanguage\":\"en-GB\",\"@id\":\"https:\\\/\\\/www.prooptica.pt\\\/nuxe-eyewear-apresenta-nova-colecao-e-imagem-renovada\\\/#primaryimage\",\"url\":\"https:\\\/\\\/www.prooptica.pt\\\/wp-content\\\/uploads\\\/2026\\\/04\\\/Capa-artigo-blog-13.jpg\",\"contentUrl\":\"https:\\\/\\\/www.prooptica.pt\\\/wp-content\\\/uploads\\\/2026\\\/04\\\/Capa-artigo-blog-13.jpg\",\"width\":852,\"height\":514},{\"@type\":\"BreadcrumbList\",\"@id\":\"https:\\\/\\\/www.prooptica.pt\\\/nuxe-eyewear-apresenta-nova-colecao-e-imagem-renovada\\\/#breadcrumb\",\"itemListElement\":[{\"@type\":\"ListItem\",\"position\":1,\"name\":\"In\u00edcio\",\"item\":\"https:\\\/\\\/www.prooptica.pt\\\/\"},{\"@type\":\"ListItem\",\"position\":2,\"name\":\"Nuxe Eyewear apresenta nova cole\u00e7\u00e3o e imagem renovada\"}]},{\"@type\":\"WebSite\",\"@id\":\"https:\\\/\\\/www.prooptica.pt\\\/home\\\/#website\",\"url\":\"https:\\\/\\\/www.prooptica.pt\\\/home\\\/\",\"name\":\"Prooptica\",\"description\":\"Full Eyewear Concept\",\"potentialAction\":[{\"@type\":\"SearchAction\",\"target\":{\"@type\":\"EntryPoint\",\"urlTemplate\":\"https:\\\/\\\/www.prooptica.pt\\\/home\\\/?s={search_term_string}\"},\"query-input\":{\"@type\":\"PropertyValueSpecification\",\"valueRequired\":true,\"valueName\":\"search_term_string\"}}],\"inLanguage\":\"en-GB\"},{\"@type\":\"Person\",\"@id\":\"https:\\\/\\\/www.prooptica.pt\\\/home\\\/#\\\/schema\\\/person\\\/1cbd826a9322a3c38a052e43d1638306\",\"name\":\"admin\",\"image\":{\"@type\":\"ImageObject\",\"inLanguage\":\"en-GB\",\"@id\":\"https:\\\/\\\/secure.gravatar.com\\\/avatar\\\/528c714482569d81724b02603aa719344e9ad7c0b50becf07272b2086b2c1cfd?s=96&d=mm&r=g\",\"url\":\"https:\\\/\\\/secure.gravatar.com\\\/avatar\\\/528c714482569d81724b02603aa719344e9ad7c0b50becf07272b2086b2c1cfd?s=96&d=mm&r=g\",\"contentUrl\":\"https:\\\/\\\/secure.gravatar.com\\\/avatar\\\/528c714482569d81724b02603aa719344e9ad7c0b50becf07272b2086b2c1cfd?s=96&d=mm&r=g\",\"caption\":\"admin\"},\"url\":\"https:\\\/\\\/www.prooptica.pt\\\/en\\\/author\\\/admin\\\/\"}]}<\/script>\n<!-- \/ Yoast SEO plugin. -->","yoast_head_json":{"title":"Nuxe Eyewear apresenta nova cole\u00e7\u00e3o e imagem renovada","description":"Em linha com uma vis\u00e3o mais respons\u00e1vel e consciente, a cole\u00e7\u00e3o \u00e9 produzida em acetato biosourced, biodegrad\u00e1vel e hipoalerg\u00e9nico.","robots":{"index":"index","follow":"follow","max-snippet":"max-snippet:-1","max-image-preview":"max-image-preview:large","max-video-preview":"max-video-preview:-1"},"canonical":"https:\/\/www.prooptica.pt\/en\/nuxe-eyewear-apresenta-nova-colecao-e-imagem-renovada\/","og_locale":"en_GB","og_type":"article","og_title":"Nuxe Eyewear apresenta nova cole\u00e7\u00e3o e imagem renovada","og_description":"Em linha com uma vis\u00e3o mais respons\u00e1vel e consciente, a cole\u00e7\u00e3o \u00e9 produzida em acetato biosourced, biodegrad\u00e1vel e hipoalerg\u00e9nico.","og_url":"https:\/\/www.prooptica.pt\/en\/nuxe-eyewear-apresenta-nova-colecao-e-imagem-renovada\/","og_site_name":"Prooptica","article_published_time":"2026-04-30T15:16:24+00:00","article_modified_time":"2026-04-30T15:19:51+00:00","og_image":[{"width":852,"height":514,"url":"https:\/\/www.prooptica.pt\/wp-content\/uploads\/2026\/04\/Capa-artigo-blog-13.jpg","type":"image\/jpeg"}],"author":"admin","twitter_card":"summary_large_image","twitter_misc":{"Written by":"admin","Estimated reading time":"2 minutes"},"schema":{"@context":"https:\/\/schema.org","@graph":[{"@type":"Article","@id":"https:\/\/www.prooptica.pt\/nuxe-eyewear-apresenta-nova-colecao-e-imagem-renovada\/#article","isPartOf":{"@id":"https:\/\/www.prooptica.pt\/nuxe-eyewear-apresenta-nova-colecao-e-imagem-renovada\/"},"author":{"name":"admin","@id":"https:\/\/www.prooptica.pt\/home\/#\/schema\/person\/1cbd826a9322a3c38a052e43d1638306"},"headline":"Nuxe Eyewear apresenta nova cole\u00e7\u00e3o e imagem renovada","datePublished":"2026-04-30T15:16:24+00:00","dateModified":"2026-04-30T15:19:51+00:00","mainEntityOfPage":{"@id":"https:\/\/www.prooptica.pt\/nuxe-eyewear-apresenta-nova-colecao-e-imagem-renovada\/"},"wordCount":325,"image":{"@id":"https:\/\/www.prooptica.pt\/nuxe-eyewear-apresenta-nova-colecao-e-imagem-renovada\/#primaryimage"},"thumbnailUrl":"https:\/\/www.prooptica.pt\/wp-content\/uploads\/2026\/04\/Capa-artigo-blog-13.jpg","articleSection":["\u00d3culos","Sustentabilidade"],"inLanguage":"en-GB"},{"@type":"WebPage","@id":"https:\/\/www.prooptica.pt\/nuxe-eyewear-apresenta-nova-colecao-e-imagem-renovada\/","url":"https:\/\/www.prooptica.pt\/nuxe-eyewear-apresenta-nova-colecao-e-imagem-renovada\/","name":"Nuxe Eyewear apresenta nova cole\u00e7\u00e3o e imagem renovada","isPartOf":{"@id":"https:\/\/www.prooptica.pt\/home\/#website"},"primaryImageOfPage":{"@id":"https:\/\/www.prooptica.pt\/nuxe-eyewear-apresenta-nova-colecao-e-imagem-renovada\/#primaryimage"},"image":{"@id":"https:\/\/www.prooptica.pt\/nuxe-eyewear-apresenta-nova-colecao-e-imagem-renovada\/#primaryimage"},"thumbnailUrl":"https:\/\/www.prooptica.pt\/wp-content\/uploads\/2026\/04\/Capa-artigo-blog-13.jpg","datePublished":"2026-04-30T15:16:24+00:00","dateModified":"2026-04-30T15:19:51+00:00","author":{"@id":"https:\/\/www.prooptica.pt\/home\/#\/schema\/person\/1cbd826a9322a3c38a052e43d1638306"},"description":"Em linha com uma vis\u00e3o mais respons\u00e1vel e consciente, a cole\u00e7\u00e3o \u00e9 produzida em acetato biosourced, biodegrad\u00e1vel e hipoalerg\u00e9nico.","breadcrumb":{"@id":"https:\/\/www.prooptica.pt\/nuxe-eyewear-apresenta-nova-colecao-e-imagem-renovada\/#breadcrumb"},"inLanguage":"en-GB","potentialAction":[{"@type":"ReadAction","target":["https:\/\/www.prooptica.pt\/nuxe-eyewear-apresenta-nova-colecao-e-imagem-renovada\/"]}]},{"@type":"ImageObject","inLanguage":"en-GB","@id":"https:\/\/www.prooptica.pt\/nuxe-eyewear-apresenta-nova-colecao-e-imagem-renovada\/#primaryimage","url":"https:\/\/www.prooptica.pt\/wp-content\/uploads\/2026\/04\/Capa-artigo-blog-13.jpg","contentUrl":"https:\/\/www.prooptica.pt\/wp-content\/uploads\/2026\/04\/Capa-artigo-blog-13.jpg","width":852,"height":514},{"@type":"BreadcrumbList","@id":"https:\/\/www.prooptica.pt\/nuxe-eyewear-apresenta-nova-colecao-e-imagem-renovada\/#breadcrumb","itemListElement":[{"@type":"ListItem","position":1,"name":"In\u00edcio","item":"https:\/\/www.prooptica.pt\/"},{"@type":"ListItem","position":2,"name":"Nuxe Eyewear apresenta nova cole\u00e7\u00e3o e imagem renovada"}]},{"@type":"WebSite","@id":"https:\/\/www.prooptica.pt\/home\/#website","url":"https:\/\/www.prooptica.pt\/home\/","name":"Prooptica","description":"Full Eyewear Concept","potentialAction":[{"@type":"SearchAction","target":{"@type":"EntryPoint","urlTemplate":"https:\/\/www.prooptica.pt\/home\/?s={search_term_string}"},"query-input":{"@type":"PropertyValueSpecification","valueRequired":true,"valueName":"search_term_string"}}],"inLanguage":"en-GB"},{"@type":"Person","@id":"https:\/\/www.prooptica.pt\/home\/#\/schema\/person\/1cbd826a9322a3c38a052e43d1638306","name":"admin","image":{"@type":"ImageObject","inLanguage":"en-GB","@id":"https:\/\/secure.gravatar.com\/avatar\/528c714482569d81724b02603aa719344e9ad7c0b50becf07272b2086b2c1cfd?s=96&d=mm&r=g","url":"https:\/\/secure.gravatar.com\/avatar\/528c714482569d81724b02603aa719344e9ad7c0b50becf07272b2086b2c1cfd?s=96&d=mm&r=g","contentUrl":"https:\/\/secure.gravatar.com\/avatar\/528c714482569d81724b02603aa719344e9ad7c0b50becf07272b2086b2c1cfd?s=96&d=mm&r=g","caption":"admin"},"url":"https:\/\/www.prooptica.pt\/en\/author\/admin\/"}]}},"_links":{"self":[{"href":"https:\/\/www.prooptica.pt\/en\/wp-json\/wp\/v2\/posts\/24656","targetHints":{"allow":["GET"]}}],"collection":[{"href":"https:\/\/www.prooptica.pt\/en\/wp-json\/wp\/v2\/posts"}],"about":[{"href":"https:\/\/www.prooptica.pt\/en\/wp-json\/wp\/v2\/types\/post"}],"author":[{"embeddable":true,"href":"https:\/\/www.prooptica.pt\/en\/wp-json\/wp\/v2\/users\/2"}],"replies":[{"embeddable":true,"href":"https:\/\/www.prooptica.pt\/en\/wp-json\/wp\/v2\/comments?post=24656"}],"version-history":[{"count":1,"href":"https:\/\/www.prooptica.pt\/en\/wp-json\/wp\/v2\/posts\/24656\/revisions"}],"predecessor-version":[{"id":24658,"href":"https:\/\/www.prooptica.pt\/en\/wp-json\/wp\/v2\/posts\/24656\/revisions\/24658"}],"wp:featuredmedia":[{"embeddable":true,"href":"https:\/\/www.prooptica.pt\/en\/wp-json\/wp\/v2\/media\/24657"}],"wp:attachment":[{"href":"https:\/\/www.prooptica.pt\/en\/wp-json\/wp\/v2\/media?parent=24656"}],"wp:term":[{"taxonomy":"category","embeddable":true,"href":"https:\/\/www.prooptica.pt\/en\/wp-json\/wp\/v2\/categories?post=24656"},{"taxonomy":"post_tag","embeddable":true,"href":"https:\/\/www.prooptica.pt\/en\/wp-json\/wp\/v2\/tags?post=24656"}],"curies":[{"name":"wp","href":"https:\/\/api.w.org\/{rel}","templated":true}]}}