{"id":24659,"date":"2026-04-30T15:26:22","date_gmt":"2026-04-30T15:26:22","guid":{"rendered":"https:\/\/www.prooptica.pt\/?p=24659"},"modified":"2026-04-30T16:12:14","modified_gmt":"2026-04-30T16:12:14","slug":"lanidor-eyewear-apresenta-colecao-onde-elegancia-cor-e-versatilidade-definem-a-estacao","status":"publish","type":"post","link":"https:\/\/www.prooptica.pt\/en\/lanidor-eyewear-apresenta-colecao-onde-elegancia-cor-e-versatilidade-definem-a-estacao\/","title":{"rendered":"Lanidor Eyewear apresenta cole\u00e7\u00e3o onde eleg\u00e2ncia, cor e versatilidade definem a esta\u00e7\u00e3o"},"content":{"rendered":"<p>A Lanidor Eyewear revela a sua cole\u00e7\u00e3o, uma proposta que traduz o ADN sofisticado e contempor\u00e2neo da marca portuguesa atrav\u00e9s de modelos pensados para a mulher atual. Combinando design cuidado, feminilidade e funcionalidade, a nova linha apresenta arma\u00e7\u00f5es e \u00f3culos de sol que acompanham diferentes momentos do dia com estilo e personalidade, ao estilo cosmopolita da marca.<\/p>\n<p>Nas propostas de sol, destacam-se silhuetas marcantes e atuais, onde as formas oversized e geom\u00e9tricas assumem protagonismo. Os acetatos tartaruga reinterpretam um cl\u00e1ssico intemporal com atitude renovada, enquanto modelos em tons transl\u00facidos de azul introduzem frescura e modernidade. Surgem ainda propostas em preto elegante, de linhas depuradas e sofisticadas, ideais para um visual urbano e vers\u00e1til, assim como modelos met\u00e1licos leves e refinados que privilegiam conforto sem abdicar da eleg\u00e2ncia.<\/p>\n<p>J\u00e1 nas arma\u00e7\u00f5es, a cole\u00e7\u00e3o aposta em novas shapes femininas com uma abordagem leve, expressiva e contempor\u00e2nea. Tons suaves como rosa, lil\u00e1s, verde e azul surgem em acetatos transparentes e luminosos, conferindo delicadeza visual e um toque de modernidade. As formas cat-eye suaves, redondas e quadradas oferecem variedade est\u00e9tica e adaptabilidade a diferentes rostos e estilos, respondendo \u00e0s tend\u00eancias atuais com equil\u00edbrio e sofistica\u00e7\u00e3o.<\/p>\n<p>Os detalhes assumem tamb\u00e9m um papel central nesta cole\u00e7\u00e3o. Hastes elegantes, transpar\u00eancias subtis, combina\u00e7\u00f5es crom\u00e1ticas harmoniosas e acabamentos cuidados, fazem da cole\u00e7\u00e3o um verdadeiro sucesso.<\/p>\n<p>Mais do que eyewear, a nova cole\u00e7\u00e3o Lanidor afirma-se como uma extens\u00e3o natural de um estilo de vida contempor\u00e2neo, feminino e confiante. Uma proposta criada para mulheres que valorizam design, conforto e autenticidade em cada detalhe.<\/p>\n<p style=\"text-align: center;\"><a href=\"https:\/\/loja.prooptica.pt\/wp-content\/uploads\/Catalogo-Lanidor-2026_LR-3.pdf\"><span style=\"color: #000000;\"><strong>Clique aqui e descubra a Cole\u00e7\u00e3o Lanidor<\/strong><\/span><\/a><\/p>\n<p>&nbsp;<\/p>","protected":false},"excerpt":{"rendered":"<p>A Lanidor Eyewear revela a sua cole\u00e7\u00e3o, uma proposta que traduz o ADN sofisticado e contempor\u00e2neo da marca portuguesa atrav\u00e9s de modelos pensados para a mulher atual. Combinando design cuidado, feminilidade e funcionalidade, a nova linha apresenta arma\u00e7\u00f5es e \u00f3culos de sol que acompanham diferentes momentos do dia com estilo e personalidade, ao estilo cosmopolita [&hellip;]<\/p>\n","protected":false},"author":2,"featured_media":24660,"comment_status":"closed","ping_status":"closed","sticky":false,"template":"","format":"standard","meta":{"footnotes":""},"categories":[67,189],"tags":[],"class_list":["post-24659","post","type-post","status-publish","format-standard","has-post-thumbnail","hentry","category-moda-portuguesa","category-oculos"],"yoast_head":"<!-- This site is optimized with the Yoast SEO plugin v27.5 - https:\/\/yoast.com\/product\/yoast-seo-wordpress\/ -->\n<title>Lanidor Eyewear apresenta cole\u00e7\u00e3o<\/title>\n<meta name=\"description\" content=\"Hastes elegantes, transpar\u00eancias subtis, combina\u00e7\u00f5es crom\u00e1ticas harmoniosas e acabamentos cuidados, fazem da cole\u00e7\u00e3o um verdadeiro sucesso.\" \/>\n<meta name=\"robots\" content=\"index, follow, max-snippet:-1, max-image-preview:large, max-video-preview:-1\" \/>\n<link rel=\"canonical\" href=\"https:\/\/www.prooptica.pt\/en\/lanidor-eyewear-apresenta-colecao-onde-elegancia-cor-e-versatilidade-definem-a-estacao\/\" \/>\n<meta property=\"og:locale\" content=\"en_GB\" \/>\n<meta property=\"og:type\" content=\"article\" \/>\n<meta property=\"og:title\" content=\"Lanidor Eyewear apresenta cole\u00e7\u00e3o\" \/>\n<meta property=\"og:description\" content=\"Hastes elegantes, transpar\u00eancias subtis, combina\u00e7\u00f5es crom\u00e1ticas harmoniosas e acabamentos cuidados, fazem da cole\u00e7\u00e3o um verdadeiro sucesso.\" \/>\n<meta property=\"og:url\" content=\"https:\/\/www.prooptica.pt\/en\/lanidor-eyewear-apresenta-colecao-onde-elegancia-cor-e-versatilidade-definem-a-estacao\/\" \/>\n<meta property=\"og:site_name\" content=\"Prooptica\" \/>\n<meta property=\"article:published_time\" content=\"2026-04-30T15:26:22+00:00\" \/>\n<meta property=\"article:modified_time\" content=\"2026-04-30T16:12:14+00:00\" \/>\n<meta property=\"og:image\" content=\"https:\/\/www.prooptica.pt\/wp-content\/uploads\/2026\/04\/Capa-artigo-blog-14.jpg\" \/>\n\t<meta property=\"og:image:width\" content=\"852\" \/>\n\t<meta property=\"og:image:height\" content=\"514\" \/>\n\t<meta property=\"og:image:type\" content=\"image\/jpeg\" \/>\n<meta name=\"author\" content=\"admin\" \/>\n<meta name=\"twitter:card\" content=\"summary_large_image\" \/>\n<meta name=\"twitter:label1\" content=\"Written by\" \/>\n\t<meta name=\"twitter:data1\" content=\"admin\" \/>\n\t<meta name=\"twitter:label2\" content=\"Estimated reading time\" \/>\n\t<meta name=\"twitter:data2\" content=\"2 minutes\" \/>\n<script type=\"application\/ld+json\" class=\"yoast-schema-graph\">{\"@context\":\"https:\\\/\\\/schema.org\",\"@graph\":[{\"@type\":\"Article\",\"@id\":\"https:\\\/\\\/www.prooptica.pt\\\/lanidor-eyewear-apresenta-colecao-onde-elegancia-cor-e-versatilidade-definem-a-estacao\\\/#article\",\"isPartOf\":{\"@id\":\"https:\\\/\\\/www.prooptica.pt\\\/lanidor-eyewear-apresenta-colecao-onde-elegancia-cor-e-versatilidade-definem-a-estacao\\\/\"},\"author\":{\"name\":\"admin\",\"@id\":\"https:\\\/\\\/www.prooptica.pt\\\/home\\\/#\\\/schema\\\/person\\\/1cbd826a9322a3c38a052e43d1638306\"},\"headline\":\"Lanidor Eyewear apresenta cole\u00e7\u00e3o onde eleg\u00e2ncia, cor e versatilidade definem a esta\u00e7\u00e3o\",\"datePublished\":\"2026-04-30T15:26:22+00:00\",\"dateModified\":\"2026-04-30T16:12:14+00:00\",\"mainEntityOfPage\":{\"@id\":\"https:\\\/\\\/www.prooptica.pt\\\/lanidor-eyewear-apresenta-colecao-onde-elegancia-cor-e-versatilidade-definem-a-estacao\\\/\"},\"wordCount\":303,\"image\":{\"@id\":\"https:\\\/\\\/www.prooptica.pt\\\/lanidor-eyewear-apresenta-colecao-onde-elegancia-cor-e-versatilidade-definem-a-estacao\\\/#primaryimage\"},\"thumbnailUrl\":\"https:\\\/\\\/www.prooptica.pt\\\/wp-content\\\/uploads\\\/2026\\\/04\\\/Capa-artigo-blog-14.jpg\",\"articleSection\":[\"Moda Portuguesa\",\"\u00d3culos\"],\"inLanguage\":\"en-GB\"},{\"@type\":\"WebPage\",\"@id\":\"https:\\\/\\\/www.prooptica.pt\\\/lanidor-eyewear-apresenta-colecao-onde-elegancia-cor-e-versatilidade-definem-a-estacao\\\/\",\"url\":\"https:\\\/\\\/www.prooptica.pt\\\/lanidor-eyewear-apresenta-colecao-onde-elegancia-cor-e-versatilidade-definem-a-estacao\\\/\",\"name\":\"Lanidor Eyewear apresenta cole\u00e7\u00e3o\",\"isPartOf\":{\"@id\":\"https:\\\/\\\/www.prooptica.pt\\\/home\\\/#website\"},\"primaryImageOfPage\":{\"@id\":\"https:\\\/\\\/www.prooptica.pt\\\/lanidor-eyewear-apresenta-colecao-onde-elegancia-cor-e-versatilidade-definem-a-estacao\\\/#primaryimage\"},\"image\":{\"@id\":\"https:\\\/\\\/www.prooptica.pt\\\/lanidor-eyewear-apresenta-colecao-onde-elegancia-cor-e-versatilidade-definem-a-estacao\\\/#primaryimage\"},\"thumbnailUrl\":\"https:\\\/\\\/www.prooptica.pt\\\/wp-content\\\/uploads\\\/2026\\\/04\\\/Capa-artigo-blog-14.jpg\",\"datePublished\":\"2026-04-30T15:26:22+00:00\",\"dateModified\":\"2026-04-30T16:12:14+00:00\",\"author\":{\"@id\":\"https:\\\/\\\/www.prooptica.pt\\\/home\\\/#\\\/schema\\\/person\\\/1cbd826a9322a3c38a052e43d1638306\"},\"description\":\"Hastes elegantes, transpar\u00eancias subtis, combina\u00e7\u00f5es crom\u00e1ticas harmoniosas e acabamentos cuidados, fazem da cole\u00e7\u00e3o um verdadeiro sucesso.\",\"breadcrumb\":{\"@id\":\"https:\\\/\\\/www.prooptica.pt\\\/lanidor-eyewear-apresenta-colecao-onde-elegancia-cor-e-versatilidade-definem-a-estacao\\\/#breadcrumb\"},\"inLanguage\":\"en-GB\",\"potentialAction\":[{\"@type\":\"ReadAction\",\"target\":[\"https:\\\/\\\/www.prooptica.pt\\\/lanidor-eyewear-apresenta-colecao-onde-elegancia-cor-e-versatilidade-definem-a-estacao\\\/\"]}]},{\"@type\":\"ImageObject\",\"inLanguage\":\"en-GB\",\"@id\":\"https:\\\/\\\/www.prooptica.pt\\\/lanidor-eyewear-apresenta-colecao-onde-elegancia-cor-e-versatilidade-definem-a-estacao\\\/#primaryimage\",\"url\":\"https:\\\/\\\/www.prooptica.pt\\\/wp-content\\\/uploads\\\/2026\\\/04\\\/Capa-artigo-blog-14.jpg\",\"contentUrl\":\"https:\\\/\\\/www.prooptica.pt\\\/wp-content\\\/uploads\\\/2026\\\/04\\\/Capa-artigo-blog-14.jpg\",\"width\":852,\"height\":514},{\"@type\":\"BreadcrumbList\",\"@id\":\"https:\\\/\\\/www.prooptica.pt\\\/lanidor-eyewear-apresenta-colecao-onde-elegancia-cor-e-versatilidade-definem-a-estacao\\\/#breadcrumb\",\"itemListElement\":[{\"@type\":\"ListItem\",\"position\":1,\"name\":\"In\u00edcio\",\"item\":\"https:\\\/\\\/www.prooptica.pt\\\/\"},{\"@type\":\"ListItem\",\"position\":2,\"name\":\"Lanidor Eyewear apresenta cole\u00e7\u00e3o onde eleg\u00e2ncia, cor e versatilidade definem a esta\u00e7\u00e3o\"}]},{\"@type\":\"WebSite\",\"@id\":\"https:\\\/\\\/www.prooptica.pt\\\/home\\\/#website\",\"url\":\"https:\\\/\\\/www.prooptica.pt\\\/home\\\/\",\"name\":\"Prooptica\",\"description\":\"Full Eyewear Concept\",\"potentialAction\":[{\"@type\":\"SearchAction\",\"target\":{\"@type\":\"EntryPoint\",\"urlTemplate\":\"https:\\\/\\\/www.prooptica.pt\\\/home\\\/?s={search_term_string}\"},\"query-input\":{\"@type\":\"PropertyValueSpecification\",\"valueRequired\":true,\"valueName\":\"search_term_string\"}}],\"inLanguage\":\"en-GB\"},{\"@type\":\"Person\",\"@id\":\"https:\\\/\\\/www.prooptica.pt\\\/home\\\/#\\\/schema\\\/person\\\/1cbd826a9322a3c38a052e43d1638306\",\"name\":\"admin\",\"image\":{\"@type\":\"ImageObject\",\"inLanguage\":\"en-GB\",\"@id\":\"https:\\\/\\\/secure.gravatar.com\\\/avatar\\\/528c714482569d81724b02603aa719344e9ad7c0b50becf07272b2086b2c1cfd?s=96&d=mm&r=g\",\"url\":\"https:\\\/\\\/secure.gravatar.com\\\/avatar\\\/528c714482569d81724b02603aa719344e9ad7c0b50becf07272b2086b2c1cfd?s=96&d=mm&r=g\",\"contentUrl\":\"https:\\\/\\\/secure.gravatar.com\\\/avatar\\\/528c714482569d81724b02603aa719344e9ad7c0b50becf07272b2086b2c1cfd?s=96&d=mm&r=g\",\"caption\":\"admin\"},\"url\":\"https:\\\/\\\/www.prooptica.pt\\\/en\\\/author\\\/admin\\\/\"}]}<\/script>\n<!-- \/ Yoast SEO plugin. -->","yoast_head_json":{"title":"Lanidor Eyewear apresenta cole\u00e7\u00e3o","description":"Hastes elegantes, transpar\u00eancias subtis, combina\u00e7\u00f5es crom\u00e1ticas harmoniosas e acabamentos cuidados, fazem da cole\u00e7\u00e3o um verdadeiro sucesso.","robots":{"index":"index","follow":"follow","max-snippet":"max-snippet:-1","max-image-preview":"max-image-preview:large","max-video-preview":"max-video-preview:-1"},"canonical":"https:\/\/www.prooptica.pt\/en\/lanidor-eyewear-apresenta-colecao-onde-elegancia-cor-e-versatilidade-definem-a-estacao\/","og_locale":"en_GB","og_type":"article","og_title":"Lanidor Eyewear apresenta cole\u00e7\u00e3o","og_description":"Hastes elegantes, transpar\u00eancias subtis, combina\u00e7\u00f5es crom\u00e1ticas harmoniosas e acabamentos cuidados, fazem da cole\u00e7\u00e3o um verdadeiro sucesso.","og_url":"https:\/\/www.prooptica.pt\/en\/lanidor-eyewear-apresenta-colecao-onde-elegancia-cor-e-versatilidade-definem-a-estacao\/","og_site_name":"Prooptica","article_published_time":"2026-04-30T15:26:22+00:00","article_modified_time":"2026-04-30T16:12:14+00:00","og_image":[{"width":852,"height":514,"url":"https:\/\/www.prooptica.pt\/wp-content\/uploads\/2026\/04\/Capa-artigo-blog-14.jpg","type":"image\/jpeg"}],"author":"admin","twitter_card":"summary_large_image","twitter_misc":{"Written by":"admin","Estimated reading time":"2 minutes"},"schema":{"@context":"https:\/\/schema.org","@graph":[{"@type":"Article","@id":"https:\/\/www.prooptica.pt\/lanidor-eyewear-apresenta-colecao-onde-elegancia-cor-e-versatilidade-definem-a-estacao\/#article","isPartOf":{"@id":"https:\/\/www.prooptica.pt\/lanidor-eyewear-apresenta-colecao-onde-elegancia-cor-e-versatilidade-definem-a-estacao\/"},"author":{"name":"admin","@id":"https:\/\/www.prooptica.pt\/home\/#\/schema\/person\/1cbd826a9322a3c38a052e43d1638306"},"headline":"Lanidor Eyewear apresenta cole\u00e7\u00e3o onde eleg\u00e2ncia, cor e versatilidade definem a esta\u00e7\u00e3o","datePublished":"2026-04-30T15:26:22+00:00","dateModified":"2026-04-30T16:12:14+00:00","mainEntityOfPage":{"@id":"https:\/\/www.prooptica.pt\/lanidor-eyewear-apresenta-colecao-onde-elegancia-cor-e-versatilidade-definem-a-estacao\/"},"wordCount":303,"image":{"@id":"https:\/\/www.prooptica.pt\/lanidor-eyewear-apresenta-colecao-onde-elegancia-cor-e-versatilidade-definem-a-estacao\/#primaryimage"},"thumbnailUrl":"https:\/\/www.prooptica.pt\/wp-content\/uploads\/2026\/04\/Capa-artigo-blog-14.jpg","articleSection":["Moda Portuguesa","\u00d3culos"],"inLanguage":"en-GB"},{"@type":"WebPage","@id":"https:\/\/www.prooptica.pt\/lanidor-eyewear-apresenta-colecao-onde-elegancia-cor-e-versatilidade-definem-a-estacao\/","url":"https:\/\/www.prooptica.pt\/lanidor-eyewear-apresenta-colecao-onde-elegancia-cor-e-versatilidade-definem-a-estacao\/","name":"Lanidor Eyewear apresenta cole\u00e7\u00e3o","isPartOf":{"@id":"https:\/\/www.prooptica.pt\/home\/#website"},"primaryImageOfPage":{"@id":"https:\/\/www.prooptica.pt\/lanidor-eyewear-apresenta-colecao-onde-elegancia-cor-e-versatilidade-definem-a-estacao\/#primaryimage"},"image":{"@id":"https:\/\/www.prooptica.pt\/lanidor-eyewear-apresenta-colecao-onde-elegancia-cor-e-versatilidade-definem-a-estacao\/#primaryimage"},"thumbnailUrl":"https:\/\/www.prooptica.pt\/wp-content\/uploads\/2026\/04\/Capa-artigo-blog-14.jpg","datePublished":"2026-04-30T15:26:22+00:00","dateModified":"2026-04-30T16:12:14+00:00","author":{"@id":"https:\/\/www.prooptica.pt\/home\/#\/schema\/person\/1cbd826a9322a3c38a052e43d1638306"},"description":"Hastes elegantes, transpar\u00eancias subtis, combina\u00e7\u00f5es crom\u00e1ticas harmoniosas e acabamentos cuidados, fazem da cole\u00e7\u00e3o um verdadeiro sucesso.","breadcrumb":{"@id":"https:\/\/www.prooptica.pt\/lanidor-eyewear-apresenta-colecao-onde-elegancia-cor-e-versatilidade-definem-a-estacao\/#breadcrumb"},"inLanguage":"en-GB","potentialAction":[{"@type":"ReadAction","target":["https:\/\/www.prooptica.pt\/lanidor-eyewear-apresenta-colecao-onde-elegancia-cor-e-versatilidade-definem-a-estacao\/"]}]},{"@type":"ImageObject","inLanguage":"en-GB","@id":"https:\/\/www.prooptica.pt\/lanidor-eyewear-apresenta-colecao-onde-elegancia-cor-e-versatilidade-definem-a-estacao\/#primaryimage","url":"https:\/\/www.prooptica.pt\/wp-content\/uploads\/2026\/04\/Capa-artigo-blog-14.jpg","contentUrl":"https:\/\/www.prooptica.pt\/wp-content\/uploads\/2026\/04\/Capa-artigo-blog-14.jpg","width":852,"height":514},{"@type":"BreadcrumbList","@id":"https:\/\/www.prooptica.pt\/lanidor-eyewear-apresenta-colecao-onde-elegancia-cor-e-versatilidade-definem-a-estacao\/#breadcrumb","itemListElement":[{"@type":"ListItem","position":1,"name":"In\u00edcio","item":"https:\/\/www.prooptica.pt\/"},{"@type":"ListItem","position":2,"name":"Lanidor Eyewear apresenta cole\u00e7\u00e3o onde eleg\u00e2ncia, cor e versatilidade definem a esta\u00e7\u00e3o"}]},{"@type":"WebSite","@id":"https:\/\/www.prooptica.pt\/home\/#website","url":"https:\/\/www.prooptica.pt\/home\/","name":"Prooptica","description":"Full Eyewear Concept","potentialAction":[{"@type":"SearchAction","target":{"@type":"EntryPoint","urlTemplate":"https:\/\/www.prooptica.pt\/home\/?s={search_term_string}"},"query-input":{"@type":"PropertyValueSpecification","valueRequired":true,"valueName":"search_term_string"}}],"inLanguage":"en-GB"},{"@type":"Person","@id":"https:\/\/www.prooptica.pt\/home\/#\/schema\/person\/1cbd826a9322a3c38a052e43d1638306","name":"admin","image":{"@type":"ImageObject","inLanguage":"en-GB","@id":"https:\/\/secure.gravatar.com\/avatar\/528c714482569d81724b02603aa719344e9ad7c0b50becf07272b2086b2c1cfd?s=96&d=mm&r=g","url":"https:\/\/secure.gravatar.com\/avatar\/528c714482569d81724b02603aa719344e9ad7c0b50becf07272b2086b2c1cfd?s=96&d=mm&r=g","contentUrl":"https:\/\/secure.gravatar.com\/avatar\/528c714482569d81724b02603aa719344e9ad7c0b50becf07272b2086b2c1cfd?s=96&d=mm&r=g","caption":"admin"},"url":"https:\/\/www.prooptica.pt\/en\/author\/admin\/"}]}},"_links":{"self":[{"href":"https:\/\/www.prooptica.pt\/en\/wp-json\/wp\/v2\/posts\/24659","targetHints":{"allow":["GET"]}}],"collection":[{"href":"https:\/\/www.prooptica.pt\/en\/wp-json\/wp\/v2\/posts"}],"about":[{"href":"https:\/\/www.prooptica.pt\/en\/wp-json\/wp\/v2\/types\/post"}],"author":[{"embeddable":true,"href":"https:\/\/www.prooptica.pt\/en\/wp-json\/wp\/v2\/users\/2"}],"replies":[{"embeddable":true,"href":"https:\/\/www.prooptica.pt\/en\/wp-json\/wp\/v2\/comments?post=24659"}],"version-history":[{"count":1,"href":"https:\/\/www.prooptica.pt\/en\/wp-json\/wp\/v2\/posts\/24659\/revisions"}],"predecessor-version":[{"id":24661,"href":"https:\/\/www.prooptica.pt\/en\/wp-json\/wp\/v2\/posts\/24659\/revisions\/24661"}],"wp:featuredmedia":[{"embeddable":true,"href":"https:\/\/www.prooptica.pt\/en\/wp-json\/wp\/v2\/media\/24660"}],"wp:attachment":[{"href":"https:\/\/www.prooptica.pt\/en\/wp-json\/wp\/v2\/media?parent=24659"}],"wp:term":[{"taxonomy":"category","embeddable":true,"href":"https:\/\/www.prooptica.pt\/en\/wp-json\/wp\/v2\/categories?post=24659"},{"taxonomy":"post_tag","embeddable":true,"href":"https:\/\/www.prooptica.pt\/en\/wp-json\/wp\/v2\/tags?post=24659"}],"curies":[{"name":"wp","href":"https:\/\/api.w.org\/{rel}","templated":true}]}}