{"id":5166,"date":"2021-11-24T09:36:38","date_gmt":"2021-11-24T09:36:38","guid":{"rendered":"https:\/\/prooptica.pt\/?p=5166"},"modified":"2023-02-01T15:39:51","modified_gmt":"2023-02-01T15:39:51","slug":"shop-layout-functional-division-of-sectors-and-shopping-behaviour","status":"publish","type":"post","link":"https:\/\/www.prooptica.pt\/en\/layout-de-loja-divisao-funcional-dos-setores-e-comportamento-de-compra\/","title":{"rendered":"Less footprint, more future!"},"content":{"rendered":"<p>In 2020, according to the certificate issued by Sociedade Ponto Verde, Prooptica avoided emitting 2.32 tCO2 into the atmosphere, which corresponds to 17.88 thousand fewer kilometres travelled by car.<\/p>\n<p>Because it has never been more important to look after the health of the planet, we are committed to proper waste management, minimising the amount of packaging we put on the market, ensuring that it is reused as much as possible and that it is correctly treated at the end of its life (recycling).<\/p>\n<p><strong>See the certificate here:\u00a0<span style=\"color: #52a0d7;\"><a style=\"color: #52a0d7;\" href=\"http:\/\/www.prooptica.pt\/wp-content\/uploads\/2021\/08\/CertificadoCarbono2020.pdf\">Carbon 2020 certificate<\/a><\/span><\/strong><\/p>","protected":false},"excerpt":{"rendered":"<p>Em 2020 e, de acordo com o certificado emitido pela Sociedade Ponto Verde, a Prooptica evitou a emiss\u00e3o para a atmosfera de 2,32 tCO2, o que corresponde a menos 17,88mil km percorridos de carro. Porque nunca foi t\u00e3o importante cuidar da sa\u00fade do Planeta, \u00e9 [\u2026]<\/p>\n","protected":false},"author":3,"featured_media":5994,"comment_status":"open","ping_status":"open","sticky":false,"template":"","format":"standard","meta":{"footnotes":""},"categories":[197],"tags":[],"class_list":["post-5166","post","type-post","status-publish","format-standard","has-post-thumbnail","hentry","category-sustentabilidade"],"yoast_head":"<!-- This site is optimized with the Yoast SEO plugin v27.4 - https:\/\/yoast.com\/product\/yoast-seo-wordpress\/ -->\n<title>Menos pegada, mais futuro! - Prooptica<\/title>\n<meta name=\"robots\" content=\"index, follow, max-snippet:-1, max-image-preview:large, max-video-preview:-1\" \/>\n<link rel=\"canonical\" href=\"https:\/\/www.prooptica.pt\/en\/shop-layout-functional-division-of-sectors-and-shopping-behaviour\/\" \/>\n<meta property=\"og:locale\" content=\"en_GB\" \/>\n<meta property=\"og:type\" content=\"article\" \/>\n<meta property=\"og:title\" content=\"Menos pegada, mais futuro! - Prooptica\" \/>\n<meta property=\"og:description\" content=\"Em 2020 e, de acordo com o certificado emitido pela Sociedade Ponto Verde, a Prooptica evitou a emiss\u00e3o para a atmosfera de 2,32 tCO2, o que corresponde a menos 17,88mil km percorridos de carro. Porque nunca foi t\u00e3o importante cuidar da sa\u00fade do Planeta, \u00e9 [\u2026]\" \/>\n<meta property=\"og:url\" content=\"https:\/\/www.prooptica.pt\/en\/shop-layout-functional-division-of-sectors-and-shopping-behaviour\/\" \/>\n<meta property=\"og:site_name\" content=\"Prooptica\" \/>\n<meta property=\"article:published_time\" content=\"2021-11-24T09:36:38+00:00\" \/>\n<meta property=\"article:modified_time\" content=\"2023-02-01T15:39:51+00:00\" \/>\n<meta property=\"og:image\" content=\"https:\/\/www.prooptica.pt\/wp-content\/uploads\/2021\/11\/SomosVerdes_V3100.png\" \/>\n\t<meta property=\"og:image:width\" content=\"919\" \/>\n\t<meta property=\"og:image:height\" content=\"501\" \/>\n\t<meta property=\"og:image:type\" content=\"image\/png\" \/>\n<meta name=\"author\" content=\"Marketing Prooptica\" \/>\n<meta name=\"twitter:card\" content=\"summary_large_image\" \/>\n<meta name=\"twitter:label1\" content=\"Written by\" \/>\n\t<meta name=\"twitter:data1\" content=\"Marketing Prooptica\" \/>\n\t<meta name=\"twitter:label2\" content=\"Estimated reading time\" \/>\n\t<meta name=\"twitter:data2\" content=\"1 minute\" \/>\n<script type=\"application\/ld+json\" class=\"yoast-schema-graph\">{\"@context\":\"https:\\\/\\\/schema.org\",\"@graph\":[{\"@type\":\"Article\",\"@id\":\"https:\\\/\\\/www.prooptica.pt\\\/layout-de-loja-divisao-funcional-dos-setores-e-comportamento-de-compra\\\/#article\",\"isPartOf\":{\"@id\":\"https:\\\/\\\/www.prooptica.pt\\\/layout-de-loja-divisao-funcional-dos-setores-e-comportamento-de-compra\\\/\"},\"author\":{\"name\":\"Marketing Prooptica\",\"@id\":\"https:\\\/\\\/www.prooptica.pt\\\/home\\\/#\\\/schema\\\/person\\\/c3afe955f42eef7c9c157838d5be4f29\"},\"headline\":\"Menos pegada, mais futuro!\",\"datePublished\":\"2021-11-24T09:36:38+00:00\",\"dateModified\":\"2023-02-01T15:39:51+00:00\",\"mainEntityOfPage\":{\"@id\":\"https:\\\/\\\/www.prooptica.pt\\\/layout-de-loja-divisao-funcional-dos-setores-e-comportamento-de-compra\\\/\"},\"wordCount\":95,\"commentCount\":0,\"image\":{\"@id\":\"https:\\\/\\\/www.prooptica.pt\\\/layout-de-loja-divisao-funcional-dos-setores-e-comportamento-de-compra\\\/#primaryimage\"},\"thumbnailUrl\":\"https:\\\/\\\/www.prooptica.pt\\\/wp-content\\\/uploads\\\/2021\\\/11\\\/SomosVerdes_V3100.png\",\"articleSection\":[\"Sustentabilidade\"],\"inLanguage\":\"en-GB\"},{\"@type\":\"WebPage\",\"@id\":\"https:\\\/\\\/www.prooptica.pt\\\/layout-de-loja-divisao-funcional-dos-setores-e-comportamento-de-compra\\\/\",\"url\":\"https:\\\/\\\/www.prooptica.pt\\\/layout-de-loja-divisao-funcional-dos-setores-e-comportamento-de-compra\\\/\",\"name\":\"Menos pegada, mais futuro! - Prooptica\",\"isPartOf\":{\"@id\":\"https:\\\/\\\/www.prooptica.pt\\\/home\\\/#website\"},\"primaryImageOfPage\":{\"@id\":\"https:\\\/\\\/www.prooptica.pt\\\/layout-de-loja-divisao-funcional-dos-setores-e-comportamento-de-compra\\\/#primaryimage\"},\"image\":{\"@id\":\"https:\\\/\\\/www.prooptica.pt\\\/layout-de-loja-divisao-funcional-dos-setores-e-comportamento-de-compra\\\/#primaryimage\"},\"thumbnailUrl\":\"https:\\\/\\\/www.prooptica.pt\\\/wp-content\\\/uploads\\\/2021\\\/11\\\/SomosVerdes_V3100.png\",\"datePublished\":\"2021-11-24T09:36:38+00:00\",\"dateModified\":\"2023-02-01T15:39:51+00:00\",\"author\":{\"@id\":\"https:\\\/\\\/www.prooptica.pt\\\/home\\\/#\\\/schema\\\/person\\\/c3afe955f42eef7c9c157838d5be4f29\"},\"breadcrumb\":{\"@id\":\"https:\\\/\\\/www.prooptica.pt\\\/layout-de-loja-divisao-funcional-dos-setores-e-comportamento-de-compra\\\/#breadcrumb\"},\"inLanguage\":\"en-GB\",\"potentialAction\":[{\"@type\":\"ReadAction\",\"target\":[\"https:\\\/\\\/www.prooptica.pt\\\/layout-de-loja-divisao-funcional-dos-setores-e-comportamento-de-compra\\\/\"]}]},{\"@type\":\"ImageObject\",\"inLanguage\":\"en-GB\",\"@id\":\"https:\\\/\\\/www.prooptica.pt\\\/layout-de-loja-divisao-funcional-dos-setores-e-comportamento-de-compra\\\/#primaryimage\",\"url\":\"https:\\\/\\\/www.prooptica.pt\\\/wp-content\\\/uploads\\\/2021\\\/11\\\/SomosVerdes_V3100.png\",\"contentUrl\":\"https:\\\/\\\/www.prooptica.pt\\\/wp-content\\\/uploads\\\/2021\\\/11\\\/SomosVerdes_V3100.png\",\"width\":919,\"height\":501},{\"@type\":\"BreadcrumbList\",\"@id\":\"https:\\\/\\\/www.prooptica.pt\\\/layout-de-loja-divisao-funcional-dos-setores-e-comportamento-de-compra\\\/#breadcrumb\",\"itemListElement\":[{\"@type\":\"ListItem\",\"position\":1,\"name\":\"In\u00edcio\",\"item\":\"https:\\\/\\\/www.prooptica.pt\\\/\"},{\"@type\":\"ListItem\",\"position\":2,\"name\":\"Menos pegada, mais futuro!\"}]},{\"@type\":\"WebSite\",\"@id\":\"https:\\\/\\\/www.prooptica.pt\\\/home\\\/#website\",\"url\":\"https:\\\/\\\/www.prooptica.pt\\\/home\\\/\",\"name\":\"Prooptica\",\"description\":\"Full Eyewear Concept\",\"potentialAction\":[{\"@type\":\"SearchAction\",\"target\":{\"@type\":\"EntryPoint\",\"urlTemplate\":\"https:\\\/\\\/www.prooptica.pt\\\/home\\\/?s={search_term_string}\"},\"query-input\":{\"@type\":\"PropertyValueSpecification\",\"valueRequired\":true,\"valueName\":\"search_term_string\"}}],\"inLanguage\":\"en-GB\"},{\"@type\":\"Person\",\"@id\":\"https:\\\/\\\/www.prooptica.pt\\\/home\\\/#\\\/schema\\\/person\\\/c3afe955f42eef7c9c157838d5be4f29\",\"name\":\"Marketing Prooptica\",\"image\":{\"@type\":\"ImageObject\",\"inLanguage\":\"en-GB\",\"@id\":\"https:\\\/\\\/secure.gravatar.com\\\/avatar\\\/23248622405e2ce007d39ad746d368991c744fa6fce97036e33e8d9221859ae3?s=96&d=mm&r=g\",\"url\":\"https:\\\/\\\/secure.gravatar.com\\\/avatar\\\/23248622405e2ce007d39ad746d368991c744fa6fce97036e33e8d9221859ae3?s=96&d=mm&r=g\",\"contentUrl\":\"https:\\\/\\\/secure.gravatar.com\\\/avatar\\\/23248622405e2ce007d39ad746d368991c744fa6fce97036e33e8d9221859ae3?s=96&d=mm&r=g\",\"caption\":\"Marketing Prooptica\"},\"url\":\"https:\\\/\\\/www.prooptica.pt\\\/en\\\/author\\\/marketing\\\/\"}]}<\/script>\n<!-- \/ Yoast SEO plugin. -->","yoast_head_json":{"title":"Less footprint, more future! - Prooptica","robots":{"index":"index","follow":"follow","max-snippet":"max-snippet:-1","max-image-preview":"max-image-preview:large","max-video-preview":"max-video-preview:-1"},"canonical":"https:\/\/www.prooptica.pt\/en\/shop-layout-functional-division-of-sectors-and-shopping-behaviour\/","og_locale":"en_GB","og_type":"article","og_title":"Menos pegada, mais futuro! - Prooptica","og_description":"Em 2020 e, de acordo com o certificado emitido pela Sociedade Ponto Verde, a Prooptica evitou a emiss\u00e3o para a atmosfera de 2,32 tCO2, o que corresponde a menos 17,88mil km percorridos de carro. Porque nunca foi t\u00e3o importante cuidar da sa\u00fade do Planeta, \u00e9 [\u2026]","og_url":"https:\/\/www.prooptica.pt\/en\/shop-layout-functional-division-of-sectors-and-shopping-behaviour\/","og_site_name":"Prooptica","article_published_time":"2021-11-24T09:36:38+00:00","article_modified_time":"2023-02-01T15:39:51+00:00","og_image":[{"width":919,"height":501,"url":"https:\/\/www.prooptica.pt\/wp-content\/uploads\/2021\/11\/SomosVerdes_V3100.png","type":"image\/png"}],"author":"Marketing Prooptica","twitter_card":"summary_large_image","twitter_misc":{"Written by":"Marketing Prooptica","Estimated reading time":"1 minute"},"schema":{"@context":"https:\/\/schema.org","@graph":[{"@type":"Article","@id":"https:\/\/www.prooptica.pt\/layout-de-loja-divisao-funcional-dos-setores-e-comportamento-de-compra\/#article","isPartOf":{"@id":"https:\/\/www.prooptica.pt\/layout-de-loja-divisao-funcional-dos-setores-e-comportamento-de-compra\/"},"author":{"name":"Marketing Prooptica","@id":"https:\/\/www.prooptica.pt\/home\/#\/schema\/person\/c3afe955f42eef7c9c157838d5be4f29"},"headline":"Menos pegada, mais futuro!","datePublished":"2021-11-24T09:36:38+00:00","dateModified":"2023-02-01T15:39:51+00:00","mainEntityOfPage":{"@id":"https:\/\/www.prooptica.pt\/layout-de-loja-divisao-funcional-dos-setores-e-comportamento-de-compra\/"},"wordCount":95,"commentCount":0,"image":{"@id":"https:\/\/www.prooptica.pt\/layout-de-loja-divisao-funcional-dos-setores-e-comportamento-de-compra\/#primaryimage"},"thumbnailUrl":"https:\/\/www.prooptica.pt\/wp-content\/uploads\/2021\/11\/SomosVerdes_V3100.png","articleSection":["Sustentabilidade"],"inLanguage":"en-GB"},{"@type":"WebPage","@id":"https:\/\/www.prooptica.pt\/layout-de-loja-divisao-funcional-dos-setores-e-comportamento-de-compra\/","url":"https:\/\/www.prooptica.pt\/layout-de-loja-divisao-funcional-dos-setores-e-comportamento-de-compra\/","name":"Less footprint, more future! - Prooptica","isPartOf":{"@id":"https:\/\/www.prooptica.pt\/home\/#website"},"primaryImageOfPage":{"@id":"https:\/\/www.prooptica.pt\/layout-de-loja-divisao-funcional-dos-setores-e-comportamento-de-compra\/#primaryimage"},"image":{"@id":"https:\/\/www.prooptica.pt\/layout-de-loja-divisao-funcional-dos-setores-e-comportamento-de-compra\/#primaryimage"},"thumbnailUrl":"https:\/\/www.prooptica.pt\/wp-content\/uploads\/2021\/11\/SomosVerdes_V3100.png","datePublished":"2021-11-24T09:36:38+00:00","dateModified":"2023-02-01T15:39:51+00:00","author":{"@id":"https:\/\/www.prooptica.pt\/home\/#\/schema\/person\/c3afe955f42eef7c9c157838d5be4f29"},"breadcrumb":{"@id":"https:\/\/www.prooptica.pt\/layout-de-loja-divisao-funcional-dos-setores-e-comportamento-de-compra\/#breadcrumb"},"inLanguage":"en-GB","potentialAction":[{"@type":"ReadAction","target":["https:\/\/www.prooptica.pt\/layout-de-loja-divisao-funcional-dos-setores-e-comportamento-de-compra\/"]}]},{"@type":"ImageObject","inLanguage":"en-GB","@id":"https:\/\/www.prooptica.pt\/layout-de-loja-divisao-funcional-dos-setores-e-comportamento-de-compra\/#primaryimage","url":"https:\/\/www.prooptica.pt\/wp-content\/uploads\/2021\/11\/SomosVerdes_V3100.png","contentUrl":"https:\/\/www.prooptica.pt\/wp-content\/uploads\/2021\/11\/SomosVerdes_V3100.png","width":919,"height":501},{"@type":"BreadcrumbList","@id":"https:\/\/www.prooptica.pt\/layout-de-loja-divisao-funcional-dos-setores-e-comportamento-de-compra\/#breadcrumb","itemListElement":[{"@type":"ListItem","position":1,"name":"In\u00edcio","item":"https:\/\/www.prooptica.pt\/"},{"@type":"ListItem","position":2,"name":"Menos pegada, mais futuro!"}]},{"@type":"WebSite","@id":"https:\/\/www.prooptica.pt\/home\/#website","url":"https:\/\/www.prooptica.pt\/home\/","name":"Prooptica","description":"Full Eyewear Concept","potentialAction":[{"@type":"SearchAction","target":{"@type":"EntryPoint","urlTemplate":"https:\/\/www.prooptica.pt\/home\/?s={search_term_string}"},"query-input":{"@type":"PropertyValueSpecification","valueRequired":true,"valueName":"search_term_string"}}],"inLanguage":"en-GB"},{"@type":"Person","@id":"https:\/\/www.prooptica.pt\/home\/#\/schema\/person\/c3afe955f42eef7c9c157838d5be4f29","name":"Marketing Prooptica","image":{"@type":"ImageObject","inLanguage":"en-GB","@id":"https:\/\/secure.gravatar.com\/avatar\/23248622405e2ce007d39ad746d368991c744fa6fce97036e33e8d9221859ae3?s=96&d=mm&r=g","url":"https:\/\/secure.gravatar.com\/avatar\/23248622405e2ce007d39ad746d368991c744fa6fce97036e33e8d9221859ae3?s=96&d=mm&r=g","contentUrl":"https:\/\/secure.gravatar.com\/avatar\/23248622405e2ce007d39ad746d368991c744fa6fce97036e33e8d9221859ae3?s=96&d=mm&r=g","caption":"Marketing Prooptica"},"url":"https:\/\/www.prooptica.pt\/en\/author\/marketing\/"}]}},"_links":{"self":[{"href":"https:\/\/www.prooptica.pt\/en\/wp-json\/wp\/v2\/posts\/5166","targetHints":{"allow":["GET"]}}],"collection":[{"href":"https:\/\/www.prooptica.pt\/en\/wp-json\/wp\/v2\/posts"}],"about":[{"href":"https:\/\/www.prooptica.pt\/en\/wp-json\/wp\/v2\/types\/post"}],"author":[{"embeddable":true,"href":"https:\/\/www.prooptica.pt\/en\/wp-json\/wp\/v2\/users\/3"}],"replies":[{"embeddable":true,"href":"https:\/\/www.prooptica.pt\/en\/wp-json\/wp\/v2\/comments?post=5166"}],"version-history":[{"count":0,"href":"https:\/\/www.prooptica.pt\/en\/wp-json\/wp\/v2\/posts\/5166\/revisions"}],"wp:featuredmedia":[{"embeddable":true,"href":"https:\/\/www.prooptica.pt\/en\/wp-json\/wp\/v2\/media\/5994"}],"wp:attachment":[{"href":"https:\/\/www.prooptica.pt\/en\/wp-json\/wp\/v2\/media?parent=5166"}],"wp:term":[{"taxonomy":"category","embeddable":true,"href":"https:\/\/www.prooptica.pt\/en\/wp-json\/wp\/v2\/categories?post=5166"},{"taxonomy":"post_tag","embeddable":true,"href":"https:\/\/www.prooptica.pt\/en\/wp-json\/wp\/v2\/tags?post=5166"}],"curies":[{"name":"wp","href":"https:\/\/api.w.org\/{rel}","templated":true}]}}