{"id":102,"date":"2020-03-20T03:27:18","date_gmt":"2020-03-20T03:27:18","guid":{"rendered":"http:\/\/localhost\/theratio\/?p=102"},"modified":"2023-02-01T15:40:10","modified_gmt":"2023-02-01T15:40:10","slug":"los-10-mejores-consejos-para-el-interiorismo-de-su-cocina","status":"publish","type":"post","link":"https:\/\/www.prooptica.pt\/es\/top-10-tips-for-your-kitchen-interior-design\/","title":{"rendered":"20 a\u00f1os creyendo en la moda y la cultura portuguesa"},"content":{"rendered":"<p>En 2021 <span style=\"color: #52a0d7;\"><a style=\"color: #52a0d7;\" href=\"http:\/\/www.prooptica.pt\/es\/\">Prooptica<\/a> <\/span>celebra 28 a\u00f1os de historia en el mercado \u00f3ptico nacional, <em><strong>20 de los cuales elevan el concepto de moda y cultura portuguesas con una apuesta clara y estrat\u00e9gica por marcas y personalidades relevantes en el panorama de la moda nacional.<\/strong><\/em>. Desde que se desarrollaron las primeras colecciones en colaboraci\u00f3n con dise\u00f1adores de renombre como Jos\u00e9 Ant\u00f3nio Tenente, Jo\u00e3o Rolo y Ana Salazar, el concepto de gafas con dise\u00f1o portugu\u00e9s ha cobrado fuerza en la mente de los consumidores, adem\u00e1s de adquirir una enorme importancia en la gama de productos de las \u00f3pticas portuguesas.<\/p>\n<p>20 a\u00f1os creyendo en la moda y el dise\u00f1o portugueses representan un camino de aprendizaje y adaptaci\u00f3n y, esencialmente, un pilar importante de la diferenciaci\u00f3n de Prooptica en el mercado.<\/p>\n<p>Hoy, adem\u00e1s de un modelo de negocio absolutamente integrado en 4 \u00e1reas estrat\u00e9gicas - Gafas, Lentes Oft\u00e1lmicas, Accesorios y Dise\u00f1o + Arquitectura, innovamos y llevamos m\u00e1s lejos el nombre de Portugal con el desarrollo de colecciones como Lanidor, Quebramar, Dielmar y m\u00e1s recientemente Am\u00e1lia Eyewear, que son l\u00edneas con un ADN totalmente portugu\u00e9s.<\/p>\n<div id='gallery-1' class='gallery galleryid-102 gallery-columns-2 gallery-size-full'><figure class='gallery-item'>\n\t\t\t<div class='gallery-icon landscape'>\n\t\t\t\t<img fetchpriority=\"high\" decoding=\"async\" width=\"2560\" height=\"2560\" src=\"https:\/\/www.prooptica.pt\/wp-content\/uploads\/2020\/03\/28-ANOS-I-Prooptica-1-scaled.jpg\" class=\"attachment-full size-full\" alt=\"\" srcset=\"https:\/\/www.prooptica.pt\/wp-content\/uploads\/2020\/03\/28-ANOS-I-Prooptica-1-scaled.jpg 2560w, https:\/\/www.prooptica.pt\/wp-content\/uploads\/2020\/03\/28-ANOS-I-Prooptica-1-300x300.jpg 300w, https:\/\/www.prooptica.pt\/wp-content\/uploads\/2020\/03\/28-ANOS-I-Prooptica-1-1024x1024.jpg 1024w, https:\/\/www.prooptica.pt\/wp-content\/uploads\/2020\/03\/28-ANOS-I-Prooptica-1-150x150.jpg 150w, https:\/\/www.prooptica.pt\/wp-content\/uploads\/2020\/03\/28-ANOS-I-Prooptica-1-768x768.jpg 768w, https:\/\/www.prooptica.pt\/wp-content\/uploads\/2020\/03\/28-ANOS-I-Prooptica-1-1536x1536.jpg 1536w, https:\/\/www.prooptica.pt\/wp-content\/uploads\/2020\/03\/28-ANOS-I-Prooptica-1-2048x2048.jpg 2048w, https:\/\/www.prooptica.pt\/wp-content\/uploads\/2020\/03\/28-ANOS-I-Prooptica-1-720x720.jpg 720w\" sizes=\"(max-width: 2560px) 100vw, 2560px\" \/>\n\t\t\t<\/div><\/figure><figure class='gallery-item'>\n\t\t\t<div class='gallery-icon landscape'>\n\t\t\t\t<img decoding=\"async\" width=\"1080\" height=\"1080\" src=\"https:\/\/www.prooptica.pt\/wp-content\/uploads\/2020\/03\/Artboard-1-copy-2.jpg\" class=\"attachment-full size-full\" alt=\"\" srcset=\"https:\/\/www.prooptica.pt\/wp-content\/uploads\/2020\/03\/Artboard-1-copy-2.jpg 1080w, https:\/\/www.prooptica.pt\/wp-content\/uploads\/2020\/03\/Artboard-1-copy-2-300x300.jpg 300w, https:\/\/www.prooptica.pt\/wp-content\/uploads\/2020\/03\/Artboard-1-copy-2-1024x1024.jpg 1024w, https:\/\/www.prooptica.pt\/wp-content\/uploads\/2020\/03\/Artboard-1-copy-2-150x150.jpg 150w, https:\/\/www.prooptica.pt\/wp-content\/uploads\/2020\/03\/Artboard-1-copy-2-768x768.jpg 768w, https:\/\/www.prooptica.pt\/wp-content\/uploads\/2020\/03\/Artboard-1-copy-2-720x720.jpg 720w\" sizes=\"(max-width: 1080px) 100vw, 1080px\" \/>\n\t\t\t<\/div><\/figure>\n\t\t<\/div>\n\n<blockquote>\n<p style=\"line-height: 36px; text-align: left;\"><strong>Para el Director General de Prooptica, Luis Justino, <\/strong>\"La apuesta por marcas y personalidades relevantes para la difusi\u00f3n de la cultura y la moda portuguesas en el mundo es un pilar importante de la internacionalizaci\u00f3n de Prooptica y un elemento diferenciador clave en nuestra estrategia.\"<\/p>\n<\/blockquote>\n<p>Como parte de las celebraciones de un a\u00f1o para conmemorar los 20 a\u00f1os de moda portuguesa, se ha creado un sello conmemorativo para ilustrar este hito, junto con el lanzamiento de la nueva edici\u00f3n limitada de la l\u00ednea Am\u00e1lia Eyewear con el modelo AM200.<\/p>","protected":false},"excerpt":{"rendered":"<p>Em 2021 a Prooptica celebra 28 anos de hist\u00f3ria no mercado \u00f3ptico nacional, 20 dos quais a elevar o conceito de moda e cultura portuguesa com uma aposta clara e estrat\u00e9gica em marcas e personalidades relevantes no panorama da moda nacional. Desde as primeiras cole\u00e7\u00f5es [\u2026]<\/p>\n","protected":false},"author":3,"featured_media":5997,"comment_status":"open","ping_status":"open","sticky":false,"template":"","format":"standard","meta":{"footnotes":""},"categories":[195,67],"tags":[],"class_list":["post-102","post","type-post","status-publish","format-standard","has-post-thumbnail","hentry","category-institucional","category-moda-portuguesa"],"yoast_head":"<!-- This site is optimized with the Yoast SEO plugin v27.4 - https:\/\/yoast.com\/product\/yoast-seo-wordpress\/ -->\n<title>20 anos a acreditar na Moda e na Cultura Portuguesa - Prooptica<\/title>\n<meta name=\"robots\" content=\"index, follow, max-snippet:-1, max-image-preview:large, max-video-preview:-1\" \/>\n<link rel=\"canonical\" href=\"https:\/\/www.prooptica.pt\/es\/los-10-mejores-consejos-para-el-interiorismo-de-su-cocina\/\" \/>\n<meta property=\"og:locale\" content=\"es_ES\" \/>\n<meta property=\"og:type\" content=\"article\" \/>\n<meta property=\"og:title\" content=\"20 anos a acreditar na Moda e na Cultura Portuguesa - Prooptica\" \/>\n<meta property=\"og:description\" content=\"Em 2021 a Prooptica celebra 28 anos de hist\u00f3ria no mercado \u00f3ptico nacional, 20 dos quais a elevar o conceito de moda e cultura portuguesa com uma aposta clara e estrat\u00e9gica em marcas e personalidades relevantes no panorama da moda nacional. Desde as primeiras cole\u00e7\u00f5es [\u2026]\" \/>\n<meta property=\"og:url\" content=\"https:\/\/www.prooptica.pt\/es\/los-10-mejores-consejos-para-el-interiorismo-de-su-cocina\/\" \/>\n<meta property=\"og:site_name\" content=\"Prooptica\" \/>\n<meta property=\"article:published_time\" content=\"2020-03-20T03:27:18+00:00\" \/>\n<meta property=\"article:modified_time\" content=\"2023-02-01T15:40:10+00:00\" \/>\n<meta property=\"og:image\" content=\"https:\/\/www.prooptica.pt\/wp-content\/uploads\/2020\/03\/Artboard-1-copy-2.jpg\" \/>\n\t<meta property=\"og:image:width\" content=\"1080\" \/>\n\t<meta property=\"og:image:height\" content=\"1080\" \/>\n\t<meta property=\"og:image:type\" content=\"image\/jpeg\" \/>\n<meta name=\"author\" content=\"Marketing Prooptica\" \/>\n<meta name=\"twitter:card\" content=\"summary_large_image\" \/>\n<meta name=\"twitter:label1\" content=\"Escrito por\" \/>\n\t<meta name=\"twitter:data1\" content=\"Marketing Prooptica\" \/>\n\t<meta name=\"twitter:label2\" content=\"Tiempo de lectura\" \/>\n\t<meta name=\"twitter:data2\" content=\"2 minutos\" \/>\n<script type=\"application\/ld+json\" class=\"yoast-schema-graph\">{\"@context\":\"https:\\\/\\\/schema.org\",\"@graph\":[{\"@type\":\"Article\",\"@id\":\"https:\\\/\\\/www.prooptica.pt\\\/top-10-tips-for-your-kitchen-interior-design\\\/#article\",\"isPartOf\":{\"@id\":\"https:\\\/\\\/www.prooptica.pt\\\/top-10-tips-for-your-kitchen-interior-design\\\/\"},\"author\":{\"name\":\"Marketing Prooptica\",\"@id\":\"https:\\\/\\\/www.prooptica.pt\\\/home\\\/#\\\/schema\\\/person\\\/c3afe955f42eef7c9c157838d5be4f29\"},\"headline\":\"20 anos a acreditar na Moda e na Cultura Portuguesa\",\"datePublished\":\"2020-03-20T03:27:18+00:00\",\"dateModified\":\"2023-02-01T15:40:10+00:00\",\"mainEntityOfPage\":{\"@id\":\"https:\\\/\\\/www.prooptica.pt\\\/top-10-tips-for-your-kitchen-interior-design\\\/\"},\"wordCount\":293,\"commentCount\":0,\"image\":{\"@id\":\"https:\\\/\\\/www.prooptica.pt\\\/top-10-tips-for-your-kitchen-interior-design\\\/#primaryimage\"},\"thumbnailUrl\":\"https:\\\/\\\/www.prooptica.pt\\\/wp-content\\\/uploads\\\/2020\\\/03\\\/Artboard-1-copy-2.jpg\",\"articleSection\":[\"Institucional\",\"Moda Portuguesa\"],\"inLanguage\":\"es\"},{\"@type\":\"WebPage\",\"@id\":\"https:\\\/\\\/www.prooptica.pt\\\/top-10-tips-for-your-kitchen-interior-design\\\/\",\"url\":\"https:\\\/\\\/www.prooptica.pt\\\/top-10-tips-for-your-kitchen-interior-design\\\/\",\"name\":\"20 anos a acreditar na Moda e na Cultura Portuguesa - Prooptica\",\"isPartOf\":{\"@id\":\"https:\\\/\\\/www.prooptica.pt\\\/home\\\/#website\"},\"primaryImageOfPage\":{\"@id\":\"https:\\\/\\\/www.prooptica.pt\\\/top-10-tips-for-your-kitchen-interior-design\\\/#primaryimage\"},\"image\":{\"@id\":\"https:\\\/\\\/www.prooptica.pt\\\/top-10-tips-for-your-kitchen-interior-design\\\/#primaryimage\"},\"thumbnailUrl\":\"https:\\\/\\\/www.prooptica.pt\\\/wp-content\\\/uploads\\\/2020\\\/03\\\/Artboard-1-copy-2.jpg\",\"datePublished\":\"2020-03-20T03:27:18+00:00\",\"dateModified\":\"2023-02-01T15:40:10+00:00\",\"author\":{\"@id\":\"https:\\\/\\\/www.prooptica.pt\\\/home\\\/#\\\/schema\\\/person\\\/c3afe955f42eef7c9c157838d5be4f29\"},\"breadcrumb\":{\"@id\":\"https:\\\/\\\/www.prooptica.pt\\\/top-10-tips-for-your-kitchen-interior-design\\\/#breadcrumb\"},\"inLanguage\":\"es\",\"potentialAction\":[{\"@type\":\"ReadAction\",\"target\":[\"https:\\\/\\\/www.prooptica.pt\\\/top-10-tips-for-your-kitchen-interior-design\\\/\"]}]},{\"@type\":\"ImageObject\",\"inLanguage\":\"es\",\"@id\":\"https:\\\/\\\/www.prooptica.pt\\\/top-10-tips-for-your-kitchen-interior-design\\\/#primaryimage\",\"url\":\"https:\\\/\\\/www.prooptica.pt\\\/wp-content\\\/uploads\\\/2020\\\/03\\\/Artboard-1-copy-2.jpg\",\"contentUrl\":\"https:\\\/\\\/www.prooptica.pt\\\/wp-content\\\/uploads\\\/2020\\\/03\\\/Artboard-1-copy-2.jpg\",\"width\":1080,\"height\":1080},{\"@type\":\"BreadcrumbList\",\"@id\":\"https:\\\/\\\/www.prooptica.pt\\\/top-10-tips-for-your-kitchen-interior-design\\\/#breadcrumb\",\"itemListElement\":[{\"@type\":\"ListItem\",\"position\":1,\"name\":\"In\u00edcio\",\"item\":\"https:\\\/\\\/www.prooptica.pt\\\/\"},{\"@type\":\"ListItem\",\"position\":2,\"name\":\"20 anos a acreditar na Moda e na Cultura Portuguesa\"}]},{\"@type\":\"WebSite\",\"@id\":\"https:\\\/\\\/www.prooptica.pt\\\/home\\\/#website\",\"url\":\"https:\\\/\\\/www.prooptica.pt\\\/home\\\/\",\"name\":\"Prooptica\",\"description\":\"Full Eyewear Concept\",\"potentialAction\":[{\"@type\":\"SearchAction\",\"target\":{\"@type\":\"EntryPoint\",\"urlTemplate\":\"https:\\\/\\\/www.prooptica.pt\\\/home\\\/?s={search_term_string}\"},\"query-input\":{\"@type\":\"PropertyValueSpecification\",\"valueRequired\":true,\"valueName\":\"search_term_string\"}}],\"inLanguage\":\"es\"},{\"@type\":\"Person\",\"@id\":\"https:\\\/\\\/www.prooptica.pt\\\/home\\\/#\\\/schema\\\/person\\\/c3afe955f42eef7c9c157838d5be4f29\",\"name\":\"Marketing Prooptica\",\"image\":{\"@type\":\"ImageObject\",\"inLanguage\":\"es\",\"@id\":\"https:\\\/\\\/secure.gravatar.com\\\/avatar\\\/23248622405e2ce007d39ad746d368991c744fa6fce97036e33e8d9221859ae3?s=96&d=mm&r=g\",\"url\":\"https:\\\/\\\/secure.gravatar.com\\\/avatar\\\/23248622405e2ce007d39ad746d368991c744fa6fce97036e33e8d9221859ae3?s=96&d=mm&r=g\",\"contentUrl\":\"https:\\\/\\\/secure.gravatar.com\\\/avatar\\\/23248622405e2ce007d39ad746d368991c744fa6fce97036e33e8d9221859ae3?s=96&d=mm&r=g\",\"caption\":\"Marketing Prooptica\"},\"url\":\"https:\\\/\\\/www.prooptica.pt\\\/es\\\/author\\\/marketing\\\/\"}]}<\/script>\n<!-- \/ Yoast SEO plugin. -->","yoast_head_json":{"title":"20 a\u00f1os creyendo en la moda y la cultura portuguesa - Prooptica","robots":{"index":"index","follow":"follow","max-snippet":"max-snippet:-1","max-image-preview":"max-image-preview:large","max-video-preview":"max-video-preview:-1"},"canonical":"https:\/\/www.prooptica.pt\/es\/los-10-mejores-consejos-para-el-interiorismo-de-su-cocina\/","og_locale":"es_ES","og_type":"article","og_title":"20 anos a acreditar na Moda e na Cultura Portuguesa - Prooptica","og_description":"Em 2021 a Prooptica celebra 28 anos de hist\u00f3ria no mercado \u00f3ptico nacional, 20 dos quais a elevar o conceito de moda e cultura portuguesa com uma aposta clara e estrat\u00e9gica em marcas e personalidades relevantes no panorama da moda nacional. Desde as primeiras cole\u00e7\u00f5es [\u2026]","og_url":"https:\/\/www.prooptica.pt\/es\/los-10-mejores-consejos-para-el-interiorismo-de-su-cocina\/","og_site_name":"Prooptica","article_published_time":"2020-03-20T03:27:18+00:00","article_modified_time":"2023-02-01T15:40:10+00:00","og_image":[{"width":1080,"height":1080,"url":"https:\/\/www.prooptica.pt\/wp-content\/uploads\/2020\/03\/Artboard-1-copy-2.jpg","type":"image\/jpeg"}],"author":"Marketing Prooptica","twitter_card":"summary_large_image","twitter_misc":{"Escrito por":"Marketing Prooptica","Tiempo de lectura":"2 minutos"},"schema":{"@context":"https:\/\/schema.org","@graph":[{"@type":"Article","@id":"https:\/\/www.prooptica.pt\/top-10-tips-for-your-kitchen-interior-design\/#article","isPartOf":{"@id":"https:\/\/www.prooptica.pt\/top-10-tips-for-your-kitchen-interior-design\/"},"author":{"name":"Marketing Prooptica","@id":"https:\/\/www.prooptica.pt\/home\/#\/schema\/person\/c3afe955f42eef7c9c157838d5be4f29"},"headline":"20 anos a acreditar na Moda e na Cultura Portuguesa","datePublished":"2020-03-20T03:27:18+00:00","dateModified":"2023-02-01T15:40:10+00:00","mainEntityOfPage":{"@id":"https:\/\/www.prooptica.pt\/top-10-tips-for-your-kitchen-interior-design\/"},"wordCount":293,"commentCount":0,"image":{"@id":"https:\/\/www.prooptica.pt\/top-10-tips-for-your-kitchen-interior-design\/#primaryimage"},"thumbnailUrl":"https:\/\/www.prooptica.pt\/wp-content\/uploads\/2020\/03\/Artboard-1-copy-2.jpg","articleSection":["Institucional","Moda Portuguesa"],"inLanguage":"es"},{"@type":"WebPage","@id":"https:\/\/www.prooptica.pt\/top-10-tips-for-your-kitchen-interior-design\/","url":"https:\/\/www.prooptica.pt\/top-10-tips-for-your-kitchen-interior-design\/","name":"20 a\u00f1os creyendo en la moda y la cultura portuguesa - Prooptica","isPartOf":{"@id":"https:\/\/www.prooptica.pt\/home\/#website"},"primaryImageOfPage":{"@id":"https:\/\/www.prooptica.pt\/top-10-tips-for-your-kitchen-interior-design\/#primaryimage"},"image":{"@id":"https:\/\/www.prooptica.pt\/top-10-tips-for-your-kitchen-interior-design\/#primaryimage"},"thumbnailUrl":"https:\/\/www.prooptica.pt\/wp-content\/uploads\/2020\/03\/Artboard-1-copy-2.jpg","datePublished":"2020-03-20T03:27:18+00:00","dateModified":"2023-02-01T15:40:10+00:00","author":{"@id":"https:\/\/www.prooptica.pt\/home\/#\/schema\/person\/c3afe955f42eef7c9c157838d5be4f29"},"breadcrumb":{"@id":"https:\/\/www.prooptica.pt\/top-10-tips-for-your-kitchen-interior-design\/#breadcrumb"},"inLanguage":"es","potentialAction":[{"@type":"ReadAction","target":["https:\/\/www.prooptica.pt\/top-10-tips-for-your-kitchen-interior-design\/"]}]},{"@type":"ImageObject","inLanguage":"es","@id":"https:\/\/www.prooptica.pt\/top-10-tips-for-your-kitchen-interior-design\/#primaryimage","url":"https:\/\/www.prooptica.pt\/wp-content\/uploads\/2020\/03\/Artboard-1-copy-2.jpg","contentUrl":"https:\/\/www.prooptica.pt\/wp-content\/uploads\/2020\/03\/Artboard-1-copy-2.jpg","width":1080,"height":1080},{"@type":"BreadcrumbList","@id":"https:\/\/www.prooptica.pt\/top-10-tips-for-your-kitchen-interior-design\/#breadcrumb","itemListElement":[{"@type":"ListItem","position":1,"name":"In\u00edcio","item":"https:\/\/www.prooptica.pt\/"},{"@type":"ListItem","position":2,"name":"20 anos a acreditar na Moda e na Cultura Portuguesa"}]},{"@type":"WebSite","@id":"https:\/\/www.prooptica.pt\/home\/#website","url":"https:\/\/www.prooptica.pt\/home\/","name":"Prooptica","description":"Concepto de gafas completas","potentialAction":[{"@type":"SearchAction","target":{"@type":"EntryPoint","urlTemplate":"https:\/\/www.prooptica.pt\/home\/?s={search_term_string}"},"query-input":{"@type":"PropertyValueSpecification","valueRequired":true,"valueName":"search_term_string"}}],"inLanguage":"es"},{"@type":"Person","@id":"https:\/\/www.prooptica.pt\/home\/#\/schema\/person\/c3afe955f42eef7c9c157838d5be4f29","name":"Comercializaci\u00f3n de Prooptica","image":{"@type":"ImageObject","inLanguage":"es","@id":"https:\/\/secure.gravatar.com\/avatar\/23248622405e2ce007d39ad746d368991c744fa6fce97036e33e8d9221859ae3?s=96&d=mm&r=g","url":"https:\/\/secure.gravatar.com\/avatar\/23248622405e2ce007d39ad746d368991c744fa6fce97036e33e8d9221859ae3?s=96&d=mm&r=g","contentUrl":"https:\/\/secure.gravatar.com\/avatar\/23248622405e2ce007d39ad746d368991c744fa6fce97036e33e8d9221859ae3?s=96&d=mm&r=g","caption":"Marketing Prooptica"},"url":"https:\/\/www.prooptica.pt\/es\/author\/marketing\/"}]}},"_links":{"self":[{"href":"https:\/\/www.prooptica.pt\/es\/wp-json\/wp\/v2\/posts\/102","targetHints":{"allow":["GET"]}}],"collection":[{"href":"https:\/\/www.prooptica.pt\/es\/wp-json\/wp\/v2\/posts"}],"about":[{"href":"https:\/\/www.prooptica.pt\/es\/wp-json\/wp\/v2\/types\/post"}],"author":[{"embeddable":true,"href":"https:\/\/www.prooptica.pt\/es\/wp-json\/wp\/v2\/users\/3"}],"replies":[{"embeddable":true,"href":"https:\/\/www.prooptica.pt\/es\/wp-json\/wp\/v2\/comments?post=102"}],"version-history":[{"count":0,"href":"https:\/\/www.prooptica.pt\/es\/wp-json\/wp\/v2\/posts\/102\/revisions"}],"wp:featuredmedia":[{"embeddable":true,"href":"https:\/\/www.prooptica.pt\/es\/wp-json\/wp\/v2\/media\/5997"}],"wp:attachment":[{"href":"https:\/\/www.prooptica.pt\/es\/wp-json\/wp\/v2\/media?parent=102"}],"wp:term":[{"taxonomy":"category","embeddable":true,"href":"https:\/\/www.prooptica.pt\/es\/wp-json\/wp\/v2\/categories?post=102"},{"taxonomy":"post_tag","embeddable":true,"href":"https:\/\/www.prooptica.pt\/es\/wp-json\/wp\/v2\/tags?post=102"}],"curies":[{"name":"wp","href":"https:\/\/api.w.org\/{rel}","templated":true}]}}