{"id":15632,"date":"2022-10-30T13:22:08","date_gmt":"2022-10-30T13:22:08","guid":{"rendered":"https:\/\/prooptica.pt\/?p=15632"},"modified":"2023-02-01T15:27:22","modified_gmt":"2023-02-01T15:27:22","slug":"prooptica-realiza-revisiones-visuales-en-el-centro-cultural-de-brejao","status":"publish","type":"post","link":"https:\/\/www.prooptica.pt\/es\/prooptica-realiza-acao-de-rastreio-visual-no-centro-cultural-do-brejao\/","title":{"rendered":"Prooptica realiza ex\u00e1menes visuales en el Centro Cultural de Brej\u00e3o"},"content":{"rendered":"<p>En el marco del Protocolo de Cooperaci\u00f3n firmado con el <span style=\"color: #52a0d7;\"><a style=\"color: #52a0d7;\" href=\"https:\/\/www.cm-odemira.pt\/pages\/470?poi_id=64\" target=\"_blank\" rel=\"noreferrer noopener\">Centro Cultural Brej\u00e3o<\/a><\/span> n octubre de 2021, Prooptica llev\u00f3 a cabo hoy otro cribado de diagn\u00f3stico visual, que incluy\u00f3 la oferta de lentes y monturas a residentes en situaci\u00f3n de riesgo socioecon\u00f3mico en el municipio de Odemira.<\/p>\r\n<p><img fetchpriority=\"high\" decoding=\"async\" class=\"size-medium wp-image-15693 alignnone\" src=\"https:\/\/prooptica.pt\/wp-content\/uploads\/2023\/01\/Photo03-300x300.jpg\" alt=\"\" width=\"300\" height=\"300\" srcset=\"https:\/\/www.prooptica.pt\/wp-content\/uploads\/2023\/01\/Photo03-300x300.jpg 300w, https:\/\/www.prooptica.pt\/wp-content\/uploads\/2023\/01\/Photo03-1024x1024.jpg 1024w, https:\/\/www.prooptica.pt\/wp-content\/uploads\/2023\/01\/Photo03-150x150.jpg 150w, https:\/\/www.prooptica.pt\/wp-content\/uploads\/2023\/01\/Photo03-768x768.jpg 768w, https:\/\/www.prooptica.pt\/wp-content\/uploads\/2023\/01\/Photo03-720x720.jpg 720w, https:\/\/www.prooptica.pt\/wp-content\/uploads\/2023\/01\/Photo03.jpg 1080w\" sizes=\"(max-width: 300px) 100vw, 300px\" \/><\/p>\r\n<p>Las acciones de detecci\u00f3n de enfermedades visuales son el resultado de una asociaci\u00f3n con <span style=\"color: #52a0d7;\"><a style=\"color: #52a0d7;\" href=\"https:\/\/amaliarodrigues.pt\/\" target=\"_blank\" rel=\"noreferrer noopener\">Fundaci\u00f3n Am\u00e1lia Rodrigues<\/a><\/span> y pretenden cumplir los deseos de la Sra. Am\u00e1lia Rodrigues, quien, en su testamento, expres\u00f3 su voluntad de que la Fundaci\u00f3n Am\u00e1lia apoyase causas ben\u00e9ficas en el municipio con el que manten\u00eda fuertes relaciones.<\/p>\r\n\r\n\r\n\r\n<p>Se trata de otra iniciativa fruto de una fuerte pol\u00edtica de responsabilidad social que venimos desarrollando desde hace varios a\u00f1os con diversas instituciones de apoyo a j\u00f3venes en situaci\u00f3n de riesgo y que, m\u00e1s recientemente, se ha extendido a la poblaci\u00f3n de la tercera edad.<\/p>\r\n\r\n\r\n\r\n<p>Prooptica cuenta con la amable colaboraci\u00f3n de <span style=\"color: #52a0d7;\"><a style=\"color: #52a0d7;\" href=\"https:\/\/www.facebook.com\/ProLente\" target=\"_blank\" rel=\"noreferrer noopener\">Prolente<\/a> <\/span>que, en la persona del Sr. Rui Teixeira, realiza las consultas de cribado y proporciona todo el equipo t\u00e9cnico necesario, a quien expresamos nuestro especial agradecimiento.<\/p>\r\n\r\n\r\n\r\n<p><strong>Para el Director General de Prooptica,<\/strong><strong>\u00a0<span style=\"color: #52a0d7;\"><a style=\"color: #52a0d7;\" href=\"https:\/\/www.linkedin.com\/in\/ljustino\/\">Luis Justino<\/a><\/span>,<\/strong> Esta iniciativa cumple el objetivo de Prooptica de \"ayudar a crear una sociedad civil vibrante y exigente que construya el pa\u00eds que aspiramos a ser\".<\/p>","protected":false},"excerpt":{"rendered":"<p>No \u00e2mbito do Protocolo de Coopera\u00e7\u00e3o assinado com o o Centro Cultural do Brej\u00e3o em Outubro de 2021, a Prooptica realizou hoje mais um rastreio de diagn\u00f3stico visual que inclui a oferta de lentes e arma\u00e7\u00f5es a mun\u00edcipes em risco socio-econ\u00f3mico, no concelho de Odemira. As a\u00e7\u00f5es de rastreio visual resultam da parceria com a [&hellip;]<\/p>\n","protected":false},"author":2,"featured_media":15939,"comment_status":"open","ping_status":"open","sticky":false,"template":"","format":"standard","meta":{"footnotes":""},"categories":[195,43],"tags":[],"class_list":["post-15632","post","type-post","status-publish","format-standard","has-post-thumbnail","hentry","category-institucional","category-solidariedade"],"yoast_head":"<!-- This site is optimized with the Yoast SEO plugin v27.4 - https:\/\/yoast.com\/product\/yoast-seo-wordpress\/ -->\n<title>Prooptica realiza a\u00e7\u00e3o de rastreio visual no Centro Cultural do Brej\u00e3o - Prooptica<\/title>\n<meta name=\"robots\" content=\"index, follow, max-snippet:-1, max-image-preview:large, max-video-preview:-1\" \/>\n<link rel=\"canonical\" href=\"https:\/\/www.prooptica.pt\/es\/prooptica-realiza-revisiones-visuales-en-el-centro-cultural-de-brejao\/\" \/>\n<meta property=\"og:locale\" content=\"es_ES\" \/>\n<meta property=\"og:type\" content=\"article\" \/>\n<meta property=\"og:title\" content=\"Prooptica realiza a\u00e7\u00e3o de rastreio visual no Centro Cultural do Brej\u00e3o - Prooptica\" \/>\n<meta property=\"og:description\" content=\"No \u00e2mbito do Protocolo de Coopera\u00e7\u00e3o assinado com o o Centro Cultural do Brej\u00e3o em Outubro de 2021, a Prooptica realizou hoje mais um rastreio de diagn\u00f3stico visual que inclui a oferta de lentes e arma\u00e7\u00f5es a mun\u00edcipes em risco socio-econ\u00f3mico, no concelho de Odemira. As a\u00e7\u00f5es de rastreio visual resultam da parceria com a [&hellip;]\" \/>\n<meta property=\"og:url\" content=\"https:\/\/www.prooptica.pt\/es\/prooptica-realiza-revisiones-visuales-en-el-centro-cultural-de-brejao\/\" \/>\n<meta property=\"og:site_name\" content=\"Prooptica\" \/>\n<meta property=\"article:published_time\" content=\"2022-10-30T13:22:08+00:00\" \/>\n<meta property=\"article:modified_time\" content=\"2023-02-01T15:27:22+00:00\" \/>\n<meta property=\"og:image\" content=\"https:\/\/www.prooptica.pt\/wp-content\/uploads\/2023\/01\/Photo01-860x480-1.jpg\" \/>\n\t<meta property=\"og:image:width\" content=\"860\" \/>\n\t<meta property=\"og:image:height\" content=\"480\" \/>\n\t<meta property=\"og:image:type\" content=\"image\/jpeg\" \/>\n<meta name=\"author\" content=\"admin\" \/>\n<meta name=\"twitter:card\" content=\"summary_large_image\" \/>\n<meta name=\"twitter:label1\" content=\"Escrito por\" \/>\n\t<meta name=\"twitter:data1\" content=\"admin\" \/>\n\t<meta name=\"twitter:label2\" content=\"Tiempo de lectura\" \/>\n\t<meta name=\"twitter:data2\" content=\"2 minutos\" \/>\n<script type=\"application\/ld+json\" class=\"yoast-schema-graph\">{\"@context\":\"https:\\\/\\\/schema.org\",\"@graph\":[{\"@type\":\"Article\",\"@id\":\"https:\\\/\\\/www.prooptica.pt\\\/prooptica-realiza-acao-de-rastreio-visual-no-centro-cultural-do-brejao\\\/#article\",\"isPartOf\":{\"@id\":\"https:\\\/\\\/www.prooptica.pt\\\/prooptica-realiza-acao-de-rastreio-visual-no-centro-cultural-do-brejao\\\/\"},\"author\":{\"name\":\"admin\",\"@id\":\"https:\\\/\\\/www.prooptica.pt\\\/home\\\/#\\\/schema\\\/person\\\/1cbd826a9322a3c38a052e43d1638306\"},\"headline\":\"Prooptica realiza a\u00e7\u00e3o de rastreio visual no Centro Cultural do Brej\u00e3o\",\"datePublished\":\"2022-10-30T13:22:08+00:00\",\"dateModified\":\"2023-02-01T15:27:22+00:00\",\"mainEntityOfPage\":{\"@id\":\"https:\\\/\\\/www.prooptica.pt\\\/prooptica-realiza-acao-de-rastreio-visual-no-centro-cultural-do-brejao\\\/\"},\"wordCount\":228,\"commentCount\":0,\"image\":{\"@id\":\"https:\\\/\\\/www.prooptica.pt\\\/prooptica-realiza-acao-de-rastreio-visual-no-centro-cultural-do-brejao\\\/#primaryimage\"},\"thumbnailUrl\":\"https:\\\/\\\/www.prooptica.pt\\\/wp-content\\\/uploads\\\/2023\\\/01\\\/Photo01-860x480-1.jpg\",\"articleSection\":[\"Institucional\",\"Solidariedade\"],\"inLanguage\":\"es\"},{\"@type\":\"WebPage\",\"@id\":\"https:\\\/\\\/www.prooptica.pt\\\/prooptica-realiza-acao-de-rastreio-visual-no-centro-cultural-do-brejao\\\/\",\"url\":\"https:\\\/\\\/www.prooptica.pt\\\/prooptica-realiza-acao-de-rastreio-visual-no-centro-cultural-do-brejao\\\/\",\"name\":\"Prooptica realiza a\u00e7\u00e3o de rastreio visual no Centro Cultural do Brej\u00e3o - Prooptica\",\"isPartOf\":{\"@id\":\"https:\\\/\\\/www.prooptica.pt\\\/home\\\/#website\"},\"primaryImageOfPage\":{\"@id\":\"https:\\\/\\\/www.prooptica.pt\\\/prooptica-realiza-acao-de-rastreio-visual-no-centro-cultural-do-brejao\\\/#primaryimage\"},\"image\":{\"@id\":\"https:\\\/\\\/www.prooptica.pt\\\/prooptica-realiza-acao-de-rastreio-visual-no-centro-cultural-do-brejao\\\/#primaryimage\"},\"thumbnailUrl\":\"https:\\\/\\\/www.prooptica.pt\\\/wp-content\\\/uploads\\\/2023\\\/01\\\/Photo01-860x480-1.jpg\",\"datePublished\":\"2022-10-30T13:22:08+00:00\",\"dateModified\":\"2023-02-01T15:27:22+00:00\",\"author\":{\"@id\":\"https:\\\/\\\/www.prooptica.pt\\\/home\\\/#\\\/schema\\\/person\\\/1cbd826a9322a3c38a052e43d1638306\"},\"breadcrumb\":{\"@id\":\"https:\\\/\\\/www.prooptica.pt\\\/prooptica-realiza-acao-de-rastreio-visual-no-centro-cultural-do-brejao\\\/#breadcrumb\"},\"inLanguage\":\"es\",\"potentialAction\":[{\"@type\":\"ReadAction\",\"target\":[\"https:\\\/\\\/www.prooptica.pt\\\/prooptica-realiza-acao-de-rastreio-visual-no-centro-cultural-do-brejao\\\/\"]}]},{\"@type\":\"ImageObject\",\"inLanguage\":\"es\",\"@id\":\"https:\\\/\\\/www.prooptica.pt\\\/prooptica-realiza-acao-de-rastreio-visual-no-centro-cultural-do-brejao\\\/#primaryimage\",\"url\":\"https:\\\/\\\/www.prooptica.pt\\\/wp-content\\\/uploads\\\/2023\\\/01\\\/Photo01-860x480-1.jpg\",\"contentUrl\":\"https:\\\/\\\/www.prooptica.pt\\\/wp-content\\\/uploads\\\/2023\\\/01\\\/Photo01-860x480-1.jpg\",\"width\":860,\"height\":480},{\"@type\":\"BreadcrumbList\",\"@id\":\"https:\\\/\\\/www.prooptica.pt\\\/prooptica-realiza-acao-de-rastreio-visual-no-centro-cultural-do-brejao\\\/#breadcrumb\",\"itemListElement\":[{\"@type\":\"ListItem\",\"position\":1,\"name\":\"In\u00edcio\",\"item\":\"https:\\\/\\\/www.prooptica.pt\\\/\"},{\"@type\":\"ListItem\",\"position\":2,\"name\":\"Prooptica realiza a\u00e7\u00e3o de rastreio visual no Centro Cultural do Brej\u00e3o\"}]},{\"@type\":\"WebSite\",\"@id\":\"https:\\\/\\\/www.prooptica.pt\\\/home\\\/#website\",\"url\":\"https:\\\/\\\/www.prooptica.pt\\\/home\\\/\",\"name\":\"Prooptica\",\"description\":\"Full Eyewear Concept\",\"potentialAction\":[{\"@type\":\"SearchAction\",\"target\":{\"@type\":\"EntryPoint\",\"urlTemplate\":\"https:\\\/\\\/www.prooptica.pt\\\/home\\\/?s={search_term_string}\"},\"query-input\":{\"@type\":\"PropertyValueSpecification\",\"valueRequired\":true,\"valueName\":\"search_term_string\"}}],\"inLanguage\":\"es\"},{\"@type\":\"Person\",\"@id\":\"https:\\\/\\\/www.prooptica.pt\\\/home\\\/#\\\/schema\\\/person\\\/1cbd826a9322a3c38a052e43d1638306\",\"name\":\"admin\",\"image\":{\"@type\":\"ImageObject\",\"inLanguage\":\"es\",\"@id\":\"https:\\\/\\\/secure.gravatar.com\\\/avatar\\\/528c714482569d81724b02603aa719344e9ad7c0b50becf07272b2086b2c1cfd?s=96&d=mm&r=g\",\"url\":\"https:\\\/\\\/secure.gravatar.com\\\/avatar\\\/528c714482569d81724b02603aa719344e9ad7c0b50becf07272b2086b2c1cfd?s=96&d=mm&r=g\",\"contentUrl\":\"https:\\\/\\\/secure.gravatar.com\\\/avatar\\\/528c714482569d81724b02603aa719344e9ad7c0b50becf07272b2086b2c1cfd?s=96&d=mm&r=g\",\"caption\":\"admin\"},\"url\":\"https:\\\/\\\/www.prooptica.pt\\\/es\\\/author\\\/admin\\\/\"}]}<\/script>\n<!-- \/ Yoast SEO plugin. -->","yoast_head_json":{"title":"Prooptica realiza ex\u00e1menes visuales en el Centro Cultural de Brej\u00e3o - Prooptica","robots":{"index":"index","follow":"follow","max-snippet":"max-snippet:-1","max-image-preview":"max-image-preview:large","max-video-preview":"max-video-preview:-1"},"canonical":"https:\/\/www.prooptica.pt\/es\/prooptica-realiza-revisiones-visuales-en-el-centro-cultural-de-brejao\/","og_locale":"es_ES","og_type":"article","og_title":"Prooptica realiza a\u00e7\u00e3o de rastreio visual no Centro Cultural do Brej\u00e3o - Prooptica","og_description":"No \u00e2mbito do Protocolo de Coopera\u00e7\u00e3o assinado com o o Centro Cultural do Brej\u00e3o em Outubro de 2021, a Prooptica realizou hoje mais um rastreio de diagn\u00f3stico visual que inclui a oferta de lentes e arma\u00e7\u00f5es a mun\u00edcipes em risco socio-econ\u00f3mico, no concelho de Odemira. As a\u00e7\u00f5es de rastreio visual resultam da parceria com a [&hellip;]","og_url":"https:\/\/www.prooptica.pt\/es\/prooptica-realiza-revisiones-visuales-en-el-centro-cultural-de-brejao\/","og_site_name":"Prooptica","article_published_time":"2022-10-30T13:22:08+00:00","article_modified_time":"2023-02-01T15:27:22+00:00","og_image":[{"width":860,"height":480,"url":"https:\/\/www.prooptica.pt\/wp-content\/uploads\/2023\/01\/Photo01-860x480-1.jpg","type":"image\/jpeg"}],"author":"admin","twitter_card":"summary_large_image","twitter_misc":{"Escrito por":"admin","Tiempo de lectura":"2 minutos"},"schema":{"@context":"https:\/\/schema.org","@graph":[{"@type":"Article","@id":"https:\/\/www.prooptica.pt\/prooptica-realiza-acao-de-rastreio-visual-no-centro-cultural-do-brejao\/#article","isPartOf":{"@id":"https:\/\/www.prooptica.pt\/prooptica-realiza-acao-de-rastreio-visual-no-centro-cultural-do-brejao\/"},"author":{"name":"admin","@id":"https:\/\/www.prooptica.pt\/home\/#\/schema\/person\/1cbd826a9322a3c38a052e43d1638306"},"headline":"Prooptica realiza a\u00e7\u00e3o de rastreio visual no Centro Cultural do Brej\u00e3o","datePublished":"2022-10-30T13:22:08+00:00","dateModified":"2023-02-01T15:27:22+00:00","mainEntityOfPage":{"@id":"https:\/\/www.prooptica.pt\/prooptica-realiza-acao-de-rastreio-visual-no-centro-cultural-do-brejao\/"},"wordCount":228,"commentCount":0,"image":{"@id":"https:\/\/www.prooptica.pt\/prooptica-realiza-acao-de-rastreio-visual-no-centro-cultural-do-brejao\/#primaryimage"},"thumbnailUrl":"https:\/\/www.prooptica.pt\/wp-content\/uploads\/2023\/01\/Photo01-860x480-1.jpg","articleSection":["Institucional","Solidariedade"],"inLanguage":"es"},{"@type":"WebPage","@id":"https:\/\/www.prooptica.pt\/prooptica-realiza-acao-de-rastreio-visual-no-centro-cultural-do-brejao\/","url":"https:\/\/www.prooptica.pt\/prooptica-realiza-acao-de-rastreio-visual-no-centro-cultural-do-brejao\/","name":"Prooptica realiza ex\u00e1menes visuales en el Centro Cultural de Brej\u00e3o - Prooptica","isPartOf":{"@id":"https:\/\/www.prooptica.pt\/home\/#website"},"primaryImageOfPage":{"@id":"https:\/\/www.prooptica.pt\/prooptica-realiza-acao-de-rastreio-visual-no-centro-cultural-do-brejao\/#primaryimage"},"image":{"@id":"https:\/\/www.prooptica.pt\/prooptica-realiza-acao-de-rastreio-visual-no-centro-cultural-do-brejao\/#primaryimage"},"thumbnailUrl":"https:\/\/www.prooptica.pt\/wp-content\/uploads\/2023\/01\/Photo01-860x480-1.jpg","datePublished":"2022-10-30T13:22:08+00:00","dateModified":"2023-02-01T15:27:22+00:00","author":{"@id":"https:\/\/www.prooptica.pt\/home\/#\/schema\/person\/1cbd826a9322a3c38a052e43d1638306"},"breadcrumb":{"@id":"https:\/\/www.prooptica.pt\/prooptica-realiza-acao-de-rastreio-visual-no-centro-cultural-do-brejao\/#breadcrumb"},"inLanguage":"es","potentialAction":[{"@type":"ReadAction","target":["https:\/\/www.prooptica.pt\/prooptica-realiza-acao-de-rastreio-visual-no-centro-cultural-do-brejao\/"]}]},{"@type":"ImageObject","inLanguage":"es","@id":"https:\/\/www.prooptica.pt\/prooptica-realiza-acao-de-rastreio-visual-no-centro-cultural-do-brejao\/#primaryimage","url":"https:\/\/www.prooptica.pt\/wp-content\/uploads\/2023\/01\/Photo01-860x480-1.jpg","contentUrl":"https:\/\/www.prooptica.pt\/wp-content\/uploads\/2023\/01\/Photo01-860x480-1.jpg","width":860,"height":480},{"@type":"BreadcrumbList","@id":"https:\/\/www.prooptica.pt\/prooptica-realiza-acao-de-rastreio-visual-no-centro-cultural-do-brejao\/#breadcrumb","itemListElement":[{"@type":"ListItem","position":1,"name":"In\u00edcio","item":"https:\/\/www.prooptica.pt\/"},{"@type":"ListItem","position":2,"name":"Prooptica realiza a\u00e7\u00e3o de rastreio visual no Centro Cultural do Brej\u00e3o"}]},{"@type":"WebSite","@id":"https:\/\/www.prooptica.pt\/home\/#website","url":"https:\/\/www.prooptica.pt\/home\/","name":"Prooptica","description":"Concepto de gafas completas","potentialAction":[{"@type":"SearchAction","target":{"@type":"EntryPoint","urlTemplate":"https:\/\/www.prooptica.pt\/home\/?s={search_term_string}"},"query-input":{"@type":"PropertyValueSpecification","valueRequired":true,"valueName":"search_term_string"}}],"inLanguage":"es"},{"@type":"Person","@id":"https:\/\/www.prooptica.pt\/home\/#\/schema\/person\/1cbd826a9322a3c38a052e43d1638306","name":"admin","image":{"@type":"ImageObject","inLanguage":"es","@id":"https:\/\/secure.gravatar.com\/avatar\/528c714482569d81724b02603aa719344e9ad7c0b50becf07272b2086b2c1cfd?s=96&d=mm&r=g","url":"https:\/\/secure.gravatar.com\/avatar\/528c714482569d81724b02603aa719344e9ad7c0b50becf07272b2086b2c1cfd?s=96&d=mm&r=g","contentUrl":"https:\/\/secure.gravatar.com\/avatar\/528c714482569d81724b02603aa719344e9ad7c0b50becf07272b2086b2c1cfd?s=96&d=mm&r=g","caption":"admin"},"url":"https:\/\/www.prooptica.pt\/es\/author\/admin\/"}]}},"_links":{"self":[{"href":"https:\/\/www.prooptica.pt\/es\/wp-json\/wp\/v2\/posts\/15632","targetHints":{"allow":["GET"]}}],"collection":[{"href":"https:\/\/www.prooptica.pt\/es\/wp-json\/wp\/v2\/posts"}],"about":[{"href":"https:\/\/www.prooptica.pt\/es\/wp-json\/wp\/v2\/types\/post"}],"author":[{"embeddable":true,"href":"https:\/\/www.prooptica.pt\/es\/wp-json\/wp\/v2\/users\/2"}],"replies":[{"embeddable":true,"href":"https:\/\/www.prooptica.pt\/es\/wp-json\/wp\/v2\/comments?post=15632"}],"version-history":[{"count":0,"href":"https:\/\/www.prooptica.pt\/es\/wp-json\/wp\/v2\/posts\/15632\/revisions"}],"wp:featuredmedia":[{"embeddable":true,"href":"https:\/\/www.prooptica.pt\/es\/wp-json\/wp\/v2\/media\/15939"}],"wp:attachment":[{"href":"https:\/\/www.prooptica.pt\/es\/wp-json\/wp\/v2\/media?parent=15632"}],"wp:term":[{"taxonomy":"category","embeddable":true,"href":"https:\/\/www.prooptica.pt\/es\/wp-json\/wp\/v2\/categories?post=15632"},{"taxonomy":"post_tag","embeddable":true,"href":"https:\/\/www.prooptica.pt\/es\/wp-json\/wp\/v2\/tags?post=15632"}],"curies":[{"name":"wp","href":"https:\/\/api.w.org\/{rel}","templated":true}]}}