{"id":15972,"date":"2022-12-27T17:47:17","date_gmt":"2022-12-27T17:47:17","guid":{"rendered":"https:\/\/prooptica.pt\/?p=15972"},"modified":"2023-03-31T11:05:10","modified_gmt":"2023-03-31T11:05:10","slug":"periodico-de-la-marca-danell-heritage","status":"publish","type":"post","link":"https:\/\/www.prooptica.pt\/es\/danell-heritage-brand-jornal-da-marca\/","title":{"rendered":"Marca Danell Heritage - Jornal da Marca"},"content":{"rendered":"<h2 style=\"text-align: center;\"><span style=\"color: #000000;\"><strong>UNA MARCA HEREDADA<\/strong><\/span><\/h2>\r\n<p>&nbsp;<\/p>\r\n<p><img fetchpriority=\"high\" decoding=\"async\" class=\"size-medium wp-image-15973 aligncenter\" src=\"https:\/\/prooptica.pt\/wp-content\/uploads\/2023\/01\/Asset-2BU-300x202.png\" alt=\"\" width=\"300\" height=\"202\" srcset=\"https:\/\/www.prooptica.pt\/wp-content\/uploads\/2023\/01\/Asset-2BU-300x202.png 300w, https:\/\/www.prooptica.pt\/wp-content\/uploads\/2023\/01\/Asset-2BU.png 397w\" sizes=\"(max-width: 300px) 100vw, 300px\" \/><\/p>\r\n\r\n\r\n\r\n<p>Elegante por definici\u00f3n, la l\u00ednea Danell ha sido dise\u00f1ada pensando en el estilo tradicional y conservador de quienes no pueden prescindir de la autenticidad. T\u00edpicamente urbano, de aspecto juvenil, ligero y vers\u00e1til, el perfil Danell personifica al hombre de negocios contempor\u00e1neo.<\/p>\r\n<p>Reconocida por su elegancia atemporal, la marca incluye piezas cl\u00e1sicas y modernas que inspiran confianza y durabilidad.<\/p>\r\n<p>Dise\u00f1ada pensando en el hombre cl\u00e1sico y conservador, la colecci\u00f3n es aut\u00e9ntica y fiel a su propio estilo, evitando las tendencias masivas sin sacrificar la calidad y la comodidad. El dise\u00f1o cl\u00e1sico y la funcionalidad del producto garantizan comodidad y estilo, aunque no lleve logotipo.<\/p>\r\n<p style=\"text-align: center;\"><strong>ORIGEN | PERFIL DEL CONSUMIDOR | RECOGIDA | MATERIALES<\/strong><\/p>\r\n<p><a href=\"https:\/\/loja.prooptica.pt\/wp-content\/uploads\/Danell-Heritage-Brand-2022.pdf\"><img decoding=\"async\" class=\"aligncenter wp-image-15977 size-full\" src=\"https:\/\/prooptica.pt\/wp-content\/uploads\/2023\/02\/Asset-1-100.jpg\" alt=\"\" width=\"202\" height=\"63\" \/><\/a><\/p>\r\n<p>&nbsp;<\/p>\r\n<p>&nbsp;<\/p>\r\n<p>&nbsp;<\/p>\r\n<p style=\"text-align: center;\">\u00a0<\/p>","protected":false},"excerpt":{"rendered":"<p>A HERITAGE BRAND &nbsp; Elegante por defini\u00e7\u00e3o, a linha Danell foi desenhada a pensar no estilo tradicional e conservador de quem n\u00e3o prescinde de autenticidade. Tipicamente urbano, aspeto jovial, leve e vers\u00e1til, o perfil Danell personifica o homem de neg\u00f3cios contempor\u00e2neo. Reconhecida pela sua eleg\u00e2ncia intemporal, a marca inclui pe\u00e7as de cl\u00e1ssicas e modernas, que [&hellip;]<\/p>\n","protected":false},"author":3,"featured_media":15974,"comment_status":"open","ping_status":"open","sticky":false,"template":"","format":"standard","meta":{"footnotes":""},"categories":[67,189],"tags":[],"class_list":["post-15972","post","type-post","status-publish","format-standard","has-post-thumbnail","hentry","category-moda-portuguesa","category-oculos"],"yoast_head":"<!-- This site is optimized with the Yoast SEO plugin v27.4 - https:\/\/yoast.com\/product\/yoast-seo-wordpress\/ -->\n<title>Danell Heritage Brand - Jornal da Marca - Prooptica<\/title>\n<meta name=\"description\" content=\"Elegante por defini\u00e7\u00e3o, a linha Danell foi desenhada a pensar no estilo tradicional e conservador de quem n\u00e3o prescinde de autenticidade. Conhe\u00e7a a marca Danell\" \/>\n<meta name=\"robots\" content=\"index, follow, max-snippet:-1, max-image-preview:large, max-video-preview:-1\" \/>\n<link rel=\"canonical\" href=\"https:\/\/www.prooptica.pt\/es\/periodico-de-la-marca-danell-heritage\/\" \/>\n<meta property=\"og:locale\" content=\"es_ES\" \/>\n<meta property=\"og:type\" content=\"article\" \/>\n<meta property=\"og:title\" content=\"Danell Heritage Brand - Jornal da Marca - Prooptica\" \/>\n<meta property=\"og:description\" content=\"Elegante por defini\u00e7\u00e3o, a linha Danell foi desenhada a pensar no estilo tradicional e conservador de quem n\u00e3o prescinde de autenticidade. Conhe\u00e7a a marca Danell\" \/>\n<meta property=\"og:url\" content=\"https:\/\/www.prooptica.pt\/es\/periodico-de-la-marca-danell-heritage\/\" \/>\n<meta property=\"og:site_name\" content=\"Prooptica\" \/>\n<meta property=\"article:published_time\" content=\"2022-12-27T17:47:17+00:00\" \/>\n<meta property=\"article:modified_time\" content=\"2023-03-31T11:05:10+00:00\" \/>\n<meta property=\"og:image\" content=\"https:\/\/www.prooptica.pt\/wp-content\/uploads\/2023\/01\/DA-8254857-copy-scaled.jpg\" \/>\n\t<meta property=\"og:image:width\" content=\"2560\" \/>\n\t<meta property=\"og:image:height\" content=\"1707\" \/>\n\t<meta property=\"og:image:type\" content=\"image\/jpeg\" \/>\n<meta name=\"author\" content=\"Marketing Prooptica\" \/>\n<meta name=\"twitter:card\" content=\"summary_large_image\" \/>\n<meta name=\"twitter:label1\" content=\"Escrito por\" \/>\n\t<meta name=\"twitter:data1\" content=\"Marketing Prooptica\" \/>\n\t<meta name=\"twitter:label2\" content=\"Tiempo de lectura\" \/>\n\t<meta name=\"twitter:data2\" content=\"2 minutos\" \/>\n<script type=\"application\/ld+json\" class=\"yoast-schema-graph\">{\"@context\":\"https:\\\/\\\/schema.org\",\"@graph\":[{\"@type\":\"Article\",\"@id\":\"https:\\\/\\\/www.prooptica.pt\\\/danell-heritage-brand-jornal-da-marca\\\/#article\",\"isPartOf\":{\"@id\":\"https:\\\/\\\/www.prooptica.pt\\\/danell-heritage-brand-jornal-da-marca\\\/\"},\"author\":{\"name\":\"Marketing Prooptica\",\"@id\":\"https:\\\/\\\/www.prooptica.pt\\\/home\\\/#\\\/schema\\\/person\\\/c3afe955f42eef7c9c157838d5be4f29\"},\"headline\":\"Danell Heritage Brand &#8211; Jornal da Marca\",\"datePublished\":\"2022-12-27T17:47:17+00:00\",\"dateModified\":\"2023-03-31T11:05:10+00:00\",\"mainEntityOfPage\":{\"@id\":\"https:\\\/\\\/www.prooptica.pt\\\/danell-heritage-brand-jornal-da-marca\\\/\"},\"wordCount\":138,\"commentCount\":0,\"image\":{\"@id\":\"https:\\\/\\\/www.prooptica.pt\\\/danell-heritage-brand-jornal-da-marca\\\/#primaryimage\"},\"thumbnailUrl\":\"https:\\\/\\\/www.prooptica.pt\\\/wp-content\\\/uploads\\\/2023\\\/01\\\/DA-8254857-copy-scaled.jpg\",\"articleSection\":[\"Moda Portuguesa\",\"\u00d3culos\"],\"inLanguage\":\"es\"},{\"@type\":\"WebPage\",\"@id\":\"https:\\\/\\\/www.prooptica.pt\\\/danell-heritage-brand-jornal-da-marca\\\/\",\"url\":\"https:\\\/\\\/www.prooptica.pt\\\/danell-heritage-brand-jornal-da-marca\\\/\",\"name\":\"Danell Heritage Brand - Jornal da Marca - Prooptica\",\"isPartOf\":{\"@id\":\"https:\\\/\\\/www.prooptica.pt\\\/home\\\/#website\"},\"primaryImageOfPage\":{\"@id\":\"https:\\\/\\\/www.prooptica.pt\\\/danell-heritage-brand-jornal-da-marca\\\/#primaryimage\"},\"image\":{\"@id\":\"https:\\\/\\\/www.prooptica.pt\\\/danell-heritage-brand-jornal-da-marca\\\/#primaryimage\"},\"thumbnailUrl\":\"https:\\\/\\\/www.prooptica.pt\\\/wp-content\\\/uploads\\\/2023\\\/01\\\/DA-8254857-copy-scaled.jpg\",\"datePublished\":\"2022-12-27T17:47:17+00:00\",\"dateModified\":\"2023-03-31T11:05:10+00:00\",\"author\":{\"@id\":\"https:\\\/\\\/www.prooptica.pt\\\/home\\\/#\\\/schema\\\/person\\\/c3afe955f42eef7c9c157838d5be4f29\"},\"description\":\"Elegante por defini\u00e7\u00e3o, a linha Danell foi desenhada a pensar no estilo tradicional e conservador de quem n\u00e3o prescinde de autenticidade. Conhe\u00e7a a marca Danell\",\"breadcrumb\":{\"@id\":\"https:\\\/\\\/www.prooptica.pt\\\/danell-heritage-brand-jornal-da-marca\\\/#breadcrumb\"},\"inLanguage\":\"es\",\"potentialAction\":[{\"@type\":\"ReadAction\",\"target\":[\"https:\\\/\\\/www.prooptica.pt\\\/danell-heritage-brand-jornal-da-marca\\\/\"]}]},{\"@type\":\"ImageObject\",\"inLanguage\":\"es\",\"@id\":\"https:\\\/\\\/www.prooptica.pt\\\/danell-heritage-brand-jornal-da-marca\\\/#primaryimage\",\"url\":\"https:\\\/\\\/www.prooptica.pt\\\/wp-content\\\/uploads\\\/2023\\\/01\\\/DA-8254857-copy-scaled.jpg\",\"contentUrl\":\"https:\\\/\\\/www.prooptica.pt\\\/wp-content\\\/uploads\\\/2023\\\/01\\\/DA-8254857-copy-scaled.jpg\",\"width\":2560,\"height\":1707},{\"@type\":\"BreadcrumbList\",\"@id\":\"https:\\\/\\\/www.prooptica.pt\\\/danell-heritage-brand-jornal-da-marca\\\/#breadcrumb\",\"itemListElement\":[{\"@type\":\"ListItem\",\"position\":1,\"name\":\"In\u00edcio\",\"item\":\"https:\\\/\\\/www.prooptica.pt\\\/\"},{\"@type\":\"ListItem\",\"position\":2,\"name\":\"Danell Heritage Brand &#8211; Jornal da Marca\"}]},{\"@type\":\"WebSite\",\"@id\":\"https:\\\/\\\/www.prooptica.pt\\\/home\\\/#website\",\"url\":\"https:\\\/\\\/www.prooptica.pt\\\/home\\\/\",\"name\":\"Prooptica\",\"description\":\"Full Eyewear Concept\",\"potentialAction\":[{\"@type\":\"SearchAction\",\"target\":{\"@type\":\"EntryPoint\",\"urlTemplate\":\"https:\\\/\\\/www.prooptica.pt\\\/home\\\/?s={search_term_string}\"},\"query-input\":{\"@type\":\"PropertyValueSpecification\",\"valueRequired\":true,\"valueName\":\"search_term_string\"}}],\"inLanguage\":\"es\"},{\"@type\":\"Person\",\"@id\":\"https:\\\/\\\/www.prooptica.pt\\\/home\\\/#\\\/schema\\\/person\\\/c3afe955f42eef7c9c157838d5be4f29\",\"name\":\"Marketing Prooptica\",\"image\":{\"@type\":\"ImageObject\",\"inLanguage\":\"es\",\"@id\":\"https:\\\/\\\/secure.gravatar.com\\\/avatar\\\/23248622405e2ce007d39ad746d368991c744fa6fce97036e33e8d9221859ae3?s=96&d=mm&r=g\",\"url\":\"https:\\\/\\\/secure.gravatar.com\\\/avatar\\\/23248622405e2ce007d39ad746d368991c744fa6fce97036e33e8d9221859ae3?s=96&d=mm&r=g\",\"contentUrl\":\"https:\\\/\\\/secure.gravatar.com\\\/avatar\\\/23248622405e2ce007d39ad746d368991c744fa6fce97036e33e8d9221859ae3?s=96&d=mm&r=g\",\"caption\":\"Marketing Prooptica\"},\"url\":\"https:\\\/\\\/www.prooptica.pt\\\/es\\\/author\\\/marketing\\\/\"}]}<\/script>\n<!-- \/ Yoast SEO plugin. -->","yoast_head_json":{"title":"Danell Heritage Brand - Jornal da Marca - Prooptica","description":"Elegante por definici\u00f3n, la gama Danell ha sido dise\u00f1ada pensando en el estilo tradicional y conservador de quienes no pueden prescindir de la autenticidad. Conozca la marca Danell","robots":{"index":"index","follow":"follow","max-snippet":"max-snippet:-1","max-image-preview":"max-image-preview:large","max-video-preview":"max-video-preview:-1"},"canonical":"https:\/\/www.prooptica.pt\/es\/periodico-de-la-marca-danell-heritage\/","og_locale":"es_ES","og_type":"article","og_title":"Danell Heritage Brand - Jornal da Marca - Prooptica","og_description":"Elegante por defini\u00e7\u00e3o, a linha Danell foi desenhada a pensar no estilo tradicional e conservador de quem n\u00e3o prescinde de autenticidade. Conhe\u00e7a a marca Danell","og_url":"https:\/\/www.prooptica.pt\/es\/periodico-de-la-marca-danell-heritage\/","og_site_name":"Prooptica","article_published_time":"2022-12-27T17:47:17+00:00","article_modified_time":"2023-03-31T11:05:10+00:00","og_image":[{"width":2560,"height":1707,"url":"https:\/\/www.prooptica.pt\/wp-content\/uploads\/2023\/01\/DA-8254857-copy-scaled.jpg","type":"image\/jpeg"}],"author":"Marketing Prooptica","twitter_card":"summary_large_image","twitter_misc":{"Escrito por":"Marketing Prooptica","Tiempo de lectura":"2 minutos"},"schema":{"@context":"https:\/\/schema.org","@graph":[{"@type":"Article","@id":"https:\/\/www.prooptica.pt\/danell-heritage-brand-jornal-da-marca\/#article","isPartOf":{"@id":"https:\/\/www.prooptica.pt\/danell-heritage-brand-jornal-da-marca\/"},"author":{"name":"Marketing Prooptica","@id":"https:\/\/www.prooptica.pt\/home\/#\/schema\/person\/c3afe955f42eef7c9c157838d5be4f29"},"headline":"Danell Heritage Brand &#8211; Jornal da Marca","datePublished":"2022-12-27T17:47:17+00:00","dateModified":"2023-03-31T11:05:10+00:00","mainEntityOfPage":{"@id":"https:\/\/www.prooptica.pt\/danell-heritage-brand-jornal-da-marca\/"},"wordCount":138,"commentCount":0,"image":{"@id":"https:\/\/www.prooptica.pt\/danell-heritage-brand-jornal-da-marca\/#primaryimage"},"thumbnailUrl":"https:\/\/www.prooptica.pt\/wp-content\/uploads\/2023\/01\/DA-8254857-copy-scaled.jpg","articleSection":["Moda Portuguesa","\u00d3culos"],"inLanguage":"es"},{"@type":"WebPage","@id":"https:\/\/www.prooptica.pt\/danell-heritage-brand-jornal-da-marca\/","url":"https:\/\/www.prooptica.pt\/danell-heritage-brand-jornal-da-marca\/","name":"Danell Heritage Brand - Jornal da Marca - Prooptica","isPartOf":{"@id":"https:\/\/www.prooptica.pt\/home\/#website"},"primaryImageOfPage":{"@id":"https:\/\/www.prooptica.pt\/danell-heritage-brand-jornal-da-marca\/#primaryimage"},"image":{"@id":"https:\/\/www.prooptica.pt\/danell-heritage-brand-jornal-da-marca\/#primaryimage"},"thumbnailUrl":"https:\/\/www.prooptica.pt\/wp-content\/uploads\/2023\/01\/DA-8254857-copy-scaled.jpg","datePublished":"2022-12-27T17:47:17+00:00","dateModified":"2023-03-31T11:05:10+00:00","author":{"@id":"https:\/\/www.prooptica.pt\/home\/#\/schema\/person\/c3afe955f42eef7c9c157838d5be4f29"},"description":"Elegante por definici\u00f3n, la gama Danell ha sido dise\u00f1ada pensando en el estilo tradicional y conservador de quienes no pueden prescindir de la autenticidad. Conozca la marca Danell","breadcrumb":{"@id":"https:\/\/www.prooptica.pt\/danell-heritage-brand-jornal-da-marca\/#breadcrumb"},"inLanguage":"es","potentialAction":[{"@type":"ReadAction","target":["https:\/\/www.prooptica.pt\/danell-heritage-brand-jornal-da-marca\/"]}]},{"@type":"ImageObject","inLanguage":"es","@id":"https:\/\/www.prooptica.pt\/danell-heritage-brand-jornal-da-marca\/#primaryimage","url":"https:\/\/www.prooptica.pt\/wp-content\/uploads\/2023\/01\/DA-8254857-copy-scaled.jpg","contentUrl":"https:\/\/www.prooptica.pt\/wp-content\/uploads\/2023\/01\/DA-8254857-copy-scaled.jpg","width":2560,"height":1707},{"@type":"BreadcrumbList","@id":"https:\/\/www.prooptica.pt\/danell-heritage-brand-jornal-da-marca\/#breadcrumb","itemListElement":[{"@type":"ListItem","position":1,"name":"In\u00edcio","item":"https:\/\/www.prooptica.pt\/"},{"@type":"ListItem","position":2,"name":"Danell Heritage Brand &#8211; Jornal da Marca"}]},{"@type":"WebSite","@id":"https:\/\/www.prooptica.pt\/home\/#website","url":"https:\/\/www.prooptica.pt\/home\/","name":"Prooptica","description":"Concepto de gafas completas","potentialAction":[{"@type":"SearchAction","target":{"@type":"EntryPoint","urlTemplate":"https:\/\/www.prooptica.pt\/home\/?s={search_term_string}"},"query-input":{"@type":"PropertyValueSpecification","valueRequired":true,"valueName":"search_term_string"}}],"inLanguage":"es"},{"@type":"Person","@id":"https:\/\/www.prooptica.pt\/home\/#\/schema\/person\/c3afe955f42eef7c9c157838d5be4f29","name":"Comercializaci\u00f3n de Prooptica","image":{"@type":"ImageObject","inLanguage":"es","@id":"https:\/\/secure.gravatar.com\/avatar\/23248622405e2ce007d39ad746d368991c744fa6fce97036e33e8d9221859ae3?s=96&d=mm&r=g","url":"https:\/\/secure.gravatar.com\/avatar\/23248622405e2ce007d39ad746d368991c744fa6fce97036e33e8d9221859ae3?s=96&d=mm&r=g","contentUrl":"https:\/\/secure.gravatar.com\/avatar\/23248622405e2ce007d39ad746d368991c744fa6fce97036e33e8d9221859ae3?s=96&d=mm&r=g","caption":"Marketing Prooptica"},"url":"https:\/\/www.prooptica.pt\/es\/author\/marketing\/"}]}},"_links":{"self":[{"href":"https:\/\/www.prooptica.pt\/es\/wp-json\/wp\/v2\/posts\/15972","targetHints":{"allow":["GET"]}}],"collection":[{"href":"https:\/\/www.prooptica.pt\/es\/wp-json\/wp\/v2\/posts"}],"about":[{"href":"https:\/\/www.prooptica.pt\/es\/wp-json\/wp\/v2\/types\/post"}],"author":[{"embeddable":true,"href":"https:\/\/www.prooptica.pt\/es\/wp-json\/wp\/v2\/users\/3"}],"replies":[{"embeddable":true,"href":"https:\/\/www.prooptica.pt\/es\/wp-json\/wp\/v2\/comments?post=15972"}],"version-history":[{"count":0,"href":"https:\/\/www.prooptica.pt\/es\/wp-json\/wp\/v2\/posts\/15972\/revisions"}],"wp:featuredmedia":[{"embeddable":true,"href":"https:\/\/www.prooptica.pt\/es\/wp-json\/wp\/v2\/media\/15974"}],"wp:attachment":[{"href":"https:\/\/www.prooptica.pt\/es\/wp-json\/wp\/v2\/media?parent=15972"}],"wp:term":[{"taxonomy":"category","embeddable":true,"href":"https:\/\/www.prooptica.pt\/es\/wp-json\/wp\/v2\/categories?post=15972"},{"taxonomy":"post_tag","embeddable":true,"href":"https:\/\/www.prooptica.pt\/es\/wp-json\/wp\/v2\/tags?post=15972"}],"curies":[{"name":"wp","href":"https:\/\/api.w.org\/{rel}","templated":true}]}}