{"id":15982,"date":"2022-10-25T17:59:15","date_gmt":"2022-10-25T17:59:15","guid":{"rendered":"https:\/\/prooptica.pt\/?p=15982"},"modified":"2023-03-31T11:05:19","modified_gmt":"2023-03-31T11:05:19","slug":"nueva-coleccion-quebramar-2022","status":"publish","type":"post","link":"https:\/\/www.prooptica.pt\/es\/nova-colecao-quebramar-2022\/","title":{"rendered":"Nueva colecci\u00f3n Quebramar 2022"},"content":{"rendered":"<p style=\"text-align: center;\"><\/p>\r\n<h2 style=\"text-align: center;\"><span style=\"color: #000000;\"><strong><span style=\"color: #ffffff;\">&#8211;<\/span><img fetchpriority=\"high\" decoding=\"async\" class=\"aligncenter wp-image-15992\" src=\"https:\/\/prooptica.pt\/wp-content\/uploads\/2023\/02\/QUEBRAMAR-LOGO-COR-1024x194.png\" alt=\"\" width=\"600\" height=\"114\" srcset=\"https:\/\/www.prooptica.pt\/wp-content\/uploads\/2023\/02\/QUEBRAMAR-LOGO-COR-1024x194.png 1024w, https:\/\/www.prooptica.pt\/wp-content\/uploads\/2023\/02\/QUEBRAMAR-LOGO-COR-300x57.png 300w, https:\/\/www.prooptica.pt\/wp-content\/uploads\/2023\/02\/QUEBRAMAR-LOGO-COR-768x146.png 768w, https:\/\/www.prooptica.pt\/wp-content\/uploads\/2023\/02\/QUEBRAMAR-LOGO-COR-1536x291.png 1536w, https:\/\/www.prooptica.pt\/wp-content\/uploads\/2023\/02\/QUEBRAMAR-LOGO-COR-2048x388.png 2048w\" sizes=\"(max-width: 600px) 100vw, 600px\" \/><\/strong><\/span><\/h2>\r\n<p>&nbsp;<\/p>\r\n<p><span style=\"color: #ffffff;\">&#8211;<\/span><\/p>\r\n<h2 style=\"text-align: center;\"><span style=\"color: #000000;\"><strong>NUEVA COLECCI\u00d3N QUEBRAMAR<br \/><\/strong><\/span><\/h2>\r\n<h3 style=\"text-align: center;\"><span style=\"color: #000000;\">NOTICIAS FRESCAS COMO LA BRISA MARINA<\/span><\/h3>\r\n<p>&nbsp;<\/p>\r\n<p style=\"text-align: center;\">\r\n\r\n<\/p>\r\n<p>Quebramar es un <strong>marca 100% Portugu\u00e9s<\/strong>La empresa se fund\u00f3 en la ciudad de Cascais, con una clara pasi\u00f3n por la moda n\u00e1utica desde el principio. Hoy es una marca de moda l\u00edder en Portugal.<\/p>\r\n<p>La colecci\u00f3n de gafas es como una explosi\u00f3n de frescura, con intensos juegos de color y transparencias que enriquecen el dise\u00f1o relajado. Las gafas presentan un <strong>estilo deportivo y desenfadado<\/strong>inspirada en sus or\u00edgenes n\u00e1uticos. La colecci\u00f3n se desarroll\u00f3 centr\u00e1ndose en la comodidad y adapt\u00e1ndose al d\u00eda a d\u00eda de un joven activo y din\u00e1mico.<\/p>\r\n<p><strong>Hemos renovado las im\u00e1genes de la campa\u00f1a de gafas Quebramar<\/strong>. La sesi\u00f3n de fotos tuvo lugar en un velero, lo que cre\u00f3 un ambiente muy caracter\u00edstico de la marca. El fot\u00f3grafo Jo\u00e3o Portugal capt\u00f3 la energ\u00eda \u00fanica de ese d\u00eda a trav\u00e9s de dos j\u00f3venes relajados y animados.<\/p>\r\n<p><img decoding=\"async\" class=\"aligncenter wp-image-15987\" src=\"https:\/\/prooptica.pt\/wp-content\/uploads\/2023\/02\/corkboard-press-release-copy-1024x1024.jpg\" alt=\"\" width=\"700\" height=\"700\" srcset=\"https:\/\/www.prooptica.pt\/wp-content\/uploads\/2023\/02\/corkboard-press-release-copy-1024x1024.jpg 1024w, https:\/\/www.prooptica.pt\/wp-content\/uploads\/2023\/02\/corkboard-press-release-copy-300x300.jpg 300w, https:\/\/www.prooptica.pt\/wp-content\/uploads\/2023\/02\/corkboard-press-release-copy-150x150.jpg 150w, https:\/\/www.prooptica.pt\/wp-content\/uploads\/2023\/02\/corkboard-press-release-copy-768x768.jpg 768w, https:\/\/www.prooptica.pt\/wp-content\/uploads\/2023\/02\/corkboard-press-release-copy-720x720.jpg 720w, https:\/\/www.prooptica.pt\/wp-content\/uploads\/2023\/02\/corkboard-press-release-copy.jpg 1139w\" sizes=\"(max-width: 700px) 100vw, 700px\" \/><\/p>\r\n<p style=\"text-align: center;\"><strong><em>#sporty #casual #dynamic<\/em><\/strong><\/p>\r\n<p><b><\/b><\/p>","protected":false},"excerpt":{"rendered":"<p>&#8211; &nbsp; &#8211; NOVA COLE\u00c7\u00c3O QUEBRAMAR NOVIDADES FRESCAS COMO A BRISA DO MAR &nbsp; A Quebramar \u00e9 uma marca 100% Portuguesa, criada na Vila de Cascais, com uma evidente paix\u00e3o pela n\u00e1utica desde a sua origem. Atualmente \u00e9 uma marca de moda de refer\u00eancia em Portugal. A cole\u00e7\u00e3o de eyewear \u00e9 como uma explos\u00e3o de [&hellip;]<\/p>\n","protected":false},"author":3,"featured_media":15989,"comment_status":"open","ping_status":"open","sticky":false,"template":"","format":"standard","meta":{"footnotes":""},"categories":[67,189],"tags":[],"class_list":["post-15982","post","type-post","status-publish","format-standard","has-post-thumbnail","hentry","category-moda-portuguesa","category-oculos"],"yoast_head":"<!-- This site is optimized with the Yoast SEO plugin v27.4 - https:\/\/yoast.com\/product\/yoast-seo-wordpress\/ -->\n<title>Nova Cole\u00e7\u00e3o Quebramar 2022 - Prooptica<\/title>\n<meta name=\"description\" content=\"Renov\u00e1mos as imagens de campanha da Quebramar eyewear. A sess\u00e3o fotogr\u00e1fica foi realizada num veleiro, o que permitiu criar um ambiente bastante caracter\u00edstico da marca. O fotografo Jo\u00e3o Portugal captou a energia \u00fanica vivida nesse dia atrav\u00e9s de dois jovens descontra\u00eddos e animados.\" \/>\n<meta name=\"robots\" content=\"index, follow, max-snippet:-1, max-image-preview:large, max-video-preview:-1\" \/>\n<link rel=\"canonical\" href=\"https:\/\/www.prooptica.pt\/es\/nueva-coleccion-quebramar-2022\/\" \/>\n<meta property=\"og:locale\" content=\"es_ES\" \/>\n<meta property=\"og:type\" content=\"article\" \/>\n<meta property=\"og:title\" content=\"Nova Cole\u00e7\u00e3o Quebramar 2022 - Prooptica\" \/>\n<meta property=\"og:description\" content=\"Renov\u00e1mos as imagens de campanha da Quebramar eyewear. A sess\u00e3o fotogr\u00e1fica foi realizada num veleiro, o que permitiu criar um ambiente bastante caracter\u00edstico da marca. O fotografo Jo\u00e3o Portugal captou a energia \u00fanica vivida nesse dia atrav\u00e9s de dois jovens descontra\u00eddos e animados.\" \/>\n<meta property=\"og:url\" content=\"https:\/\/www.prooptica.pt\/es\/nueva-coleccion-quebramar-2022\/\" \/>\n<meta property=\"og:site_name\" content=\"Prooptica\" \/>\n<meta property=\"article:published_time\" content=\"2022-10-25T17:59:15+00:00\" \/>\n<meta property=\"article:modified_time\" content=\"2023-03-31T11:05:19+00:00\" \/>\n<meta property=\"og:image\" content=\"https:\/\/www.prooptica.pt\/wp-content\/uploads\/2023\/02\/Quebramar-foto-campanha.jpg\" \/>\n\t<meta property=\"og:image:width\" content=\"852\" \/>\n\t<meta property=\"og:image:height\" content=\"567\" \/>\n\t<meta property=\"og:image:type\" content=\"image\/jpeg\" \/>\n<meta name=\"author\" content=\"Marketing Prooptica\" \/>\n<meta name=\"twitter:card\" content=\"summary_large_image\" \/>\n<meta name=\"twitter:label1\" content=\"Escrito por\" \/>\n\t<meta name=\"twitter:data1\" content=\"Marketing Prooptica\" \/>\n\t<meta name=\"twitter:label2\" content=\"Tiempo de lectura\" \/>\n\t<meta name=\"twitter:data2\" content=\"2 minutos\" \/>\n<script type=\"application\/ld+json\" class=\"yoast-schema-graph\">{\"@context\":\"https:\\\/\\\/schema.org\",\"@graph\":[{\"@type\":\"Article\",\"@id\":\"https:\\\/\\\/www.prooptica.pt\\\/nova-colecao-quebramar-2022\\\/#article\",\"isPartOf\":{\"@id\":\"https:\\\/\\\/www.prooptica.pt\\\/nova-colecao-quebramar-2022\\\/\"},\"author\":{\"name\":\"Marketing Prooptica\",\"@id\":\"https:\\\/\\\/www.prooptica.pt\\\/home\\\/#\\\/schema\\\/person\\\/c3afe955f42eef7c9c157838d5be4f29\"},\"headline\":\"Nova Cole\u00e7\u00e3o Quebramar 2022\",\"datePublished\":\"2022-10-25T17:59:15+00:00\",\"dateModified\":\"2023-03-31T11:05:19+00:00\",\"mainEntityOfPage\":{\"@id\":\"https:\\\/\\\/www.prooptica.pt\\\/nova-colecao-quebramar-2022\\\/\"},\"wordCount\":169,\"commentCount\":0,\"image\":{\"@id\":\"https:\\\/\\\/www.prooptica.pt\\\/nova-colecao-quebramar-2022\\\/#primaryimage\"},\"thumbnailUrl\":\"https:\\\/\\\/www.prooptica.pt\\\/wp-content\\\/uploads\\\/2023\\\/02\\\/Quebramar-foto-campanha.jpg\",\"articleSection\":[\"Moda Portuguesa\",\"\u00d3culos\"],\"inLanguage\":\"es\"},{\"@type\":\"WebPage\",\"@id\":\"https:\\\/\\\/www.prooptica.pt\\\/nova-colecao-quebramar-2022\\\/\",\"url\":\"https:\\\/\\\/www.prooptica.pt\\\/nova-colecao-quebramar-2022\\\/\",\"name\":\"Nova Cole\u00e7\u00e3o Quebramar 2022 - Prooptica\",\"isPartOf\":{\"@id\":\"https:\\\/\\\/www.prooptica.pt\\\/home\\\/#website\"},\"primaryImageOfPage\":{\"@id\":\"https:\\\/\\\/www.prooptica.pt\\\/nova-colecao-quebramar-2022\\\/#primaryimage\"},\"image\":{\"@id\":\"https:\\\/\\\/www.prooptica.pt\\\/nova-colecao-quebramar-2022\\\/#primaryimage\"},\"thumbnailUrl\":\"https:\\\/\\\/www.prooptica.pt\\\/wp-content\\\/uploads\\\/2023\\\/02\\\/Quebramar-foto-campanha.jpg\",\"datePublished\":\"2022-10-25T17:59:15+00:00\",\"dateModified\":\"2023-03-31T11:05:19+00:00\",\"author\":{\"@id\":\"https:\\\/\\\/www.prooptica.pt\\\/home\\\/#\\\/schema\\\/person\\\/c3afe955f42eef7c9c157838d5be4f29\"},\"description\":\"Renov\u00e1mos as imagens de campanha da Quebramar eyewear. A sess\u00e3o fotogr\u00e1fica foi realizada num veleiro, o que permitiu criar um ambiente bastante caracter\u00edstico da marca. O fotografo Jo\u00e3o Portugal captou a energia \u00fanica vivida nesse dia atrav\u00e9s de dois jovens descontra\u00eddos e animados.\",\"breadcrumb\":{\"@id\":\"https:\\\/\\\/www.prooptica.pt\\\/nova-colecao-quebramar-2022\\\/#breadcrumb\"},\"inLanguage\":\"es\",\"potentialAction\":[{\"@type\":\"ReadAction\",\"target\":[\"https:\\\/\\\/www.prooptica.pt\\\/nova-colecao-quebramar-2022\\\/\"]}]},{\"@type\":\"ImageObject\",\"inLanguage\":\"es\",\"@id\":\"https:\\\/\\\/www.prooptica.pt\\\/nova-colecao-quebramar-2022\\\/#primaryimage\",\"url\":\"https:\\\/\\\/www.prooptica.pt\\\/wp-content\\\/uploads\\\/2023\\\/02\\\/Quebramar-foto-campanha.jpg\",\"contentUrl\":\"https:\\\/\\\/www.prooptica.pt\\\/wp-content\\\/uploads\\\/2023\\\/02\\\/Quebramar-foto-campanha.jpg\",\"width\":852,\"height\":567},{\"@type\":\"BreadcrumbList\",\"@id\":\"https:\\\/\\\/www.prooptica.pt\\\/nova-colecao-quebramar-2022\\\/#breadcrumb\",\"itemListElement\":[{\"@type\":\"ListItem\",\"position\":1,\"name\":\"In\u00edcio\",\"item\":\"https:\\\/\\\/www.prooptica.pt\\\/\"},{\"@type\":\"ListItem\",\"position\":2,\"name\":\"Nova Cole\u00e7\u00e3o Quebramar 2022\"}]},{\"@type\":\"WebSite\",\"@id\":\"https:\\\/\\\/www.prooptica.pt\\\/home\\\/#website\",\"url\":\"https:\\\/\\\/www.prooptica.pt\\\/home\\\/\",\"name\":\"Prooptica\",\"description\":\"Full Eyewear Concept\",\"potentialAction\":[{\"@type\":\"SearchAction\",\"target\":{\"@type\":\"EntryPoint\",\"urlTemplate\":\"https:\\\/\\\/www.prooptica.pt\\\/home\\\/?s={search_term_string}\"},\"query-input\":{\"@type\":\"PropertyValueSpecification\",\"valueRequired\":true,\"valueName\":\"search_term_string\"}}],\"inLanguage\":\"es\"},{\"@type\":\"Person\",\"@id\":\"https:\\\/\\\/www.prooptica.pt\\\/home\\\/#\\\/schema\\\/person\\\/c3afe955f42eef7c9c157838d5be4f29\",\"name\":\"Marketing Prooptica\",\"image\":{\"@type\":\"ImageObject\",\"inLanguage\":\"es\",\"@id\":\"https:\\\/\\\/secure.gravatar.com\\\/avatar\\\/23248622405e2ce007d39ad746d368991c744fa6fce97036e33e8d9221859ae3?s=96&d=mm&r=g\",\"url\":\"https:\\\/\\\/secure.gravatar.com\\\/avatar\\\/23248622405e2ce007d39ad746d368991c744fa6fce97036e33e8d9221859ae3?s=96&d=mm&r=g\",\"contentUrl\":\"https:\\\/\\\/secure.gravatar.com\\\/avatar\\\/23248622405e2ce007d39ad746d368991c744fa6fce97036e33e8d9221859ae3?s=96&d=mm&r=g\",\"caption\":\"Marketing Prooptica\"},\"url\":\"https:\\\/\\\/www.prooptica.pt\\\/es\\\/author\\\/marketing\\\/\"}]}<\/script>\n<!-- \/ Yoast SEO plugin. -->","yoast_head_json":{"title":"Nueva colecci\u00f3n Quebramar 2022 - Prooptica","description":"Hemos renovado las im\u00e1genes de la campa\u00f1a para las gafas Quebramar. La sesi\u00f3n de fotos tuvo lugar en un velero, lo que nos permiti\u00f3 crear una atm\u00f3sfera muy caracter\u00edstica de la marca. El fot\u00f3grafo Jo\u00e3o Portugal capt\u00f3 la energ\u00eda \u00fanica de ese d\u00eda a trav\u00e9s de dos j\u00f3venes relajados y animados.","robots":{"index":"index","follow":"follow","max-snippet":"max-snippet:-1","max-image-preview":"max-image-preview:large","max-video-preview":"max-video-preview:-1"},"canonical":"https:\/\/www.prooptica.pt\/es\/nueva-coleccion-quebramar-2022\/","og_locale":"es_ES","og_type":"article","og_title":"Nova Cole\u00e7\u00e3o Quebramar 2022 - Prooptica","og_description":"Renov\u00e1mos as imagens de campanha da Quebramar eyewear. A sess\u00e3o fotogr\u00e1fica foi realizada num veleiro, o que permitiu criar um ambiente bastante caracter\u00edstico da marca. O fotografo Jo\u00e3o Portugal captou a energia \u00fanica vivida nesse dia atrav\u00e9s de dois jovens descontra\u00eddos e animados.","og_url":"https:\/\/www.prooptica.pt\/es\/nueva-coleccion-quebramar-2022\/","og_site_name":"Prooptica","article_published_time":"2022-10-25T17:59:15+00:00","article_modified_time":"2023-03-31T11:05:19+00:00","og_image":[{"width":852,"height":567,"url":"https:\/\/www.prooptica.pt\/wp-content\/uploads\/2023\/02\/Quebramar-foto-campanha.jpg","type":"image\/jpeg"}],"author":"Marketing Prooptica","twitter_card":"summary_large_image","twitter_misc":{"Escrito por":"Marketing Prooptica","Tiempo de lectura":"2 minutos"},"schema":{"@context":"https:\/\/schema.org","@graph":[{"@type":"Article","@id":"https:\/\/www.prooptica.pt\/nova-colecao-quebramar-2022\/#article","isPartOf":{"@id":"https:\/\/www.prooptica.pt\/nova-colecao-quebramar-2022\/"},"author":{"name":"Marketing Prooptica","@id":"https:\/\/www.prooptica.pt\/home\/#\/schema\/person\/c3afe955f42eef7c9c157838d5be4f29"},"headline":"Nova Cole\u00e7\u00e3o Quebramar 2022","datePublished":"2022-10-25T17:59:15+00:00","dateModified":"2023-03-31T11:05:19+00:00","mainEntityOfPage":{"@id":"https:\/\/www.prooptica.pt\/nova-colecao-quebramar-2022\/"},"wordCount":169,"commentCount":0,"image":{"@id":"https:\/\/www.prooptica.pt\/nova-colecao-quebramar-2022\/#primaryimage"},"thumbnailUrl":"https:\/\/www.prooptica.pt\/wp-content\/uploads\/2023\/02\/Quebramar-foto-campanha.jpg","articleSection":["Moda Portuguesa","\u00d3culos"],"inLanguage":"es"},{"@type":"WebPage","@id":"https:\/\/www.prooptica.pt\/nova-colecao-quebramar-2022\/","url":"https:\/\/www.prooptica.pt\/nova-colecao-quebramar-2022\/","name":"Nueva colecci\u00f3n Quebramar 2022 - Prooptica","isPartOf":{"@id":"https:\/\/www.prooptica.pt\/home\/#website"},"primaryImageOfPage":{"@id":"https:\/\/www.prooptica.pt\/nova-colecao-quebramar-2022\/#primaryimage"},"image":{"@id":"https:\/\/www.prooptica.pt\/nova-colecao-quebramar-2022\/#primaryimage"},"thumbnailUrl":"https:\/\/www.prooptica.pt\/wp-content\/uploads\/2023\/02\/Quebramar-foto-campanha.jpg","datePublished":"2022-10-25T17:59:15+00:00","dateModified":"2023-03-31T11:05:19+00:00","author":{"@id":"https:\/\/www.prooptica.pt\/home\/#\/schema\/person\/c3afe955f42eef7c9c157838d5be4f29"},"description":"Hemos renovado las im\u00e1genes de la campa\u00f1a para las gafas Quebramar. La sesi\u00f3n de fotos tuvo lugar en un velero, lo que nos permiti\u00f3 crear una atm\u00f3sfera muy caracter\u00edstica de la marca. El fot\u00f3grafo Jo\u00e3o Portugal capt\u00f3 la energ\u00eda \u00fanica de ese d\u00eda a trav\u00e9s de dos j\u00f3venes relajados y animados.","breadcrumb":{"@id":"https:\/\/www.prooptica.pt\/nova-colecao-quebramar-2022\/#breadcrumb"},"inLanguage":"es","potentialAction":[{"@type":"ReadAction","target":["https:\/\/www.prooptica.pt\/nova-colecao-quebramar-2022\/"]}]},{"@type":"ImageObject","inLanguage":"es","@id":"https:\/\/www.prooptica.pt\/nova-colecao-quebramar-2022\/#primaryimage","url":"https:\/\/www.prooptica.pt\/wp-content\/uploads\/2023\/02\/Quebramar-foto-campanha.jpg","contentUrl":"https:\/\/www.prooptica.pt\/wp-content\/uploads\/2023\/02\/Quebramar-foto-campanha.jpg","width":852,"height":567},{"@type":"BreadcrumbList","@id":"https:\/\/www.prooptica.pt\/nova-colecao-quebramar-2022\/#breadcrumb","itemListElement":[{"@type":"ListItem","position":1,"name":"In\u00edcio","item":"https:\/\/www.prooptica.pt\/"},{"@type":"ListItem","position":2,"name":"Nova Cole\u00e7\u00e3o Quebramar 2022"}]},{"@type":"WebSite","@id":"https:\/\/www.prooptica.pt\/home\/#website","url":"https:\/\/www.prooptica.pt\/home\/","name":"Prooptica","description":"Concepto de gafas completas","potentialAction":[{"@type":"SearchAction","target":{"@type":"EntryPoint","urlTemplate":"https:\/\/www.prooptica.pt\/home\/?s={search_term_string}"},"query-input":{"@type":"PropertyValueSpecification","valueRequired":true,"valueName":"search_term_string"}}],"inLanguage":"es"},{"@type":"Person","@id":"https:\/\/www.prooptica.pt\/home\/#\/schema\/person\/c3afe955f42eef7c9c157838d5be4f29","name":"Comercializaci\u00f3n de Prooptica","image":{"@type":"ImageObject","inLanguage":"es","@id":"https:\/\/secure.gravatar.com\/avatar\/23248622405e2ce007d39ad746d368991c744fa6fce97036e33e8d9221859ae3?s=96&d=mm&r=g","url":"https:\/\/secure.gravatar.com\/avatar\/23248622405e2ce007d39ad746d368991c744fa6fce97036e33e8d9221859ae3?s=96&d=mm&r=g","contentUrl":"https:\/\/secure.gravatar.com\/avatar\/23248622405e2ce007d39ad746d368991c744fa6fce97036e33e8d9221859ae3?s=96&d=mm&r=g","caption":"Marketing Prooptica"},"url":"https:\/\/www.prooptica.pt\/es\/author\/marketing\/"}]}},"_links":{"self":[{"href":"https:\/\/www.prooptica.pt\/es\/wp-json\/wp\/v2\/posts\/15982","targetHints":{"allow":["GET"]}}],"collection":[{"href":"https:\/\/www.prooptica.pt\/es\/wp-json\/wp\/v2\/posts"}],"about":[{"href":"https:\/\/www.prooptica.pt\/es\/wp-json\/wp\/v2\/types\/post"}],"author":[{"embeddable":true,"href":"https:\/\/www.prooptica.pt\/es\/wp-json\/wp\/v2\/users\/3"}],"replies":[{"embeddable":true,"href":"https:\/\/www.prooptica.pt\/es\/wp-json\/wp\/v2\/comments?post=15982"}],"version-history":[{"count":0,"href":"https:\/\/www.prooptica.pt\/es\/wp-json\/wp\/v2\/posts\/15982\/revisions"}],"wp:featuredmedia":[{"embeddable":true,"href":"https:\/\/www.prooptica.pt\/es\/wp-json\/wp\/v2\/media\/15989"}],"wp:attachment":[{"href":"https:\/\/www.prooptica.pt\/es\/wp-json\/wp\/v2\/media?parent=15982"}],"wp:term":[{"taxonomy":"category","embeddable":true,"href":"https:\/\/www.prooptica.pt\/es\/wp-json\/wp\/v2\/categories?post=15982"},{"taxonomy":"post_tag","embeddable":true,"href":"https:\/\/www.prooptica.pt\/es\/wp-json\/wp\/v2\/tags?post=15982"}],"curies":[{"name":"wp","href":"https:\/\/api.w.org\/{rel}","templated":true}]}}