{"id":16010,"date":"2023-01-26T10:09:19","date_gmt":"2023-01-26T10:09:19","guid":{"rendered":"https:\/\/prooptica.pt\/?p=16010"},"modified":"2023-02-01T10:24:42","modified_gmt":"2023-02-01T10:24:42","slug":"prooptica-reconocida-entre-las-mejores-pymes-en-2022","status":"publish","type":"post","link":"https:\/\/www.prooptica.pt\/es\/prooptica-reconhecida-entre-as-melhores-pmes-em-2022\/","title":{"rendered":"Prooptica, reconocida entre las mejores PYME de 2022"},"content":{"rendered":"<p>Prooptica fue reconocida con el estatus de PME L\u00edder en 2022 por duod\u00e9cima vez.<\/p>\r\n<p>El estatuto PME L\u00edder es un sello de reputaci\u00f3n creado por el Instituto de Apoyo a las Peque\u00f1as y Medianas Empresas y a la Innovaci\u00f3n (IAPMEI) para reconocer el m\u00e9rito de las PYME nacionales con un rendimiento superior. Se concede en el marco del Programa FINCRESCE, en colaboraci\u00f3n con Turismo de Portugal y un grupo de Bancos Asociados, sobre la base de las mejores calificaciones e indicadores econ\u00f3mico-financieros y de gesti\u00f3n.<\/p>\r\n<p>Prooptica lleva 30 a\u00f1os en el mercado y la concesi\u00f3n de esta certificaci\u00f3n reconoce una vez m\u00e1s nuestro trabajo y dedicaci\u00f3n a lo largo de los a\u00f1os. Hemos logrado un crecimiento estrat\u00e9gico sostenido, basado en la calidad y diferenciaci\u00f3n de nuestros servicios, as\u00ed como en nuestra capacidad para adaptarnos a las necesidades y retos del mercado.<\/p>\r\n<p>Todo ello es posible gracias a un equipo altamente motivado e implicado y a la confianza que nuestros clientes depositan en nosotros a\u00f1o tras a\u00f1o. Es un orgullo y tambi\u00e9n una responsabilidad seguir mejorando, construyendo siempre relaciones de respeto, confianza y proximidad con nuestros clientes y socios.<\/p>\r\n<p>&nbsp;<\/p>\r\n<p>&nbsp;<\/p>\r\n<p>&nbsp;<\/p>\r\n<p>&nbsp;<\/p>\r\n<p style=\"text-align: center;\">\u00a0<\/p>","protected":false},"excerpt":{"rendered":"<p>A Prooptica foi reconhecida com o estatuto PME L\u00edder em 2022, pela d\u00e9cima segunda vez. O estatuto PME L\u00edder \u00e9 um selo de reputa\u00e7\u00e3o criado pelo Instituto de Apoio \u00e0s Pequenas e M\u00e9dias Empresas e \u00e0 Inova\u00e7\u00e3o (IAPMEI) para distinguir o m\u00e9rito das PME nacionais com desempenhos superiores. \u00c9 atribu\u00eddo no \u00e2mbito do Programa FINCRESCE, [&hellip;]<\/p>\n","protected":false},"author":3,"featured_media":16011,"comment_status":"open","ping_status":"open","sticky":false,"template":"","format":"standard","meta":{"footnotes":""},"categories":[195],"tags":[],"class_list":["post-16010","post","type-post","status-publish","format-standard","has-post-thumbnail","hentry","category-institucional"],"yoast_head":"<!-- This site is optimized with the Yoast SEO plugin v27.4 - https:\/\/yoast.com\/product\/yoast-seo-wordpress\/ -->\n<title>Prooptica reconhecida entre as melhores PME&#039;s em 2022 - Prooptica<\/title>\n<meta name=\"description\" content=\"A Prooptica foi reconhecida com o estatuto PME L\u00edder em 2022, pela d\u00e9cima segunda vez. J\u00e1 s\u00e3o 30 anos de hist\u00f3ria da Prooptica e a atribui\u00e7\u00e3o desta certifica\u00e7\u00e3o representa, mais uma vez, o reconhecimento do nosso esfor\u00e7o e dedica\u00e7\u00e3o ao longo destes anos.\" \/>\n<meta name=\"robots\" content=\"index, follow, max-snippet:-1, max-image-preview:large, max-video-preview:-1\" \/>\n<link rel=\"canonical\" href=\"https:\/\/www.prooptica.pt\/es\/prooptica-reconocida-entre-las-mejores-pymes-en-2022\/\" \/>\n<meta property=\"og:locale\" content=\"es_ES\" \/>\n<meta property=\"og:type\" content=\"article\" \/>\n<meta property=\"og:title\" content=\"Prooptica reconhecida entre as melhores PME&#039;s em 2022 - Prooptica\" \/>\n<meta property=\"og:description\" content=\"A Prooptica foi reconhecida com o estatuto PME L\u00edder em 2022, pela d\u00e9cima segunda vez. J\u00e1 s\u00e3o 30 anos de hist\u00f3ria da Prooptica e a atribui\u00e7\u00e3o desta certifica\u00e7\u00e3o representa, mais uma vez, o reconhecimento do nosso esfor\u00e7o e dedica\u00e7\u00e3o ao longo destes anos.\" \/>\n<meta property=\"og:url\" content=\"https:\/\/www.prooptica.pt\/es\/prooptica-reconocida-entre-las-mejores-pymes-en-2022\/\" \/>\n<meta property=\"og:site_name\" content=\"Prooptica\" \/>\n<meta property=\"article:published_time\" content=\"2023-01-26T10:09:19+00:00\" \/>\n<meta property=\"article:modified_time\" content=\"2023-02-01T10:24:42+00:00\" \/>\n<meta property=\"og:image\" content=\"https:\/\/www.prooptica.pt\/wp-content\/uploads\/2023\/02\/PME-Stamp-scaled.jpg\" \/>\n\t<meta property=\"og:image:width\" content=\"2560\" \/>\n\t<meta property=\"og:image:height\" content=\"1706\" \/>\n\t<meta property=\"og:image:type\" content=\"image\/jpeg\" \/>\n<meta name=\"author\" content=\"Marketing Prooptica\" \/>\n<meta name=\"twitter:card\" content=\"summary_large_image\" \/>\n<meta name=\"twitter:label1\" content=\"Escrito por\" \/>\n\t<meta name=\"twitter:data1\" content=\"Marketing Prooptica\" \/>\n\t<meta name=\"twitter:label2\" content=\"Tiempo de lectura\" \/>\n\t<meta name=\"twitter:data2\" content=\"2 minutos\" \/>\n<script type=\"application\/ld+json\" class=\"yoast-schema-graph\">{\"@context\":\"https:\\\/\\\/schema.org\",\"@graph\":[{\"@type\":\"Article\",\"@id\":\"https:\\\/\\\/www.prooptica.pt\\\/prooptica-reconhecida-entre-as-melhores-pmes-em-2022\\\/#article\",\"isPartOf\":{\"@id\":\"https:\\\/\\\/www.prooptica.pt\\\/prooptica-reconhecida-entre-as-melhores-pmes-em-2022\\\/\"},\"author\":{\"name\":\"Marketing Prooptica\",\"@id\":\"https:\\\/\\\/www.prooptica.pt\\\/home\\\/#\\\/schema\\\/person\\\/c3afe955f42eef7c9c157838d5be4f29\"},\"headline\":\"Prooptica reconhecida entre as melhores PME&#8217;s em 2022\",\"datePublished\":\"2023-01-26T10:09:19+00:00\",\"dateModified\":\"2023-02-01T10:24:42+00:00\",\"mainEntityOfPage\":{\"@id\":\"https:\\\/\\\/www.prooptica.pt\\\/prooptica-reconhecida-entre-as-melhores-pmes-em-2022\\\/\"},\"wordCount\":229,\"commentCount\":0,\"image\":{\"@id\":\"https:\\\/\\\/www.prooptica.pt\\\/prooptica-reconhecida-entre-as-melhores-pmes-em-2022\\\/#primaryimage\"},\"thumbnailUrl\":\"https:\\\/\\\/www.prooptica.pt\\\/wp-content\\\/uploads\\\/2023\\\/02\\\/PME-Stamp-scaled.jpg\",\"articleSection\":[\"Institucional\"],\"inLanguage\":\"es\"},{\"@type\":\"WebPage\",\"@id\":\"https:\\\/\\\/www.prooptica.pt\\\/prooptica-reconhecida-entre-as-melhores-pmes-em-2022\\\/\",\"url\":\"https:\\\/\\\/www.prooptica.pt\\\/prooptica-reconhecida-entre-as-melhores-pmes-em-2022\\\/\",\"name\":\"Prooptica reconhecida entre as melhores PME's em 2022 - Prooptica\",\"isPartOf\":{\"@id\":\"https:\\\/\\\/www.prooptica.pt\\\/home\\\/#website\"},\"primaryImageOfPage\":{\"@id\":\"https:\\\/\\\/www.prooptica.pt\\\/prooptica-reconhecida-entre-as-melhores-pmes-em-2022\\\/#primaryimage\"},\"image\":{\"@id\":\"https:\\\/\\\/www.prooptica.pt\\\/prooptica-reconhecida-entre-as-melhores-pmes-em-2022\\\/#primaryimage\"},\"thumbnailUrl\":\"https:\\\/\\\/www.prooptica.pt\\\/wp-content\\\/uploads\\\/2023\\\/02\\\/PME-Stamp-scaled.jpg\",\"datePublished\":\"2023-01-26T10:09:19+00:00\",\"dateModified\":\"2023-02-01T10:24:42+00:00\",\"author\":{\"@id\":\"https:\\\/\\\/www.prooptica.pt\\\/home\\\/#\\\/schema\\\/person\\\/c3afe955f42eef7c9c157838d5be4f29\"},\"description\":\"A Prooptica foi reconhecida com o estatuto PME L\u00edder em 2022, pela d\u00e9cima segunda vez. J\u00e1 s\u00e3o 30 anos de hist\u00f3ria da Prooptica e a atribui\u00e7\u00e3o desta certifica\u00e7\u00e3o representa, mais uma vez, o reconhecimento do nosso esfor\u00e7o e dedica\u00e7\u00e3o ao longo destes anos.\",\"breadcrumb\":{\"@id\":\"https:\\\/\\\/www.prooptica.pt\\\/prooptica-reconhecida-entre-as-melhores-pmes-em-2022\\\/#breadcrumb\"},\"inLanguage\":\"es\",\"potentialAction\":[{\"@type\":\"ReadAction\",\"target\":[\"https:\\\/\\\/www.prooptica.pt\\\/prooptica-reconhecida-entre-as-melhores-pmes-em-2022\\\/\"]}]},{\"@type\":\"ImageObject\",\"inLanguage\":\"es\",\"@id\":\"https:\\\/\\\/www.prooptica.pt\\\/prooptica-reconhecida-entre-as-melhores-pmes-em-2022\\\/#primaryimage\",\"url\":\"https:\\\/\\\/www.prooptica.pt\\\/wp-content\\\/uploads\\\/2023\\\/02\\\/PME-Stamp-scaled.jpg\",\"contentUrl\":\"https:\\\/\\\/www.prooptica.pt\\\/wp-content\\\/uploads\\\/2023\\\/02\\\/PME-Stamp-scaled.jpg\",\"width\":2560,\"height\":1706},{\"@type\":\"BreadcrumbList\",\"@id\":\"https:\\\/\\\/www.prooptica.pt\\\/prooptica-reconhecida-entre-as-melhores-pmes-em-2022\\\/#breadcrumb\",\"itemListElement\":[{\"@type\":\"ListItem\",\"position\":1,\"name\":\"In\u00edcio\",\"item\":\"https:\\\/\\\/www.prooptica.pt\\\/\"},{\"@type\":\"ListItem\",\"position\":2,\"name\":\"Prooptica reconhecida entre as melhores PME&#8217;s em 2022\"}]},{\"@type\":\"WebSite\",\"@id\":\"https:\\\/\\\/www.prooptica.pt\\\/home\\\/#website\",\"url\":\"https:\\\/\\\/www.prooptica.pt\\\/home\\\/\",\"name\":\"Prooptica\",\"description\":\"Full Eyewear Concept\",\"potentialAction\":[{\"@type\":\"SearchAction\",\"target\":{\"@type\":\"EntryPoint\",\"urlTemplate\":\"https:\\\/\\\/www.prooptica.pt\\\/home\\\/?s={search_term_string}\"},\"query-input\":{\"@type\":\"PropertyValueSpecification\",\"valueRequired\":true,\"valueName\":\"search_term_string\"}}],\"inLanguage\":\"es\"},{\"@type\":\"Person\",\"@id\":\"https:\\\/\\\/www.prooptica.pt\\\/home\\\/#\\\/schema\\\/person\\\/c3afe955f42eef7c9c157838d5be4f29\",\"name\":\"Marketing Prooptica\",\"image\":{\"@type\":\"ImageObject\",\"inLanguage\":\"es\",\"@id\":\"https:\\\/\\\/secure.gravatar.com\\\/avatar\\\/23248622405e2ce007d39ad746d368991c744fa6fce97036e33e8d9221859ae3?s=96&d=mm&r=g\",\"url\":\"https:\\\/\\\/secure.gravatar.com\\\/avatar\\\/23248622405e2ce007d39ad746d368991c744fa6fce97036e33e8d9221859ae3?s=96&d=mm&r=g\",\"contentUrl\":\"https:\\\/\\\/secure.gravatar.com\\\/avatar\\\/23248622405e2ce007d39ad746d368991c744fa6fce97036e33e8d9221859ae3?s=96&d=mm&r=g\",\"caption\":\"Marketing Prooptica\"},\"url\":\"https:\\\/\\\/www.prooptica.pt\\\/es\\\/author\\\/marketing\\\/\"}]}<\/script>\n<!-- \/ Yoast SEO plugin. -->","yoast_head_json":{"title":"Prooptica reconocida entre las mejores PYME de 2022 - Prooptica","description":"Prooptica ha sido reconocida con el estatus PME L\u00edder para 2022, por duod\u00e9cima vez. Prooptica lleva 30 a\u00f1os en el mercado y la concesi\u00f3n de esta certificaci\u00f3n reconoce una vez m\u00e1s nuestros esfuerzos y dedicaci\u00f3n a lo largo de los a\u00f1os.","robots":{"index":"index","follow":"follow","max-snippet":"max-snippet:-1","max-image-preview":"max-image-preview:large","max-video-preview":"max-video-preview:-1"},"canonical":"https:\/\/www.prooptica.pt\/es\/prooptica-reconocida-entre-las-mejores-pymes-en-2022\/","og_locale":"es_ES","og_type":"article","og_title":"Prooptica reconhecida entre as melhores PME's em 2022 - Prooptica","og_description":"A Prooptica foi reconhecida com o estatuto PME L\u00edder em 2022, pela d\u00e9cima segunda vez. J\u00e1 s\u00e3o 30 anos de hist\u00f3ria da Prooptica e a atribui\u00e7\u00e3o desta certifica\u00e7\u00e3o representa, mais uma vez, o reconhecimento do nosso esfor\u00e7o e dedica\u00e7\u00e3o ao longo destes anos.","og_url":"https:\/\/www.prooptica.pt\/es\/prooptica-reconocida-entre-las-mejores-pymes-en-2022\/","og_site_name":"Prooptica","article_published_time":"2023-01-26T10:09:19+00:00","article_modified_time":"2023-02-01T10:24:42+00:00","og_image":[{"width":2560,"height":1706,"url":"https:\/\/www.prooptica.pt\/wp-content\/uploads\/2023\/02\/PME-Stamp-scaled.jpg","type":"image\/jpeg"}],"author":"Marketing Prooptica","twitter_card":"summary_large_image","twitter_misc":{"Escrito por":"Marketing Prooptica","Tiempo de lectura":"2 minutos"},"schema":{"@context":"https:\/\/schema.org","@graph":[{"@type":"Article","@id":"https:\/\/www.prooptica.pt\/prooptica-reconhecida-entre-as-melhores-pmes-em-2022\/#article","isPartOf":{"@id":"https:\/\/www.prooptica.pt\/prooptica-reconhecida-entre-as-melhores-pmes-em-2022\/"},"author":{"name":"Marketing Prooptica","@id":"https:\/\/www.prooptica.pt\/home\/#\/schema\/person\/c3afe955f42eef7c9c157838d5be4f29"},"headline":"Prooptica reconhecida entre as melhores PME&#8217;s em 2022","datePublished":"2023-01-26T10:09:19+00:00","dateModified":"2023-02-01T10:24:42+00:00","mainEntityOfPage":{"@id":"https:\/\/www.prooptica.pt\/prooptica-reconhecida-entre-as-melhores-pmes-em-2022\/"},"wordCount":229,"commentCount":0,"image":{"@id":"https:\/\/www.prooptica.pt\/prooptica-reconhecida-entre-as-melhores-pmes-em-2022\/#primaryimage"},"thumbnailUrl":"https:\/\/www.prooptica.pt\/wp-content\/uploads\/2023\/02\/PME-Stamp-scaled.jpg","articleSection":["Institucional"],"inLanguage":"es"},{"@type":"WebPage","@id":"https:\/\/www.prooptica.pt\/prooptica-reconhecida-entre-as-melhores-pmes-em-2022\/","url":"https:\/\/www.prooptica.pt\/prooptica-reconhecida-entre-as-melhores-pmes-em-2022\/","name":"Prooptica reconocida entre las mejores PYME de 2022 - Prooptica","isPartOf":{"@id":"https:\/\/www.prooptica.pt\/home\/#website"},"primaryImageOfPage":{"@id":"https:\/\/www.prooptica.pt\/prooptica-reconhecida-entre-as-melhores-pmes-em-2022\/#primaryimage"},"image":{"@id":"https:\/\/www.prooptica.pt\/prooptica-reconhecida-entre-as-melhores-pmes-em-2022\/#primaryimage"},"thumbnailUrl":"https:\/\/www.prooptica.pt\/wp-content\/uploads\/2023\/02\/PME-Stamp-scaled.jpg","datePublished":"2023-01-26T10:09:19+00:00","dateModified":"2023-02-01T10:24:42+00:00","author":{"@id":"https:\/\/www.prooptica.pt\/home\/#\/schema\/person\/c3afe955f42eef7c9c157838d5be4f29"},"description":"Prooptica ha sido reconocida con el estatus PME L\u00edder para 2022, por duod\u00e9cima vez. Prooptica lleva 30 a\u00f1os en el mercado y la concesi\u00f3n de esta certificaci\u00f3n reconoce una vez m\u00e1s nuestros esfuerzos y dedicaci\u00f3n a lo largo de los a\u00f1os.","breadcrumb":{"@id":"https:\/\/www.prooptica.pt\/prooptica-reconhecida-entre-as-melhores-pmes-em-2022\/#breadcrumb"},"inLanguage":"es","potentialAction":[{"@type":"ReadAction","target":["https:\/\/www.prooptica.pt\/prooptica-reconhecida-entre-as-melhores-pmes-em-2022\/"]}]},{"@type":"ImageObject","inLanguage":"es","@id":"https:\/\/www.prooptica.pt\/prooptica-reconhecida-entre-as-melhores-pmes-em-2022\/#primaryimage","url":"https:\/\/www.prooptica.pt\/wp-content\/uploads\/2023\/02\/PME-Stamp-scaled.jpg","contentUrl":"https:\/\/www.prooptica.pt\/wp-content\/uploads\/2023\/02\/PME-Stamp-scaled.jpg","width":2560,"height":1706},{"@type":"BreadcrumbList","@id":"https:\/\/www.prooptica.pt\/prooptica-reconhecida-entre-as-melhores-pmes-em-2022\/#breadcrumb","itemListElement":[{"@type":"ListItem","position":1,"name":"In\u00edcio","item":"https:\/\/www.prooptica.pt\/"},{"@type":"ListItem","position":2,"name":"Prooptica reconhecida entre as melhores PME&#8217;s em 2022"}]},{"@type":"WebSite","@id":"https:\/\/www.prooptica.pt\/home\/#website","url":"https:\/\/www.prooptica.pt\/home\/","name":"Prooptica","description":"Concepto de gafas completas","potentialAction":[{"@type":"SearchAction","target":{"@type":"EntryPoint","urlTemplate":"https:\/\/www.prooptica.pt\/home\/?s={search_term_string}"},"query-input":{"@type":"PropertyValueSpecification","valueRequired":true,"valueName":"search_term_string"}}],"inLanguage":"es"},{"@type":"Person","@id":"https:\/\/www.prooptica.pt\/home\/#\/schema\/person\/c3afe955f42eef7c9c157838d5be4f29","name":"Comercializaci\u00f3n de Prooptica","image":{"@type":"ImageObject","inLanguage":"es","@id":"https:\/\/secure.gravatar.com\/avatar\/23248622405e2ce007d39ad746d368991c744fa6fce97036e33e8d9221859ae3?s=96&d=mm&r=g","url":"https:\/\/secure.gravatar.com\/avatar\/23248622405e2ce007d39ad746d368991c744fa6fce97036e33e8d9221859ae3?s=96&d=mm&r=g","contentUrl":"https:\/\/secure.gravatar.com\/avatar\/23248622405e2ce007d39ad746d368991c744fa6fce97036e33e8d9221859ae3?s=96&d=mm&r=g","caption":"Marketing Prooptica"},"url":"https:\/\/www.prooptica.pt\/es\/author\/marketing\/"}]}},"_links":{"self":[{"href":"https:\/\/www.prooptica.pt\/es\/wp-json\/wp\/v2\/posts\/16010","targetHints":{"allow":["GET"]}}],"collection":[{"href":"https:\/\/www.prooptica.pt\/es\/wp-json\/wp\/v2\/posts"}],"about":[{"href":"https:\/\/www.prooptica.pt\/es\/wp-json\/wp\/v2\/types\/post"}],"author":[{"embeddable":true,"href":"https:\/\/www.prooptica.pt\/es\/wp-json\/wp\/v2\/users\/3"}],"replies":[{"embeddable":true,"href":"https:\/\/www.prooptica.pt\/es\/wp-json\/wp\/v2\/comments?post=16010"}],"version-history":[{"count":0,"href":"https:\/\/www.prooptica.pt\/es\/wp-json\/wp\/v2\/posts\/16010\/revisions"}],"wp:featuredmedia":[{"embeddable":true,"href":"https:\/\/www.prooptica.pt\/es\/wp-json\/wp\/v2\/media\/16011"}],"wp:attachment":[{"href":"https:\/\/www.prooptica.pt\/es\/wp-json\/wp\/v2\/media?parent=16010"}],"wp:term":[{"taxonomy":"category","embeddable":true,"href":"https:\/\/www.prooptica.pt\/es\/wp-json\/wp\/v2\/categories?post=16010"},{"taxonomy":"post_tag","embeddable":true,"href":"https:\/\/www.prooptica.pt\/es\/wp-json\/wp\/v2\/tags?post=16010"}],"curies":[{"name":"wp","href":"https:\/\/api.w.org\/{rel}","templated":true}]}}