{"id":16045,"date":"2023-01-11T16:40:27","date_gmt":"2023-01-11T16:40:27","guid":{"rendered":"https:\/\/prooptica.pt\/?p=16045"},"modified":"2023-02-02T16:40:46","modified_gmt":"2023-02-02T16:40:46","slug":"hoy-es-el-dia-internacional-de-las-gracias-y-queremos-celebrarlo-contigo","status":"publish","type":"post","link":"https:\/\/www.prooptica.pt\/es\/hoje-e-o-dia-internacional-do-obrigado-e-queremos-celebrar-este-dia-consigo\/","title":{"rendered":"Hoy es el D\u00eda Internacional de Acci\u00f3n de Gracias y queremos celebrarlo contigo."},"content":{"rendered":"<div>\r\n<div dir=\"auto\">\u00a0Todos los d\u00edas estamos agradecidos a las personas que forman parte de la historia y el d\u00eda a d\u00eda de Prooptica, pero en este d\u00eda en particular queremos darles las gracias de una forma a\u00fan m\u00e1s especial.<\/div>\r\n<div dir=\"auto\">\u00a0<\/div>\r\n<div dir=\"auto\">Queremos agradecer a nuestros clientes, socios y amigos toda la confianza que depositan en nuestra empresa. Gracias por compartir con nosotros sus logros y victorias, as\u00ed como los retos a los que nos hemos enfrentado, que tanto nos han ense\u00f1ado y nos han permitido evolucionar juntos.<\/div>\r\n<div dir=\"auto\">\u00a0<\/div>\r\n<div dir=\"auto\">Tambi\u00e9n queremos dar las gracias a nuestros empleados, que luchan a nuestro lado cada d\u00eda.<\/div>\r\n<div dir=\"auto\">\u00a0<\/div>\r\n<div dir=\"auto\">Gracias a su compromiso y dedicaci\u00f3n, nuestra empresa ha crecido y prosperado. Y creemos que seguir\u00e1 haci\u00e9ndolo en el nuevo a\u00f1o.<\/div>\r\n<div dir=\"auto\">\u00a0<\/div>\r\n<div dir=\"auto\">Un agradecimiento especial de nuestra parte.<\/div>\r\n<\/div>","protected":false},"excerpt":{"rendered":"<p>\u00a0Todos os dias somos agradecidos \u00e0s pessoas que fazem parte da hist\u00f3ria e do dia-a-dia da Prooptica, no entanto, neste dia espec\u00edfico queremos fazer um agradecimento ainda mais especial. \u00a0 Agradecemos aos nossos clientes, parceiros e amigos toda a confian\u00e7a que depositam na nossa empresa. Obrigado por partilharem connosco as conquistas e vit\u00f3rias, bem como [&hellip;]<\/p>\n","protected":false},"author":3,"featured_media":16046,"comment_status":"open","ping_status":"open","sticky":false,"template":"","format":"standard","meta":{"footnotes":""},"categories":[195],"tags":[],"class_list":["post-16045","post","type-post","status-publish","format-standard","has-post-thumbnail","hentry","category-institucional"],"yoast_head":"<!-- This site is optimized with the Yoast SEO plugin v27.4 - https:\/\/yoast.com\/product\/yoast-seo-wordpress\/ -->\n<title>Hoje \u00e9 o Dia Internacional do Obrigado e queremos celebrar este dia consigo! - Prooptica<\/title>\n<meta name=\"description\" content=\"\u00a0Todos os dias somos agradecidos \u00e0s pessoas que fazem parte da hist\u00f3ria e do dia-a-dia da Prooptica, no entanto, neste dia espec\u00edfico queremos fazer um agradecimento ainda mais especial.\" \/>\n<meta name=\"robots\" content=\"index, follow, max-snippet:-1, max-image-preview:large, max-video-preview:-1\" \/>\n<link rel=\"canonical\" href=\"https:\/\/www.prooptica.pt\/es\/hoy-es-el-dia-internacional-de-las-gracias-y-queremos-celebrarlo-contigo\/\" \/>\n<meta property=\"og:locale\" content=\"es_ES\" \/>\n<meta property=\"og:type\" content=\"article\" \/>\n<meta property=\"og:title\" content=\"Hoje \u00e9 o Dia Internacional do Obrigado e queremos celebrar este dia consigo! - Prooptica\" \/>\n<meta property=\"og:description\" content=\"\u00a0Todos os dias somos agradecidos \u00e0s pessoas que fazem parte da hist\u00f3ria e do dia-a-dia da Prooptica, no entanto, neste dia espec\u00edfico queremos fazer um agradecimento ainda mais especial.\" \/>\n<meta property=\"og:url\" content=\"https:\/\/www.prooptica.pt\/es\/hoy-es-el-dia-internacional-de-las-gracias-y-queremos-celebrarlo-contigo\/\" \/>\n<meta property=\"og:site_name\" content=\"Prooptica\" \/>\n<meta property=\"article:published_time\" content=\"2023-01-11T16:40:27+00:00\" \/>\n<meta property=\"article:modified_time\" content=\"2023-02-02T16:40:46+00:00\" \/>\n<meta property=\"og:image\" content=\"https:\/\/www.prooptica.pt\/wp-content\/uploads\/2023\/02\/capa-blog-obrigado.png\" \/>\n\t<meta property=\"og:image:width\" content=\"596\" \/>\n\t<meta property=\"og:image:height\" content=\"303\" \/>\n\t<meta property=\"og:image:type\" content=\"image\/png\" \/>\n<meta name=\"author\" content=\"Marketing Prooptica\" \/>\n<meta name=\"twitter:card\" content=\"summary_large_image\" \/>\n<meta name=\"twitter:label1\" content=\"Escrito por\" \/>\n\t<meta name=\"twitter:data1\" content=\"Marketing Prooptica\" \/>\n\t<meta name=\"twitter:label2\" content=\"Tiempo de lectura\" \/>\n\t<meta name=\"twitter:data2\" content=\"1 minuto\" \/>\n<script type=\"application\/ld+json\" class=\"yoast-schema-graph\">{\"@context\":\"https:\\\/\\\/schema.org\",\"@graph\":[{\"@type\":\"Article\",\"@id\":\"https:\\\/\\\/www.prooptica.pt\\\/hoje-e-o-dia-internacional-do-obrigado-e-queremos-celebrar-este-dia-consigo\\\/#article\",\"isPartOf\":{\"@id\":\"https:\\\/\\\/www.prooptica.pt\\\/hoje-e-o-dia-internacional-do-obrigado-e-queremos-celebrar-este-dia-consigo\\\/\"},\"author\":{\"name\":\"Marketing Prooptica\",\"@id\":\"https:\\\/\\\/www.prooptica.pt\\\/home\\\/#\\\/schema\\\/person\\\/c3afe955f42eef7c9c157838d5be4f29\"},\"headline\":\"Hoje \u00e9 o Dia Internacional do Obrigado e queremos celebrar este dia consigo!\",\"datePublished\":\"2023-01-11T16:40:27+00:00\",\"dateModified\":\"2023-02-02T16:40:46+00:00\",\"mainEntityOfPage\":{\"@id\":\"https:\\\/\\\/www.prooptica.pt\\\/hoje-e-o-dia-internacional-do-obrigado-e-queremos-celebrar-este-dia-consigo\\\/\"},\"wordCount\":126,\"commentCount\":0,\"image\":{\"@id\":\"https:\\\/\\\/www.prooptica.pt\\\/hoje-e-o-dia-internacional-do-obrigado-e-queremos-celebrar-este-dia-consigo\\\/#primaryimage\"},\"thumbnailUrl\":\"https:\\\/\\\/www.prooptica.pt\\\/wp-content\\\/uploads\\\/2023\\\/02\\\/capa-blog-obrigado.png\",\"articleSection\":[\"Institucional\"],\"inLanguage\":\"es\"},{\"@type\":\"WebPage\",\"@id\":\"https:\\\/\\\/www.prooptica.pt\\\/hoje-e-o-dia-internacional-do-obrigado-e-queremos-celebrar-este-dia-consigo\\\/\",\"url\":\"https:\\\/\\\/www.prooptica.pt\\\/hoje-e-o-dia-internacional-do-obrigado-e-queremos-celebrar-este-dia-consigo\\\/\",\"name\":\"Hoje \u00e9 o Dia Internacional do Obrigado e queremos celebrar este dia consigo! - Prooptica\",\"isPartOf\":{\"@id\":\"https:\\\/\\\/www.prooptica.pt\\\/home\\\/#website\"},\"primaryImageOfPage\":{\"@id\":\"https:\\\/\\\/www.prooptica.pt\\\/hoje-e-o-dia-internacional-do-obrigado-e-queremos-celebrar-este-dia-consigo\\\/#primaryimage\"},\"image\":{\"@id\":\"https:\\\/\\\/www.prooptica.pt\\\/hoje-e-o-dia-internacional-do-obrigado-e-queremos-celebrar-este-dia-consigo\\\/#primaryimage\"},\"thumbnailUrl\":\"https:\\\/\\\/www.prooptica.pt\\\/wp-content\\\/uploads\\\/2023\\\/02\\\/capa-blog-obrigado.png\",\"datePublished\":\"2023-01-11T16:40:27+00:00\",\"dateModified\":\"2023-02-02T16:40:46+00:00\",\"author\":{\"@id\":\"https:\\\/\\\/www.prooptica.pt\\\/home\\\/#\\\/schema\\\/person\\\/c3afe955f42eef7c9c157838d5be4f29\"},\"description\":\"\u00a0Todos os dias somos agradecidos \u00e0s pessoas que fazem parte da hist\u00f3ria e do dia-a-dia da Prooptica, no entanto, neste dia espec\u00edfico queremos fazer um agradecimento ainda mais especial.\",\"breadcrumb\":{\"@id\":\"https:\\\/\\\/www.prooptica.pt\\\/hoje-e-o-dia-internacional-do-obrigado-e-queremos-celebrar-este-dia-consigo\\\/#breadcrumb\"},\"inLanguage\":\"es\",\"potentialAction\":[{\"@type\":\"ReadAction\",\"target\":[\"https:\\\/\\\/www.prooptica.pt\\\/hoje-e-o-dia-internacional-do-obrigado-e-queremos-celebrar-este-dia-consigo\\\/\"]}]},{\"@type\":\"ImageObject\",\"inLanguage\":\"es\",\"@id\":\"https:\\\/\\\/www.prooptica.pt\\\/hoje-e-o-dia-internacional-do-obrigado-e-queremos-celebrar-este-dia-consigo\\\/#primaryimage\",\"url\":\"https:\\\/\\\/www.prooptica.pt\\\/wp-content\\\/uploads\\\/2023\\\/02\\\/capa-blog-obrigado.png\",\"contentUrl\":\"https:\\\/\\\/www.prooptica.pt\\\/wp-content\\\/uploads\\\/2023\\\/02\\\/capa-blog-obrigado.png\",\"width\":596,\"height\":303},{\"@type\":\"BreadcrumbList\",\"@id\":\"https:\\\/\\\/www.prooptica.pt\\\/hoje-e-o-dia-internacional-do-obrigado-e-queremos-celebrar-este-dia-consigo\\\/#breadcrumb\",\"itemListElement\":[{\"@type\":\"ListItem\",\"position\":1,\"name\":\"In\u00edcio\",\"item\":\"https:\\\/\\\/www.prooptica.pt\\\/\"},{\"@type\":\"ListItem\",\"position\":2,\"name\":\"Hoje \u00e9 o Dia Internacional do Obrigado e queremos celebrar este dia consigo!\"}]},{\"@type\":\"WebSite\",\"@id\":\"https:\\\/\\\/www.prooptica.pt\\\/home\\\/#website\",\"url\":\"https:\\\/\\\/www.prooptica.pt\\\/home\\\/\",\"name\":\"Prooptica\",\"description\":\"Full Eyewear Concept\",\"potentialAction\":[{\"@type\":\"SearchAction\",\"target\":{\"@type\":\"EntryPoint\",\"urlTemplate\":\"https:\\\/\\\/www.prooptica.pt\\\/home\\\/?s={search_term_string}\"},\"query-input\":{\"@type\":\"PropertyValueSpecification\",\"valueRequired\":true,\"valueName\":\"search_term_string\"}}],\"inLanguage\":\"es\"},{\"@type\":\"Person\",\"@id\":\"https:\\\/\\\/www.prooptica.pt\\\/home\\\/#\\\/schema\\\/person\\\/c3afe955f42eef7c9c157838d5be4f29\",\"name\":\"Marketing Prooptica\",\"image\":{\"@type\":\"ImageObject\",\"inLanguage\":\"es\",\"@id\":\"https:\\\/\\\/secure.gravatar.com\\\/avatar\\\/23248622405e2ce007d39ad746d368991c744fa6fce97036e33e8d9221859ae3?s=96&d=mm&r=g\",\"url\":\"https:\\\/\\\/secure.gravatar.com\\\/avatar\\\/23248622405e2ce007d39ad746d368991c744fa6fce97036e33e8d9221859ae3?s=96&d=mm&r=g\",\"contentUrl\":\"https:\\\/\\\/secure.gravatar.com\\\/avatar\\\/23248622405e2ce007d39ad746d368991c744fa6fce97036e33e8d9221859ae3?s=96&d=mm&r=g\",\"caption\":\"Marketing Prooptica\"},\"url\":\"https:\\\/\\\/www.prooptica.pt\\\/es\\\/author\\\/marketing\\\/\"}]}<\/script>\n<!-- \/ Yoast SEO plugin. -->","yoast_head_json":{"title":"\u00a1Hoy es el D\u00eda Internacional de Acci\u00f3n de Gracias y queremos celebrarlo contigo! - Prooptica","description":"\u00a0Todos los d\u00edas estamos agradecidos a las personas que forman parte de la historia y el d\u00eda a d\u00eda de Prooptica, pero en este d\u00eda en particular queremos darles las gracias de una forma a\u00fan m\u00e1s especial.","robots":{"index":"index","follow":"follow","max-snippet":"max-snippet:-1","max-image-preview":"max-image-preview:large","max-video-preview":"max-video-preview:-1"},"canonical":"https:\/\/www.prooptica.pt\/es\/hoy-es-el-dia-internacional-de-las-gracias-y-queremos-celebrarlo-contigo\/","og_locale":"es_ES","og_type":"article","og_title":"Hoje \u00e9 o Dia Internacional do Obrigado e queremos celebrar este dia consigo! - Prooptica","og_description":"\u00a0Todos os dias somos agradecidos \u00e0s pessoas que fazem parte da hist\u00f3ria e do dia-a-dia da Prooptica, no entanto, neste dia espec\u00edfico queremos fazer um agradecimento ainda mais especial.","og_url":"https:\/\/www.prooptica.pt\/es\/hoy-es-el-dia-internacional-de-las-gracias-y-queremos-celebrarlo-contigo\/","og_site_name":"Prooptica","article_published_time":"2023-01-11T16:40:27+00:00","article_modified_time":"2023-02-02T16:40:46+00:00","og_image":[{"width":596,"height":303,"url":"https:\/\/www.prooptica.pt\/wp-content\/uploads\/2023\/02\/capa-blog-obrigado.png","type":"image\/png"}],"author":"Marketing Prooptica","twitter_card":"summary_large_image","twitter_misc":{"Escrito por":"Marketing Prooptica","Tiempo de lectura":"1 minuto"},"schema":{"@context":"https:\/\/schema.org","@graph":[{"@type":"Article","@id":"https:\/\/www.prooptica.pt\/hoje-e-o-dia-internacional-do-obrigado-e-queremos-celebrar-este-dia-consigo\/#article","isPartOf":{"@id":"https:\/\/www.prooptica.pt\/hoje-e-o-dia-internacional-do-obrigado-e-queremos-celebrar-este-dia-consigo\/"},"author":{"name":"Marketing Prooptica","@id":"https:\/\/www.prooptica.pt\/home\/#\/schema\/person\/c3afe955f42eef7c9c157838d5be4f29"},"headline":"Hoje \u00e9 o Dia Internacional do Obrigado e queremos celebrar este dia consigo!","datePublished":"2023-01-11T16:40:27+00:00","dateModified":"2023-02-02T16:40:46+00:00","mainEntityOfPage":{"@id":"https:\/\/www.prooptica.pt\/hoje-e-o-dia-internacional-do-obrigado-e-queremos-celebrar-este-dia-consigo\/"},"wordCount":126,"commentCount":0,"image":{"@id":"https:\/\/www.prooptica.pt\/hoje-e-o-dia-internacional-do-obrigado-e-queremos-celebrar-este-dia-consigo\/#primaryimage"},"thumbnailUrl":"https:\/\/www.prooptica.pt\/wp-content\/uploads\/2023\/02\/capa-blog-obrigado.png","articleSection":["Institucional"],"inLanguage":"es"},{"@type":"WebPage","@id":"https:\/\/www.prooptica.pt\/hoje-e-o-dia-internacional-do-obrigado-e-queremos-celebrar-este-dia-consigo\/","url":"https:\/\/www.prooptica.pt\/hoje-e-o-dia-internacional-do-obrigado-e-queremos-celebrar-este-dia-consigo\/","name":"\u00a1Hoy es el D\u00eda Internacional de Acci\u00f3n de Gracias y queremos celebrarlo contigo! - Prooptica","isPartOf":{"@id":"https:\/\/www.prooptica.pt\/home\/#website"},"primaryImageOfPage":{"@id":"https:\/\/www.prooptica.pt\/hoje-e-o-dia-internacional-do-obrigado-e-queremos-celebrar-este-dia-consigo\/#primaryimage"},"image":{"@id":"https:\/\/www.prooptica.pt\/hoje-e-o-dia-internacional-do-obrigado-e-queremos-celebrar-este-dia-consigo\/#primaryimage"},"thumbnailUrl":"https:\/\/www.prooptica.pt\/wp-content\/uploads\/2023\/02\/capa-blog-obrigado.png","datePublished":"2023-01-11T16:40:27+00:00","dateModified":"2023-02-02T16:40:46+00:00","author":{"@id":"https:\/\/www.prooptica.pt\/home\/#\/schema\/person\/c3afe955f42eef7c9c157838d5be4f29"},"description":"\u00a0Todos los d\u00edas estamos agradecidos a las personas que forman parte de la historia y el d\u00eda a d\u00eda de Prooptica, pero en este d\u00eda en particular queremos darles las gracias de una forma a\u00fan m\u00e1s especial.","breadcrumb":{"@id":"https:\/\/www.prooptica.pt\/hoje-e-o-dia-internacional-do-obrigado-e-queremos-celebrar-este-dia-consigo\/#breadcrumb"},"inLanguage":"es","potentialAction":[{"@type":"ReadAction","target":["https:\/\/www.prooptica.pt\/hoje-e-o-dia-internacional-do-obrigado-e-queremos-celebrar-este-dia-consigo\/"]}]},{"@type":"ImageObject","inLanguage":"es","@id":"https:\/\/www.prooptica.pt\/hoje-e-o-dia-internacional-do-obrigado-e-queremos-celebrar-este-dia-consigo\/#primaryimage","url":"https:\/\/www.prooptica.pt\/wp-content\/uploads\/2023\/02\/capa-blog-obrigado.png","contentUrl":"https:\/\/www.prooptica.pt\/wp-content\/uploads\/2023\/02\/capa-blog-obrigado.png","width":596,"height":303},{"@type":"BreadcrumbList","@id":"https:\/\/www.prooptica.pt\/hoje-e-o-dia-internacional-do-obrigado-e-queremos-celebrar-este-dia-consigo\/#breadcrumb","itemListElement":[{"@type":"ListItem","position":1,"name":"In\u00edcio","item":"https:\/\/www.prooptica.pt\/"},{"@type":"ListItem","position":2,"name":"Hoje \u00e9 o Dia Internacional do Obrigado e queremos celebrar este dia consigo!"}]},{"@type":"WebSite","@id":"https:\/\/www.prooptica.pt\/home\/#website","url":"https:\/\/www.prooptica.pt\/home\/","name":"Prooptica","description":"Concepto de gafas completas","potentialAction":[{"@type":"SearchAction","target":{"@type":"EntryPoint","urlTemplate":"https:\/\/www.prooptica.pt\/home\/?s={search_term_string}"},"query-input":{"@type":"PropertyValueSpecification","valueRequired":true,"valueName":"search_term_string"}}],"inLanguage":"es"},{"@type":"Person","@id":"https:\/\/www.prooptica.pt\/home\/#\/schema\/person\/c3afe955f42eef7c9c157838d5be4f29","name":"Comercializaci\u00f3n de Prooptica","image":{"@type":"ImageObject","inLanguage":"es","@id":"https:\/\/secure.gravatar.com\/avatar\/23248622405e2ce007d39ad746d368991c744fa6fce97036e33e8d9221859ae3?s=96&d=mm&r=g","url":"https:\/\/secure.gravatar.com\/avatar\/23248622405e2ce007d39ad746d368991c744fa6fce97036e33e8d9221859ae3?s=96&d=mm&r=g","contentUrl":"https:\/\/secure.gravatar.com\/avatar\/23248622405e2ce007d39ad746d368991c744fa6fce97036e33e8d9221859ae3?s=96&d=mm&r=g","caption":"Marketing Prooptica"},"url":"https:\/\/www.prooptica.pt\/es\/author\/marketing\/"}]}},"_links":{"self":[{"href":"https:\/\/www.prooptica.pt\/es\/wp-json\/wp\/v2\/posts\/16045","targetHints":{"allow":["GET"]}}],"collection":[{"href":"https:\/\/www.prooptica.pt\/es\/wp-json\/wp\/v2\/posts"}],"about":[{"href":"https:\/\/www.prooptica.pt\/es\/wp-json\/wp\/v2\/types\/post"}],"author":[{"embeddable":true,"href":"https:\/\/www.prooptica.pt\/es\/wp-json\/wp\/v2\/users\/3"}],"replies":[{"embeddable":true,"href":"https:\/\/www.prooptica.pt\/es\/wp-json\/wp\/v2\/comments?post=16045"}],"version-history":[{"count":0,"href":"https:\/\/www.prooptica.pt\/es\/wp-json\/wp\/v2\/posts\/16045\/revisions"}],"wp:featuredmedia":[{"embeddable":true,"href":"https:\/\/www.prooptica.pt\/es\/wp-json\/wp\/v2\/media\/16046"}],"wp:attachment":[{"href":"https:\/\/www.prooptica.pt\/es\/wp-json\/wp\/v2\/media?parent=16045"}],"wp:term":[{"taxonomy":"category","embeddable":true,"href":"https:\/\/www.prooptica.pt\/es\/wp-json\/wp\/v2\/categories?post=16045"},{"taxonomy":"post_tag","embeddable":true,"href":"https:\/\/www.prooptica.pt\/es\/wp-json\/wp\/v2\/tags?post=16045"}],"curies":[{"name":"wp","href":"https:\/\/api.w.org\/{rel}","templated":true}]}}