{"id":16115,"date":"2023-02-15T09:24:15","date_gmt":"2023-02-15T09:24:15","guid":{"rendered":"https:\/\/prooptica.pt\/?p=16115"},"modified":"2023-03-31T11:04:47","modified_gmt":"2023-03-31T11:04:47","slug":"dielmar-la-marca-portuguesa-de-restauracion-mas-prestigiosa","status":"publish","type":"post","link":"https:\/\/www.prooptica.pt\/es\/dielmar-a-marca-portuguesa-de-alfeitaria-mais-prestigiada\/","title":{"rendered":"DIELMAR - LA MARCA DE SASTRER\u00cdA PORTUGUESA M\u00c1S PRESTIGIOSA"},"content":{"rendered":"<h4>\u00a0<\/h4>\r\n<h4><img decoding=\"async\" class=\"size-medium wp-image-16168 aligncenter\" src=\"https:\/\/prooptica.pt\/wp-content\/uploads\/2023\/03\/Dielmar-logo-300x106.png\" alt=\"\" width=\"300\" height=\"106\" srcset=\"https:\/\/www.prooptica.pt\/wp-content\/uploads\/2023\/03\/Dielmar-logo-300x106.png 300w, https:\/\/www.prooptica.pt\/wp-content\/uploads\/2023\/03\/Dielmar-logo-1024x362.png 1024w, https:\/\/www.prooptica.pt\/wp-content\/uploads\/2023\/03\/Dielmar-logo-768x271.png 768w, https:\/\/www.prooptica.pt\/wp-content\/uploads\/2023\/03\/Dielmar-logo.png 1263w\" sizes=\"(max-width: 300px) 100vw, 300px\" \/><\/h4>\r\n<p>&nbsp;<\/p>\r\n<h4><strong>Historia y cambio de marca<br \/><\/strong><\/h4>\r\n<p>Fundada el 12 de mayo de 1965, Dielmar, una marca 100% portuguesa, inici\u00f3 su peque\u00f1o negocio de sastrer\u00eda tradicional en Alcains, Castelo Branco. Una fecha lejana pero memorable que marc\u00f3 el inicio de una de las casas de moda masculina m\u00e1s prestigiosas.<\/p>\r\n<p>El nombre procede de las primeras s\u00edlabas de los nombres de sus cuatro fundadores - Dias, H\u00e9lder, Mateus y Ramiro - y se ha traducido a lo largo de las d\u00e9cadas en una firme alianza entre calidad, excelencia y elegancia.\u00a0<\/p>\r\n<p>Despu\u00e9s de m\u00e1s de 50 a\u00f1os, Dielmar es una marca reconocida y reputada internacionalmente.<\/p>\r\n<p>Integrada en el Grupo Val\u00e9rius en 2022, la marca ha sido objeto de un plan de revitalizaci\u00f3n que, aprovechando el saber hacer, la pasi\u00f3n, la habilidad y la dedicaci\u00f3n de su equipo, ha permitido implantar t\u00e9cnicas de producci\u00f3n m\u00e1s eficaces.<\/p>\r\n<p>Y con esto en mente, la marca tambi\u00e9n se somete a un proceso de rebranding, en un acto de homenaje a sus ra\u00edces y a su ascendencia portuguesa, inspir\u00e1ndose en la bandera nacional y en el peso simb\u00f3lico de las quinas para el nuevo logotipo. El resultado es una insignia cuadril\u00e1tera que sirve de homenaje a cada uno de los cuatro fundadores de Dielmar, presentando un logotipo m\u00e1s elegante y sencillo, fiel a los principios y est\u00e1ndares de calidad de la marca.<\/p>\r\n<p><img fetchpriority=\"high\" decoding=\"async\" class=\"wp-image-16165 aligncenter\" src=\"https:\/\/prooptica.pt\/wp-content\/uploads\/2023\/03\/Dielmar-Rebracing-logo-300x107.png\" alt=\"\" width=\"500\" height=\"178\" srcset=\"https:\/\/www.prooptica.pt\/wp-content\/uploads\/2023\/03\/Dielmar-Rebracing-logo-300x107.png 300w, https:\/\/www.prooptica.pt\/wp-content\/uploads\/2023\/03\/Dielmar-Rebracing-logo-1024x365.png 1024w, https:\/\/www.prooptica.pt\/wp-content\/uploads\/2023\/03\/Dielmar-Rebracing-logo-768x274.png 768w, https:\/\/www.prooptica.pt\/wp-content\/uploads\/2023\/03\/Dielmar-Rebracing-logo-1536x548.png 1536w, https:\/\/www.prooptica.pt\/wp-content\/uploads\/2023\/03\/Dielmar-Rebracing-logo-2048x730.png 2048w\" sizes=\"(max-width: 500px) 100vw, 500px\" \/><\/p>\r\n<p>&nbsp;<\/p>\r\n<h4><strong>Nueva colecci\u00f3n de gafas<\/strong><\/h4>\r\n<p>En 2008 naci\u00f3 la colecci\u00f3n Eyewear, con un dise\u00f1o atemporal y pensada para el d\u00eda a d\u00eda del hombre contempor\u00e1neo. Las piezas son sencillas y suaves, con detalles y acabados impecables. Los colores tienden a ser monocrom\u00e1ticos, pero siempre elegantes y cuidadosamente seleccionados para un hombre seguro y confiado.<\/p>\r\n<p>Comenzamos 2023 con una nueva colecci\u00f3n totalmente dedicada a este honor y prestigio nacionales. Al igual que los artesanos de la costura dedican su pasi\u00f3n, pericia y habilidad a perfeccionar cada detalle, la nueva colecci\u00f3n de gafas ha puesto en sus piezas los detalles que hacen de Dielmar una marca de refinamiento.<\/p>\r\n<p>&nbsp;<\/p>\r\n<p><img decoding=\"async\" class=\"aligncenter wp-image-16178\" src=\"https:\/\/prooptica.pt\/wp-content\/uploads\/2023\/03\/Dielmar-modelos-300x128.png\" alt=\"\" width=\"800\" height=\"340\" srcset=\"https:\/\/www.prooptica.pt\/wp-content\/uploads\/2023\/03\/Dielmar-modelos-300x128.png 300w, https:\/\/www.prooptica.pt\/wp-content\/uploads\/2023\/03\/Dielmar-modelos-1024x435.png 1024w, https:\/\/www.prooptica.pt\/wp-content\/uploads\/2023\/03\/Dielmar-modelos-768x326.png 768w, https:\/\/www.prooptica.pt\/wp-content\/uploads\/2023\/03\/Dielmar-modelos-1536x653.png 1536w, https:\/\/www.prooptica.pt\/wp-content\/uploads\/2023\/03\/Dielmar-modelos.png 1769w\" sizes=\"(max-width: 800px) 100vw, 800px\" \/><\/p>","protected":false},"excerpt":{"rendered":"<p>\u00a0 &nbsp; Hist\u00f3ria e Rebranding Fundada em 12 de maio de 1965, a Dielmar, uma marca 100% Portuguesa, come\u00e7ou o seu pequeno neg\u00f3cio tradicional de alfaiataria em Alcains, Castelo Branco. \u00c9 uma data distante, mas memor\u00e1vel, que marcou o in\u00edcio de uma das mais prestigiosas casas de moda masculina. O nome surgiu das primeiras s\u00edlabas [&hellip;]<\/p>\n","protected":false},"author":3,"featured_media":16164,"comment_status":"open","ping_status":"open","sticky":false,"template":"","format":"standard","meta":{"footnotes":""},"categories":[67,189],"tags":[],"class_list":["post-16115","post","type-post","status-publish","format-standard","has-post-thumbnail","hentry","category-moda-portuguesa","category-oculos"],"yoast_head":"<!-- This site is optimized with the Yoast SEO plugin v27.4 - https:\/\/yoast.com\/product\/yoast-seo-wordpress\/ -->\n<title>DIELMAR - A MARCA PORTUGUESA DE ALFAIATARIA MAIS PRESTIGIADA - Prooptica<\/title>\n<meta name=\"description\" content=\"Fundada em 12 de maio de 1965, a Dielmar, uma marca 100% portuguesa, come\u00e7ou o seu pequeno neg\u00f3cio tradicional de alfaiataria em Alcains, Castelo Branco. \u00c9 uma data distante, mas memor\u00e1vel, que marcou o in\u00edcio de uma das mais prestigiosas casas de moda masculina.\" \/>\n<meta name=\"robots\" content=\"index, follow, max-snippet:-1, max-image-preview:large, max-video-preview:-1\" \/>\n<link rel=\"canonical\" href=\"https:\/\/www.prooptica.pt\/es\/dielmar-la-marca-portuguesa-de-restauracion-mas-prestigiosa\/\" \/>\n<meta property=\"og:locale\" content=\"es_ES\" \/>\n<meta property=\"og:type\" content=\"article\" \/>\n<meta property=\"og:title\" content=\"DIELMAR - A MARCA PORTUGUESA DE ALFAIATARIA MAIS PRESTIGIADA - Prooptica\" \/>\n<meta property=\"og:description\" content=\"Fundada em 12 de maio de 1965, a Dielmar, uma marca 100% portuguesa, come\u00e7ou o seu pequeno neg\u00f3cio tradicional de alfaiataria em Alcains, Castelo Branco. \u00c9 uma data distante, mas memor\u00e1vel, que marcou o in\u00edcio de uma das mais prestigiosas casas de moda masculina.\" \/>\n<meta property=\"og:url\" content=\"https:\/\/www.prooptica.pt\/es\/dielmar-la-marca-portuguesa-de-restauracion-mas-prestigiosa\/\" \/>\n<meta property=\"og:site_name\" content=\"Prooptica\" \/>\n<meta property=\"article:published_time\" content=\"2023-02-15T09:24:15+00:00\" \/>\n<meta property=\"article:modified_time\" content=\"2023-03-31T11:04:47+00:00\" \/>\n<meta property=\"og:image\" content=\"https:\/\/www.prooptica.pt\/wp-content\/uploads\/2023\/03\/Dielmar-Rebrading-1024x574.png\" \/>\n\t<meta property=\"og:image:width\" content=\"1024\" \/>\n\t<meta property=\"og:image:height\" content=\"574\" \/>\n\t<meta property=\"og:image:type\" content=\"image\/png\" \/>\n<meta name=\"author\" content=\"Marketing Prooptica\" \/>\n<meta name=\"twitter:card\" content=\"summary_large_image\" \/>\n<meta name=\"twitter:label1\" content=\"Escrito por\" \/>\n\t<meta name=\"twitter:data1\" content=\"Marketing Prooptica\" \/>\n\t<meta name=\"twitter:label2\" content=\"Tiempo de lectura\" \/>\n\t<meta name=\"twitter:data2\" content=\"3 minutos\" \/>\n<script type=\"application\/ld+json\" class=\"yoast-schema-graph\">{\"@context\":\"https:\\\/\\\/schema.org\",\"@graph\":[{\"@type\":\"Article\",\"@id\":\"https:\\\/\\\/www.prooptica.pt\\\/dielmar-a-marca-portuguesa-de-alfeitaria-mais-prestigiada\\\/#article\",\"isPartOf\":{\"@id\":\"https:\\\/\\\/www.prooptica.pt\\\/dielmar-a-marca-portuguesa-de-alfeitaria-mais-prestigiada\\\/\"},\"author\":{\"name\":\"Marketing Prooptica\",\"@id\":\"https:\\\/\\\/www.prooptica.pt\\\/home\\\/#\\\/schema\\\/person\\\/c3afe955f42eef7c9c157838d5be4f29\"},\"headline\":\"DIELMAR &#8211; A MARCA PORTUGUESA DE ALFAIATARIA MAIS PRESTIGIADA\",\"datePublished\":\"2023-02-15T09:24:15+00:00\",\"dateModified\":\"2023-03-31T11:04:47+00:00\",\"mainEntityOfPage\":{\"@id\":\"https:\\\/\\\/www.prooptica.pt\\\/dielmar-a-marca-portuguesa-de-alfeitaria-mais-prestigiada\\\/\"},\"wordCount\":344,\"commentCount\":0,\"image\":{\"@id\":\"https:\\\/\\\/www.prooptica.pt\\\/dielmar-a-marca-portuguesa-de-alfeitaria-mais-prestigiada\\\/#primaryimage\"},\"thumbnailUrl\":\"https:\\\/\\\/www.prooptica.pt\\\/wp-content\\\/uploads\\\/2023\\\/03\\\/Dielmar-Rebrading.png\",\"articleSection\":[\"Moda Portuguesa\",\"\u00d3culos\"],\"inLanguage\":\"es\"},{\"@type\":\"WebPage\",\"@id\":\"https:\\\/\\\/www.prooptica.pt\\\/dielmar-a-marca-portuguesa-de-alfeitaria-mais-prestigiada\\\/\",\"url\":\"https:\\\/\\\/www.prooptica.pt\\\/dielmar-a-marca-portuguesa-de-alfeitaria-mais-prestigiada\\\/\",\"name\":\"DIELMAR - A MARCA PORTUGUESA DE ALFAIATARIA MAIS PRESTIGIADA - Prooptica\",\"isPartOf\":{\"@id\":\"https:\\\/\\\/www.prooptica.pt\\\/home\\\/#website\"},\"primaryImageOfPage\":{\"@id\":\"https:\\\/\\\/www.prooptica.pt\\\/dielmar-a-marca-portuguesa-de-alfeitaria-mais-prestigiada\\\/#primaryimage\"},\"image\":{\"@id\":\"https:\\\/\\\/www.prooptica.pt\\\/dielmar-a-marca-portuguesa-de-alfeitaria-mais-prestigiada\\\/#primaryimage\"},\"thumbnailUrl\":\"https:\\\/\\\/www.prooptica.pt\\\/wp-content\\\/uploads\\\/2023\\\/03\\\/Dielmar-Rebrading.png\",\"datePublished\":\"2023-02-15T09:24:15+00:00\",\"dateModified\":\"2023-03-31T11:04:47+00:00\",\"author\":{\"@id\":\"https:\\\/\\\/www.prooptica.pt\\\/home\\\/#\\\/schema\\\/person\\\/c3afe955f42eef7c9c157838d5be4f29\"},\"description\":\"Fundada em 12 de maio de 1965, a Dielmar, uma marca 100% portuguesa, come\u00e7ou o seu pequeno neg\u00f3cio tradicional de alfaiataria em Alcains, Castelo Branco. \u00c9 uma data distante, mas memor\u00e1vel, que marcou o in\u00edcio de uma das mais prestigiosas casas de moda masculina.\",\"breadcrumb\":{\"@id\":\"https:\\\/\\\/www.prooptica.pt\\\/dielmar-a-marca-portuguesa-de-alfeitaria-mais-prestigiada\\\/#breadcrumb\"},\"inLanguage\":\"es\",\"potentialAction\":[{\"@type\":\"ReadAction\",\"target\":[\"https:\\\/\\\/www.prooptica.pt\\\/dielmar-a-marca-portuguesa-de-alfeitaria-mais-prestigiada\\\/\"]}]},{\"@type\":\"ImageObject\",\"inLanguage\":\"es\",\"@id\":\"https:\\\/\\\/www.prooptica.pt\\\/dielmar-a-marca-portuguesa-de-alfeitaria-mais-prestigiada\\\/#primaryimage\",\"url\":\"https:\\\/\\\/www.prooptica.pt\\\/wp-content\\\/uploads\\\/2023\\\/03\\\/Dielmar-Rebrading.png\",\"contentUrl\":\"https:\\\/\\\/www.prooptica.pt\\\/wp-content\\\/uploads\\\/2023\\\/03\\\/Dielmar-Rebrading.png\",\"width\":1696,\"height\":950},{\"@type\":\"BreadcrumbList\",\"@id\":\"https:\\\/\\\/www.prooptica.pt\\\/dielmar-a-marca-portuguesa-de-alfeitaria-mais-prestigiada\\\/#breadcrumb\",\"itemListElement\":[{\"@type\":\"ListItem\",\"position\":1,\"name\":\"In\u00edcio\",\"item\":\"https:\\\/\\\/www.prooptica.pt\\\/\"},{\"@type\":\"ListItem\",\"position\":2,\"name\":\"DIELMAR &#8211; A MARCA PORTUGUESA DE ALFAIATARIA MAIS PRESTIGIADA\"}]},{\"@type\":\"WebSite\",\"@id\":\"https:\\\/\\\/www.prooptica.pt\\\/home\\\/#website\",\"url\":\"https:\\\/\\\/www.prooptica.pt\\\/home\\\/\",\"name\":\"Prooptica\",\"description\":\"Full Eyewear Concept\",\"potentialAction\":[{\"@type\":\"SearchAction\",\"target\":{\"@type\":\"EntryPoint\",\"urlTemplate\":\"https:\\\/\\\/www.prooptica.pt\\\/home\\\/?s={search_term_string}\"},\"query-input\":{\"@type\":\"PropertyValueSpecification\",\"valueRequired\":true,\"valueName\":\"search_term_string\"}}],\"inLanguage\":\"es\"},{\"@type\":\"Person\",\"@id\":\"https:\\\/\\\/www.prooptica.pt\\\/home\\\/#\\\/schema\\\/person\\\/c3afe955f42eef7c9c157838d5be4f29\",\"name\":\"Marketing Prooptica\",\"image\":{\"@type\":\"ImageObject\",\"inLanguage\":\"es\",\"@id\":\"https:\\\/\\\/secure.gravatar.com\\\/avatar\\\/23248622405e2ce007d39ad746d368991c744fa6fce97036e33e8d9221859ae3?s=96&d=mm&r=g\",\"url\":\"https:\\\/\\\/secure.gravatar.com\\\/avatar\\\/23248622405e2ce007d39ad746d368991c744fa6fce97036e33e8d9221859ae3?s=96&d=mm&r=g\",\"contentUrl\":\"https:\\\/\\\/secure.gravatar.com\\\/avatar\\\/23248622405e2ce007d39ad746d368991c744fa6fce97036e33e8d9221859ae3?s=96&d=mm&r=g\",\"caption\":\"Marketing Prooptica\"},\"url\":\"https:\\\/\\\/www.prooptica.pt\\\/es\\\/author\\\/marketing\\\/\"}]}<\/script>\n<!-- \/ Yoast SEO plugin. -->","yoast_head_json":{"title":"DIELMAR - LA MARCA PORTUGUESA DE PERSONALIZACI\u00d3N M\u00c1S PRESTIGIOSA - Prooptica","description":"Fundada el 12 de mayo de 1965, Dielmar, marca portuguesa 100%, inici\u00f3 su peque\u00f1o negocio de sastrer\u00eda tradicional en Alcains, Castelo Branco. Una fecha lejana pero memorable que marc\u00f3 el inicio de una de las casas de moda masculina m\u00e1s prestigiosas.","robots":{"index":"index","follow":"follow","max-snippet":"max-snippet:-1","max-image-preview":"max-image-preview:large","max-video-preview":"max-video-preview:-1"},"canonical":"https:\/\/www.prooptica.pt\/es\/dielmar-la-marca-portuguesa-de-restauracion-mas-prestigiosa\/","og_locale":"es_ES","og_type":"article","og_title":"DIELMAR - A MARCA PORTUGUESA DE ALFAIATARIA MAIS PRESTIGIADA - Prooptica","og_description":"Fundada em 12 de maio de 1965, a Dielmar, uma marca 100% portuguesa, come\u00e7ou o seu pequeno neg\u00f3cio tradicional de alfaiataria em Alcains, Castelo Branco. \u00c9 uma data distante, mas memor\u00e1vel, que marcou o in\u00edcio de uma das mais prestigiosas casas de moda masculina.","og_url":"https:\/\/www.prooptica.pt\/es\/dielmar-la-marca-portuguesa-de-restauracion-mas-prestigiosa\/","og_site_name":"Prooptica","article_published_time":"2023-02-15T09:24:15+00:00","article_modified_time":"2023-03-31T11:04:47+00:00","og_image":[{"width":1024,"height":574,"url":"https:\/\/www.prooptica.pt\/wp-content\/uploads\/2023\/03\/Dielmar-Rebrading-1024x574.png","type":"image\/png"}],"author":"Marketing Prooptica","twitter_card":"summary_large_image","twitter_misc":{"Escrito por":"Marketing Prooptica","Tiempo de lectura":"3 minutos"},"schema":{"@context":"https:\/\/schema.org","@graph":[{"@type":"Article","@id":"https:\/\/www.prooptica.pt\/dielmar-a-marca-portuguesa-de-alfeitaria-mais-prestigiada\/#article","isPartOf":{"@id":"https:\/\/www.prooptica.pt\/dielmar-a-marca-portuguesa-de-alfeitaria-mais-prestigiada\/"},"author":{"name":"Marketing Prooptica","@id":"https:\/\/www.prooptica.pt\/home\/#\/schema\/person\/c3afe955f42eef7c9c157838d5be4f29"},"headline":"DIELMAR &#8211; A MARCA PORTUGUESA DE ALFAIATARIA MAIS PRESTIGIADA","datePublished":"2023-02-15T09:24:15+00:00","dateModified":"2023-03-31T11:04:47+00:00","mainEntityOfPage":{"@id":"https:\/\/www.prooptica.pt\/dielmar-a-marca-portuguesa-de-alfeitaria-mais-prestigiada\/"},"wordCount":344,"commentCount":0,"image":{"@id":"https:\/\/www.prooptica.pt\/dielmar-a-marca-portuguesa-de-alfeitaria-mais-prestigiada\/#primaryimage"},"thumbnailUrl":"https:\/\/www.prooptica.pt\/wp-content\/uploads\/2023\/03\/Dielmar-Rebrading.png","articleSection":["Moda Portuguesa","\u00d3culos"],"inLanguage":"es"},{"@type":"WebPage","@id":"https:\/\/www.prooptica.pt\/dielmar-a-marca-portuguesa-de-alfeitaria-mais-prestigiada\/","url":"https:\/\/www.prooptica.pt\/dielmar-a-marca-portuguesa-de-alfeitaria-mais-prestigiada\/","name":"DIELMAR - LA MARCA PORTUGUESA DE PERSONALIZACI\u00d3N M\u00c1S PRESTIGIOSA - Prooptica","isPartOf":{"@id":"https:\/\/www.prooptica.pt\/home\/#website"},"primaryImageOfPage":{"@id":"https:\/\/www.prooptica.pt\/dielmar-a-marca-portuguesa-de-alfeitaria-mais-prestigiada\/#primaryimage"},"image":{"@id":"https:\/\/www.prooptica.pt\/dielmar-a-marca-portuguesa-de-alfeitaria-mais-prestigiada\/#primaryimage"},"thumbnailUrl":"https:\/\/www.prooptica.pt\/wp-content\/uploads\/2023\/03\/Dielmar-Rebrading.png","datePublished":"2023-02-15T09:24:15+00:00","dateModified":"2023-03-31T11:04:47+00:00","author":{"@id":"https:\/\/www.prooptica.pt\/home\/#\/schema\/person\/c3afe955f42eef7c9c157838d5be4f29"},"description":"Fundada el 12 de mayo de 1965, Dielmar, marca portuguesa 100%, inici\u00f3 su peque\u00f1o negocio de sastrer\u00eda tradicional en Alcains, Castelo Branco. Una fecha lejana pero memorable que marc\u00f3 el inicio de una de las casas de moda masculina m\u00e1s prestigiosas.","breadcrumb":{"@id":"https:\/\/www.prooptica.pt\/dielmar-a-marca-portuguesa-de-alfeitaria-mais-prestigiada\/#breadcrumb"},"inLanguage":"es","potentialAction":[{"@type":"ReadAction","target":["https:\/\/www.prooptica.pt\/dielmar-a-marca-portuguesa-de-alfeitaria-mais-prestigiada\/"]}]},{"@type":"ImageObject","inLanguage":"es","@id":"https:\/\/www.prooptica.pt\/dielmar-a-marca-portuguesa-de-alfeitaria-mais-prestigiada\/#primaryimage","url":"https:\/\/www.prooptica.pt\/wp-content\/uploads\/2023\/03\/Dielmar-Rebrading.png","contentUrl":"https:\/\/www.prooptica.pt\/wp-content\/uploads\/2023\/03\/Dielmar-Rebrading.png","width":1696,"height":950},{"@type":"BreadcrumbList","@id":"https:\/\/www.prooptica.pt\/dielmar-a-marca-portuguesa-de-alfeitaria-mais-prestigiada\/#breadcrumb","itemListElement":[{"@type":"ListItem","position":1,"name":"In\u00edcio","item":"https:\/\/www.prooptica.pt\/"},{"@type":"ListItem","position":2,"name":"DIELMAR &#8211; A MARCA PORTUGUESA DE ALFAIATARIA MAIS PRESTIGIADA"}]},{"@type":"WebSite","@id":"https:\/\/www.prooptica.pt\/home\/#website","url":"https:\/\/www.prooptica.pt\/home\/","name":"Prooptica","description":"Concepto de gafas completas","potentialAction":[{"@type":"SearchAction","target":{"@type":"EntryPoint","urlTemplate":"https:\/\/www.prooptica.pt\/home\/?s={search_term_string}"},"query-input":{"@type":"PropertyValueSpecification","valueRequired":true,"valueName":"search_term_string"}}],"inLanguage":"es"},{"@type":"Person","@id":"https:\/\/www.prooptica.pt\/home\/#\/schema\/person\/c3afe955f42eef7c9c157838d5be4f29","name":"Comercializaci\u00f3n de Prooptica","image":{"@type":"ImageObject","inLanguage":"es","@id":"https:\/\/secure.gravatar.com\/avatar\/23248622405e2ce007d39ad746d368991c744fa6fce97036e33e8d9221859ae3?s=96&d=mm&r=g","url":"https:\/\/secure.gravatar.com\/avatar\/23248622405e2ce007d39ad746d368991c744fa6fce97036e33e8d9221859ae3?s=96&d=mm&r=g","contentUrl":"https:\/\/secure.gravatar.com\/avatar\/23248622405e2ce007d39ad746d368991c744fa6fce97036e33e8d9221859ae3?s=96&d=mm&r=g","caption":"Marketing Prooptica"},"url":"https:\/\/www.prooptica.pt\/es\/author\/marketing\/"}]}},"_links":{"self":[{"href":"https:\/\/www.prooptica.pt\/es\/wp-json\/wp\/v2\/posts\/16115","targetHints":{"allow":["GET"]}}],"collection":[{"href":"https:\/\/www.prooptica.pt\/es\/wp-json\/wp\/v2\/posts"}],"about":[{"href":"https:\/\/www.prooptica.pt\/es\/wp-json\/wp\/v2\/types\/post"}],"author":[{"embeddable":true,"href":"https:\/\/www.prooptica.pt\/es\/wp-json\/wp\/v2\/users\/3"}],"replies":[{"embeddable":true,"href":"https:\/\/www.prooptica.pt\/es\/wp-json\/wp\/v2\/comments?post=16115"}],"version-history":[{"count":0,"href":"https:\/\/www.prooptica.pt\/es\/wp-json\/wp\/v2\/posts\/16115\/revisions"}],"wp:featuredmedia":[{"embeddable":true,"href":"https:\/\/www.prooptica.pt\/es\/wp-json\/wp\/v2\/media\/16164"}],"wp:attachment":[{"href":"https:\/\/www.prooptica.pt\/es\/wp-json\/wp\/v2\/media?parent=16115"}],"wp:term":[{"taxonomy":"category","embeddable":true,"href":"https:\/\/www.prooptica.pt\/es\/wp-json\/wp\/v2\/categories?post=16115"},{"taxonomy":"post_tag","embeddable":true,"href":"https:\/\/www.prooptica.pt\/es\/wp-json\/wp\/v2\/tags?post=16115"}],"curies":[{"name":"wp","href":"https:\/\/api.w.org\/{rel}","templated":true}]}}