{"id":16338,"date":"2023-03-14T14:49:37","date_gmt":"2023-03-14T14:49:37","guid":{"rendered":"https:\/\/prooptica.pt\/?p=16338"},"modified":"2023-03-14T16:55:48","modified_gmt":"2023-03-14T16:55:48","slug":"dia-de-la-mujer-2023-mujeres-prooptica","status":"publish","type":"post","link":"https:\/\/www.prooptica.pt\/es\/dia-da-mulher-2023-mulheres-prooptica\/","title":{"rendered":"D\u00eda de la Mujer 2023 - Prooptica Women"},"content":{"rendered":"<p>El 8 de marzo se celebr\u00f3 el D\u00eda de la Mujer, un d\u00eda que representa una jornada de lucha por la igualdad de derechos civiles. Un d\u00eda que nos recuerda todos los logros sociales, pol\u00edticos y econ\u00f3micos ya conseguidos y nos advierte de que a\u00fan queda mucho por hacer para mejorar las condiciones de igualdad de derechos de las mujeres.<\/p>\r\n<p>Prooptica es una empresa que tiene siempre presente esta preocupaci\u00f3n, y 50% del equipo son mujeres, la mayor\u00eda de las cuales ocupan puestos directivos y de gesti\u00f3n. El liderazgo femenino es una realidad en Prooptica. Competentes, resistentes, inteligentes e irreverentes, contribuyen en gran medida al \u00e9xito de nuestra organizaci\u00f3n.<\/p>\r\n<p>Todos los a\u00f1os celebramos el D\u00eda de la Mujer, homenajeando a las mujeres que forman este equipo y que luchan cada d\u00eda por el crecimiento y la evoluci\u00f3n de la empresa. En este d\u00eda tan especial, nuestras mujeres pudieron disfrutar de un estupendo masaje relajante durante su jornada laboral.<\/p>\r\n<p><img fetchpriority=\"high\" decoding=\"async\" class=\"size-medium wp-image-16342 aligncenter\" src=\"https:\/\/prooptica.pt\/wp-content\/uploads\/2023\/04\/quick-massage-266x300.jpg\" alt=\"\" width=\"266\" height=\"300\" srcset=\"https:\/\/www.prooptica.pt\/wp-content\/uploads\/2023\/04\/quick-massage-266x300.jpg 266w, https:\/\/www.prooptica.pt\/wp-content\/uploads\/2023\/04\/quick-massage-908x1024.jpg 908w, https:\/\/www.prooptica.pt\/wp-content\/uploads\/2023\/04\/quick-massage-768x867.jpg 768w, https:\/\/www.prooptica.pt\/wp-content\/uploads\/2023\/04\/quick-massage.jpg 1247w\" sizes=\"(max-width: 266px) 100vw, 266px\" \/><\/p>\r\n<p>A todas las mujeres en general, y en particular a las mujeres que dirigen y lideran empresas, nuestro enorme respeto. Gracias.<\/p>\r\n<h3 style=\"text-align: center;\">Feliz D\u00eda de la Mujer<\/h3>\r\n<p>&nbsp;<\/p>","protected":false},"excerpt":{"rendered":"<p>No dia 8 de Mar\u00e7o celebrou-se o Dia da Mulher, um dia que representa uma jornada de luta pela igualdade de direitos civis. Um dia que nos lembra todas as conquistas sociais, pol\u00edticas e econ\u00f3micas que j\u00e1 foram alcan\u00e7adas e nos alerta que ainda h\u00e1 muito a fazer para melhorar as condi\u00e7\u00f5es de igualdade de [&hellip;]<\/p>\n","protected":false},"author":3,"featured_media":16340,"comment_status":"open","ping_status":"open","sticky":false,"template":"","format":"standard","meta":{"footnotes":""},"categories":[195],"tags":[],"class_list":["post-16338","post","type-post","status-publish","format-standard","has-post-thumbnail","hentry","category-institucional"],"yoast_head":"<!-- This site is optimized with the Yoast SEO plugin v27.5 - https:\/\/yoast.com\/product\/yoast-seo-wordpress\/ -->\n<title>Dia da Mulher 2023 - Mulheres Prooptica - Prooptica<\/title>\n<meta name=\"description\" content=\"No \u00e2mbito do seu 30\u00ba anivers\u00e1rio, a Prooptica levou a sua equipa e alguns clientes ao Teatro.\u00a0A pe\u00e7a escolhida foi &quot;Trair e Co\u00e7ar \u00e9 s\u00f3 come\u00e7ar&quot;\" \/>\n<meta name=\"robots\" content=\"index, follow, max-snippet:-1, max-image-preview:large, max-video-preview:-1\" \/>\n<link rel=\"canonical\" href=\"https:\/\/www.prooptica.pt\/es\/dia-de-la-mujer-2023-mujeres-prooptica\/\" \/>\n<meta property=\"og:locale\" content=\"es_ES\" \/>\n<meta property=\"og:type\" content=\"article\" \/>\n<meta property=\"og:title\" content=\"Dia da Mulher 2023 - Mulheres Prooptica - Prooptica\" \/>\n<meta property=\"og:description\" content=\"No \u00e2mbito do seu 30\u00ba anivers\u00e1rio, a Prooptica levou a sua equipa e alguns clientes ao Teatro.\u00a0A pe\u00e7a escolhida foi &quot;Trair e Co\u00e7ar \u00e9 s\u00f3 come\u00e7ar&quot;\" \/>\n<meta property=\"og:url\" content=\"https:\/\/www.prooptica.pt\/es\/dia-de-la-mujer-2023-mujeres-prooptica\/\" \/>\n<meta property=\"og:site_name\" content=\"Prooptica\" \/>\n<meta property=\"article:published_time\" content=\"2023-03-14T14:49:37+00:00\" \/>\n<meta property=\"article:modified_time\" content=\"2023-03-14T16:55:48+00:00\" \/>\n<meta property=\"og:image\" content=\"https:\/\/www.prooptica.pt\/wp-content\/uploads\/2023\/04\/Capa-dia-Mulher-2023.jpg\" \/>\n\t<meta property=\"og:image:width\" content=\"2016\" \/>\n\t<meta property=\"og:image:height\" content=\"1512\" \/>\n\t<meta property=\"og:image:type\" content=\"image\/jpeg\" \/>\n<meta name=\"author\" content=\"Marketing Prooptica\" \/>\n<meta name=\"twitter:card\" content=\"summary_large_image\" \/>\n<meta name=\"twitter:label1\" content=\"Escrito por\" \/>\n\t<meta name=\"twitter:data1\" content=\"Marketing Prooptica\" \/>\n\t<meta name=\"twitter:label2\" content=\"Tiempo de lectura\" \/>\n\t<meta name=\"twitter:data2\" content=\"2 minutos\" \/>\n<script type=\"application\/ld+json\" class=\"yoast-schema-graph\">{\"@context\":\"https:\\\/\\\/schema.org\",\"@graph\":[{\"@type\":\"Article\",\"@id\":\"https:\\\/\\\/www.prooptica.pt\\\/dia-da-mulher-2023-mulheres-prooptica\\\/#article\",\"isPartOf\":{\"@id\":\"https:\\\/\\\/www.prooptica.pt\\\/dia-da-mulher-2023-mulheres-prooptica\\\/\"},\"author\":{\"name\":\"Marketing Prooptica\",\"@id\":\"https:\\\/\\\/www.prooptica.pt\\\/home\\\/#\\\/schema\\\/person\\\/c3afe955f42eef7c9c157838d5be4f29\"},\"headline\":\"Dia da Mulher 2023 &#8211; Mulheres Prooptica\",\"datePublished\":\"2023-03-14T14:49:37+00:00\",\"dateModified\":\"2023-03-14T16:55:48+00:00\",\"mainEntityOfPage\":{\"@id\":\"https:\\\/\\\/www.prooptica.pt\\\/dia-da-mulher-2023-mulheres-prooptica\\\/\"},\"wordCount\":200,\"commentCount\":0,\"image\":{\"@id\":\"https:\\\/\\\/www.prooptica.pt\\\/dia-da-mulher-2023-mulheres-prooptica\\\/#primaryimage\"},\"thumbnailUrl\":\"https:\\\/\\\/www.prooptica.pt\\\/wp-content\\\/uploads\\\/2023\\\/04\\\/Capa-dia-Mulher-2023.jpg\",\"articleSection\":[\"Institucional\"],\"inLanguage\":\"es\"},{\"@type\":\"WebPage\",\"@id\":\"https:\\\/\\\/www.prooptica.pt\\\/dia-da-mulher-2023-mulheres-prooptica\\\/\",\"url\":\"https:\\\/\\\/www.prooptica.pt\\\/dia-da-mulher-2023-mulheres-prooptica\\\/\",\"name\":\"Dia da Mulher 2023 - Mulheres Prooptica - Prooptica\",\"isPartOf\":{\"@id\":\"https:\\\/\\\/www.prooptica.pt\\\/home\\\/#website\"},\"primaryImageOfPage\":{\"@id\":\"https:\\\/\\\/www.prooptica.pt\\\/dia-da-mulher-2023-mulheres-prooptica\\\/#primaryimage\"},\"image\":{\"@id\":\"https:\\\/\\\/www.prooptica.pt\\\/dia-da-mulher-2023-mulheres-prooptica\\\/#primaryimage\"},\"thumbnailUrl\":\"https:\\\/\\\/www.prooptica.pt\\\/wp-content\\\/uploads\\\/2023\\\/04\\\/Capa-dia-Mulher-2023.jpg\",\"datePublished\":\"2023-03-14T14:49:37+00:00\",\"dateModified\":\"2023-03-14T16:55:48+00:00\",\"author\":{\"@id\":\"https:\\\/\\\/www.prooptica.pt\\\/home\\\/#\\\/schema\\\/person\\\/c3afe955f42eef7c9c157838d5be4f29\"},\"description\":\"No \u00e2mbito do seu 30\u00ba anivers\u00e1rio, a Prooptica levou a sua equipa e alguns clientes ao Teatro.\u00a0A pe\u00e7a escolhida foi \\\"Trair e Co\u00e7ar \u00e9 s\u00f3 come\u00e7ar\\\"\",\"breadcrumb\":{\"@id\":\"https:\\\/\\\/www.prooptica.pt\\\/dia-da-mulher-2023-mulheres-prooptica\\\/#breadcrumb\"},\"inLanguage\":\"es\",\"potentialAction\":[{\"@type\":\"ReadAction\",\"target\":[\"https:\\\/\\\/www.prooptica.pt\\\/dia-da-mulher-2023-mulheres-prooptica\\\/\"]}]},{\"@type\":\"ImageObject\",\"inLanguage\":\"es\",\"@id\":\"https:\\\/\\\/www.prooptica.pt\\\/dia-da-mulher-2023-mulheres-prooptica\\\/#primaryimage\",\"url\":\"https:\\\/\\\/www.prooptica.pt\\\/wp-content\\\/uploads\\\/2023\\\/04\\\/Capa-dia-Mulher-2023.jpg\",\"contentUrl\":\"https:\\\/\\\/www.prooptica.pt\\\/wp-content\\\/uploads\\\/2023\\\/04\\\/Capa-dia-Mulher-2023.jpg\",\"width\":2016,\"height\":1512},{\"@type\":\"BreadcrumbList\",\"@id\":\"https:\\\/\\\/www.prooptica.pt\\\/dia-da-mulher-2023-mulheres-prooptica\\\/#breadcrumb\",\"itemListElement\":[{\"@type\":\"ListItem\",\"position\":1,\"name\":\"In\u00edcio\",\"item\":\"https:\\\/\\\/www.prooptica.pt\\\/\"},{\"@type\":\"ListItem\",\"position\":2,\"name\":\"Dia da Mulher 2023 &#8211; Mulheres Prooptica\"}]},{\"@type\":\"WebSite\",\"@id\":\"https:\\\/\\\/www.prooptica.pt\\\/home\\\/#website\",\"url\":\"https:\\\/\\\/www.prooptica.pt\\\/home\\\/\",\"name\":\"Prooptica\",\"description\":\"Full Eyewear Concept\",\"potentialAction\":[{\"@type\":\"SearchAction\",\"target\":{\"@type\":\"EntryPoint\",\"urlTemplate\":\"https:\\\/\\\/www.prooptica.pt\\\/home\\\/?s={search_term_string}\"},\"query-input\":{\"@type\":\"PropertyValueSpecification\",\"valueRequired\":true,\"valueName\":\"search_term_string\"}}],\"inLanguage\":\"es\"},{\"@type\":\"Person\",\"@id\":\"https:\\\/\\\/www.prooptica.pt\\\/home\\\/#\\\/schema\\\/person\\\/c3afe955f42eef7c9c157838d5be4f29\",\"name\":\"Marketing Prooptica\",\"image\":{\"@type\":\"ImageObject\",\"inLanguage\":\"es\",\"@id\":\"https:\\\/\\\/secure.gravatar.com\\\/avatar\\\/23248622405e2ce007d39ad746d368991c744fa6fce97036e33e8d9221859ae3?s=96&d=mm&r=g\",\"url\":\"https:\\\/\\\/secure.gravatar.com\\\/avatar\\\/23248622405e2ce007d39ad746d368991c744fa6fce97036e33e8d9221859ae3?s=96&d=mm&r=g\",\"contentUrl\":\"https:\\\/\\\/secure.gravatar.com\\\/avatar\\\/23248622405e2ce007d39ad746d368991c744fa6fce97036e33e8d9221859ae3?s=96&d=mm&r=g\",\"caption\":\"Marketing Prooptica\"},\"url\":\"https:\\\/\\\/www.prooptica.pt\\\/es\\\/author\\\/marketing\\\/\"}]}<\/script>\n<!-- \/ Yoast SEO plugin. -->","yoast_head_json":{"title":"D\u00eda de la Mujer 2023 - Prooptica Women - Prooptica","description":"En el marco de su 30 aniversario, Prooptica llev\u00f3 al teatro a su equipo y a algunos de sus clientes. La obra elegida fue \"Traicionar y rascar no ha hecho m\u00e1s que empezar\".","robots":{"index":"index","follow":"follow","max-snippet":"max-snippet:-1","max-image-preview":"max-image-preview:large","max-video-preview":"max-video-preview:-1"},"canonical":"https:\/\/www.prooptica.pt\/es\/dia-de-la-mujer-2023-mujeres-prooptica\/","og_locale":"es_ES","og_type":"article","og_title":"Dia da Mulher 2023 - Mulheres Prooptica - Prooptica","og_description":"No \u00e2mbito do seu 30\u00ba anivers\u00e1rio, a Prooptica levou a sua equipa e alguns clientes ao Teatro.\u00a0A pe\u00e7a escolhida foi \"Trair e Co\u00e7ar \u00e9 s\u00f3 come\u00e7ar\"","og_url":"https:\/\/www.prooptica.pt\/es\/dia-de-la-mujer-2023-mujeres-prooptica\/","og_site_name":"Prooptica","article_published_time":"2023-03-14T14:49:37+00:00","article_modified_time":"2023-03-14T16:55:48+00:00","og_image":[{"width":2016,"height":1512,"url":"https:\/\/www.prooptica.pt\/wp-content\/uploads\/2023\/04\/Capa-dia-Mulher-2023.jpg","type":"image\/jpeg"}],"author":"Marketing Prooptica","twitter_card":"summary_large_image","twitter_misc":{"Escrito por":"Marketing Prooptica","Tiempo de lectura":"2 minutos"},"schema":{"@context":"https:\/\/schema.org","@graph":[{"@type":"Article","@id":"https:\/\/www.prooptica.pt\/dia-da-mulher-2023-mulheres-prooptica\/#article","isPartOf":{"@id":"https:\/\/www.prooptica.pt\/dia-da-mulher-2023-mulheres-prooptica\/"},"author":{"name":"Marketing Prooptica","@id":"https:\/\/www.prooptica.pt\/home\/#\/schema\/person\/c3afe955f42eef7c9c157838d5be4f29"},"headline":"Dia da Mulher 2023 &#8211; Mulheres Prooptica","datePublished":"2023-03-14T14:49:37+00:00","dateModified":"2023-03-14T16:55:48+00:00","mainEntityOfPage":{"@id":"https:\/\/www.prooptica.pt\/dia-da-mulher-2023-mulheres-prooptica\/"},"wordCount":200,"commentCount":0,"image":{"@id":"https:\/\/www.prooptica.pt\/dia-da-mulher-2023-mulheres-prooptica\/#primaryimage"},"thumbnailUrl":"https:\/\/www.prooptica.pt\/wp-content\/uploads\/2023\/04\/Capa-dia-Mulher-2023.jpg","articleSection":["Institucional"],"inLanguage":"es"},{"@type":"WebPage","@id":"https:\/\/www.prooptica.pt\/dia-da-mulher-2023-mulheres-prooptica\/","url":"https:\/\/www.prooptica.pt\/dia-da-mulher-2023-mulheres-prooptica\/","name":"D\u00eda de la Mujer 2023 - Prooptica Women - Prooptica","isPartOf":{"@id":"https:\/\/www.prooptica.pt\/home\/#website"},"primaryImageOfPage":{"@id":"https:\/\/www.prooptica.pt\/dia-da-mulher-2023-mulheres-prooptica\/#primaryimage"},"image":{"@id":"https:\/\/www.prooptica.pt\/dia-da-mulher-2023-mulheres-prooptica\/#primaryimage"},"thumbnailUrl":"https:\/\/www.prooptica.pt\/wp-content\/uploads\/2023\/04\/Capa-dia-Mulher-2023.jpg","datePublished":"2023-03-14T14:49:37+00:00","dateModified":"2023-03-14T16:55:48+00:00","author":{"@id":"https:\/\/www.prooptica.pt\/home\/#\/schema\/person\/c3afe955f42eef7c9c157838d5be4f29"},"description":"En el marco de su 30 aniversario, Prooptica llev\u00f3 al teatro a su equipo y a algunos de sus clientes. La obra elegida fue \"Traicionar y rascar no ha hecho m\u00e1s que empezar\".","breadcrumb":{"@id":"https:\/\/www.prooptica.pt\/dia-da-mulher-2023-mulheres-prooptica\/#breadcrumb"},"inLanguage":"es","potentialAction":[{"@type":"ReadAction","target":["https:\/\/www.prooptica.pt\/dia-da-mulher-2023-mulheres-prooptica\/"]}]},{"@type":"ImageObject","inLanguage":"es","@id":"https:\/\/www.prooptica.pt\/dia-da-mulher-2023-mulheres-prooptica\/#primaryimage","url":"https:\/\/www.prooptica.pt\/wp-content\/uploads\/2023\/04\/Capa-dia-Mulher-2023.jpg","contentUrl":"https:\/\/www.prooptica.pt\/wp-content\/uploads\/2023\/04\/Capa-dia-Mulher-2023.jpg","width":2016,"height":1512},{"@type":"BreadcrumbList","@id":"https:\/\/www.prooptica.pt\/dia-da-mulher-2023-mulheres-prooptica\/#breadcrumb","itemListElement":[{"@type":"ListItem","position":1,"name":"In\u00edcio","item":"https:\/\/www.prooptica.pt\/"},{"@type":"ListItem","position":2,"name":"Dia da Mulher 2023 &#8211; Mulheres Prooptica"}]},{"@type":"WebSite","@id":"https:\/\/www.prooptica.pt\/home\/#website","url":"https:\/\/www.prooptica.pt\/home\/","name":"Prooptica","description":"Concepto de gafas completas","potentialAction":[{"@type":"SearchAction","target":{"@type":"EntryPoint","urlTemplate":"https:\/\/www.prooptica.pt\/home\/?s={search_term_string}"},"query-input":{"@type":"PropertyValueSpecification","valueRequired":true,"valueName":"search_term_string"}}],"inLanguage":"es"},{"@type":"Person","@id":"https:\/\/www.prooptica.pt\/home\/#\/schema\/person\/c3afe955f42eef7c9c157838d5be4f29","name":"Comercializaci\u00f3n de Prooptica","image":{"@type":"ImageObject","inLanguage":"es","@id":"https:\/\/secure.gravatar.com\/avatar\/23248622405e2ce007d39ad746d368991c744fa6fce97036e33e8d9221859ae3?s=96&d=mm&r=g","url":"https:\/\/secure.gravatar.com\/avatar\/23248622405e2ce007d39ad746d368991c744fa6fce97036e33e8d9221859ae3?s=96&d=mm&r=g","contentUrl":"https:\/\/secure.gravatar.com\/avatar\/23248622405e2ce007d39ad746d368991c744fa6fce97036e33e8d9221859ae3?s=96&d=mm&r=g","caption":"Marketing Prooptica"},"url":"https:\/\/www.prooptica.pt\/es\/author\/marketing\/"}]}},"_links":{"self":[{"href":"https:\/\/www.prooptica.pt\/es\/wp-json\/wp\/v2\/posts\/16338","targetHints":{"allow":["GET"]}}],"collection":[{"href":"https:\/\/www.prooptica.pt\/es\/wp-json\/wp\/v2\/posts"}],"about":[{"href":"https:\/\/www.prooptica.pt\/es\/wp-json\/wp\/v2\/types\/post"}],"author":[{"embeddable":true,"href":"https:\/\/www.prooptica.pt\/es\/wp-json\/wp\/v2\/users\/3"}],"replies":[{"embeddable":true,"href":"https:\/\/www.prooptica.pt\/es\/wp-json\/wp\/v2\/comments?post=16338"}],"version-history":[{"count":0,"href":"https:\/\/www.prooptica.pt\/es\/wp-json\/wp\/v2\/posts\/16338\/revisions"}],"wp:featuredmedia":[{"embeddable":true,"href":"https:\/\/www.prooptica.pt\/es\/wp-json\/wp\/v2\/media\/16340"}],"wp:attachment":[{"href":"https:\/\/www.prooptica.pt\/es\/wp-json\/wp\/v2\/media?parent=16338"}],"wp:term":[{"taxonomy":"category","embeddable":true,"href":"https:\/\/www.prooptica.pt\/es\/wp-json\/wp\/v2\/categories?post=16338"},{"taxonomy":"post_tag","embeddable":true,"href":"https:\/\/www.prooptica.pt\/es\/wp-json\/wp\/v2\/tags?post=16338"}],"curies":[{"name":"wp","href":"https:\/\/api.w.org\/{rel}","templated":true}]}}