{"id":16385,"date":"2023-03-20T16:00:13","date_gmt":"2023-03-20T16:00:13","guid":{"rendered":"https:\/\/prooptica.pt\/?p=16385"},"modified":"2023-03-20T16:45:33","modified_gmt":"2023-03-20T16:45:33","slug":"prooptica-organiza-un-cribado-visual-benefico","status":"publish","type":"post","link":"https:\/\/www.prooptica.pt\/es\/prooptica-realiza-acao-solidaria-de-rastreio-visual\/","title":{"rendered":"Prooptica organiza un acto ben\u00e9fico de revisi\u00f3n visual"},"content":{"rendered":"<p>En octubre de 2021, Prooptica firm\u00f3 un Protocolo de Cooperaci\u00f3n con el <span style=\"color: #52a0d7;\"><a style=\"color: #52a0d7;\" href=\"https:\/\/www.cm-odemira.pt\/pages\/470?poi_id=64\" target=\"_blank\" rel=\"noreferrer noopener\">Centro Cultural Brej\u00e3o<\/a><\/span> en el marco de una fuerte pol\u00edtica de responsabilidad social que mantenemos desde hace varios a\u00f1os con diversas instituciones de apoyo a personas en situaci\u00f3n de riesgo.<\/p>\r\n<p>Este protocolo prev\u00e9 ex\u00e1menes visuales de diagn\u00f3stico que son el resultado de una colaboraci\u00f3n con <span style=\"color: #52a0d7;\"><a style=\"color: #52a0d7;\" href=\"https:\/\/amaliarodrigues.pt\/\" target=\"_blank\" rel=\"noreferrer noopener\">Fundaci\u00f3n Am\u00e1lia Rodrigues<\/a><\/span> y pretenden cumplir los deseos de la Sra. Am\u00e1lia Rodrigues, quien, en su testamento, expres\u00f3 su voluntad de que la Fundaci\u00f3n Am\u00e1lia apoyase causas ben\u00e9ficas en el municipio con el que manten\u00eda fuertes relaciones.<\/p>\r\n\r\n\r\n\r\n<p>Prooptica ha realizado hoy otro cribado de diagn\u00f3stico visual en el marco de este protocolo de cooperaci\u00f3n, que incluye la oferta de lentes y monturas a residentes en situaci\u00f3n de riesgo socioecon\u00f3mico en el municipio de Odemira.<\/p>\r\n\r\n\r\n\r\n<p>Prooptica cont\u00f3 con la amable colaboraci\u00f3n de <span style=\"color: #52a0d7;\"><a style=\"color: #52a0d7;\" href=\"https:\/\/www.facebook.com\/ProLente\" target=\"_blank\" rel=\"noreferrer noopener\">Prolente<\/a> <\/span>que, en la persona del Dr. Rui Teixeira, ha realizado hoy m\u00e1s de 25 citas de cribado y ha proporcionado todo el equipo t\u00e9cnico necesario, a quien expresamos nuestro especial agradecimiento.<\/p>\r\n<p><img fetchpriority=\"high\" decoding=\"async\" class=\"wp-image-16389 size-large aligncenter\" src=\"https:\/\/prooptica.pt\/wp-content\/uploads\/2023\/04\/Rastreio-Brejao-Mar-2023-2-1024x768.jpeg\" alt=\"\" width=\"1024\" height=\"768\" srcset=\"https:\/\/www.prooptica.pt\/wp-content\/uploads\/2023\/04\/Rastreio-Brejao-Mar-2023-2-1024x768.jpeg 1024w, https:\/\/www.prooptica.pt\/wp-content\/uploads\/2023\/04\/Rastreio-Brejao-Mar-2023-2-300x225.jpeg 300w, https:\/\/www.prooptica.pt\/wp-content\/uploads\/2023\/04\/Rastreio-Brejao-Mar-2023-2-768x576.jpeg 768w, https:\/\/www.prooptica.pt\/wp-content\/uploads\/2023\/04\/Rastreio-Brejao-Mar-2023-2-1536x1152.jpeg 1536w, https:\/\/www.prooptica.pt\/wp-content\/uploads\/2023\/04\/Rastreio-Brejao-Mar-2023-2.jpeg 1600w\" sizes=\"(max-width: 1024px) 100vw, 1024px\" \/><\/p>\r\n<p>&nbsp;<\/p>\r\n<p><img decoding=\"async\" class=\"wp-image-16392 size-full aligncenter\" src=\"https:\/\/prooptica.pt\/wp-content\/uploads\/2023\/04\/Asset-1-100.jpg\" alt=\"\" width=\"1025\" height=\"504\" srcset=\"https:\/\/www.prooptica.pt\/wp-content\/uploads\/2023\/04\/Asset-1-100.jpg 1025w, https:\/\/www.prooptica.pt\/wp-content\/uploads\/2023\/04\/Asset-1-100-300x148.jpg 300w, https:\/\/www.prooptica.pt\/wp-content\/uploads\/2023\/04\/Asset-1-100-768x378.jpg 768w\" sizes=\"(max-width: 1025px) 100vw, 1025px\" \/><\/p>\r\n<p>&nbsp;<\/p>\r\n\r\n\r\n\r\n<p><strong>Para el Director General de Prooptica,<\/strong><strong>\u00a0<span style=\"color: #52a0d7;\"><a style=\"color: #52a0d7;\" href=\"https:\/\/www.linkedin.com\/in\/ljustino\/\">Luis Justino<\/a><\/span>,<\/strong> Esta iniciativa cumple el objetivo de Prooptica de \"ayudar a crear una sociedad civil vibrante y exigente que construya el pa\u00eds que aspiramos a ser\".<\/p>","protected":false},"excerpt":{"rendered":"<p>Em Outubro de 2021 a Prooptica assinou um Protocolo de Coopera\u00e7\u00e3o com o Centro Cultural do Brej\u00e3o no \u00e2mbito de uma forte pol\u00edtica de responsabilidade social que h\u00e1 v\u00e1rios anos vimos a desenvolver junto de diversas institui\u00e7\u00f5es de apoio a popula\u00e7\u00f5es em risco. Este protocolo prev\u00ea a realiza\u00e7\u00e3o de rastreios de diagn\u00f3stico visual que resultam [&hellip;]<\/p>\n","protected":false},"author":3,"featured_media":16386,"comment_status":"open","ping_status":"open","sticky":false,"template":"","format":"standard","meta":{"footnotes":""},"categories":[195,43],"tags":[],"class_list":["post-16385","post","type-post","status-publish","format-standard","has-post-thumbnail","hentry","category-institucional","category-solidariedade"],"yoast_head":"<!-- This site is optimized with the Yoast SEO plugin v27.5 - https:\/\/yoast.com\/product\/yoast-seo-wordpress\/ -->\n<title>Prooptica realiza a\u00e7\u00e3o Solid\u00e1ria de Rastreio Visual - Prooptica<\/title>\n<meta name=\"robots\" content=\"index, follow, max-snippet:-1, max-image-preview:large, max-video-preview:-1\" \/>\n<link rel=\"canonical\" href=\"https:\/\/www.prooptica.pt\/es\/prooptica-organiza-un-cribado-visual-benefico\/\" \/>\n<meta property=\"og:locale\" content=\"es_ES\" \/>\n<meta property=\"og:type\" content=\"article\" \/>\n<meta property=\"og:title\" content=\"Prooptica realiza a\u00e7\u00e3o Solid\u00e1ria de Rastreio Visual - Prooptica\" \/>\n<meta property=\"og:description\" content=\"Em Outubro de 2021 a Prooptica assinou um Protocolo de Coopera\u00e7\u00e3o com o Centro Cultural do Brej\u00e3o no \u00e2mbito de uma forte pol\u00edtica de responsabilidade social que h\u00e1 v\u00e1rios anos vimos a desenvolver junto de diversas institui\u00e7\u00f5es de apoio a popula\u00e7\u00f5es em risco. Este protocolo prev\u00ea a realiza\u00e7\u00e3o de rastreios de diagn\u00f3stico visual que resultam [&hellip;]\" \/>\n<meta property=\"og:url\" content=\"https:\/\/www.prooptica.pt\/es\/prooptica-organiza-un-cribado-visual-benefico\/\" \/>\n<meta property=\"og:site_name\" content=\"Prooptica\" \/>\n<meta property=\"article:published_time\" content=\"2023-03-20T16:00:13+00:00\" \/>\n<meta property=\"article:modified_time\" content=\"2023-03-20T16:45:33+00:00\" \/>\n<meta property=\"og:image\" content=\"https:\/\/www.prooptica.pt\/wp-content\/uploads\/2023\/03\/Rastreio-Brejao-Mar-2023.jpeg\" \/>\n\t<meta property=\"og:image:width\" content=\"1600\" \/>\n\t<meta property=\"og:image:height\" content=\"1200\" \/>\n\t<meta property=\"og:image:type\" content=\"image\/jpeg\" \/>\n<meta name=\"author\" content=\"Marketing Prooptica\" \/>\n<meta name=\"twitter:card\" content=\"summary_large_image\" \/>\n<meta name=\"twitter:label1\" content=\"Escrito por\" \/>\n\t<meta name=\"twitter:data1\" content=\"Marketing Prooptica\" \/>\n\t<meta name=\"twitter:label2\" content=\"Tiempo de lectura\" \/>\n\t<meta name=\"twitter:data2\" content=\"2 minutos\" \/>\n<script type=\"application\/ld+json\" class=\"yoast-schema-graph\">{\"@context\":\"https:\\\/\\\/schema.org\",\"@graph\":[{\"@type\":\"Article\",\"@id\":\"https:\\\/\\\/www.prooptica.pt\\\/prooptica-realiza-acao-solidaria-de-rastreio-visual\\\/#article\",\"isPartOf\":{\"@id\":\"https:\\\/\\\/www.prooptica.pt\\\/prooptica-realiza-acao-solidaria-de-rastreio-visual\\\/\"},\"author\":{\"name\":\"Marketing Prooptica\",\"@id\":\"https:\\\/\\\/www.prooptica.pt\\\/home\\\/#\\\/schema\\\/person\\\/c3afe955f42eef7c9c157838d5be4f29\"},\"headline\":\"Prooptica realiza a\u00e7\u00e3o Solid\u00e1ria de Rastreio Visual\",\"datePublished\":\"2023-03-20T16:00:13+00:00\",\"dateModified\":\"2023-03-20T16:45:33+00:00\",\"mainEntityOfPage\":{\"@id\":\"https:\\\/\\\/www.prooptica.pt\\\/prooptica-realiza-acao-solidaria-de-rastreio-visual\\\/\"},\"wordCount\":230,\"commentCount\":0,\"image\":{\"@id\":\"https:\\\/\\\/www.prooptica.pt\\\/prooptica-realiza-acao-solidaria-de-rastreio-visual\\\/#primaryimage\"},\"thumbnailUrl\":\"https:\\\/\\\/www.prooptica.pt\\\/wp-content\\\/uploads\\\/2023\\\/03\\\/Rastreio-Brejao-Mar-2023.jpeg\",\"articleSection\":[\"Institucional\",\"Solidariedade\"],\"inLanguage\":\"es\"},{\"@type\":\"WebPage\",\"@id\":\"https:\\\/\\\/www.prooptica.pt\\\/prooptica-realiza-acao-solidaria-de-rastreio-visual\\\/\",\"url\":\"https:\\\/\\\/www.prooptica.pt\\\/prooptica-realiza-acao-solidaria-de-rastreio-visual\\\/\",\"name\":\"Prooptica realiza a\u00e7\u00e3o Solid\u00e1ria de Rastreio Visual - Prooptica\",\"isPartOf\":{\"@id\":\"https:\\\/\\\/www.prooptica.pt\\\/home\\\/#website\"},\"primaryImageOfPage\":{\"@id\":\"https:\\\/\\\/www.prooptica.pt\\\/prooptica-realiza-acao-solidaria-de-rastreio-visual\\\/#primaryimage\"},\"image\":{\"@id\":\"https:\\\/\\\/www.prooptica.pt\\\/prooptica-realiza-acao-solidaria-de-rastreio-visual\\\/#primaryimage\"},\"thumbnailUrl\":\"https:\\\/\\\/www.prooptica.pt\\\/wp-content\\\/uploads\\\/2023\\\/03\\\/Rastreio-Brejao-Mar-2023.jpeg\",\"datePublished\":\"2023-03-20T16:00:13+00:00\",\"dateModified\":\"2023-03-20T16:45:33+00:00\",\"author\":{\"@id\":\"https:\\\/\\\/www.prooptica.pt\\\/home\\\/#\\\/schema\\\/person\\\/c3afe955f42eef7c9c157838d5be4f29\"},\"breadcrumb\":{\"@id\":\"https:\\\/\\\/www.prooptica.pt\\\/prooptica-realiza-acao-solidaria-de-rastreio-visual\\\/#breadcrumb\"},\"inLanguage\":\"es\",\"potentialAction\":[{\"@type\":\"ReadAction\",\"target\":[\"https:\\\/\\\/www.prooptica.pt\\\/prooptica-realiza-acao-solidaria-de-rastreio-visual\\\/\"]}]},{\"@type\":\"ImageObject\",\"inLanguage\":\"es\",\"@id\":\"https:\\\/\\\/www.prooptica.pt\\\/prooptica-realiza-acao-solidaria-de-rastreio-visual\\\/#primaryimage\",\"url\":\"https:\\\/\\\/www.prooptica.pt\\\/wp-content\\\/uploads\\\/2023\\\/03\\\/Rastreio-Brejao-Mar-2023.jpeg\",\"contentUrl\":\"https:\\\/\\\/www.prooptica.pt\\\/wp-content\\\/uploads\\\/2023\\\/03\\\/Rastreio-Brejao-Mar-2023.jpeg\",\"width\":1600,\"height\":1200},{\"@type\":\"BreadcrumbList\",\"@id\":\"https:\\\/\\\/www.prooptica.pt\\\/prooptica-realiza-acao-solidaria-de-rastreio-visual\\\/#breadcrumb\",\"itemListElement\":[{\"@type\":\"ListItem\",\"position\":1,\"name\":\"In\u00edcio\",\"item\":\"https:\\\/\\\/www.prooptica.pt\\\/\"},{\"@type\":\"ListItem\",\"position\":2,\"name\":\"Prooptica realiza a\u00e7\u00e3o Solid\u00e1ria de Rastreio Visual\"}]},{\"@type\":\"WebSite\",\"@id\":\"https:\\\/\\\/www.prooptica.pt\\\/home\\\/#website\",\"url\":\"https:\\\/\\\/www.prooptica.pt\\\/home\\\/\",\"name\":\"Prooptica\",\"description\":\"Full Eyewear Concept\",\"potentialAction\":[{\"@type\":\"SearchAction\",\"target\":{\"@type\":\"EntryPoint\",\"urlTemplate\":\"https:\\\/\\\/www.prooptica.pt\\\/home\\\/?s={search_term_string}\"},\"query-input\":{\"@type\":\"PropertyValueSpecification\",\"valueRequired\":true,\"valueName\":\"search_term_string\"}}],\"inLanguage\":\"es\"},{\"@type\":\"Person\",\"@id\":\"https:\\\/\\\/www.prooptica.pt\\\/home\\\/#\\\/schema\\\/person\\\/c3afe955f42eef7c9c157838d5be4f29\",\"name\":\"Marketing Prooptica\",\"image\":{\"@type\":\"ImageObject\",\"inLanguage\":\"es\",\"@id\":\"https:\\\/\\\/secure.gravatar.com\\\/avatar\\\/23248622405e2ce007d39ad746d368991c744fa6fce97036e33e8d9221859ae3?s=96&d=mm&r=g\",\"url\":\"https:\\\/\\\/secure.gravatar.com\\\/avatar\\\/23248622405e2ce007d39ad746d368991c744fa6fce97036e33e8d9221859ae3?s=96&d=mm&r=g\",\"contentUrl\":\"https:\\\/\\\/secure.gravatar.com\\\/avatar\\\/23248622405e2ce007d39ad746d368991c744fa6fce97036e33e8d9221859ae3?s=96&d=mm&r=g\",\"caption\":\"Marketing Prooptica\"},\"url\":\"https:\\\/\\\/www.prooptica.pt\\\/es\\\/author\\\/marketing\\\/\"}]}<\/script>\n<!-- \/ Yoast SEO plugin. -->","yoast_head_json":{"title":"Prooptica organiza un acto ben\u00e9fico de revisi\u00f3n visual - Prooptica","robots":{"index":"index","follow":"follow","max-snippet":"max-snippet:-1","max-image-preview":"max-image-preview:large","max-video-preview":"max-video-preview:-1"},"canonical":"https:\/\/www.prooptica.pt\/es\/prooptica-organiza-un-cribado-visual-benefico\/","og_locale":"es_ES","og_type":"article","og_title":"Prooptica realiza a\u00e7\u00e3o Solid\u00e1ria de Rastreio Visual - Prooptica","og_description":"Em Outubro de 2021 a Prooptica assinou um Protocolo de Coopera\u00e7\u00e3o com o Centro Cultural do Brej\u00e3o no \u00e2mbito de uma forte pol\u00edtica de responsabilidade social que h\u00e1 v\u00e1rios anos vimos a desenvolver junto de diversas institui\u00e7\u00f5es de apoio a popula\u00e7\u00f5es em risco. Este protocolo prev\u00ea a realiza\u00e7\u00e3o de rastreios de diagn\u00f3stico visual que resultam [&hellip;]","og_url":"https:\/\/www.prooptica.pt\/es\/prooptica-organiza-un-cribado-visual-benefico\/","og_site_name":"Prooptica","article_published_time":"2023-03-20T16:00:13+00:00","article_modified_time":"2023-03-20T16:45:33+00:00","og_image":[{"width":1600,"height":1200,"url":"https:\/\/www.prooptica.pt\/wp-content\/uploads\/2023\/03\/Rastreio-Brejao-Mar-2023.jpeg","type":"image\/jpeg"}],"author":"Marketing Prooptica","twitter_card":"summary_large_image","twitter_misc":{"Escrito por":"Marketing Prooptica","Tiempo de lectura":"2 minutos"},"schema":{"@context":"https:\/\/schema.org","@graph":[{"@type":"Article","@id":"https:\/\/www.prooptica.pt\/prooptica-realiza-acao-solidaria-de-rastreio-visual\/#article","isPartOf":{"@id":"https:\/\/www.prooptica.pt\/prooptica-realiza-acao-solidaria-de-rastreio-visual\/"},"author":{"name":"Marketing Prooptica","@id":"https:\/\/www.prooptica.pt\/home\/#\/schema\/person\/c3afe955f42eef7c9c157838d5be4f29"},"headline":"Prooptica realiza a\u00e7\u00e3o Solid\u00e1ria de Rastreio Visual","datePublished":"2023-03-20T16:00:13+00:00","dateModified":"2023-03-20T16:45:33+00:00","mainEntityOfPage":{"@id":"https:\/\/www.prooptica.pt\/prooptica-realiza-acao-solidaria-de-rastreio-visual\/"},"wordCount":230,"commentCount":0,"image":{"@id":"https:\/\/www.prooptica.pt\/prooptica-realiza-acao-solidaria-de-rastreio-visual\/#primaryimage"},"thumbnailUrl":"https:\/\/www.prooptica.pt\/wp-content\/uploads\/2023\/03\/Rastreio-Brejao-Mar-2023.jpeg","articleSection":["Institucional","Solidariedade"],"inLanguage":"es"},{"@type":"WebPage","@id":"https:\/\/www.prooptica.pt\/prooptica-realiza-acao-solidaria-de-rastreio-visual\/","url":"https:\/\/www.prooptica.pt\/prooptica-realiza-acao-solidaria-de-rastreio-visual\/","name":"Prooptica organiza un acto ben\u00e9fico de revisi\u00f3n visual - Prooptica","isPartOf":{"@id":"https:\/\/www.prooptica.pt\/home\/#website"},"primaryImageOfPage":{"@id":"https:\/\/www.prooptica.pt\/prooptica-realiza-acao-solidaria-de-rastreio-visual\/#primaryimage"},"image":{"@id":"https:\/\/www.prooptica.pt\/prooptica-realiza-acao-solidaria-de-rastreio-visual\/#primaryimage"},"thumbnailUrl":"https:\/\/www.prooptica.pt\/wp-content\/uploads\/2023\/03\/Rastreio-Brejao-Mar-2023.jpeg","datePublished":"2023-03-20T16:00:13+00:00","dateModified":"2023-03-20T16:45:33+00:00","author":{"@id":"https:\/\/www.prooptica.pt\/home\/#\/schema\/person\/c3afe955f42eef7c9c157838d5be4f29"},"breadcrumb":{"@id":"https:\/\/www.prooptica.pt\/prooptica-realiza-acao-solidaria-de-rastreio-visual\/#breadcrumb"},"inLanguage":"es","potentialAction":[{"@type":"ReadAction","target":["https:\/\/www.prooptica.pt\/prooptica-realiza-acao-solidaria-de-rastreio-visual\/"]}]},{"@type":"ImageObject","inLanguage":"es","@id":"https:\/\/www.prooptica.pt\/prooptica-realiza-acao-solidaria-de-rastreio-visual\/#primaryimage","url":"https:\/\/www.prooptica.pt\/wp-content\/uploads\/2023\/03\/Rastreio-Brejao-Mar-2023.jpeg","contentUrl":"https:\/\/www.prooptica.pt\/wp-content\/uploads\/2023\/03\/Rastreio-Brejao-Mar-2023.jpeg","width":1600,"height":1200},{"@type":"BreadcrumbList","@id":"https:\/\/www.prooptica.pt\/prooptica-realiza-acao-solidaria-de-rastreio-visual\/#breadcrumb","itemListElement":[{"@type":"ListItem","position":1,"name":"In\u00edcio","item":"https:\/\/www.prooptica.pt\/"},{"@type":"ListItem","position":2,"name":"Prooptica realiza a\u00e7\u00e3o Solid\u00e1ria de Rastreio Visual"}]},{"@type":"WebSite","@id":"https:\/\/www.prooptica.pt\/home\/#website","url":"https:\/\/www.prooptica.pt\/home\/","name":"Prooptica","description":"Concepto de gafas completas","potentialAction":[{"@type":"SearchAction","target":{"@type":"EntryPoint","urlTemplate":"https:\/\/www.prooptica.pt\/home\/?s={search_term_string}"},"query-input":{"@type":"PropertyValueSpecification","valueRequired":true,"valueName":"search_term_string"}}],"inLanguage":"es"},{"@type":"Person","@id":"https:\/\/www.prooptica.pt\/home\/#\/schema\/person\/c3afe955f42eef7c9c157838d5be4f29","name":"Comercializaci\u00f3n de Prooptica","image":{"@type":"ImageObject","inLanguage":"es","@id":"https:\/\/secure.gravatar.com\/avatar\/23248622405e2ce007d39ad746d368991c744fa6fce97036e33e8d9221859ae3?s=96&d=mm&r=g","url":"https:\/\/secure.gravatar.com\/avatar\/23248622405e2ce007d39ad746d368991c744fa6fce97036e33e8d9221859ae3?s=96&d=mm&r=g","contentUrl":"https:\/\/secure.gravatar.com\/avatar\/23248622405e2ce007d39ad746d368991c744fa6fce97036e33e8d9221859ae3?s=96&d=mm&r=g","caption":"Marketing Prooptica"},"url":"https:\/\/www.prooptica.pt\/es\/author\/marketing\/"}]}},"_links":{"self":[{"href":"https:\/\/www.prooptica.pt\/es\/wp-json\/wp\/v2\/posts\/16385","targetHints":{"allow":["GET"]}}],"collection":[{"href":"https:\/\/www.prooptica.pt\/es\/wp-json\/wp\/v2\/posts"}],"about":[{"href":"https:\/\/www.prooptica.pt\/es\/wp-json\/wp\/v2\/types\/post"}],"author":[{"embeddable":true,"href":"https:\/\/www.prooptica.pt\/es\/wp-json\/wp\/v2\/users\/3"}],"replies":[{"embeddable":true,"href":"https:\/\/www.prooptica.pt\/es\/wp-json\/wp\/v2\/comments?post=16385"}],"version-history":[{"count":0,"href":"https:\/\/www.prooptica.pt\/es\/wp-json\/wp\/v2\/posts\/16385\/revisions"}],"wp:featuredmedia":[{"embeddable":true,"href":"https:\/\/www.prooptica.pt\/es\/wp-json\/wp\/v2\/media\/16386"}],"wp:attachment":[{"href":"https:\/\/www.prooptica.pt\/es\/wp-json\/wp\/v2\/media?parent=16385"}],"wp:term":[{"taxonomy":"category","embeddable":true,"href":"https:\/\/www.prooptica.pt\/es\/wp-json\/wp\/v2\/categories?post=16385"},{"taxonomy":"post_tag","embeddable":true,"href":"https:\/\/www.prooptica.pt\/es\/wp-json\/wp\/v2\/tags?post=16385"}],"curies":[{"name":"wp","href":"https:\/\/api.w.org\/{rel}","templated":true}]}}