{"id":16396,"date":"2023-03-27T10:03:58","date_gmt":"2023-03-27T10:03:58","guid":{"rendered":"https:\/\/prooptica.pt\/?p=16396"},"modified":"2023-03-27T10:03:58","modified_gmt":"2023-03-27T10:03:58","slug":"prooptica-firma-un-protocolo-de-cooperacion-con-betania-home","status":"publish","type":"post","link":"https:\/\/www.prooptica.pt\/es\/prooptica-assina-protocolo-de-cooperacao-com-lar-de-betania\/","title":{"rendered":"Prooptica firma un protocolo de cooperaci\u00f3n con el Lar de Bet\u00e2nia"},"content":{"rendered":"<p>Pro\u00f3ptica siempre se ha preocupado por las causas sociales que apoyan las necesidades cotidianas de millones de personas en todo el mundo. En el marco de nuestra pol\u00edtica de responsabilidad social, desde hace varios a\u00f1os colaboramos con diversas instituciones que apoyan a ni\u00f1os y j\u00f3venes en situaci\u00f3n de riesgo.<\/p>\r\n<p>El 2 de febrero, Prooptica firm\u00f3 un Protocolo de Cooperaci\u00f3n con el Hogar Bet\u00e2nia.<\/p>\r\n<p>El <span style=\"color: #52a0d7;\"><a style=\"color: #52a0d7;\" href=\"https:\/\/lardebetania.org\/?fbclid=IwAR3BZdJ3UQh6x-UFxTSSqqHRkv1zVPQ2uL7MGpjz4dX434VyDH5lD3LPli4\" target=\"_blank\" rel=\"noreferrer noopener\">Casa Betania<\/a><\/span>\u00a0El Lar de Bet\u00e2nia es una Instituci\u00f3n Privada de Solidaridad Social, creada el 18 de abril de 1965, que ofrece atenci\u00f3n residencial a ni\u00f1os y j\u00f3venes retirados de situaciones de peligro y\/o sin apoyo familiar adecuado.<\/p>\r\n<p>Esta instituci\u00f3n pretende desarrollar la atenci\u00f3n residencial, garantizando a los residentes el acceso a la educaci\u00f3n, la salud, el desarrollo integral y la integraci\u00f3n en la sociedad. As\u00ed, los ni\u00f1os y j\u00f3venes tienen acceso a alojamiento, alimentaci\u00f3n, higiene y cuidados corporales, asistencia sanitaria (consultas, medicaci\u00f3n, etc.), apoyo especializado (acad\u00e9mico, psicol\u00f3gico, terap\u00e9utico, etc.), vestuario, transporte, asistencia escolar, apoyo en la adquisici\u00f3n de bienes y servicios y momentos de ocio y descanso.<\/p>\r\n<p>&nbsp;<\/p>\r\n<p><img fetchpriority=\"high\" decoding=\"async\" class=\"aligncenter wp-image-16397 size-large\" src=\"https:\/\/prooptica.pt\/wp-content\/uploads\/2023\/03\/Betania-assinatura-01-1024x747.jpg\" alt=\"\" width=\"1024\" height=\"747\" srcset=\"https:\/\/www.prooptica.pt\/wp-content\/uploads\/2023\/03\/Betania-assinatura-01-1024x747.jpg 1024w, https:\/\/www.prooptica.pt\/wp-content\/uploads\/2023\/03\/Betania-assinatura-01-300x219.jpg 300w, https:\/\/www.prooptica.pt\/wp-content\/uploads\/2023\/03\/Betania-assinatura-01-768x560.jpg 768w, https:\/\/www.prooptica.pt\/wp-content\/uploads\/2023\/03\/Betania-assinatura-01-1536x1121.jpg 1536w, https:\/\/www.prooptica.pt\/wp-content\/uploads\/2023\/03\/Betania-assinatura-01-2048x1494.jpg 2048w\" sizes=\"(max-width: 1024px) 100vw, 1024px\" \/><\/p>\r\n<p>&nbsp;<\/p>\r\n\r\n\r\n\r\n<p><strong>Para el Director General de Prooptica,<\/strong><strong>\u00a0<span style=\"color: #52a0d7;\"><a style=\"color: #52a0d7;\" href=\"https:\/\/www.linkedin.com\/in\/ljustino\/\">Luis Justino<\/a><\/span>,<\/strong> es de suma importancia que las empresas se movilicen para ayudar a organizaciones y proyectos que contribuyan a la erradicaci\u00f3n de la pobreza y al desarrollo humano y sostenible.<\/p>","protected":false},"excerpt":{"rendered":"<p>Desde sempre que a Pro\u00f3ptica tem vindo a preocupar-se com as causas sociais que apoiam necessidades de todos os dias, de milh\u00f5es de pessoas por todo o mundo. No \u00e2mbito da nossa \u00a0pol\u00edtica de responsabilidade social, h\u00e1 v\u00e1rios anos que cooperamos com \u00a0diversas institui\u00e7\u00f5es de apoio a crian\u00e7as e jovens em situa\u00e7\u00f5es de risco. No [&hellip;]<\/p>\n","protected":false},"author":3,"featured_media":16398,"comment_status":"open","ping_status":"open","sticky":false,"template":"","format":"standard","meta":{"footnotes":""},"categories":[195,43],"tags":[],"class_list":["post-16396","post","type-post","status-publish","format-standard","has-post-thumbnail","hentry","category-institucional","category-solidariedade"],"yoast_head":"<!-- This site is optimized with the Yoast SEO plugin v27.5 - https:\/\/yoast.com\/product\/yoast-seo-wordpress\/ -->\n<title>Prooptica assina Protocolo de Coopera\u00e7\u00e3o com Lar de Bet\u00e2nia - Prooptica<\/title>\n<meta name=\"robots\" content=\"index, follow, max-snippet:-1, max-image-preview:large, max-video-preview:-1\" \/>\n<link rel=\"canonical\" href=\"https:\/\/www.prooptica.pt\/es\/prooptica-firma-un-protocolo-de-cooperacion-con-betania-home\/\" \/>\n<meta property=\"og:locale\" content=\"es_ES\" \/>\n<meta property=\"og:type\" content=\"article\" \/>\n<meta property=\"og:title\" content=\"Prooptica assina Protocolo de Coopera\u00e7\u00e3o com Lar de Bet\u00e2nia - Prooptica\" \/>\n<meta property=\"og:description\" content=\"Desde sempre que a Pro\u00f3ptica tem vindo a preocupar-se com as causas sociais que apoiam necessidades de todos os dias, de milh\u00f5es de pessoas por todo o mundo. No \u00e2mbito da nossa \u00a0pol\u00edtica de responsabilidade social, h\u00e1 v\u00e1rios anos que cooperamos com \u00a0diversas institui\u00e7\u00f5es de apoio a crian\u00e7as e jovens em situa\u00e7\u00f5es de risco. No [&hellip;]\" \/>\n<meta property=\"og:url\" content=\"https:\/\/www.prooptica.pt\/es\/prooptica-firma-un-protocolo-de-cooperacion-con-betania-home\/\" \/>\n<meta property=\"og:site_name\" content=\"Prooptica\" \/>\n<meta property=\"article:published_time\" content=\"2023-03-27T10:03:58+00:00\" \/>\n<meta property=\"og:image\" content=\"https:\/\/www.prooptica.pt\/wp-content\/uploads\/2023\/03\/Betania-assinatura-02-scaled.jpg\" \/>\n\t<meta property=\"og:image:width\" content=\"2560\" \/>\n\t<meta property=\"og:image:height\" content=\"1920\" \/>\n\t<meta property=\"og:image:type\" content=\"image\/jpeg\" \/>\n<meta name=\"author\" content=\"Marketing Prooptica\" \/>\n<meta name=\"twitter:card\" content=\"summary_large_image\" \/>\n<meta name=\"twitter:label1\" content=\"Escrito por\" \/>\n\t<meta name=\"twitter:data1\" content=\"Marketing Prooptica\" \/>\n\t<meta name=\"twitter:label2\" content=\"Tiempo de lectura\" \/>\n\t<meta name=\"twitter:data2\" content=\"2 minutos\" \/>\n<script type=\"application\/ld+json\" class=\"yoast-schema-graph\">{\"@context\":\"https:\\\/\\\/schema.org\",\"@graph\":[{\"@type\":\"Article\",\"@id\":\"https:\\\/\\\/www.prooptica.pt\\\/prooptica-assina-protocolo-de-cooperacao-com-lar-de-betania\\\/#article\",\"isPartOf\":{\"@id\":\"https:\\\/\\\/www.prooptica.pt\\\/prooptica-assina-protocolo-de-cooperacao-com-lar-de-betania\\\/\"},\"author\":{\"name\":\"Marketing Prooptica\",\"@id\":\"https:\\\/\\\/www.prooptica.pt\\\/home\\\/#\\\/schema\\\/person\\\/c3afe955f42eef7c9c157838d5be4f29\"},\"headline\":\"Prooptica assina Protocolo de Coopera\u00e7\u00e3o com Lar de Bet\u00e2nia\",\"datePublished\":\"2023-03-27T10:03:58+00:00\",\"mainEntityOfPage\":{\"@id\":\"https:\\\/\\\/www.prooptica.pt\\\/prooptica-assina-protocolo-de-cooperacao-com-lar-de-betania\\\/\"},\"wordCount\":264,\"commentCount\":0,\"image\":{\"@id\":\"https:\\\/\\\/www.prooptica.pt\\\/prooptica-assina-protocolo-de-cooperacao-com-lar-de-betania\\\/#primaryimage\"},\"thumbnailUrl\":\"https:\\\/\\\/www.prooptica.pt\\\/wp-content\\\/uploads\\\/2023\\\/03\\\/Betania-assinatura-02-scaled.jpg\",\"articleSection\":[\"Institucional\",\"Solidariedade\"],\"inLanguage\":\"es\"},{\"@type\":\"WebPage\",\"@id\":\"https:\\\/\\\/www.prooptica.pt\\\/prooptica-assina-protocolo-de-cooperacao-com-lar-de-betania\\\/\",\"url\":\"https:\\\/\\\/www.prooptica.pt\\\/prooptica-assina-protocolo-de-cooperacao-com-lar-de-betania\\\/\",\"name\":\"Prooptica assina Protocolo de Coopera\u00e7\u00e3o com Lar de Bet\u00e2nia - Prooptica\",\"isPartOf\":{\"@id\":\"https:\\\/\\\/www.prooptica.pt\\\/home\\\/#website\"},\"primaryImageOfPage\":{\"@id\":\"https:\\\/\\\/www.prooptica.pt\\\/prooptica-assina-protocolo-de-cooperacao-com-lar-de-betania\\\/#primaryimage\"},\"image\":{\"@id\":\"https:\\\/\\\/www.prooptica.pt\\\/prooptica-assina-protocolo-de-cooperacao-com-lar-de-betania\\\/#primaryimage\"},\"thumbnailUrl\":\"https:\\\/\\\/www.prooptica.pt\\\/wp-content\\\/uploads\\\/2023\\\/03\\\/Betania-assinatura-02-scaled.jpg\",\"datePublished\":\"2023-03-27T10:03:58+00:00\",\"author\":{\"@id\":\"https:\\\/\\\/www.prooptica.pt\\\/home\\\/#\\\/schema\\\/person\\\/c3afe955f42eef7c9c157838d5be4f29\"},\"breadcrumb\":{\"@id\":\"https:\\\/\\\/www.prooptica.pt\\\/prooptica-assina-protocolo-de-cooperacao-com-lar-de-betania\\\/#breadcrumb\"},\"inLanguage\":\"es\",\"potentialAction\":[{\"@type\":\"ReadAction\",\"target\":[\"https:\\\/\\\/www.prooptica.pt\\\/prooptica-assina-protocolo-de-cooperacao-com-lar-de-betania\\\/\"]}]},{\"@type\":\"ImageObject\",\"inLanguage\":\"es\",\"@id\":\"https:\\\/\\\/www.prooptica.pt\\\/prooptica-assina-protocolo-de-cooperacao-com-lar-de-betania\\\/#primaryimage\",\"url\":\"https:\\\/\\\/www.prooptica.pt\\\/wp-content\\\/uploads\\\/2023\\\/03\\\/Betania-assinatura-02-scaled.jpg\",\"contentUrl\":\"https:\\\/\\\/www.prooptica.pt\\\/wp-content\\\/uploads\\\/2023\\\/03\\\/Betania-assinatura-02-scaled.jpg\",\"width\":2560,\"height\":1920},{\"@type\":\"BreadcrumbList\",\"@id\":\"https:\\\/\\\/www.prooptica.pt\\\/prooptica-assina-protocolo-de-cooperacao-com-lar-de-betania\\\/#breadcrumb\",\"itemListElement\":[{\"@type\":\"ListItem\",\"position\":1,\"name\":\"In\u00edcio\",\"item\":\"https:\\\/\\\/www.prooptica.pt\\\/\"},{\"@type\":\"ListItem\",\"position\":2,\"name\":\"Prooptica assina Protocolo de Coopera\u00e7\u00e3o com Lar de Bet\u00e2nia\"}]},{\"@type\":\"WebSite\",\"@id\":\"https:\\\/\\\/www.prooptica.pt\\\/home\\\/#website\",\"url\":\"https:\\\/\\\/www.prooptica.pt\\\/home\\\/\",\"name\":\"Prooptica\",\"description\":\"Full Eyewear Concept\",\"potentialAction\":[{\"@type\":\"SearchAction\",\"target\":{\"@type\":\"EntryPoint\",\"urlTemplate\":\"https:\\\/\\\/www.prooptica.pt\\\/home\\\/?s={search_term_string}\"},\"query-input\":{\"@type\":\"PropertyValueSpecification\",\"valueRequired\":true,\"valueName\":\"search_term_string\"}}],\"inLanguage\":\"es\"},{\"@type\":\"Person\",\"@id\":\"https:\\\/\\\/www.prooptica.pt\\\/home\\\/#\\\/schema\\\/person\\\/c3afe955f42eef7c9c157838d5be4f29\",\"name\":\"Marketing Prooptica\",\"image\":{\"@type\":\"ImageObject\",\"inLanguage\":\"es\",\"@id\":\"https:\\\/\\\/secure.gravatar.com\\\/avatar\\\/23248622405e2ce007d39ad746d368991c744fa6fce97036e33e8d9221859ae3?s=96&d=mm&r=g\",\"url\":\"https:\\\/\\\/secure.gravatar.com\\\/avatar\\\/23248622405e2ce007d39ad746d368991c744fa6fce97036e33e8d9221859ae3?s=96&d=mm&r=g\",\"contentUrl\":\"https:\\\/\\\/secure.gravatar.com\\\/avatar\\\/23248622405e2ce007d39ad746d368991c744fa6fce97036e33e8d9221859ae3?s=96&d=mm&r=g\",\"caption\":\"Marketing Prooptica\"},\"url\":\"https:\\\/\\\/www.prooptica.pt\\\/es\\\/author\\\/marketing\\\/\"}]}<\/script>\n<!-- \/ Yoast SEO plugin. -->","yoast_head_json":{"title":"Prooptica firma un Protocolo de Cooperaci\u00f3n con Bet\u00e2nia Home - Prooptica","robots":{"index":"index","follow":"follow","max-snippet":"max-snippet:-1","max-image-preview":"max-image-preview:large","max-video-preview":"max-video-preview:-1"},"canonical":"https:\/\/www.prooptica.pt\/es\/prooptica-firma-un-protocolo-de-cooperacion-con-betania-home\/","og_locale":"es_ES","og_type":"article","og_title":"Prooptica assina Protocolo de Coopera\u00e7\u00e3o com Lar de Bet\u00e2nia - Prooptica","og_description":"Desde sempre que a Pro\u00f3ptica tem vindo a preocupar-se com as causas sociais que apoiam necessidades de todos os dias, de milh\u00f5es de pessoas por todo o mundo. No \u00e2mbito da nossa \u00a0pol\u00edtica de responsabilidade social, h\u00e1 v\u00e1rios anos que cooperamos com \u00a0diversas institui\u00e7\u00f5es de apoio a crian\u00e7as e jovens em situa\u00e7\u00f5es de risco. No [&hellip;]","og_url":"https:\/\/www.prooptica.pt\/es\/prooptica-firma-un-protocolo-de-cooperacion-con-betania-home\/","og_site_name":"Prooptica","article_published_time":"2023-03-27T10:03:58+00:00","og_image":[{"width":2560,"height":1920,"url":"https:\/\/www.prooptica.pt\/wp-content\/uploads\/2023\/03\/Betania-assinatura-02-scaled.jpg","type":"image\/jpeg"}],"author":"Marketing Prooptica","twitter_card":"summary_large_image","twitter_misc":{"Escrito por":"Marketing Prooptica","Tiempo de lectura":"2 minutos"},"schema":{"@context":"https:\/\/schema.org","@graph":[{"@type":"Article","@id":"https:\/\/www.prooptica.pt\/prooptica-assina-protocolo-de-cooperacao-com-lar-de-betania\/#article","isPartOf":{"@id":"https:\/\/www.prooptica.pt\/prooptica-assina-protocolo-de-cooperacao-com-lar-de-betania\/"},"author":{"name":"Marketing Prooptica","@id":"https:\/\/www.prooptica.pt\/home\/#\/schema\/person\/c3afe955f42eef7c9c157838d5be4f29"},"headline":"Prooptica assina Protocolo de Coopera\u00e7\u00e3o com Lar de Bet\u00e2nia","datePublished":"2023-03-27T10:03:58+00:00","mainEntityOfPage":{"@id":"https:\/\/www.prooptica.pt\/prooptica-assina-protocolo-de-cooperacao-com-lar-de-betania\/"},"wordCount":264,"commentCount":0,"image":{"@id":"https:\/\/www.prooptica.pt\/prooptica-assina-protocolo-de-cooperacao-com-lar-de-betania\/#primaryimage"},"thumbnailUrl":"https:\/\/www.prooptica.pt\/wp-content\/uploads\/2023\/03\/Betania-assinatura-02-scaled.jpg","articleSection":["Institucional","Solidariedade"],"inLanguage":"es"},{"@type":"WebPage","@id":"https:\/\/www.prooptica.pt\/prooptica-assina-protocolo-de-cooperacao-com-lar-de-betania\/","url":"https:\/\/www.prooptica.pt\/prooptica-assina-protocolo-de-cooperacao-com-lar-de-betania\/","name":"Prooptica firma un Protocolo de Cooperaci\u00f3n con Bet\u00e2nia Home - Prooptica","isPartOf":{"@id":"https:\/\/www.prooptica.pt\/home\/#website"},"primaryImageOfPage":{"@id":"https:\/\/www.prooptica.pt\/prooptica-assina-protocolo-de-cooperacao-com-lar-de-betania\/#primaryimage"},"image":{"@id":"https:\/\/www.prooptica.pt\/prooptica-assina-protocolo-de-cooperacao-com-lar-de-betania\/#primaryimage"},"thumbnailUrl":"https:\/\/www.prooptica.pt\/wp-content\/uploads\/2023\/03\/Betania-assinatura-02-scaled.jpg","datePublished":"2023-03-27T10:03:58+00:00","author":{"@id":"https:\/\/www.prooptica.pt\/home\/#\/schema\/person\/c3afe955f42eef7c9c157838d5be4f29"},"breadcrumb":{"@id":"https:\/\/www.prooptica.pt\/prooptica-assina-protocolo-de-cooperacao-com-lar-de-betania\/#breadcrumb"},"inLanguage":"es","potentialAction":[{"@type":"ReadAction","target":["https:\/\/www.prooptica.pt\/prooptica-assina-protocolo-de-cooperacao-com-lar-de-betania\/"]}]},{"@type":"ImageObject","inLanguage":"es","@id":"https:\/\/www.prooptica.pt\/prooptica-assina-protocolo-de-cooperacao-com-lar-de-betania\/#primaryimage","url":"https:\/\/www.prooptica.pt\/wp-content\/uploads\/2023\/03\/Betania-assinatura-02-scaled.jpg","contentUrl":"https:\/\/www.prooptica.pt\/wp-content\/uploads\/2023\/03\/Betania-assinatura-02-scaled.jpg","width":2560,"height":1920},{"@type":"BreadcrumbList","@id":"https:\/\/www.prooptica.pt\/prooptica-assina-protocolo-de-cooperacao-com-lar-de-betania\/#breadcrumb","itemListElement":[{"@type":"ListItem","position":1,"name":"In\u00edcio","item":"https:\/\/www.prooptica.pt\/"},{"@type":"ListItem","position":2,"name":"Prooptica assina Protocolo de Coopera\u00e7\u00e3o com Lar de Bet\u00e2nia"}]},{"@type":"WebSite","@id":"https:\/\/www.prooptica.pt\/home\/#website","url":"https:\/\/www.prooptica.pt\/home\/","name":"Prooptica","description":"Concepto de gafas completas","potentialAction":[{"@type":"SearchAction","target":{"@type":"EntryPoint","urlTemplate":"https:\/\/www.prooptica.pt\/home\/?s={search_term_string}"},"query-input":{"@type":"PropertyValueSpecification","valueRequired":true,"valueName":"search_term_string"}}],"inLanguage":"es"},{"@type":"Person","@id":"https:\/\/www.prooptica.pt\/home\/#\/schema\/person\/c3afe955f42eef7c9c157838d5be4f29","name":"Comercializaci\u00f3n de Prooptica","image":{"@type":"ImageObject","inLanguage":"es","@id":"https:\/\/secure.gravatar.com\/avatar\/23248622405e2ce007d39ad746d368991c744fa6fce97036e33e8d9221859ae3?s=96&d=mm&r=g","url":"https:\/\/secure.gravatar.com\/avatar\/23248622405e2ce007d39ad746d368991c744fa6fce97036e33e8d9221859ae3?s=96&d=mm&r=g","contentUrl":"https:\/\/secure.gravatar.com\/avatar\/23248622405e2ce007d39ad746d368991c744fa6fce97036e33e8d9221859ae3?s=96&d=mm&r=g","caption":"Marketing Prooptica"},"url":"https:\/\/www.prooptica.pt\/es\/author\/marketing\/"}]}},"_links":{"self":[{"href":"https:\/\/www.prooptica.pt\/es\/wp-json\/wp\/v2\/posts\/16396","targetHints":{"allow":["GET"]}}],"collection":[{"href":"https:\/\/www.prooptica.pt\/es\/wp-json\/wp\/v2\/posts"}],"about":[{"href":"https:\/\/www.prooptica.pt\/es\/wp-json\/wp\/v2\/types\/post"}],"author":[{"embeddable":true,"href":"https:\/\/www.prooptica.pt\/es\/wp-json\/wp\/v2\/users\/3"}],"replies":[{"embeddable":true,"href":"https:\/\/www.prooptica.pt\/es\/wp-json\/wp\/v2\/comments?post=16396"}],"version-history":[{"count":0,"href":"https:\/\/www.prooptica.pt\/es\/wp-json\/wp\/v2\/posts\/16396\/revisions"}],"wp:featuredmedia":[{"embeddable":true,"href":"https:\/\/www.prooptica.pt\/es\/wp-json\/wp\/v2\/media\/16398"}],"wp:attachment":[{"href":"https:\/\/www.prooptica.pt\/es\/wp-json\/wp\/v2\/media?parent=16396"}],"wp:term":[{"taxonomy":"category","embeddable":true,"href":"https:\/\/www.prooptica.pt\/es\/wp-json\/wp\/v2\/categories?post=16396"},{"taxonomy":"post_tag","embeddable":true,"href":"https:\/\/www.prooptica.pt\/es\/wp-json\/wp\/v2\/tags?post=16396"}],"curies":[{"name":"wp","href":"https:\/\/api.w.org\/{rel}","templated":true}]}}