{"id":16422,"date":"2023-03-30T10:00:06","date_gmt":"2023-03-30T10:00:06","guid":{"rendered":"https:\/\/prooptica.pt\/?p=16422"},"modified":"2023-03-30T14:56:02","modified_gmt":"2023-03-30T14:56:02","slug":"duyos-eyewear-una-nueva-marca-impactante","status":"publish","type":"post","link":"https:\/\/www.prooptica.pt\/es\/duyos-eyewear-uma-nova-marca-impactante\/","title":{"rendered":"Duyos Eyewear | Una nueva marca impactante"},"content":{"rendered":"<h4>\u00a0<\/h4>\r\n<h4><img decoding=\"async\" class=\"wp-image-16423 size-medium aligncenter\" src=\"https:\/\/prooptica.pt\/wp-content\/uploads\/2023\/03\/Asset-4-300x122.png\" alt=\"\" width=\"300\" height=\"122\" srcset=\"https:\/\/www.prooptica.pt\/wp-content\/uploads\/2023\/03\/Asset-4-300x122.png 300w, https:\/\/www.prooptica.pt\/wp-content\/uploads\/2023\/03\/Asset-4.png 664w\" sizes=\"(max-width: 300px) 100vw, 300px\" \/><\/h4>\r\n<p>&nbsp;<\/p>\r\n<p>En 2023, Prooptica lanz\u00f3 la colecci\u00f3n Duyos, fruto de su colaboraci\u00f3n con Juan Duyos, dise\u00f1ador madrile\u00f1o muy destacado en la moda espa\u00f1ola.<\/p>\r\n<p>Juan Duyos se ha labrado una carrera con un estilo propio y reconocible basado en su personal uso de los colores, los tejidos, las formas y los vol\u00famenes, siempre con una visi\u00f3n disruptiva y futurista, y hemos querido trasladar su estilo \u00fanico a la l\u00ednea de gafas. El dise\u00f1ador particip\u00f3 en todo el proceso de dise\u00f1o y difusi\u00f3n de la marca, lo que hace que esta colaboraci\u00f3n sea muy relevante e interesante.<\/p>\r\n<p>Es la primera vez que Prooptica presenta una marca espa\u00f1ola y estamos muy ilusionados con el impacto que tendr\u00e1 en todo el mercado ib\u00e9rico.<\/p>\r\n<p>&nbsp;<\/p>\r\n<h4><img fetchpriority=\"high\" decoding=\"async\" class=\"aligncenter wp-image-16432 size-full\" src=\"https:\/\/prooptica.pt\/wp-content\/uploads\/2023\/04\/Artboard-1-100.jpg\" alt=\"\" width=\"1001\" height=\"418\" srcset=\"https:\/\/www.prooptica.pt\/wp-content\/uploads\/2023\/04\/Artboard-1-100.jpg 1001w, https:\/\/www.prooptica.pt\/wp-content\/uploads\/2023\/04\/Artboard-1-100-300x125.jpg 300w, https:\/\/www.prooptica.pt\/wp-content\/uploads\/2023\/04\/Artboard-1-100-768x321.jpg 768w\" sizes=\"(max-width: 1001px) 100vw, 1001px\" \/><\/h4>\r\n<h4>\u00a0<\/h4>\r\n<h4><strong>La colecci\u00f3n<\/strong><\/h4>\r\n<p>La colecci\u00f3n, dedicada \u00edntegramente a la mujer, destaca por sus intensos estampados y juegos de color. Nos inspiramos en las \u00faltimas tendencias y combinamos de forma \u00fanica el dise\u00f1o con una combinaci\u00f3n de colores, transparencias, estampados y ne\u00f3n, creando piezas disruptivas e irreverentes pero siempre elegantes y sofisticadas, siguiendo la l\u00ednea e inspiraci\u00f3n de la marca Duyos.<\/p>\r\n<p>Cada modelo ha sido dise\u00f1ado con los m\u00e1s altos est\u00e1ndares de calidad y con una incre\u00edble atenci\u00f3n al detalle. El equipo de dise\u00f1o es pionero en el estudio del color, por lo que la selecci\u00f3n de colores ha sido rigurosa y meticulosa, combinando m\u00e1s de 200 referencias crom\u00e1ticas inspiradas en el mundo de la moda.<\/p>\r\n<p>Las monturas est\u00e1n fabricadas con materiales de alta calidad y ofrecen una resistencia superior, proporcionando el m\u00e1ximo confort y durabilidad.<\/p>\r\n<p>La mujer Duyos es una rom\u00e1ntica creativa, t\u00edpicamente urbana, con un look juvenil y vers\u00e1til. Le encanta probar cosas diferentes y arriesgar a la hora de vestir, porque sabe -y sabe- mezclar muy bien colores, estampados, texturas y superposiciones, sin perder la armon\u00eda.<\/p>\r\n<p><strong>Para el Director General de Prooptica, Luis Justino<\/strong>\"La marca Duyos nos permite afianzar nuestro crecimiento sostenido en el mercado ib\u00e9rico, reforzando la amplia cartera de marcas portuguesas que han tenido gran \u00e9xito tambi\u00e9n en Espa\u00f1a. Adem\u00e1s de ser una personalidad vibrante y comprometida, Juan Duyos es un nombre notable en la moda espa\u00f1ola, lo que nos permitir\u00e1 reforzar nuestro posicionamiento de invertir en marcas propias y licenciadas que representen con notoriedad la moda y la cultura de sus pa\u00edses de origen.\"<\/p>","protected":false},"excerpt":{"rendered":"<p>\u00a0 &nbsp; Em 2023 a Prooptica lan\u00e7a a cole\u00e7\u00e3o Duyos, resultante da sua parceria com Juan Duyos, um estilista Madrileno com um destaque bastante relevante na moda espanhola. Juan Duyos construiu uma carreira com um estilo pr\u00f3prio e reconhec\u00edvel baseado no uso pessoal de cores, tecidos, formas e volumes, sempre com uma perspetiva disruptiva e [&hellip;]<\/p>\n","protected":false},"author":3,"featured_media":16430,"comment_status":"open","ping_status":"open","sticky":false,"template":"","format":"standard","meta":{"footnotes":""},"categories":[189],"tags":[],"class_list":["post-16422","post","type-post","status-publish","format-standard","has-post-thumbnail","hentry","category-oculos"],"yoast_head":"<!-- This site is optimized with the Yoast SEO plugin v27.5 - https:\/\/yoast.com\/product\/yoast-seo-wordpress\/ -->\n<title>Duyos Eyewear | Uma nova marca impactante - Prooptica<\/title>\n<meta name=\"description\" content=\"Fundada em 12 de maio de 1965, a Dielmar, uma marca 100% portuguesa, come\u00e7ou o seu pequeno neg\u00f3cio tradicional de alfaiataria em Alcains, Castelo Branco. \u00c9 uma data distante, mas memor\u00e1vel, que marcou o in\u00edcio de uma das mais prestigiosas casas de moda masculina.\" \/>\n<meta name=\"robots\" content=\"index, follow, max-snippet:-1, max-image-preview:large, max-video-preview:-1\" \/>\n<link rel=\"canonical\" href=\"https:\/\/www.prooptica.pt\/es\/duyos-eyewear-una-nueva-marca-impactante\/\" \/>\n<meta property=\"og:locale\" content=\"es_ES\" \/>\n<meta property=\"og:type\" content=\"article\" \/>\n<meta property=\"og:title\" content=\"Duyos Eyewear | Uma nova marca impactante - Prooptica\" \/>\n<meta property=\"og:description\" content=\"Fundada em 12 de maio de 1965, a Dielmar, uma marca 100% portuguesa, come\u00e7ou o seu pequeno neg\u00f3cio tradicional de alfaiataria em Alcains, Castelo Branco. \u00c9 uma data distante, mas memor\u00e1vel, que marcou o in\u00edcio de uma das mais prestigiosas casas de moda masculina.\" \/>\n<meta property=\"og:url\" content=\"https:\/\/www.prooptica.pt\/es\/duyos-eyewear-una-nueva-marca-impactante\/\" \/>\n<meta property=\"og:site_name\" content=\"Prooptica\" \/>\n<meta property=\"article:published_time\" content=\"2023-03-30T10:00:06+00:00\" \/>\n<meta property=\"article:modified_time\" content=\"2023-03-30T14:56:02+00:00\" \/>\n<meta property=\"og:image\" content=\"https:\/\/www.prooptica.pt\/wp-content\/uploads\/2023\/04\/duyos-arm-23-1024x768.jpg\" \/>\n\t<meta property=\"og:image:width\" content=\"1024\" \/>\n\t<meta property=\"og:image:height\" content=\"768\" \/>\n\t<meta property=\"og:image:type\" content=\"image\/jpeg\" \/>\n<meta name=\"author\" content=\"Marketing Prooptica\" \/>\n<meta name=\"twitter:card\" content=\"summary_large_image\" \/>\n<meta name=\"twitter:label1\" content=\"Escrito por\" \/>\n\t<meta name=\"twitter:data1\" content=\"Marketing Prooptica\" \/>\n\t<meta name=\"twitter:label2\" content=\"Tiempo de lectura\" \/>\n\t<meta name=\"twitter:data2\" content=\"3 minutos\" \/>\n<script type=\"application\/ld+json\" class=\"yoast-schema-graph\">{\"@context\":\"https:\\\/\\\/schema.org\",\"@graph\":[{\"@type\":\"Article\",\"@id\":\"https:\\\/\\\/www.prooptica.pt\\\/duyos-eyewear-uma-nova-marca-impactante\\\/#article\",\"isPartOf\":{\"@id\":\"https:\\\/\\\/www.prooptica.pt\\\/duyos-eyewear-uma-nova-marca-impactante\\\/\"},\"author\":{\"name\":\"Marketing Prooptica\",\"@id\":\"https:\\\/\\\/www.prooptica.pt\\\/home\\\/#\\\/schema\\\/person\\\/c3afe955f42eef7c9c157838d5be4f29\"},\"headline\":\"Duyos Eyewear | Uma nova marca impactante\",\"datePublished\":\"2023-03-30T10:00:06+00:00\",\"dateModified\":\"2023-03-30T14:56:02+00:00\",\"mainEntityOfPage\":{\"@id\":\"https:\\\/\\\/www.prooptica.pt\\\/duyos-eyewear-uma-nova-marca-impactante\\\/\"},\"wordCount\":398,\"commentCount\":0,\"image\":{\"@id\":\"https:\\\/\\\/www.prooptica.pt\\\/duyos-eyewear-uma-nova-marca-impactante\\\/#primaryimage\"},\"thumbnailUrl\":\"https:\\\/\\\/www.prooptica.pt\\\/wp-content\\\/uploads\\\/2023\\\/04\\\/duyos-arm-23.jpg\",\"articleSection\":[\"\u00d3culos\"],\"inLanguage\":\"es\"},{\"@type\":\"WebPage\",\"@id\":\"https:\\\/\\\/www.prooptica.pt\\\/duyos-eyewear-uma-nova-marca-impactante\\\/\",\"url\":\"https:\\\/\\\/www.prooptica.pt\\\/duyos-eyewear-uma-nova-marca-impactante\\\/\",\"name\":\"Duyos Eyewear | Uma nova marca impactante - Prooptica\",\"isPartOf\":{\"@id\":\"https:\\\/\\\/www.prooptica.pt\\\/home\\\/#website\"},\"primaryImageOfPage\":{\"@id\":\"https:\\\/\\\/www.prooptica.pt\\\/duyos-eyewear-uma-nova-marca-impactante\\\/#primaryimage\"},\"image\":{\"@id\":\"https:\\\/\\\/www.prooptica.pt\\\/duyos-eyewear-uma-nova-marca-impactante\\\/#primaryimage\"},\"thumbnailUrl\":\"https:\\\/\\\/www.prooptica.pt\\\/wp-content\\\/uploads\\\/2023\\\/04\\\/duyos-arm-23.jpg\",\"datePublished\":\"2023-03-30T10:00:06+00:00\",\"dateModified\":\"2023-03-30T14:56:02+00:00\",\"author\":{\"@id\":\"https:\\\/\\\/www.prooptica.pt\\\/home\\\/#\\\/schema\\\/person\\\/c3afe955f42eef7c9c157838d5be4f29\"},\"description\":\"Fundada em 12 de maio de 1965, a Dielmar, uma marca 100% portuguesa, come\u00e7ou o seu pequeno neg\u00f3cio tradicional de alfaiataria em Alcains, Castelo Branco. \u00c9 uma data distante, mas memor\u00e1vel, que marcou o in\u00edcio de uma das mais prestigiosas casas de moda masculina.\",\"breadcrumb\":{\"@id\":\"https:\\\/\\\/www.prooptica.pt\\\/duyos-eyewear-uma-nova-marca-impactante\\\/#breadcrumb\"},\"inLanguage\":\"es\",\"potentialAction\":[{\"@type\":\"ReadAction\",\"target\":[\"https:\\\/\\\/www.prooptica.pt\\\/duyos-eyewear-uma-nova-marca-impactante\\\/\"]}]},{\"@type\":\"ImageObject\",\"inLanguage\":\"es\",\"@id\":\"https:\\\/\\\/www.prooptica.pt\\\/duyos-eyewear-uma-nova-marca-impactante\\\/#primaryimage\",\"url\":\"https:\\\/\\\/www.prooptica.pt\\\/wp-content\\\/uploads\\\/2023\\\/04\\\/duyos-arm-23.jpg\",\"contentUrl\":\"https:\\\/\\\/www.prooptica.pt\\\/wp-content\\\/uploads\\\/2023\\\/04\\\/duyos-arm-23.jpg\",\"width\":2268,\"height\":1702},{\"@type\":\"BreadcrumbList\",\"@id\":\"https:\\\/\\\/www.prooptica.pt\\\/duyos-eyewear-uma-nova-marca-impactante\\\/#breadcrumb\",\"itemListElement\":[{\"@type\":\"ListItem\",\"position\":1,\"name\":\"In\u00edcio\",\"item\":\"https:\\\/\\\/www.prooptica.pt\\\/\"},{\"@type\":\"ListItem\",\"position\":2,\"name\":\"Duyos Eyewear | Uma nova marca impactante\"}]},{\"@type\":\"WebSite\",\"@id\":\"https:\\\/\\\/www.prooptica.pt\\\/home\\\/#website\",\"url\":\"https:\\\/\\\/www.prooptica.pt\\\/home\\\/\",\"name\":\"Prooptica\",\"description\":\"Full Eyewear Concept\",\"potentialAction\":[{\"@type\":\"SearchAction\",\"target\":{\"@type\":\"EntryPoint\",\"urlTemplate\":\"https:\\\/\\\/www.prooptica.pt\\\/home\\\/?s={search_term_string}\"},\"query-input\":{\"@type\":\"PropertyValueSpecification\",\"valueRequired\":true,\"valueName\":\"search_term_string\"}}],\"inLanguage\":\"es\"},{\"@type\":\"Person\",\"@id\":\"https:\\\/\\\/www.prooptica.pt\\\/home\\\/#\\\/schema\\\/person\\\/c3afe955f42eef7c9c157838d5be4f29\",\"name\":\"Marketing Prooptica\",\"image\":{\"@type\":\"ImageObject\",\"inLanguage\":\"es\",\"@id\":\"https:\\\/\\\/secure.gravatar.com\\\/avatar\\\/23248622405e2ce007d39ad746d368991c744fa6fce97036e33e8d9221859ae3?s=96&d=mm&r=g\",\"url\":\"https:\\\/\\\/secure.gravatar.com\\\/avatar\\\/23248622405e2ce007d39ad746d368991c744fa6fce97036e33e8d9221859ae3?s=96&d=mm&r=g\",\"contentUrl\":\"https:\\\/\\\/secure.gravatar.com\\\/avatar\\\/23248622405e2ce007d39ad746d368991c744fa6fce97036e33e8d9221859ae3?s=96&d=mm&r=g\",\"caption\":\"Marketing Prooptica\"},\"url\":\"https:\\\/\\\/www.prooptica.pt\\\/es\\\/author\\\/marketing\\\/\"}]}<\/script>\n<!-- \/ Yoast SEO plugin. -->","yoast_head_json":{"title":"Duyos Eyewear | Una nueva marca impactante - Prooptica","description":"Fundada el 12 de mayo de 1965, Dielmar, marca portuguesa 100%, inici\u00f3 su peque\u00f1o negocio de sastrer\u00eda tradicional en Alcains, Castelo Branco. Una fecha lejana pero memorable que marc\u00f3 el inicio de una de las casas de moda masculina m\u00e1s prestigiosas.","robots":{"index":"index","follow":"follow","max-snippet":"max-snippet:-1","max-image-preview":"max-image-preview:large","max-video-preview":"max-video-preview:-1"},"canonical":"https:\/\/www.prooptica.pt\/es\/duyos-eyewear-una-nueva-marca-impactante\/","og_locale":"es_ES","og_type":"article","og_title":"Duyos Eyewear | Uma nova marca impactante - Prooptica","og_description":"Fundada em 12 de maio de 1965, a Dielmar, uma marca 100% portuguesa, come\u00e7ou o seu pequeno neg\u00f3cio tradicional de alfaiataria em Alcains, Castelo Branco. \u00c9 uma data distante, mas memor\u00e1vel, que marcou o in\u00edcio de uma das mais prestigiosas casas de moda masculina.","og_url":"https:\/\/www.prooptica.pt\/es\/duyos-eyewear-una-nueva-marca-impactante\/","og_site_name":"Prooptica","article_published_time":"2023-03-30T10:00:06+00:00","article_modified_time":"2023-03-30T14:56:02+00:00","og_image":[{"width":1024,"height":768,"url":"https:\/\/www.prooptica.pt\/wp-content\/uploads\/2023\/04\/duyos-arm-23-1024x768.jpg","type":"image\/jpeg"}],"author":"Marketing Prooptica","twitter_card":"summary_large_image","twitter_misc":{"Escrito por":"Marketing Prooptica","Tiempo de lectura":"3 minutos"},"schema":{"@context":"https:\/\/schema.org","@graph":[{"@type":"Article","@id":"https:\/\/www.prooptica.pt\/duyos-eyewear-uma-nova-marca-impactante\/#article","isPartOf":{"@id":"https:\/\/www.prooptica.pt\/duyos-eyewear-uma-nova-marca-impactante\/"},"author":{"name":"Marketing Prooptica","@id":"https:\/\/www.prooptica.pt\/home\/#\/schema\/person\/c3afe955f42eef7c9c157838d5be4f29"},"headline":"Duyos Eyewear | Uma nova marca impactante","datePublished":"2023-03-30T10:00:06+00:00","dateModified":"2023-03-30T14:56:02+00:00","mainEntityOfPage":{"@id":"https:\/\/www.prooptica.pt\/duyos-eyewear-uma-nova-marca-impactante\/"},"wordCount":398,"commentCount":0,"image":{"@id":"https:\/\/www.prooptica.pt\/duyos-eyewear-uma-nova-marca-impactante\/#primaryimage"},"thumbnailUrl":"https:\/\/www.prooptica.pt\/wp-content\/uploads\/2023\/04\/duyos-arm-23.jpg","articleSection":["\u00d3culos"],"inLanguage":"es"},{"@type":"WebPage","@id":"https:\/\/www.prooptica.pt\/duyos-eyewear-uma-nova-marca-impactante\/","url":"https:\/\/www.prooptica.pt\/duyos-eyewear-uma-nova-marca-impactante\/","name":"Duyos Eyewear | Una nueva marca impactante - Prooptica","isPartOf":{"@id":"https:\/\/www.prooptica.pt\/home\/#website"},"primaryImageOfPage":{"@id":"https:\/\/www.prooptica.pt\/duyos-eyewear-uma-nova-marca-impactante\/#primaryimage"},"image":{"@id":"https:\/\/www.prooptica.pt\/duyos-eyewear-uma-nova-marca-impactante\/#primaryimage"},"thumbnailUrl":"https:\/\/www.prooptica.pt\/wp-content\/uploads\/2023\/04\/duyos-arm-23.jpg","datePublished":"2023-03-30T10:00:06+00:00","dateModified":"2023-03-30T14:56:02+00:00","author":{"@id":"https:\/\/www.prooptica.pt\/home\/#\/schema\/person\/c3afe955f42eef7c9c157838d5be4f29"},"description":"Fundada el 12 de mayo de 1965, Dielmar, marca portuguesa 100%, inici\u00f3 su peque\u00f1o negocio de sastrer\u00eda tradicional en Alcains, Castelo Branco. Una fecha lejana pero memorable que marc\u00f3 el inicio de una de las casas de moda masculina m\u00e1s prestigiosas.","breadcrumb":{"@id":"https:\/\/www.prooptica.pt\/duyos-eyewear-uma-nova-marca-impactante\/#breadcrumb"},"inLanguage":"es","potentialAction":[{"@type":"ReadAction","target":["https:\/\/www.prooptica.pt\/duyos-eyewear-uma-nova-marca-impactante\/"]}]},{"@type":"ImageObject","inLanguage":"es","@id":"https:\/\/www.prooptica.pt\/duyos-eyewear-uma-nova-marca-impactante\/#primaryimage","url":"https:\/\/www.prooptica.pt\/wp-content\/uploads\/2023\/04\/duyos-arm-23.jpg","contentUrl":"https:\/\/www.prooptica.pt\/wp-content\/uploads\/2023\/04\/duyos-arm-23.jpg","width":2268,"height":1702},{"@type":"BreadcrumbList","@id":"https:\/\/www.prooptica.pt\/duyos-eyewear-uma-nova-marca-impactante\/#breadcrumb","itemListElement":[{"@type":"ListItem","position":1,"name":"In\u00edcio","item":"https:\/\/www.prooptica.pt\/"},{"@type":"ListItem","position":2,"name":"Duyos Eyewear | Uma nova marca impactante"}]},{"@type":"WebSite","@id":"https:\/\/www.prooptica.pt\/home\/#website","url":"https:\/\/www.prooptica.pt\/home\/","name":"Prooptica","description":"Concepto de gafas completas","potentialAction":[{"@type":"SearchAction","target":{"@type":"EntryPoint","urlTemplate":"https:\/\/www.prooptica.pt\/home\/?s={search_term_string}"},"query-input":{"@type":"PropertyValueSpecification","valueRequired":true,"valueName":"search_term_string"}}],"inLanguage":"es"},{"@type":"Person","@id":"https:\/\/www.prooptica.pt\/home\/#\/schema\/person\/c3afe955f42eef7c9c157838d5be4f29","name":"Comercializaci\u00f3n de Prooptica","image":{"@type":"ImageObject","inLanguage":"es","@id":"https:\/\/secure.gravatar.com\/avatar\/23248622405e2ce007d39ad746d368991c744fa6fce97036e33e8d9221859ae3?s=96&d=mm&r=g","url":"https:\/\/secure.gravatar.com\/avatar\/23248622405e2ce007d39ad746d368991c744fa6fce97036e33e8d9221859ae3?s=96&d=mm&r=g","contentUrl":"https:\/\/secure.gravatar.com\/avatar\/23248622405e2ce007d39ad746d368991c744fa6fce97036e33e8d9221859ae3?s=96&d=mm&r=g","caption":"Marketing Prooptica"},"url":"https:\/\/www.prooptica.pt\/es\/author\/marketing\/"}]}},"_links":{"self":[{"href":"https:\/\/www.prooptica.pt\/es\/wp-json\/wp\/v2\/posts\/16422","targetHints":{"allow":["GET"]}}],"collection":[{"href":"https:\/\/www.prooptica.pt\/es\/wp-json\/wp\/v2\/posts"}],"about":[{"href":"https:\/\/www.prooptica.pt\/es\/wp-json\/wp\/v2\/types\/post"}],"author":[{"embeddable":true,"href":"https:\/\/www.prooptica.pt\/es\/wp-json\/wp\/v2\/users\/3"}],"replies":[{"embeddable":true,"href":"https:\/\/www.prooptica.pt\/es\/wp-json\/wp\/v2\/comments?post=16422"}],"version-history":[{"count":0,"href":"https:\/\/www.prooptica.pt\/es\/wp-json\/wp\/v2\/posts\/16422\/revisions"}],"wp:featuredmedia":[{"embeddable":true,"href":"https:\/\/www.prooptica.pt\/es\/wp-json\/wp\/v2\/media\/16430"}],"wp:attachment":[{"href":"https:\/\/www.prooptica.pt\/es\/wp-json\/wp\/v2\/media?parent=16422"}],"wp:term":[{"taxonomy":"category","embeddable":true,"href":"https:\/\/www.prooptica.pt\/es\/wp-json\/wp\/v2\/categories?post=16422"},{"taxonomy":"post_tag","embeddable":true,"href":"https:\/\/www.prooptica.pt\/es\/wp-json\/wp\/v2\/tags?post=16422"}],"curies":[{"name":"wp","href":"https:\/\/api.w.org\/{rel}","templated":true}]}}