{"id":16437,"date":"2023-03-31T11:10:28","date_gmt":"2023-03-31T11:10:28","guid":{"rendered":"https:\/\/prooptica.pt\/?p=16437"},"modified":"2023-03-31T11:27:33","modified_gmt":"2023-03-31T11:27:33","slug":"luis-justino-en-una-entrevista-con-la-revista-opticapro-30-anos","status":"publish","type":"post","link":"https:\/\/www.prooptica.pt\/es\/luis-justino-em-entrevista-a-revista-opticapro-30-anos\/","title":{"rendered":"Lu\u00eds Justino en una entrevista para la revista OpticaPro - 30 a\u00f1os"},"content":{"rendered":"<p>En los \u00faltimos 30 a\u00f1os, Prooptica ha crecido, se ha reinventado y se ha diferenciado. Hoy es una empresa s\u00f3lida, sostenible y bien estructurada en el mercado \u00f3ptico ib\u00e9rico, que busca \"trabajar junto a los clientes y proporcionarles productos y servicios que les permitan crecer y aumentar su potencial\".<\/p>\r\n<p>En una entrevista con OpticaPro, Lu\u00eds Justino, CEO de Prooptica, habla sobre el 30 aniversario de la empresa y lo que representa este hito. Tambi\u00e9n revela algunas novedades para este a\u00f1o y lo que podemos esperar para el futuro, dejando un mensaje especial para los clientes y el equipo que han formado parte de esta historia de 30 a\u00f1os.<\/p>\r\n<h5><strong>Lea la entrevista completa: <span style=\"color: #52a0d7;\"><a style=\"color: #52a0d7;\" href=\"https:\/\/prooptica.pt\/wp-content\/uploads\/2023\/03\/Entrevista-30-anos-_-Optica-Pro.pdf\" target=\"_blank\" rel=\"noreferrer noopener\">Entrevista Lu\u00eds Justino | OpticaPro<\/a><\/span><\/strong><\/h5>","protected":false},"excerpt":{"rendered":"<p>Ao longo dos \u00faltimos 30 anos, a Prooptica cresceu, reinventou-se e diferenciou-se. Hoje \u00e9 uma empresa s\u00f3lida, sustent\u00e1vel e bem estruturada no mercado \u00f3tico Ib\u00e9rico, procurando \u201ctrabalhar ao lado dos clientes e proporcionar-lhes produtos e servi\u00e7os que permitam crescer e enaltecer o seu potencial\u201d. Em entrevista \u00e0 OpticaPro, Lu\u00eds Justino, CEO da Prooptica, fala do [&hellip;]<\/p>\n","protected":false},"author":3,"featured_media":16444,"comment_status":"open","ping_status":"open","sticky":false,"template":"","format":"standard","meta":{"footnotes":""},"categories":[195],"tags":[],"class_list":["post-16437","post","type-post","status-publish","format-standard","has-post-thumbnail","hentry","category-institucional"],"yoast_head":"<!-- This site is optimized with the Yoast SEO plugin v27.5 - https:\/\/yoast.com\/product\/yoast-seo-wordpress\/ -->\n<title>Lu\u00eds Justino em entrevista \u00e0 revista OpticaPro - 30 Anos - Prooptica<\/title>\n<meta name=\"description\" content=\"No \u00e2mbito do seu 30\u00ba anivers\u00e1rio, a Prooptica levou a sua equipa e alguns clientes ao Teatro.\u00a0A pe\u00e7a escolhida foi &quot;Trair e Co\u00e7ar \u00e9 s\u00f3 come\u00e7ar&quot;\" \/>\n<meta name=\"robots\" content=\"index, follow, max-snippet:-1, max-image-preview:large, max-video-preview:-1\" \/>\n<link rel=\"canonical\" href=\"https:\/\/www.prooptica.pt\/es\/luis-justino-en-una-entrevista-con-la-revista-opticapro-30-anos\/\" \/>\n<meta property=\"og:locale\" content=\"es_ES\" \/>\n<meta property=\"og:type\" content=\"article\" \/>\n<meta property=\"og:title\" content=\"Lu\u00eds Justino em entrevista \u00e0 revista OpticaPro - 30 Anos - Prooptica\" \/>\n<meta property=\"og:description\" content=\"No \u00e2mbito do seu 30\u00ba anivers\u00e1rio, a Prooptica levou a sua equipa e alguns clientes ao Teatro.\u00a0A pe\u00e7a escolhida foi &quot;Trair e Co\u00e7ar \u00e9 s\u00f3 come\u00e7ar&quot;\" \/>\n<meta property=\"og:url\" content=\"https:\/\/www.prooptica.pt\/es\/luis-justino-en-una-entrevista-con-la-revista-opticapro-30-anos\/\" \/>\n<meta property=\"og:site_name\" content=\"Prooptica\" \/>\n<meta property=\"article:published_time\" content=\"2023-03-31T11:10:28+00:00\" \/>\n<meta property=\"article:modified_time\" content=\"2023-03-31T11:27:33+00:00\" \/>\n<meta property=\"og:image\" content=\"https:\/\/www.prooptica.pt\/wp-content\/uploads\/2023\/03\/Entrevista-30-Anos-OpticaPro-000.png\" \/>\n\t<meta property=\"og:image:width\" content=\"1429\" \/>\n\t<meta property=\"og:image:height\" content=\"505\" \/>\n\t<meta property=\"og:image:type\" content=\"image\/png\" \/>\n<meta name=\"author\" content=\"Marketing Prooptica\" \/>\n<meta name=\"twitter:card\" content=\"summary_large_image\" \/>\n<meta name=\"twitter:label1\" content=\"Escrito por\" \/>\n\t<meta name=\"twitter:data1\" content=\"Marketing Prooptica\" \/>\n\t<meta name=\"twitter:label2\" content=\"Tiempo de lectura\" \/>\n\t<meta name=\"twitter:data2\" content=\"1 minuto\" \/>\n<script type=\"application\/ld+json\" class=\"yoast-schema-graph\">{\"@context\":\"https:\\\/\\\/schema.org\",\"@graph\":[{\"@type\":\"Article\",\"@id\":\"https:\\\/\\\/www.prooptica.pt\\\/luis-justino-em-entrevista-a-revista-opticapro-30-anos\\\/#article\",\"isPartOf\":{\"@id\":\"https:\\\/\\\/www.prooptica.pt\\\/luis-justino-em-entrevista-a-revista-opticapro-30-anos\\\/\"},\"author\":{\"name\":\"Marketing Prooptica\",\"@id\":\"https:\\\/\\\/www.prooptica.pt\\\/home\\\/#\\\/schema\\\/person\\\/c3afe955f42eef7c9c157838d5be4f29\"},\"headline\":\"Lu\u00eds Justino em entrevista \u00e0 revista OpticaPro &#8211; 30 Anos\",\"datePublished\":\"2023-03-31T11:10:28+00:00\",\"dateModified\":\"2023-03-31T11:27:33+00:00\",\"mainEntityOfPage\":{\"@id\":\"https:\\\/\\\/www.prooptica.pt\\\/luis-justino-em-entrevista-a-revista-opticapro-30-anos\\\/\"},\"wordCount\":119,\"commentCount\":0,\"image\":{\"@id\":\"https:\\\/\\\/www.prooptica.pt\\\/luis-justino-em-entrevista-a-revista-opticapro-30-anos\\\/#primaryimage\"},\"thumbnailUrl\":\"https:\\\/\\\/www.prooptica.pt\\\/wp-content\\\/uploads\\\/2023\\\/03\\\/Entrevista-30-Anos-OpticaPro-000.png\",\"articleSection\":[\"Institucional\"],\"inLanguage\":\"es\"},{\"@type\":\"WebPage\",\"@id\":\"https:\\\/\\\/www.prooptica.pt\\\/luis-justino-em-entrevista-a-revista-opticapro-30-anos\\\/\",\"url\":\"https:\\\/\\\/www.prooptica.pt\\\/luis-justino-em-entrevista-a-revista-opticapro-30-anos\\\/\",\"name\":\"Lu\u00eds Justino em entrevista \u00e0 revista OpticaPro - 30 Anos - Prooptica\",\"isPartOf\":{\"@id\":\"https:\\\/\\\/www.prooptica.pt\\\/home\\\/#website\"},\"primaryImageOfPage\":{\"@id\":\"https:\\\/\\\/www.prooptica.pt\\\/luis-justino-em-entrevista-a-revista-opticapro-30-anos\\\/#primaryimage\"},\"image\":{\"@id\":\"https:\\\/\\\/www.prooptica.pt\\\/luis-justino-em-entrevista-a-revista-opticapro-30-anos\\\/#primaryimage\"},\"thumbnailUrl\":\"https:\\\/\\\/www.prooptica.pt\\\/wp-content\\\/uploads\\\/2023\\\/03\\\/Entrevista-30-Anos-OpticaPro-000.png\",\"datePublished\":\"2023-03-31T11:10:28+00:00\",\"dateModified\":\"2023-03-31T11:27:33+00:00\",\"author\":{\"@id\":\"https:\\\/\\\/www.prooptica.pt\\\/home\\\/#\\\/schema\\\/person\\\/c3afe955f42eef7c9c157838d5be4f29\"},\"description\":\"No \u00e2mbito do seu 30\u00ba anivers\u00e1rio, a Prooptica levou a sua equipa e alguns clientes ao Teatro.\u00a0A pe\u00e7a escolhida foi \\\"Trair e Co\u00e7ar \u00e9 s\u00f3 come\u00e7ar\\\"\",\"breadcrumb\":{\"@id\":\"https:\\\/\\\/www.prooptica.pt\\\/luis-justino-em-entrevista-a-revista-opticapro-30-anos\\\/#breadcrumb\"},\"inLanguage\":\"es\",\"potentialAction\":[{\"@type\":\"ReadAction\",\"target\":[\"https:\\\/\\\/www.prooptica.pt\\\/luis-justino-em-entrevista-a-revista-opticapro-30-anos\\\/\"]}]},{\"@type\":\"ImageObject\",\"inLanguage\":\"es\",\"@id\":\"https:\\\/\\\/www.prooptica.pt\\\/luis-justino-em-entrevista-a-revista-opticapro-30-anos\\\/#primaryimage\",\"url\":\"https:\\\/\\\/www.prooptica.pt\\\/wp-content\\\/uploads\\\/2023\\\/03\\\/Entrevista-30-Anos-OpticaPro-000.png\",\"contentUrl\":\"https:\\\/\\\/www.prooptica.pt\\\/wp-content\\\/uploads\\\/2023\\\/03\\\/Entrevista-30-Anos-OpticaPro-000.png\",\"width\":1429,\"height\":505},{\"@type\":\"BreadcrumbList\",\"@id\":\"https:\\\/\\\/www.prooptica.pt\\\/luis-justino-em-entrevista-a-revista-opticapro-30-anos\\\/#breadcrumb\",\"itemListElement\":[{\"@type\":\"ListItem\",\"position\":1,\"name\":\"In\u00edcio\",\"item\":\"https:\\\/\\\/www.prooptica.pt\\\/\"},{\"@type\":\"ListItem\",\"position\":2,\"name\":\"Lu\u00eds Justino em entrevista \u00e0 revista OpticaPro &#8211; 30 Anos\"}]},{\"@type\":\"WebSite\",\"@id\":\"https:\\\/\\\/www.prooptica.pt\\\/home\\\/#website\",\"url\":\"https:\\\/\\\/www.prooptica.pt\\\/home\\\/\",\"name\":\"Prooptica\",\"description\":\"Full Eyewear Concept\",\"potentialAction\":[{\"@type\":\"SearchAction\",\"target\":{\"@type\":\"EntryPoint\",\"urlTemplate\":\"https:\\\/\\\/www.prooptica.pt\\\/home\\\/?s={search_term_string}\"},\"query-input\":{\"@type\":\"PropertyValueSpecification\",\"valueRequired\":true,\"valueName\":\"search_term_string\"}}],\"inLanguage\":\"es\"},{\"@type\":\"Person\",\"@id\":\"https:\\\/\\\/www.prooptica.pt\\\/home\\\/#\\\/schema\\\/person\\\/c3afe955f42eef7c9c157838d5be4f29\",\"name\":\"Marketing Prooptica\",\"image\":{\"@type\":\"ImageObject\",\"inLanguage\":\"es\",\"@id\":\"https:\\\/\\\/secure.gravatar.com\\\/avatar\\\/23248622405e2ce007d39ad746d368991c744fa6fce97036e33e8d9221859ae3?s=96&d=mm&r=g\",\"url\":\"https:\\\/\\\/secure.gravatar.com\\\/avatar\\\/23248622405e2ce007d39ad746d368991c744fa6fce97036e33e8d9221859ae3?s=96&d=mm&r=g\",\"contentUrl\":\"https:\\\/\\\/secure.gravatar.com\\\/avatar\\\/23248622405e2ce007d39ad746d368991c744fa6fce97036e33e8d9221859ae3?s=96&d=mm&r=g\",\"caption\":\"Marketing Prooptica\"},\"url\":\"https:\\\/\\\/www.prooptica.pt\\\/es\\\/author\\\/marketing\\\/\"}]}<\/script>\n<!-- \/ Yoast SEO plugin. -->","yoast_head_json":{"title":"Lu\u00eds Justino en una entrevista con la revista OpticaPro - 30 A\u00f1os - Prooptica","description":"En el marco de su 30 aniversario, Prooptica llev\u00f3 al teatro a su equipo y a algunos de sus clientes. La obra elegida fue \"Traicionar y rascar no ha hecho m\u00e1s que empezar\".","robots":{"index":"index","follow":"follow","max-snippet":"max-snippet:-1","max-image-preview":"max-image-preview:large","max-video-preview":"max-video-preview:-1"},"canonical":"https:\/\/www.prooptica.pt\/es\/luis-justino-en-una-entrevista-con-la-revista-opticapro-30-anos\/","og_locale":"es_ES","og_type":"article","og_title":"Lu\u00eds Justino em entrevista \u00e0 revista OpticaPro - 30 Anos - Prooptica","og_description":"No \u00e2mbito do seu 30\u00ba anivers\u00e1rio, a Prooptica levou a sua equipa e alguns clientes ao Teatro.\u00a0A pe\u00e7a escolhida foi \"Trair e Co\u00e7ar \u00e9 s\u00f3 come\u00e7ar\"","og_url":"https:\/\/www.prooptica.pt\/es\/luis-justino-en-una-entrevista-con-la-revista-opticapro-30-anos\/","og_site_name":"Prooptica","article_published_time":"2023-03-31T11:10:28+00:00","article_modified_time":"2023-03-31T11:27:33+00:00","og_image":[{"width":1429,"height":505,"url":"https:\/\/www.prooptica.pt\/wp-content\/uploads\/2023\/03\/Entrevista-30-Anos-OpticaPro-000.png","type":"image\/png"}],"author":"Marketing Prooptica","twitter_card":"summary_large_image","twitter_misc":{"Escrito por":"Marketing Prooptica","Tiempo de lectura":"1 minuto"},"schema":{"@context":"https:\/\/schema.org","@graph":[{"@type":"Article","@id":"https:\/\/www.prooptica.pt\/luis-justino-em-entrevista-a-revista-opticapro-30-anos\/#article","isPartOf":{"@id":"https:\/\/www.prooptica.pt\/luis-justino-em-entrevista-a-revista-opticapro-30-anos\/"},"author":{"name":"Marketing Prooptica","@id":"https:\/\/www.prooptica.pt\/home\/#\/schema\/person\/c3afe955f42eef7c9c157838d5be4f29"},"headline":"Lu\u00eds Justino em entrevista \u00e0 revista OpticaPro &#8211; 30 Anos","datePublished":"2023-03-31T11:10:28+00:00","dateModified":"2023-03-31T11:27:33+00:00","mainEntityOfPage":{"@id":"https:\/\/www.prooptica.pt\/luis-justino-em-entrevista-a-revista-opticapro-30-anos\/"},"wordCount":119,"commentCount":0,"image":{"@id":"https:\/\/www.prooptica.pt\/luis-justino-em-entrevista-a-revista-opticapro-30-anos\/#primaryimage"},"thumbnailUrl":"https:\/\/www.prooptica.pt\/wp-content\/uploads\/2023\/03\/Entrevista-30-Anos-OpticaPro-000.png","articleSection":["Institucional"],"inLanguage":"es"},{"@type":"WebPage","@id":"https:\/\/www.prooptica.pt\/luis-justino-em-entrevista-a-revista-opticapro-30-anos\/","url":"https:\/\/www.prooptica.pt\/luis-justino-em-entrevista-a-revista-opticapro-30-anos\/","name":"Lu\u00eds Justino en una entrevista con la revista OpticaPro - 30 A\u00f1os - Prooptica","isPartOf":{"@id":"https:\/\/www.prooptica.pt\/home\/#website"},"primaryImageOfPage":{"@id":"https:\/\/www.prooptica.pt\/luis-justino-em-entrevista-a-revista-opticapro-30-anos\/#primaryimage"},"image":{"@id":"https:\/\/www.prooptica.pt\/luis-justino-em-entrevista-a-revista-opticapro-30-anos\/#primaryimage"},"thumbnailUrl":"https:\/\/www.prooptica.pt\/wp-content\/uploads\/2023\/03\/Entrevista-30-Anos-OpticaPro-000.png","datePublished":"2023-03-31T11:10:28+00:00","dateModified":"2023-03-31T11:27:33+00:00","author":{"@id":"https:\/\/www.prooptica.pt\/home\/#\/schema\/person\/c3afe955f42eef7c9c157838d5be4f29"},"description":"En el marco de su 30 aniversario, Prooptica llev\u00f3 al teatro a su equipo y a algunos de sus clientes. La obra elegida fue \"Traicionar y rascar no ha hecho m\u00e1s que empezar\".","breadcrumb":{"@id":"https:\/\/www.prooptica.pt\/luis-justino-em-entrevista-a-revista-opticapro-30-anos\/#breadcrumb"},"inLanguage":"es","potentialAction":[{"@type":"ReadAction","target":["https:\/\/www.prooptica.pt\/luis-justino-em-entrevista-a-revista-opticapro-30-anos\/"]}]},{"@type":"ImageObject","inLanguage":"es","@id":"https:\/\/www.prooptica.pt\/luis-justino-em-entrevista-a-revista-opticapro-30-anos\/#primaryimage","url":"https:\/\/www.prooptica.pt\/wp-content\/uploads\/2023\/03\/Entrevista-30-Anos-OpticaPro-000.png","contentUrl":"https:\/\/www.prooptica.pt\/wp-content\/uploads\/2023\/03\/Entrevista-30-Anos-OpticaPro-000.png","width":1429,"height":505},{"@type":"BreadcrumbList","@id":"https:\/\/www.prooptica.pt\/luis-justino-em-entrevista-a-revista-opticapro-30-anos\/#breadcrumb","itemListElement":[{"@type":"ListItem","position":1,"name":"In\u00edcio","item":"https:\/\/www.prooptica.pt\/"},{"@type":"ListItem","position":2,"name":"Lu\u00eds Justino em entrevista \u00e0 revista OpticaPro &#8211; 30 Anos"}]},{"@type":"WebSite","@id":"https:\/\/www.prooptica.pt\/home\/#website","url":"https:\/\/www.prooptica.pt\/home\/","name":"Prooptica","description":"Concepto de gafas completas","potentialAction":[{"@type":"SearchAction","target":{"@type":"EntryPoint","urlTemplate":"https:\/\/www.prooptica.pt\/home\/?s={search_term_string}"},"query-input":{"@type":"PropertyValueSpecification","valueRequired":true,"valueName":"search_term_string"}}],"inLanguage":"es"},{"@type":"Person","@id":"https:\/\/www.prooptica.pt\/home\/#\/schema\/person\/c3afe955f42eef7c9c157838d5be4f29","name":"Comercializaci\u00f3n de Prooptica","image":{"@type":"ImageObject","inLanguage":"es","@id":"https:\/\/secure.gravatar.com\/avatar\/23248622405e2ce007d39ad746d368991c744fa6fce97036e33e8d9221859ae3?s=96&d=mm&r=g","url":"https:\/\/secure.gravatar.com\/avatar\/23248622405e2ce007d39ad746d368991c744fa6fce97036e33e8d9221859ae3?s=96&d=mm&r=g","contentUrl":"https:\/\/secure.gravatar.com\/avatar\/23248622405e2ce007d39ad746d368991c744fa6fce97036e33e8d9221859ae3?s=96&d=mm&r=g","caption":"Marketing Prooptica"},"url":"https:\/\/www.prooptica.pt\/es\/author\/marketing\/"}]}},"_links":{"self":[{"href":"https:\/\/www.prooptica.pt\/es\/wp-json\/wp\/v2\/posts\/16437","targetHints":{"allow":["GET"]}}],"collection":[{"href":"https:\/\/www.prooptica.pt\/es\/wp-json\/wp\/v2\/posts"}],"about":[{"href":"https:\/\/www.prooptica.pt\/es\/wp-json\/wp\/v2\/types\/post"}],"author":[{"embeddable":true,"href":"https:\/\/www.prooptica.pt\/es\/wp-json\/wp\/v2\/users\/3"}],"replies":[{"embeddable":true,"href":"https:\/\/www.prooptica.pt\/es\/wp-json\/wp\/v2\/comments?post=16437"}],"version-history":[{"count":0,"href":"https:\/\/www.prooptica.pt\/es\/wp-json\/wp\/v2\/posts\/16437\/revisions"}],"wp:featuredmedia":[{"embeddable":true,"href":"https:\/\/www.prooptica.pt\/es\/wp-json\/wp\/v2\/media\/16444"}],"wp:attachment":[{"href":"https:\/\/www.prooptica.pt\/es\/wp-json\/wp\/v2\/media?parent=16437"}],"wp:term":[{"taxonomy":"category","embeddable":true,"href":"https:\/\/www.prooptica.pt\/es\/wp-json\/wp\/v2\/categories?post=16437"},{"taxonomy":"post_tag","embeddable":true,"href":"https:\/\/www.prooptica.pt\/es\/wp-json\/wp\/v2\/tags?post=16437"}],"curies":[{"name":"wp","href":"https:\/\/api.w.org\/{rel}","templated":true}]}}