{"id":16872,"date":"2023-06-08T08:00:24","date_gmt":"2023-06-08T08:00:24","guid":{"rendered":"https:\/\/prooptica.pt\/?p=16872"},"modified":"2023-06-06T15:32:05","modified_gmt":"2023-06-06T15:32:05","slug":"portugal-day-prooptica-apuesta-por-la-moda-y-la-cultura-portuguesas","status":"publish","type":"post","link":"https:\/\/www.prooptica.pt\/es\/dia-de-portugal-prooptica-aposta-na-moda-e-cultura-portuguesa\/","title":{"rendered":"D\u00cdA DE PORTUGAL | Prooptica apuesta por la moda y la cultura portuguesas"},"content":{"rendered":"<p>Prooptica es una empresa l\u00edder en el sector \u00f3ptico, reconocida por su s\u00f3lida y coherente estrategia de valorizaci\u00f3n de la moda y la cultura portuguesas.<\/p>\r\n<p>Aprovechamos esta celebraci\u00f3n del D\u00eda de Portugal para honrar la historia y la cultura del pueblo portugu\u00e9s, as\u00ed como la historia de Prooptica y su relaci\u00f3n con la moda portuguesa.<\/p>\r\n<p>En 2023 Prooptica celebra 30 a\u00f1os de existencia y desde hace 22 a\u00f1os hemos apostado fuertemente por una estrategia de desarrollo de gafas para marcas y personalidades relevantes en el contexto de la moda nacional.<\/p>\r\n<p>Desde el lanzamiento de nuestra primera colecci\u00f3n en colaboraci\u00f3n con Jo\u00e3o Rolo hasta hoy, hemos recorrido un camino largo pero gratificante. Hemos superado todas las dificultades y hemos seguido invirtiendo e innovando en dise\u00f1o, materiales, calidad de producci\u00f3n e imagen de nuestras colecciones.<\/p>\r\n<p>Innovamos y llevamos a\u00fan m\u00e1s lejos el nombre de Portugal desarrollando colecciones para marcas como Lanidor, Quebramar, Dielmar, Throtleman y Am\u00e1lia eyewear. Estas l\u00edneas tienen un ADN totalmente portugu\u00e9s y se han convertido en extremadamente importantes en la diversidad de productos en las \u00f3pticas de: Portugal, Espa\u00f1a, PALOPS, entre otros.<img fetchpriority=\"high\" decoding=\"async\" class=\"aligncenter wp-image-16884\" src=\"https:\/\/prooptica.pt\/wp-content\/uploads\/2023\/06\/Artigo-Portugal-00-6-1024x1024.jpg\" alt=\"\" width=\"600\" height=\"600\" srcset=\"https:\/\/www.prooptica.pt\/wp-content\/uploads\/2023\/06\/Artigo-Portugal-00-6-1024x1024.jpg 1024w, https:\/\/www.prooptica.pt\/wp-content\/uploads\/2023\/06\/Artigo-Portugal-00-6-300x300.jpg 300w, https:\/\/www.prooptica.pt\/wp-content\/uploads\/2023\/06\/Artigo-Portugal-00-6-150x150.jpg 150w, https:\/\/www.prooptica.pt\/wp-content\/uploads\/2023\/06\/Artigo-Portugal-00-6-768x768.jpg 768w, https:\/\/www.prooptica.pt\/wp-content\/uploads\/2023\/06\/Artigo-Portugal-00-6-1536x1536.jpg 1536w, https:\/\/www.prooptica.pt\/wp-content\/uploads\/2023\/06\/Artigo-Portugal-00-6-2048x2048.jpg 2048w, https:\/\/www.prooptica.pt\/wp-content\/uploads\/2023\/06\/Artigo-Portugal-00-6-720x720.jpg 720w\" sizes=\"(max-width: 600px) 100vw, 600px\" \/><\/p>\r\n<p>Haciendo balance de estos 22 a\u00f1os de dedicaci\u00f3n a la moda y a la cultura portuguesas, podemos celebrar el \u00e9xito absoluto de esta apuesta estrat\u00e9gica que tard\u00f3 dos d\u00e9cadas en construirse. Esta apuesta es un s\u00edmbolo de nuestra autonom\u00eda y un factor totalmente diferenciador de nuestra empresa en el mercado. Estamos seguros de haber creado un valor muy relevante para nuestros socios y para el consumidor final.<\/p>\r\n<p>En esta celebraci\u00f3n del D\u00eda de Portugal, queremos dar las gracias a todos los que han formado parte de este viaje y reafirmar con nosotros nuestro deseo de seguir invirtiendo y dando a conocer la moda y la cultura portuguesas.<\/p>\r\n<p>Con la vista puesta en el futuro, seguiremos creciendo y construyendo juntos la historia.<\/p>\r\n<p>Estamos orgullosos de ser portugueses.<\/p>","protected":false},"excerpt":{"rendered":"<p>A Prooptica \u00e9 uma empresa l\u00edder no setor \u00f3tico, reconhecida pela sua s\u00f3lida e consistente estrat\u00e9gia de valoriza\u00e7\u00e3o da moda e cultura portuguesa. Aproveitamos esta celebra\u00e7\u00e3o do Dia de Portugal para honrar a hist\u00f3ria e a cultura do povo portugu\u00eas, assim como a hist\u00f3ria da Prooptica e a sua rela\u00e7\u00e3o com a moda portuguesa. Em [&hellip;]<\/p>\n","protected":false},"author":3,"featured_media":16878,"comment_status":"closed","ping_status":"closed","sticky":false,"template":"","format":"standard","meta":{"footnotes":""},"categories":[195,67,189],"tags":[],"class_list":["post-16872","post","type-post","status-publish","format-standard","has-post-thumbnail","hentry","category-institucional","category-moda-portuguesa","category-oculos"],"yoast_head":"<!-- This site is optimized with the Yoast SEO plugin v27.4 - https:\/\/yoast.com\/product\/yoast-seo-wordpress\/ -->\n<title>DIA DE PORTUGAL | Prooptica aposta na moda e cultura portuguesa - Prooptica<\/title>\n<meta name=\"description\" content=\"A Prooptica \u00e9 uma empresa l\u00edder no setor \u00f3tico, reconhecida pela sua s\u00f3lida e consistente estrat\u00e9gia de valoriza\u00e7\u00e3o da moda e cultura portuguesa.\" \/>\n<meta name=\"robots\" content=\"index, follow, max-snippet:-1, max-image-preview:large, max-video-preview:-1\" \/>\n<link rel=\"canonical\" href=\"https:\/\/www.prooptica.pt\/es\/portugal-day-prooptica-apuesta-por-la-moda-y-la-cultura-portuguesas\/\" \/>\n<meta property=\"og:locale\" content=\"es_ES\" \/>\n<meta property=\"og:type\" content=\"article\" \/>\n<meta property=\"og:title\" content=\"DIA DE PORTUGAL | Prooptica aposta na moda e cultura portuguesa - Prooptica\" \/>\n<meta property=\"og:description\" content=\"A Prooptica \u00e9 uma empresa l\u00edder no setor \u00f3tico, reconhecida pela sua s\u00f3lida e consistente estrat\u00e9gia de valoriza\u00e7\u00e3o da moda e cultura portuguesa.\" \/>\n<meta property=\"og:url\" content=\"https:\/\/www.prooptica.pt\/es\/portugal-day-prooptica-apuesta-por-la-moda-y-la-cultura-portuguesas\/\" \/>\n<meta property=\"og:site_name\" content=\"Prooptica\" \/>\n<meta property=\"article:published_time\" content=\"2023-06-08T08:00:24+00:00\" \/>\n<meta property=\"og:image\" content=\"https:\/\/www.prooptica.pt\/wp-content\/uploads\/2023\/06\/Artigo-Portugal-00-3.jpg\" \/>\n\t<meta property=\"og:image:width\" content=\"2001\" \/>\n\t<meta property=\"og:image:height\" content=\"1121\" \/>\n\t<meta property=\"og:image:type\" content=\"image\/jpeg\" \/>\n<meta name=\"author\" content=\"Marketing Prooptica\" \/>\n<meta name=\"twitter:card\" content=\"summary_large_image\" \/>\n<meta name=\"twitter:label1\" content=\"Escrito por\" \/>\n\t<meta name=\"twitter:data1\" content=\"Marketing Prooptica\" \/>\n\t<meta name=\"twitter:label2\" content=\"Tiempo de lectura\" \/>\n\t<meta name=\"twitter:data2\" content=\"2 minutos\" \/>\n<script type=\"application\/ld+json\" class=\"yoast-schema-graph\">{\"@context\":\"https:\\\/\\\/schema.org\",\"@graph\":[{\"@type\":\"Article\",\"@id\":\"https:\\\/\\\/www.prooptica.pt\\\/dia-de-portugal-prooptica-aposta-na-moda-e-cultura-portuguesa\\\/#article\",\"isPartOf\":{\"@id\":\"https:\\\/\\\/www.prooptica.pt\\\/dia-de-portugal-prooptica-aposta-na-moda-e-cultura-portuguesa\\\/\"},\"author\":{\"name\":\"Marketing Prooptica\",\"@id\":\"https:\\\/\\\/www.prooptica.pt\\\/home\\\/#\\\/schema\\\/person\\\/c3afe955f42eef7c9c157838d5be4f29\"},\"headline\":\"DIA DE PORTUGAL | Prooptica aposta na moda e cultura portuguesa\",\"datePublished\":\"2023-06-08T08:00:24+00:00\",\"mainEntityOfPage\":{\"@id\":\"https:\\\/\\\/www.prooptica.pt\\\/dia-de-portugal-prooptica-aposta-na-moda-e-cultura-portuguesa\\\/\"},\"wordCount\":334,\"image\":{\"@id\":\"https:\\\/\\\/www.prooptica.pt\\\/dia-de-portugal-prooptica-aposta-na-moda-e-cultura-portuguesa\\\/#primaryimage\"},\"thumbnailUrl\":\"https:\\\/\\\/www.prooptica.pt\\\/wp-content\\\/uploads\\\/2023\\\/06\\\/Artigo-Portugal-00-3.jpg\",\"articleSection\":[\"Institucional\",\"Moda Portuguesa\",\"\u00d3culos\"],\"inLanguage\":\"es\"},{\"@type\":\"WebPage\",\"@id\":\"https:\\\/\\\/www.prooptica.pt\\\/dia-de-portugal-prooptica-aposta-na-moda-e-cultura-portuguesa\\\/\",\"url\":\"https:\\\/\\\/www.prooptica.pt\\\/dia-de-portugal-prooptica-aposta-na-moda-e-cultura-portuguesa\\\/\",\"name\":\"DIA DE PORTUGAL | Prooptica aposta na moda e cultura portuguesa - Prooptica\",\"isPartOf\":{\"@id\":\"https:\\\/\\\/www.prooptica.pt\\\/home\\\/#website\"},\"primaryImageOfPage\":{\"@id\":\"https:\\\/\\\/www.prooptica.pt\\\/dia-de-portugal-prooptica-aposta-na-moda-e-cultura-portuguesa\\\/#primaryimage\"},\"image\":{\"@id\":\"https:\\\/\\\/www.prooptica.pt\\\/dia-de-portugal-prooptica-aposta-na-moda-e-cultura-portuguesa\\\/#primaryimage\"},\"thumbnailUrl\":\"https:\\\/\\\/www.prooptica.pt\\\/wp-content\\\/uploads\\\/2023\\\/06\\\/Artigo-Portugal-00-3.jpg\",\"datePublished\":\"2023-06-08T08:00:24+00:00\",\"author\":{\"@id\":\"https:\\\/\\\/www.prooptica.pt\\\/home\\\/#\\\/schema\\\/person\\\/c3afe955f42eef7c9c157838d5be4f29\"},\"description\":\"A Prooptica \u00e9 uma empresa l\u00edder no setor \u00f3tico, reconhecida pela sua s\u00f3lida e consistente estrat\u00e9gia de valoriza\u00e7\u00e3o da moda e cultura portuguesa.\",\"breadcrumb\":{\"@id\":\"https:\\\/\\\/www.prooptica.pt\\\/dia-de-portugal-prooptica-aposta-na-moda-e-cultura-portuguesa\\\/#breadcrumb\"},\"inLanguage\":\"es\",\"potentialAction\":[{\"@type\":\"ReadAction\",\"target\":[\"https:\\\/\\\/www.prooptica.pt\\\/dia-de-portugal-prooptica-aposta-na-moda-e-cultura-portuguesa\\\/\"]}]},{\"@type\":\"ImageObject\",\"inLanguage\":\"es\",\"@id\":\"https:\\\/\\\/www.prooptica.pt\\\/dia-de-portugal-prooptica-aposta-na-moda-e-cultura-portuguesa\\\/#primaryimage\",\"url\":\"https:\\\/\\\/www.prooptica.pt\\\/wp-content\\\/uploads\\\/2023\\\/06\\\/Artigo-Portugal-00-3.jpg\",\"contentUrl\":\"https:\\\/\\\/www.prooptica.pt\\\/wp-content\\\/uploads\\\/2023\\\/06\\\/Artigo-Portugal-00-3.jpg\",\"width\":2001,\"height\":1121},{\"@type\":\"BreadcrumbList\",\"@id\":\"https:\\\/\\\/www.prooptica.pt\\\/dia-de-portugal-prooptica-aposta-na-moda-e-cultura-portuguesa\\\/#breadcrumb\",\"itemListElement\":[{\"@type\":\"ListItem\",\"position\":1,\"name\":\"In\u00edcio\",\"item\":\"https:\\\/\\\/www.prooptica.pt\\\/\"},{\"@type\":\"ListItem\",\"position\":2,\"name\":\"DIA DE PORTUGAL | Prooptica aposta na moda e cultura portuguesa\"}]},{\"@type\":\"WebSite\",\"@id\":\"https:\\\/\\\/www.prooptica.pt\\\/home\\\/#website\",\"url\":\"https:\\\/\\\/www.prooptica.pt\\\/home\\\/\",\"name\":\"Prooptica\",\"description\":\"Full Eyewear Concept\",\"potentialAction\":[{\"@type\":\"SearchAction\",\"target\":{\"@type\":\"EntryPoint\",\"urlTemplate\":\"https:\\\/\\\/www.prooptica.pt\\\/home\\\/?s={search_term_string}\"},\"query-input\":{\"@type\":\"PropertyValueSpecification\",\"valueRequired\":true,\"valueName\":\"search_term_string\"}}],\"inLanguage\":\"es\"},{\"@type\":\"Person\",\"@id\":\"https:\\\/\\\/www.prooptica.pt\\\/home\\\/#\\\/schema\\\/person\\\/c3afe955f42eef7c9c157838d5be4f29\",\"name\":\"Marketing Prooptica\",\"image\":{\"@type\":\"ImageObject\",\"inLanguage\":\"es\",\"@id\":\"https:\\\/\\\/secure.gravatar.com\\\/avatar\\\/23248622405e2ce007d39ad746d368991c744fa6fce97036e33e8d9221859ae3?s=96&d=mm&r=g\",\"url\":\"https:\\\/\\\/secure.gravatar.com\\\/avatar\\\/23248622405e2ce007d39ad746d368991c744fa6fce97036e33e8d9221859ae3?s=96&d=mm&r=g\",\"contentUrl\":\"https:\\\/\\\/secure.gravatar.com\\\/avatar\\\/23248622405e2ce007d39ad746d368991c744fa6fce97036e33e8d9221859ae3?s=96&d=mm&r=g\",\"caption\":\"Marketing Prooptica\"},\"url\":\"https:\\\/\\\/www.prooptica.pt\\\/es\\\/author\\\/marketing\\\/\"}]}<\/script>\n<!-- \/ Yoast SEO plugin. -->","yoast_head_json":{"title":"D\u00cdA DE PORTUGAL | Prooptica apuesta por la moda y la cultura portuguesas - Prooptica","description":"Prooptica es una empresa l\u00edder en el sector \u00f3ptico, reconocida por su s\u00f3lida y coherente estrategia de valorizaci\u00f3n de la moda y la cultura portuguesas.","robots":{"index":"index","follow":"follow","max-snippet":"max-snippet:-1","max-image-preview":"max-image-preview:large","max-video-preview":"max-video-preview:-1"},"canonical":"https:\/\/www.prooptica.pt\/es\/portugal-day-prooptica-apuesta-por-la-moda-y-la-cultura-portuguesas\/","og_locale":"es_ES","og_type":"article","og_title":"DIA DE PORTUGAL | Prooptica aposta na moda e cultura portuguesa - Prooptica","og_description":"A Prooptica \u00e9 uma empresa l\u00edder no setor \u00f3tico, reconhecida pela sua s\u00f3lida e consistente estrat\u00e9gia de valoriza\u00e7\u00e3o da moda e cultura portuguesa.","og_url":"https:\/\/www.prooptica.pt\/es\/portugal-day-prooptica-apuesta-por-la-moda-y-la-cultura-portuguesas\/","og_site_name":"Prooptica","article_published_time":"2023-06-08T08:00:24+00:00","og_image":[{"width":2001,"height":1121,"url":"https:\/\/www.prooptica.pt\/wp-content\/uploads\/2023\/06\/Artigo-Portugal-00-3.jpg","type":"image\/jpeg"}],"author":"Marketing Prooptica","twitter_card":"summary_large_image","twitter_misc":{"Escrito por":"Marketing Prooptica","Tiempo de lectura":"2 minutos"},"schema":{"@context":"https:\/\/schema.org","@graph":[{"@type":"Article","@id":"https:\/\/www.prooptica.pt\/dia-de-portugal-prooptica-aposta-na-moda-e-cultura-portuguesa\/#article","isPartOf":{"@id":"https:\/\/www.prooptica.pt\/dia-de-portugal-prooptica-aposta-na-moda-e-cultura-portuguesa\/"},"author":{"name":"Marketing Prooptica","@id":"https:\/\/www.prooptica.pt\/home\/#\/schema\/person\/c3afe955f42eef7c9c157838d5be4f29"},"headline":"DIA DE PORTUGAL | Prooptica aposta na moda e cultura portuguesa","datePublished":"2023-06-08T08:00:24+00:00","mainEntityOfPage":{"@id":"https:\/\/www.prooptica.pt\/dia-de-portugal-prooptica-aposta-na-moda-e-cultura-portuguesa\/"},"wordCount":334,"image":{"@id":"https:\/\/www.prooptica.pt\/dia-de-portugal-prooptica-aposta-na-moda-e-cultura-portuguesa\/#primaryimage"},"thumbnailUrl":"https:\/\/www.prooptica.pt\/wp-content\/uploads\/2023\/06\/Artigo-Portugal-00-3.jpg","articleSection":["Institucional","Moda Portuguesa","\u00d3culos"],"inLanguage":"es"},{"@type":"WebPage","@id":"https:\/\/www.prooptica.pt\/dia-de-portugal-prooptica-aposta-na-moda-e-cultura-portuguesa\/","url":"https:\/\/www.prooptica.pt\/dia-de-portugal-prooptica-aposta-na-moda-e-cultura-portuguesa\/","name":"D\u00cdA DE PORTUGAL | Prooptica apuesta por la moda y la cultura portuguesas - Prooptica","isPartOf":{"@id":"https:\/\/www.prooptica.pt\/home\/#website"},"primaryImageOfPage":{"@id":"https:\/\/www.prooptica.pt\/dia-de-portugal-prooptica-aposta-na-moda-e-cultura-portuguesa\/#primaryimage"},"image":{"@id":"https:\/\/www.prooptica.pt\/dia-de-portugal-prooptica-aposta-na-moda-e-cultura-portuguesa\/#primaryimage"},"thumbnailUrl":"https:\/\/www.prooptica.pt\/wp-content\/uploads\/2023\/06\/Artigo-Portugal-00-3.jpg","datePublished":"2023-06-08T08:00:24+00:00","author":{"@id":"https:\/\/www.prooptica.pt\/home\/#\/schema\/person\/c3afe955f42eef7c9c157838d5be4f29"},"description":"Prooptica es una empresa l\u00edder en el sector \u00f3ptico, reconocida por su s\u00f3lida y coherente estrategia de valorizaci\u00f3n de la moda y la cultura portuguesas.","breadcrumb":{"@id":"https:\/\/www.prooptica.pt\/dia-de-portugal-prooptica-aposta-na-moda-e-cultura-portuguesa\/#breadcrumb"},"inLanguage":"es","potentialAction":[{"@type":"ReadAction","target":["https:\/\/www.prooptica.pt\/dia-de-portugal-prooptica-aposta-na-moda-e-cultura-portuguesa\/"]}]},{"@type":"ImageObject","inLanguage":"es","@id":"https:\/\/www.prooptica.pt\/dia-de-portugal-prooptica-aposta-na-moda-e-cultura-portuguesa\/#primaryimage","url":"https:\/\/www.prooptica.pt\/wp-content\/uploads\/2023\/06\/Artigo-Portugal-00-3.jpg","contentUrl":"https:\/\/www.prooptica.pt\/wp-content\/uploads\/2023\/06\/Artigo-Portugal-00-3.jpg","width":2001,"height":1121},{"@type":"BreadcrumbList","@id":"https:\/\/www.prooptica.pt\/dia-de-portugal-prooptica-aposta-na-moda-e-cultura-portuguesa\/#breadcrumb","itemListElement":[{"@type":"ListItem","position":1,"name":"In\u00edcio","item":"https:\/\/www.prooptica.pt\/"},{"@type":"ListItem","position":2,"name":"DIA DE PORTUGAL | Prooptica aposta na moda e cultura portuguesa"}]},{"@type":"WebSite","@id":"https:\/\/www.prooptica.pt\/home\/#website","url":"https:\/\/www.prooptica.pt\/home\/","name":"Prooptica","description":"Concepto de gafas completas","potentialAction":[{"@type":"SearchAction","target":{"@type":"EntryPoint","urlTemplate":"https:\/\/www.prooptica.pt\/home\/?s={search_term_string}"},"query-input":{"@type":"PropertyValueSpecification","valueRequired":true,"valueName":"search_term_string"}}],"inLanguage":"es"},{"@type":"Person","@id":"https:\/\/www.prooptica.pt\/home\/#\/schema\/person\/c3afe955f42eef7c9c157838d5be4f29","name":"Comercializaci\u00f3n de Prooptica","image":{"@type":"ImageObject","inLanguage":"es","@id":"https:\/\/secure.gravatar.com\/avatar\/23248622405e2ce007d39ad746d368991c744fa6fce97036e33e8d9221859ae3?s=96&d=mm&r=g","url":"https:\/\/secure.gravatar.com\/avatar\/23248622405e2ce007d39ad746d368991c744fa6fce97036e33e8d9221859ae3?s=96&d=mm&r=g","contentUrl":"https:\/\/secure.gravatar.com\/avatar\/23248622405e2ce007d39ad746d368991c744fa6fce97036e33e8d9221859ae3?s=96&d=mm&r=g","caption":"Marketing Prooptica"},"url":"https:\/\/www.prooptica.pt\/es\/author\/marketing\/"}]}},"_links":{"self":[{"href":"https:\/\/www.prooptica.pt\/es\/wp-json\/wp\/v2\/posts\/16872","targetHints":{"allow":["GET"]}}],"collection":[{"href":"https:\/\/www.prooptica.pt\/es\/wp-json\/wp\/v2\/posts"}],"about":[{"href":"https:\/\/www.prooptica.pt\/es\/wp-json\/wp\/v2\/types\/post"}],"author":[{"embeddable":true,"href":"https:\/\/www.prooptica.pt\/es\/wp-json\/wp\/v2\/users\/3"}],"replies":[{"embeddable":true,"href":"https:\/\/www.prooptica.pt\/es\/wp-json\/wp\/v2\/comments?post=16872"}],"version-history":[{"count":0,"href":"https:\/\/www.prooptica.pt\/es\/wp-json\/wp\/v2\/posts\/16872\/revisions"}],"wp:featuredmedia":[{"embeddable":true,"href":"https:\/\/www.prooptica.pt\/es\/wp-json\/wp\/v2\/media\/16878"}],"wp:attachment":[{"href":"https:\/\/www.prooptica.pt\/es\/wp-json\/wp\/v2\/media?parent=16872"}],"wp:term":[{"taxonomy":"category","embeddable":true,"href":"https:\/\/www.prooptica.pt\/es\/wp-json\/wp\/v2\/categories?post=16872"},{"taxonomy":"post_tag","embeddable":true,"href":"https:\/\/www.prooptica.pt\/es\/wp-json\/wp\/v2\/tags?post=16872"}],"curies":[{"name":"wp","href":"https:\/\/api.w.org\/{rel}","templated":true}]}}