{"id":16981,"date":"2023-06-15T14:59:06","date_gmt":"2023-06-15T14:59:06","guid":{"rendered":"https:\/\/prooptica.pt\/?p=16981"},"modified":"2023-06-15T14:59:06","modified_gmt":"2023-06-15T14:59:06","slug":"30-anos-de-prooptica","status":"publish","type":"post","link":"https:\/\/www.prooptica.pt\/es\/30-anos-prooptica\/","title":{"rendered":"Hoy es un d\u00eda hist\u00f3rico para Prooptica."},"content":{"rendered":"<p>Es con gran satisfacci\u00f3n que hoy, 15 de junio de 2023, Prooptica celebra 30 a\u00f1os de \u00e9xito. Desde su fundaci\u00f3n en 1993, la empresa ha dejado una huella indeleble en el sector, superando las expectativas y convirti\u00e9ndose en <span class=\"pl-s\">actualmente <\/span>en uno de los l\u00edderes del mercado. Es un hito que nos llena de orgullo y nos hace reflexionar sobre el camino recorrido en estas tres d\u00e9cadas.<\/p>\n<p>La historia de Prooptica est\u00e1 llena de treinta a\u00f1os de aprendizaje, cambios, adaptaciones, victorias y algunos errores, que sin duda nos han ayudado a moldear y fortalecer la empresa que somos hoy. Es una historia salpicada de retos que hemos afrontado con valent\u00eda y de victorias que hemos celebrado juntos.<\/p>\n<p>Hoy celebramos no s\u00f3lo la longevidad de la empresa, sino sobre todo la tenacidad, la determinaci\u00f3n y el esp\u00edritu emprendedor que la han convertido en la fuerza que es hoy. Celebramos que somos un equipo feliz, motivado e inquieto, siempre dispuesto a explorar nuevos horizontes y afrontar nuevos retos.<\/p>\n<p><img fetchpriority=\"high\" decoding=\"async\" class=\"aligncenter wp-image-16988\" src=\"https:\/\/prooptica.pt\/wp-content\/uploads\/2023\/06\/20221219_223458-copy-300x119.jpg\" alt=\"\" width=\"1000\" height=\"397\" srcset=\"https:\/\/www.prooptica.pt\/wp-content\/uploads\/2023\/06\/20221219_223458-copy-300x119.jpg 300w, https:\/\/www.prooptica.pt\/wp-content\/uploads\/2023\/06\/20221219_223458-copy-1024x406.jpg 1024w, https:\/\/www.prooptica.pt\/wp-content\/uploads\/2023\/06\/20221219_223458-copy-768x305.jpg 768w, https:\/\/www.prooptica.pt\/wp-content\/uploads\/2023\/06\/20221219_223458-copy-1536x610.jpg 1536w, https:\/\/www.prooptica.pt\/wp-content\/uploads\/2023\/06\/20221219_223458-copy-2048x813.jpg 2048w\" sizes=\"(max-width: 1000px) 100vw, 1000px\" \/><\/p>\n<p>Queremos aprovechar esta oportunidad para expresar nuestro profundo agradecimiento a todos los clientes que nos han acompa\u00f1ado a lo largo de los \u00faltimos 30 a\u00f1os. A ellos dedicamos nuestra historia y para ellos trabajamos cada d\u00eda. Damos las gracias a cada miembro de nuestro talentoso equipo que ha contribuido a nuestra historia de \u00e9xito y nos ha acompa\u00f1ado en este incre\u00edble viaje.<\/p>\n<p>All\u00e1 vamos, \"mirando al futuro\", preparados para otros treinta a\u00f1os (y muchos m\u00e1s) de excelencia y \u00e9xito. Aprovecharemos las lecciones del pasado, el \u00e9xito del presente y las oportunidades del futuro para seguir construyendo nuestro legado.<\/p>\n<p><strong><span style=\"font-family: 'Calibri',sans-serif;\">\u00a1Feliz 30 cumplea\u00f1os, Prooptica!<\/span><\/strong><\/p>\n<p>&nbsp;<\/p>","protected":false},"excerpt":{"rendered":"<p>\u00c9 com grande satisfa\u00e7\u00e3o que hoje, 15 de junho de 2023, a Prooptica celebra 30 anos de uma hist\u00f3ria de sucesso. Desde a sua funda\u00e7\u00e3o, em 1993, a empresa tem deixado uma marca indel\u00e9vel no sector, superando expectativas e tornando-se atualmente num dos l\u00edderes do mercado.\u00a0\u00c9 um marco que nos enche de orgulho e nos [&hellip;]<\/p>\n","protected":false},"author":3,"featured_media":16985,"comment_status":"closed","ping_status":"closed","sticky":false,"template":"","format":"standard","meta":{"footnotes":""},"categories":[195],"tags":[],"class_list":["post-16981","post","type-post","status-publish","format-standard","has-post-thumbnail","hentry","category-institucional"],"yoast_head":"<!-- This site is optimized with the Yoast SEO plugin v27.4 - https:\/\/yoast.com\/product\/yoast-seo-wordpress\/ -->\n<title>30 anos Prooptica<\/title>\n<meta name=\"description\" content=\"A Prooptica celebra hoje 30 anos de uma hist\u00f3ria de sucesso. \u00c9 um marco que nos enche de orgulho e nos faz refletir sobre esta jornada.\" \/>\n<meta name=\"robots\" content=\"index, follow, max-snippet:-1, max-image-preview:large, max-video-preview:-1\" \/>\n<link rel=\"canonical\" href=\"https:\/\/www.prooptica.pt\/es\/30-anos-de-prooptica\/\" \/>\n<meta property=\"og:locale\" content=\"es_ES\" \/>\n<meta property=\"og:type\" content=\"article\" \/>\n<meta property=\"og:title\" content=\"30 anos Prooptica\" \/>\n<meta property=\"og:description\" content=\"A Prooptica celebra hoje 30 anos de uma hist\u00f3ria de sucesso. \u00c9 um marco que nos enche de orgulho e nos faz refletir sobre esta jornada.\" \/>\n<meta property=\"og:url\" content=\"https:\/\/www.prooptica.pt\/es\/30-anos-de-prooptica\/\" \/>\n<meta property=\"og:site_name\" content=\"Prooptica\" \/>\n<meta property=\"article:published_time\" content=\"2023-06-15T14:59:06+00:00\" \/>\n<meta property=\"og:image\" content=\"https:\/\/www.prooptica.pt\/wp-content\/uploads\/2023\/06\/PS_7801-scaled.jpg\" \/>\n\t<meta property=\"og:image:width\" content=\"2560\" \/>\n\t<meta property=\"og:image:height\" content=\"1707\" \/>\n\t<meta property=\"og:image:type\" content=\"image\/jpeg\" \/>\n<meta name=\"author\" content=\"Marketing Prooptica\" \/>\n<meta name=\"twitter:card\" content=\"summary_large_image\" \/>\n<meta name=\"twitter:label1\" content=\"Escrito por\" \/>\n\t<meta name=\"twitter:data1\" content=\"Marketing Prooptica\" \/>\n\t<meta name=\"twitter:label2\" content=\"Tiempo de lectura\" \/>\n\t<meta name=\"twitter:data2\" content=\"2 minutos\" \/>\n<script type=\"application\/ld+json\" class=\"yoast-schema-graph\">{\"@context\":\"https:\\\/\\\/schema.org\",\"@graph\":[{\"@type\":\"Article\",\"@id\":\"https:\\\/\\\/www.prooptica.pt\\\/30-anos-prooptica\\\/#article\",\"isPartOf\":{\"@id\":\"https:\\\/\\\/www.prooptica.pt\\\/30-anos-prooptica\\\/\"},\"author\":{\"name\":\"Marketing Prooptica\",\"@id\":\"https:\\\/\\\/www.prooptica.pt\\\/home\\\/#\\\/schema\\\/person\\\/c3afe955f42eef7c9c157838d5be4f29\"},\"headline\":\"Hoje \u00e9 um dia marcante para a Prooptica!\",\"datePublished\":\"2023-06-15T14:59:06+00:00\",\"mainEntityOfPage\":{\"@id\":\"https:\\\/\\\/www.prooptica.pt\\\/30-anos-prooptica\\\/\"},\"wordCount\":287,\"image\":{\"@id\":\"https:\\\/\\\/www.prooptica.pt\\\/30-anos-prooptica\\\/#primaryimage\"},\"thumbnailUrl\":\"https:\\\/\\\/www.prooptica.pt\\\/wp-content\\\/uploads\\\/2023\\\/06\\\/PS_7801-scaled.jpg\",\"articleSection\":[\"Institucional\"],\"inLanguage\":\"es\"},{\"@type\":\"WebPage\",\"@id\":\"https:\\\/\\\/www.prooptica.pt\\\/30-anos-prooptica\\\/\",\"url\":\"https:\\\/\\\/www.prooptica.pt\\\/30-anos-prooptica\\\/\",\"name\":\"30 anos Prooptica\",\"isPartOf\":{\"@id\":\"https:\\\/\\\/www.prooptica.pt\\\/home\\\/#website\"},\"primaryImageOfPage\":{\"@id\":\"https:\\\/\\\/www.prooptica.pt\\\/30-anos-prooptica\\\/#primaryimage\"},\"image\":{\"@id\":\"https:\\\/\\\/www.prooptica.pt\\\/30-anos-prooptica\\\/#primaryimage\"},\"thumbnailUrl\":\"https:\\\/\\\/www.prooptica.pt\\\/wp-content\\\/uploads\\\/2023\\\/06\\\/PS_7801-scaled.jpg\",\"datePublished\":\"2023-06-15T14:59:06+00:00\",\"author\":{\"@id\":\"https:\\\/\\\/www.prooptica.pt\\\/home\\\/#\\\/schema\\\/person\\\/c3afe955f42eef7c9c157838d5be4f29\"},\"description\":\"A Prooptica celebra hoje 30 anos de uma hist\u00f3ria de sucesso. \u00c9 um marco que nos enche de orgulho e nos faz refletir sobre esta jornada.\",\"breadcrumb\":{\"@id\":\"https:\\\/\\\/www.prooptica.pt\\\/30-anos-prooptica\\\/#breadcrumb\"},\"inLanguage\":\"es\",\"potentialAction\":[{\"@type\":\"ReadAction\",\"target\":[\"https:\\\/\\\/www.prooptica.pt\\\/30-anos-prooptica\\\/\"]}]},{\"@type\":\"ImageObject\",\"inLanguage\":\"es\",\"@id\":\"https:\\\/\\\/www.prooptica.pt\\\/30-anos-prooptica\\\/#primaryimage\",\"url\":\"https:\\\/\\\/www.prooptica.pt\\\/wp-content\\\/uploads\\\/2023\\\/06\\\/PS_7801-scaled.jpg\",\"contentUrl\":\"https:\\\/\\\/www.prooptica.pt\\\/wp-content\\\/uploads\\\/2023\\\/06\\\/PS_7801-scaled.jpg\",\"width\":2560,\"height\":1707},{\"@type\":\"BreadcrumbList\",\"@id\":\"https:\\\/\\\/www.prooptica.pt\\\/30-anos-prooptica\\\/#breadcrumb\",\"itemListElement\":[{\"@type\":\"ListItem\",\"position\":1,\"name\":\"In\u00edcio\",\"item\":\"https:\\\/\\\/www.prooptica.pt\\\/\"},{\"@type\":\"ListItem\",\"position\":2,\"name\":\"Hoje \u00e9 um dia marcante para a Prooptica!\"}]},{\"@type\":\"WebSite\",\"@id\":\"https:\\\/\\\/www.prooptica.pt\\\/home\\\/#website\",\"url\":\"https:\\\/\\\/www.prooptica.pt\\\/home\\\/\",\"name\":\"Prooptica\",\"description\":\"Full Eyewear Concept\",\"potentialAction\":[{\"@type\":\"SearchAction\",\"target\":{\"@type\":\"EntryPoint\",\"urlTemplate\":\"https:\\\/\\\/www.prooptica.pt\\\/home\\\/?s={search_term_string}\"},\"query-input\":{\"@type\":\"PropertyValueSpecification\",\"valueRequired\":true,\"valueName\":\"search_term_string\"}}],\"inLanguage\":\"es\"},{\"@type\":\"Person\",\"@id\":\"https:\\\/\\\/www.prooptica.pt\\\/home\\\/#\\\/schema\\\/person\\\/c3afe955f42eef7c9c157838d5be4f29\",\"name\":\"Marketing Prooptica\",\"image\":{\"@type\":\"ImageObject\",\"inLanguage\":\"es\",\"@id\":\"https:\\\/\\\/secure.gravatar.com\\\/avatar\\\/23248622405e2ce007d39ad746d368991c744fa6fce97036e33e8d9221859ae3?s=96&d=mm&r=g\",\"url\":\"https:\\\/\\\/secure.gravatar.com\\\/avatar\\\/23248622405e2ce007d39ad746d368991c744fa6fce97036e33e8d9221859ae3?s=96&d=mm&r=g\",\"contentUrl\":\"https:\\\/\\\/secure.gravatar.com\\\/avatar\\\/23248622405e2ce007d39ad746d368991c744fa6fce97036e33e8d9221859ae3?s=96&d=mm&r=g\",\"caption\":\"Marketing Prooptica\"},\"url\":\"https:\\\/\\\/www.prooptica.pt\\\/es\\\/author\\\/marketing\\\/\"}]}<\/script>\n<!-- \/ Yoast SEO plugin. -->","yoast_head_json":{"title":"30 a\u00f1os Prooptica","description":"Prooptica celebra hoy 30 a\u00f1os de \u00e9xitos. Es un hito que nos llena de orgullo y nos hace reflexionar sobre este viaje.","robots":{"index":"index","follow":"follow","max-snippet":"max-snippet:-1","max-image-preview":"max-image-preview:large","max-video-preview":"max-video-preview:-1"},"canonical":"https:\/\/www.prooptica.pt\/es\/30-anos-de-prooptica\/","og_locale":"es_ES","og_type":"article","og_title":"30 anos Prooptica","og_description":"A Prooptica celebra hoje 30 anos de uma hist\u00f3ria de sucesso. \u00c9 um marco que nos enche de orgulho e nos faz refletir sobre esta jornada.","og_url":"https:\/\/www.prooptica.pt\/es\/30-anos-de-prooptica\/","og_site_name":"Prooptica","article_published_time":"2023-06-15T14:59:06+00:00","og_image":[{"width":2560,"height":1707,"url":"https:\/\/www.prooptica.pt\/wp-content\/uploads\/2023\/06\/PS_7801-scaled.jpg","type":"image\/jpeg"}],"author":"Marketing Prooptica","twitter_card":"summary_large_image","twitter_misc":{"Escrito por":"Marketing Prooptica","Tiempo de lectura":"2 minutos"},"schema":{"@context":"https:\/\/schema.org","@graph":[{"@type":"Article","@id":"https:\/\/www.prooptica.pt\/30-anos-prooptica\/#article","isPartOf":{"@id":"https:\/\/www.prooptica.pt\/30-anos-prooptica\/"},"author":{"name":"Marketing Prooptica","@id":"https:\/\/www.prooptica.pt\/home\/#\/schema\/person\/c3afe955f42eef7c9c157838d5be4f29"},"headline":"Hoje \u00e9 um dia marcante para a Prooptica!","datePublished":"2023-06-15T14:59:06+00:00","mainEntityOfPage":{"@id":"https:\/\/www.prooptica.pt\/30-anos-prooptica\/"},"wordCount":287,"image":{"@id":"https:\/\/www.prooptica.pt\/30-anos-prooptica\/#primaryimage"},"thumbnailUrl":"https:\/\/www.prooptica.pt\/wp-content\/uploads\/2023\/06\/PS_7801-scaled.jpg","articleSection":["Institucional"],"inLanguage":"es"},{"@type":"WebPage","@id":"https:\/\/www.prooptica.pt\/30-anos-prooptica\/","url":"https:\/\/www.prooptica.pt\/30-anos-prooptica\/","name":"30 a\u00f1os Prooptica","isPartOf":{"@id":"https:\/\/www.prooptica.pt\/home\/#website"},"primaryImageOfPage":{"@id":"https:\/\/www.prooptica.pt\/30-anos-prooptica\/#primaryimage"},"image":{"@id":"https:\/\/www.prooptica.pt\/30-anos-prooptica\/#primaryimage"},"thumbnailUrl":"https:\/\/www.prooptica.pt\/wp-content\/uploads\/2023\/06\/PS_7801-scaled.jpg","datePublished":"2023-06-15T14:59:06+00:00","author":{"@id":"https:\/\/www.prooptica.pt\/home\/#\/schema\/person\/c3afe955f42eef7c9c157838d5be4f29"},"description":"Prooptica celebra hoy 30 a\u00f1os de \u00e9xitos. Es un hito que nos llena de orgullo y nos hace reflexionar sobre este viaje.","breadcrumb":{"@id":"https:\/\/www.prooptica.pt\/30-anos-prooptica\/#breadcrumb"},"inLanguage":"es","potentialAction":[{"@type":"ReadAction","target":["https:\/\/www.prooptica.pt\/30-anos-prooptica\/"]}]},{"@type":"ImageObject","inLanguage":"es","@id":"https:\/\/www.prooptica.pt\/30-anos-prooptica\/#primaryimage","url":"https:\/\/www.prooptica.pt\/wp-content\/uploads\/2023\/06\/PS_7801-scaled.jpg","contentUrl":"https:\/\/www.prooptica.pt\/wp-content\/uploads\/2023\/06\/PS_7801-scaled.jpg","width":2560,"height":1707},{"@type":"BreadcrumbList","@id":"https:\/\/www.prooptica.pt\/30-anos-prooptica\/#breadcrumb","itemListElement":[{"@type":"ListItem","position":1,"name":"In\u00edcio","item":"https:\/\/www.prooptica.pt\/"},{"@type":"ListItem","position":2,"name":"Hoje \u00e9 um dia marcante para a Prooptica!"}]},{"@type":"WebSite","@id":"https:\/\/www.prooptica.pt\/home\/#website","url":"https:\/\/www.prooptica.pt\/home\/","name":"Prooptica","description":"Concepto de gafas completas","potentialAction":[{"@type":"SearchAction","target":{"@type":"EntryPoint","urlTemplate":"https:\/\/www.prooptica.pt\/home\/?s={search_term_string}"},"query-input":{"@type":"PropertyValueSpecification","valueRequired":true,"valueName":"search_term_string"}}],"inLanguage":"es"},{"@type":"Person","@id":"https:\/\/www.prooptica.pt\/home\/#\/schema\/person\/c3afe955f42eef7c9c157838d5be4f29","name":"Comercializaci\u00f3n de Prooptica","image":{"@type":"ImageObject","inLanguage":"es","@id":"https:\/\/secure.gravatar.com\/avatar\/23248622405e2ce007d39ad746d368991c744fa6fce97036e33e8d9221859ae3?s=96&d=mm&r=g","url":"https:\/\/secure.gravatar.com\/avatar\/23248622405e2ce007d39ad746d368991c744fa6fce97036e33e8d9221859ae3?s=96&d=mm&r=g","contentUrl":"https:\/\/secure.gravatar.com\/avatar\/23248622405e2ce007d39ad746d368991c744fa6fce97036e33e8d9221859ae3?s=96&d=mm&r=g","caption":"Marketing Prooptica"},"url":"https:\/\/www.prooptica.pt\/es\/author\/marketing\/"}]}},"_links":{"self":[{"href":"https:\/\/www.prooptica.pt\/es\/wp-json\/wp\/v2\/posts\/16981","targetHints":{"allow":["GET"]}}],"collection":[{"href":"https:\/\/www.prooptica.pt\/es\/wp-json\/wp\/v2\/posts"}],"about":[{"href":"https:\/\/www.prooptica.pt\/es\/wp-json\/wp\/v2\/types\/post"}],"author":[{"embeddable":true,"href":"https:\/\/www.prooptica.pt\/es\/wp-json\/wp\/v2\/users\/3"}],"replies":[{"embeddable":true,"href":"https:\/\/www.prooptica.pt\/es\/wp-json\/wp\/v2\/comments?post=16981"}],"version-history":[{"count":0,"href":"https:\/\/www.prooptica.pt\/es\/wp-json\/wp\/v2\/posts\/16981\/revisions"}],"wp:featuredmedia":[{"embeddable":true,"href":"https:\/\/www.prooptica.pt\/es\/wp-json\/wp\/v2\/media\/16985"}],"wp:attachment":[{"href":"https:\/\/www.prooptica.pt\/es\/wp-json\/wp\/v2\/media?parent=16981"}],"wp:term":[{"taxonomy":"category","embeddable":true,"href":"https:\/\/www.prooptica.pt\/es\/wp-json\/wp\/v2\/categories?post=16981"},{"taxonomy":"post_tag","embeddable":true,"href":"https:\/\/www.prooptica.pt\/es\/wp-json\/wp\/v2\/tags?post=16981"}],"curies":[{"name":"wp","href":"https:\/\/api.w.org\/{rel}","templated":true}]}}