{"id":17744,"date":"2023-08-30T12:02:23","date_gmt":"2023-08-30T12:02:23","guid":{"rendered":"https:\/\/www.prooptica.pt\/?p=17744"},"modified":"2023-08-31T18:04:40","modified_gmt":"2023-08-31T18:04:40","slug":"vuelta-al-cole-relacion-entre-rendimiento-escolar-y-necesidades-visuales","status":"publish","type":"post","link":"https:\/\/www.prooptica.pt\/es\/regresso-as-aulas-relacao-entre-o-rendimento-escolar-e-as-necessidades-visuais\/","title":{"rendered":"Vuelta al cole | Relaci\u00f3n entre rendimiento escolar y necesidades visuales"},"content":{"rendered":"<p>Com o regresso \u00e0s aulas a chegar, existem aspectos muito relevantes a considerar relacionados com a sa\u00fade visual das nossas crian\u00e7as. O rendimento escolar e a aten\u00e7\u00e3o nas crian\u00e7as s\u00e3o temas que t\u00eam sido objecto de estudo e preocupa\u00e7\u00e3o por parte de pais, educadores e profissionais de sa\u00fade. No entanto, uma \u00e1rea que frequentemente \u00e9 negligenciada, mas que pode ter um impacto significativo em ambos, \u00e9 a sa\u00fade visual da crian\u00e7a. Assim, com este artigo exploramos a rela\u00e7\u00e3o entre o rendimento escolar, a falta de aten\u00e7\u00e3o e a exist\u00eancia de necessidades de compensa\u00e7\u00e3o visuais n\u00e3o detectadas.<\/p>\n<h6><strong>Regresso \u00e0s aulas: A import\u00e2ncia da sa\u00fade visual na aprendizagem<\/strong><\/h6>\n<p>A vis\u00e3o \u00e9 um dos sentidos mais cr\u00edticos para a aprendizagem e desenvolvimento acad\u00e9mico, Estima-se que cerca de 80% da aprendizagem de uma crian\u00e7a seja visual, o que inclui ler, escrever, usar computadores e olhar para o quadro. Um estudo realizado na Noruega mostrou que problemas de vis\u00e3o n\u00e3o detectados s\u00e3o inegavelmente uma causa significativa de baixo desempenho acad\u00e9mico e baixa auto-estima [1]. Al\u00e9m de afectar o rendimento escolar, problemas visuais n\u00e3o corrigidos podem levar a dificuldades de socializa\u00e7\u00e3o e at\u00e9 mesmo a problemas comportamentais. Outro estudo apontou que crian\u00e7as com mau desempenho acad\u00e9mico tinham pior sa\u00fade visual do que aquelas com bom desempenho [3].<\/p>\n<p><img fetchpriority=\"high\" decoding=\"async\" class=\"alignnone wp-image-17749 size-large\" src=\"https:\/\/www.prooptica.pt\/wp-content\/uploads\/2023\/08\/Prooptica-regresso-as-aulas-e-rendimento-1024x683.jpg\" alt=\"\" width=\"1024\" height=\"683\" srcset=\"https:\/\/www.prooptica.pt\/wp-content\/uploads\/2023\/08\/Prooptica-regresso-as-aulas-e-rendimento-1024x683.jpg 1024w, https:\/\/www.prooptica.pt\/wp-content\/uploads\/2023\/08\/Prooptica-regresso-as-aulas-e-rendimento-300x200.jpg 300w, https:\/\/www.prooptica.pt\/wp-content\/uploads\/2023\/08\/Prooptica-regresso-as-aulas-e-rendimento-768x512.jpg 768w, https:\/\/www.prooptica.pt\/wp-content\/uploads\/2023\/08\/Prooptica-regresso-as-aulas-e-rendimento-1536x1025.jpg 1536w, https:\/\/www.prooptica.pt\/wp-content\/uploads\/2023\/08\/Prooptica-regresso-as-aulas-e-rendimento-2048x1366.jpg 2048w\" sizes=\"(max-width: 1024px) 100vw, 1024px\" \/><\/p>\n<h6><strong>Regresso \u00e0s aulas: Falta de aten\u00e7\u00e3o e problemas visuais<\/strong><\/h6>\n<p>A falta de aten\u00e7\u00e3o em crian\u00e7as muitas vezes \u00e9 atribu\u00edda a condi\u00e7\u00f5es como Transtorno de D\u00e9ficit de Aten\u00e7\u00e3o e Hiperactividade (TDAH). No entanto, \u00e9 crucial entender que problemas visuais podem imitar sintomas de falta de aten\u00e7\u00e3o. Por exemplo, uma crian\u00e7a com dificuldade para ver o quadro pode parecer desatenta ou distra\u00edda, quando, na verdade, a sua incapacidade de focar correctamente for\u00e7a-a a desligar-se da actividade.\u00a0Um estudo investigou a rela\u00e7\u00e3o entre a aten\u00e7\u00e3o visual e comportamentos t\u00edpicos de inaten\u00e7\u00e3o ou hiperactividade em crian\u00e7as com defici\u00eancias de desenvolvimento. Os resultados apontaram para uma liga\u00e7\u00e3o significativa entre problemas de aten\u00e7\u00e3o visual e baixo rendimento acad\u00e9mico. Essa correla\u00e7\u00e3o foi observada mesmo quando as crian\u00e7as n\u00e3o tinham um diagn\u00f3stico formal de Transtorno de D\u00e9ficit de Aten\u00e7\u00e3o e Hiperactividade (TDAH) [2].<\/p>\n<h6><strong>Regresso \u00e0s aulas: Dete\u00e7\u00e3o e corre\u00e7\u00e3o com exames regulares<\/strong><\/h6>\n<p>A detec\u00e7\u00e3o precoce de problemas visuais \u00e9 crucial para evitar impactos negativos no rendimento escolar e na aten\u00e7\u00e3o. O estudo noruegu\u00eas mencionado anteriormente mostrou que 83% das crian\u00e7as encaminhadas para um especialista em sa\u00fade visual tinham problemas visuais n\u00e3o detectados, sendo que a maioria poderia ser resolvida apenas com o uso de \u00f3culos [1].<\/p>\n<p>Assim, \u00e9 vital que os pais e educadores estejam cientes da import\u00e2ncia da realiza\u00e7\u00e3o de exames de vis\u00e3o regulares (anuais).<\/p>\n<p><img decoding=\"async\" class=\"alignnone wp-image-17748 size-large\" src=\"https:\/\/www.prooptica.pt\/wp-content\/uploads\/2023\/08\/Prooptica-regresso-as-aulas-e-exame-visual-1024x683.jpg\" alt=\"\" width=\"1024\" height=\"683\" srcset=\"https:\/\/www.prooptica.pt\/wp-content\/uploads\/2023\/08\/Prooptica-regresso-as-aulas-e-exame-visual-1024x683.jpg 1024w, https:\/\/www.prooptica.pt\/wp-content\/uploads\/2023\/08\/Prooptica-regresso-as-aulas-e-exame-visual-300x200.jpg 300w, https:\/\/www.prooptica.pt\/wp-content\/uploads\/2023\/08\/Prooptica-regresso-as-aulas-e-exame-visual-768x512.jpg 768w, https:\/\/www.prooptica.pt\/wp-content\/uploads\/2023\/08\/Prooptica-regresso-as-aulas-e-exame-visual-1536x1024.jpg 1536w, https:\/\/www.prooptica.pt\/wp-content\/uploads\/2023\/08\/Prooptica-regresso-as-aulas-e-exame-visual-2048x1365.jpg 2048w\" sizes=\"(max-width: 1024px) 100vw, 1024px\" \/><\/p>\n<p>Em suma, a sa\u00fade visual \u00e9 um componente cr\u00edtico do desenvolvimento acad\u00e9mico e social das crian\u00e7as. Problemas visuais n\u00e3o detectados podem afectar negativamente o rendimento escolar e a aten\u00e7\u00e3o, levando a diagn\u00f3sticos incorrectos e tratamentos inadequados. Portanto, exames de vis\u00e3o regulares devem ser uma parte integrante dos cuidados de sa\u00fade prim\u00e1rios para crian\u00e7as.<\/p>\n<p>&#8212;<\/p>\n<p><strong>Refer\u00eancias<\/strong><\/p>\n<p>[1]: Falkenberg, H. K., Langaas, T., &amp; Svarverud, E. (2019). Vision status of children aged 7\u201315 years referred from school vision screening in Norway during 2003\u20132013: a retrospective study.<\/p>\n<p><span style=\"color: #000080;\"><a style=\"color: #000080;\" href=\"https:\/\/dx.doi.org\/10.1186\/s12886-019-1178-y\">https:\/\/dx.doi.org\/10.1186\/s12886-019-1178-y<\/a><\/span><\/p>\n<p><span style=\"color: #000080;\"><a style=\"color: #000080;\" href=\"https:\/\/bmcophthalmol.biomedcentral.com\/track\/pdf\/10.1186\/s12886-019-1178-y\">https:\/\/bmcophthalmol.biomedcentral.com\/track\/pdf\/10.1186\/s12886-019-1178-y<\/a><\/span><\/p>\n<p>[2]: Kirk, H., Gray, K., Riby, D., Taffe, J., &amp; Cornish, K. (2017). Visual attention and academic performance in children with developmental disabilities and behavioural attention deficits.<\/p>\n<p><span style=\"color: #000080;\"><a style=\"color: #000080;\" href=\"https:\/\/dx.doi.org\/10.1111\/desc.12468\">https:\/\/dx.doi.org\/10.1111\/desc.12468<\/a><\/span><\/p>\n<p><span style=\"color: #000080;\"><a style=\"color: #000080;\" href=\"http:\/\/dro.dur.ac.uk\/23456\/1\/23456.pdf\">http:\/\/dro.dur.ac.uk\/23456\/1\/23456.pdf<\/a><\/span><\/p>\n<p>[3]: Alvarez-Peregrina, C., Sanchez-Tena, M. A., Andreu-V\u00e1zquez, C., &amp; Villa-Collar, C. (2020). Visual Health and Academic Performance in School-Aged Children.<\/p>\n<p><span style=\"color: #000080;\"><a style=\"color: #000080;\" href=\"https:\/\/dx.doi.org\/10.3390\/ijerph17072346\">https:\/\/dx.doi.org\/10.3390\/ijerph17072346<\/a><\/span><\/p>\n<p><span style=\"color: #000080;\"><a style=\"color: #000080;\" href=\"https:\/\/www.mdpi.com\/1660-4601\/17\/7\/2346\/pdf?version=1585624027\">https:\/\/www.mdpi.com\/1660-4601\/17\/7\/2346\/pdf?version=1585624027<\/a><\/span><\/p>\n","protected":false},"excerpt":{"rendered":"<p>Com o regresso \u00e0s aulas a chegar, existem aspectos muito relevantes a considerar relacionados com a sa\u00fade visual das nossas crian\u00e7as. O rendimento escolar e a aten\u00e7\u00e3o nas crian\u00e7as s\u00e3o temas que t\u00eam sido objecto de estudo e preocupa\u00e7\u00e3o por parte de pais, educadores e profissionais de sa\u00fade. No entanto, uma \u00e1rea que frequentemente \u00e9 [&hellip;]<\/p>\n","protected":false},"author":2,"featured_media":17747,"comment_status":"closed","ping_status":"closed","sticky":false,"template":"","format":"standard","meta":{"footnotes":""},"categories":[187],"tags":[],"class_list":["post-17744","post","type-post","status-publish","format-standard","has-post-thumbnail","hentry","category-lentes"],"yoast_head":"<!-- This site is optimized with the Yoast SEO plugin v27.5 - https:\/\/yoast.com\/product\/yoast-seo-wordpress\/ -->\n<title>REGRESSO \u00c0S AULAS | EXAMES VISUAIS<\/title>\n<meta name=\"description\" content=\"Neste regresso \u00e0s aulas exploramos a rela\u00e7\u00e3o entre o rendimento escolar e a exist\u00eancia de necessidades de compensa\u00e7\u00e3o visuais n\u00e3o detectadas.\" \/>\n<meta name=\"robots\" content=\"index, follow, max-snippet:-1, max-image-preview:large, max-video-preview:-1\" \/>\n<link rel=\"canonical\" href=\"https:\/\/www.prooptica.pt\/es\/vuelta-al-cole-relacion-entre-rendimiento-escolar-y-necesidades-visuales\/\" \/>\n<meta property=\"og:locale\" content=\"es_ES\" \/>\n<meta property=\"og:type\" content=\"article\" \/>\n<meta property=\"og:title\" content=\"REGRESSO \u00c0S AULAS | EXAMES VISUAIS\" \/>\n<meta property=\"og:description\" content=\"Neste regresso \u00e0s aulas exploramos a rela\u00e7\u00e3o entre o rendimento escolar e a exist\u00eancia de necessidades de compensa\u00e7\u00e3o visuais n\u00e3o detectadas.\" \/>\n<meta property=\"og:url\" content=\"https:\/\/www.prooptica.pt\/es\/vuelta-al-cole-relacion-entre-rendimiento-escolar-y-necesidades-visuales\/\" \/>\n<meta property=\"og:site_name\" content=\"Prooptica\" \/>\n<meta property=\"article:published_time\" content=\"2023-08-30T12:02:23+00:00\" \/>\n<meta property=\"article:modified_time\" content=\"2023-08-31T18:04:40+00:00\" \/>\n<meta property=\"og:image\" content=\"https:\/\/www.prooptica.pt\/wp-content\/uploads\/2023\/08\/Prooptica-regresso-as-aulas-scaled.jpg\" \/>\n\t<meta property=\"og:image:width\" content=\"2560\" \/>\n\t<meta property=\"og:image:height\" content=\"1480\" \/>\n\t<meta property=\"og:image:type\" content=\"image\/jpeg\" \/>\n<meta name=\"author\" content=\"admin\" \/>\n<meta name=\"twitter:card\" content=\"summary_large_image\" \/>\n<meta name=\"twitter:label1\" content=\"Escrito por\" \/>\n\t<meta name=\"twitter:data1\" content=\"admin\" \/>\n\t<meta name=\"twitter:label2\" content=\"Tiempo de lectura\" \/>\n\t<meta name=\"twitter:data2\" content=\"4 minutos\" \/>\n<script type=\"application\/ld+json\" class=\"yoast-schema-graph\">{\"@context\":\"https:\\\/\\\/schema.org\",\"@graph\":[{\"@type\":\"Article\",\"@id\":\"https:\\\/\\\/www.prooptica.pt\\\/regresso-as-aulas-relacao-entre-o-rendimento-escolar-e-as-necessidades-visuais\\\/#article\",\"isPartOf\":{\"@id\":\"https:\\\/\\\/www.prooptica.pt\\\/regresso-as-aulas-relacao-entre-o-rendimento-escolar-e-as-necessidades-visuais\\\/\"},\"author\":{\"name\":\"admin\",\"@id\":\"https:\\\/\\\/www.prooptica.pt\\\/home\\\/#\\\/schema\\\/person\\\/1cbd826a9322a3c38a052e43d1638306\"},\"headline\":\"Regresso \u00e0s aulas | Rela\u00e7\u00e3o entre o rendimento escolar e as necessidades visuais\",\"datePublished\":\"2023-08-30T12:02:23+00:00\",\"dateModified\":\"2023-08-31T18:04:40+00:00\",\"mainEntityOfPage\":{\"@id\":\"https:\\\/\\\/www.prooptica.pt\\\/regresso-as-aulas-relacao-entre-o-rendimento-escolar-e-as-necessidades-visuais\\\/\"},\"wordCount\":673,\"image\":{\"@id\":\"https:\\\/\\\/www.prooptica.pt\\\/regresso-as-aulas-relacao-entre-o-rendimento-escolar-e-as-necessidades-visuais\\\/#primaryimage\"},\"thumbnailUrl\":\"https:\\\/\\\/www.prooptica.pt\\\/wp-content\\\/uploads\\\/2023\\\/08\\\/Prooptica-regresso-as-aulas-scaled.jpg\",\"articleSection\":[\"Lentes\"],\"inLanguage\":\"es\"},{\"@type\":\"WebPage\",\"@id\":\"https:\\\/\\\/www.prooptica.pt\\\/regresso-as-aulas-relacao-entre-o-rendimento-escolar-e-as-necessidades-visuais\\\/\",\"url\":\"https:\\\/\\\/www.prooptica.pt\\\/regresso-as-aulas-relacao-entre-o-rendimento-escolar-e-as-necessidades-visuais\\\/\",\"name\":\"REGRESSO \u00c0S AULAS | EXAMES VISUAIS\",\"isPartOf\":{\"@id\":\"https:\\\/\\\/www.prooptica.pt\\\/home\\\/#website\"},\"primaryImageOfPage\":{\"@id\":\"https:\\\/\\\/www.prooptica.pt\\\/regresso-as-aulas-relacao-entre-o-rendimento-escolar-e-as-necessidades-visuais\\\/#primaryimage\"},\"image\":{\"@id\":\"https:\\\/\\\/www.prooptica.pt\\\/regresso-as-aulas-relacao-entre-o-rendimento-escolar-e-as-necessidades-visuais\\\/#primaryimage\"},\"thumbnailUrl\":\"https:\\\/\\\/www.prooptica.pt\\\/wp-content\\\/uploads\\\/2023\\\/08\\\/Prooptica-regresso-as-aulas-scaled.jpg\",\"datePublished\":\"2023-08-30T12:02:23+00:00\",\"dateModified\":\"2023-08-31T18:04:40+00:00\",\"author\":{\"@id\":\"https:\\\/\\\/www.prooptica.pt\\\/home\\\/#\\\/schema\\\/person\\\/1cbd826a9322a3c38a052e43d1638306\"},\"description\":\"Neste regresso \u00e0s aulas exploramos a rela\u00e7\u00e3o entre o rendimento escolar e a exist\u00eancia de necessidades de compensa\u00e7\u00e3o visuais n\u00e3o detectadas.\",\"breadcrumb\":{\"@id\":\"https:\\\/\\\/www.prooptica.pt\\\/regresso-as-aulas-relacao-entre-o-rendimento-escolar-e-as-necessidades-visuais\\\/#breadcrumb\"},\"inLanguage\":\"es\",\"potentialAction\":[{\"@type\":\"ReadAction\",\"target\":[\"https:\\\/\\\/www.prooptica.pt\\\/regresso-as-aulas-relacao-entre-o-rendimento-escolar-e-as-necessidades-visuais\\\/\"]}]},{\"@type\":\"ImageObject\",\"inLanguage\":\"es\",\"@id\":\"https:\\\/\\\/www.prooptica.pt\\\/regresso-as-aulas-relacao-entre-o-rendimento-escolar-e-as-necessidades-visuais\\\/#primaryimage\",\"url\":\"https:\\\/\\\/www.prooptica.pt\\\/wp-content\\\/uploads\\\/2023\\\/08\\\/Prooptica-regresso-as-aulas-scaled.jpg\",\"contentUrl\":\"https:\\\/\\\/www.prooptica.pt\\\/wp-content\\\/uploads\\\/2023\\\/08\\\/Prooptica-regresso-as-aulas-scaled.jpg\",\"width\":2560,\"height\":1480},{\"@type\":\"BreadcrumbList\",\"@id\":\"https:\\\/\\\/www.prooptica.pt\\\/regresso-as-aulas-relacao-entre-o-rendimento-escolar-e-as-necessidades-visuais\\\/#breadcrumb\",\"itemListElement\":[{\"@type\":\"ListItem\",\"position\":1,\"name\":\"In\u00edcio\",\"item\":\"https:\\\/\\\/www.prooptica.pt\\\/\"},{\"@type\":\"ListItem\",\"position\":2,\"name\":\"Regresso \u00e0s aulas | Rela\u00e7\u00e3o entre o rendimento escolar e as necessidades visuais\"}]},{\"@type\":\"WebSite\",\"@id\":\"https:\\\/\\\/www.prooptica.pt\\\/home\\\/#website\",\"url\":\"https:\\\/\\\/www.prooptica.pt\\\/home\\\/\",\"name\":\"Prooptica\",\"description\":\"Full Eyewear Concept\",\"potentialAction\":[{\"@type\":\"SearchAction\",\"target\":{\"@type\":\"EntryPoint\",\"urlTemplate\":\"https:\\\/\\\/www.prooptica.pt\\\/home\\\/?s={search_term_string}\"},\"query-input\":{\"@type\":\"PropertyValueSpecification\",\"valueRequired\":true,\"valueName\":\"search_term_string\"}}],\"inLanguage\":\"es\"},{\"@type\":\"Person\",\"@id\":\"https:\\\/\\\/www.prooptica.pt\\\/home\\\/#\\\/schema\\\/person\\\/1cbd826a9322a3c38a052e43d1638306\",\"name\":\"admin\",\"image\":{\"@type\":\"ImageObject\",\"inLanguage\":\"es\",\"@id\":\"https:\\\/\\\/secure.gravatar.com\\\/avatar\\\/528c714482569d81724b02603aa719344e9ad7c0b50becf07272b2086b2c1cfd?s=96&d=mm&r=g\",\"url\":\"https:\\\/\\\/secure.gravatar.com\\\/avatar\\\/528c714482569d81724b02603aa719344e9ad7c0b50becf07272b2086b2c1cfd?s=96&d=mm&r=g\",\"contentUrl\":\"https:\\\/\\\/secure.gravatar.com\\\/avatar\\\/528c714482569d81724b02603aa719344e9ad7c0b50becf07272b2086b2c1cfd?s=96&d=mm&r=g\",\"caption\":\"admin\"},\"url\":\"https:\\\/\\\/www.prooptica.pt\\\/es\\\/author\\\/admin\\\/\"}]}<\/script>\n<!-- \/ Yoast SEO plugin. -->","yoast_head_json":{"title":"VUELTA AL COLE | EX\u00c1MENES VISUALES","description":"En este programa de vuelta al cole, exploramos la relaci\u00f3n entre el rendimiento escolar y la existencia de necesidades de compensaci\u00f3n visual no detectadas.","robots":{"index":"index","follow":"follow","max-snippet":"max-snippet:-1","max-image-preview":"max-image-preview:large","max-video-preview":"max-video-preview:-1"},"canonical":"https:\/\/www.prooptica.pt\/es\/vuelta-al-cole-relacion-entre-rendimiento-escolar-y-necesidades-visuales\/","og_locale":"es_ES","og_type":"article","og_title":"REGRESSO \u00c0S AULAS | EXAMES VISUAIS","og_description":"Neste regresso \u00e0s aulas exploramos a rela\u00e7\u00e3o entre o rendimento escolar e a exist\u00eancia de necessidades de compensa\u00e7\u00e3o visuais n\u00e3o detectadas.","og_url":"https:\/\/www.prooptica.pt\/es\/vuelta-al-cole-relacion-entre-rendimiento-escolar-y-necesidades-visuales\/","og_site_name":"Prooptica","article_published_time":"2023-08-30T12:02:23+00:00","article_modified_time":"2023-08-31T18:04:40+00:00","og_image":[{"width":2560,"height":1480,"url":"https:\/\/www.prooptica.pt\/wp-content\/uploads\/2023\/08\/Prooptica-regresso-as-aulas-scaled.jpg","type":"image\/jpeg"}],"author":"admin","twitter_card":"summary_large_image","twitter_misc":{"Escrito por":"admin","Tiempo de lectura":"4 minutos"},"schema":{"@context":"https:\/\/schema.org","@graph":[{"@type":"Article","@id":"https:\/\/www.prooptica.pt\/regresso-as-aulas-relacao-entre-o-rendimento-escolar-e-as-necessidades-visuais\/#article","isPartOf":{"@id":"https:\/\/www.prooptica.pt\/regresso-as-aulas-relacao-entre-o-rendimento-escolar-e-as-necessidades-visuais\/"},"author":{"name":"admin","@id":"https:\/\/www.prooptica.pt\/home\/#\/schema\/person\/1cbd826a9322a3c38a052e43d1638306"},"headline":"Regresso \u00e0s aulas | Rela\u00e7\u00e3o entre o rendimento escolar e as necessidades visuais","datePublished":"2023-08-30T12:02:23+00:00","dateModified":"2023-08-31T18:04:40+00:00","mainEntityOfPage":{"@id":"https:\/\/www.prooptica.pt\/regresso-as-aulas-relacao-entre-o-rendimento-escolar-e-as-necessidades-visuais\/"},"wordCount":673,"image":{"@id":"https:\/\/www.prooptica.pt\/regresso-as-aulas-relacao-entre-o-rendimento-escolar-e-as-necessidades-visuais\/#primaryimage"},"thumbnailUrl":"https:\/\/www.prooptica.pt\/wp-content\/uploads\/2023\/08\/Prooptica-regresso-as-aulas-scaled.jpg","articleSection":["Lentes"],"inLanguage":"es"},{"@type":"WebPage","@id":"https:\/\/www.prooptica.pt\/regresso-as-aulas-relacao-entre-o-rendimento-escolar-e-as-necessidades-visuais\/","url":"https:\/\/www.prooptica.pt\/regresso-as-aulas-relacao-entre-o-rendimento-escolar-e-as-necessidades-visuais\/","name":"VUELTA AL COLE | EX\u00c1MENES VISUALES","isPartOf":{"@id":"https:\/\/www.prooptica.pt\/home\/#website"},"primaryImageOfPage":{"@id":"https:\/\/www.prooptica.pt\/regresso-as-aulas-relacao-entre-o-rendimento-escolar-e-as-necessidades-visuais\/#primaryimage"},"image":{"@id":"https:\/\/www.prooptica.pt\/regresso-as-aulas-relacao-entre-o-rendimento-escolar-e-as-necessidades-visuais\/#primaryimage"},"thumbnailUrl":"https:\/\/www.prooptica.pt\/wp-content\/uploads\/2023\/08\/Prooptica-regresso-as-aulas-scaled.jpg","datePublished":"2023-08-30T12:02:23+00:00","dateModified":"2023-08-31T18:04:40+00:00","author":{"@id":"https:\/\/www.prooptica.pt\/home\/#\/schema\/person\/1cbd826a9322a3c38a052e43d1638306"},"description":"En este programa de vuelta al cole, exploramos la relaci\u00f3n entre el rendimiento escolar y la existencia de necesidades de compensaci\u00f3n visual no detectadas.","breadcrumb":{"@id":"https:\/\/www.prooptica.pt\/regresso-as-aulas-relacao-entre-o-rendimento-escolar-e-as-necessidades-visuais\/#breadcrumb"},"inLanguage":"es","potentialAction":[{"@type":"ReadAction","target":["https:\/\/www.prooptica.pt\/regresso-as-aulas-relacao-entre-o-rendimento-escolar-e-as-necessidades-visuais\/"]}]},{"@type":"ImageObject","inLanguage":"es","@id":"https:\/\/www.prooptica.pt\/regresso-as-aulas-relacao-entre-o-rendimento-escolar-e-as-necessidades-visuais\/#primaryimage","url":"https:\/\/www.prooptica.pt\/wp-content\/uploads\/2023\/08\/Prooptica-regresso-as-aulas-scaled.jpg","contentUrl":"https:\/\/www.prooptica.pt\/wp-content\/uploads\/2023\/08\/Prooptica-regresso-as-aulas-scaled.jpg","width":2560,"height":1480},{"@type":"BreadcrumbList","@id":"https:\/\/www.prooptica.pt\/regresso-as-aulas-relacao-entre-o-rendimento-escolar-e-as-necessidades-visuais\/#breadcrumb","itemListElement":[{"@type":"ListItem","position":1,"name":"In\u00edcio","item":"https:\/\/www.prooptica.pt\/"},{"@type":"ListItem","position":2,"name":"Regresso \u00e0s aulas | Rela\u00e7\u00e3o entre o rendimento escolar e as necessidades visuais"}]},{"@type":"WebSite","@id":"https:\/\/www.prooptica.pt\/home\/#website","url":"https:\/\/www.prooptica.pt\/home\/","name":"Prooptica","description":"Concepto de gafas completas","potentialAction":[{"@type":"SearchAction","target":{"@type":"EntryPoint","urlTemplate":"https:\/\/www.prooptica.pt\/home\/?s={search_term_string}"},"query-input":{"@type":"PropertyValueSpecification","valueRequired":true,"valueName":"search_term_string"}}],"inLanguage":"es"},{"@type":"Person","@id":"https:\/\/www.prooptica.pt\/home\/#\/schema\/person\/1cbd826a9322a3c38a052e43d1638306","name":"admin","image":{"@type":"ImageObject","inLanguage":"es","@id":"https:\/\/secure.gravatar.com\/avatar\/528c714482569d81724b02603aa719344e9ad7c0b50becf07272b2086b2c1cfd?s=96&d=mm&r=g","url":"https:\/\/secure.gravatar.com\/avatar\/528c714482569d81724b02603aa719344e9ad7c0b50becf07272b2086b2c1cfd?s=96&d=mm&r=g","contentUrl":"https:\/\/secure.gravatar.com\/avatar\/528c714482569d81724b02603aa719344e9ad7c0b50becf07272b2086b2c1cfd?s=96&d=mm&r=g","caption":"admin"},"url":"https:\/\/www.prooptica.pt\/es\/author\/admin\/"}]}},"_links":{"self":[{"href":"https:\/\/www.prooptica.pt\/es\/wp-json\/wp\/v2\/posts\/17744","targetHints":{"allow":["GET"]}}],"collection":[{"href":"https:\/\/www.prooptica.pt\/es\/wp-json\/wp\/v2\/posts"}],"about":[{"href":"https:\/\/www.prooptica.pt\/es\/wp-json\/wp\/v2\/types\/post"}],"author":[{"embeddable":true,"href":"https:\/\/www.prooptica.pt\/es\/wp-json\/wp\/v2\/users\/2"}],"replies":[{"embeddable":true,"href":"https:\/\/www.prooptica.pt\/es\/wp-json\/wp\/v2\/comments?post=17744"}],"version-history":[{"count":8,"href":"https:\/\/www.prooptica.pt\/es\/wp-json\/wp\/v2\/posts\/17744\/revisions"}],"predecessor-version":[{"id":17755,"href":"https:\/\/www.prooptica.pt\/es\/wp-json\/wp\/v2\/posts\/17744\/revisions\/17755"}],"wp:featuredmedia":[{"embeddable":true,"href":"https:\/\/www.prooptica.pt\/es\/wp-json\/wp\/v2\/media\/17747"}],"wp:attachment":[{"href":"https:\/\/www.prooptica.pt\/es\/wp-json\/wp\/v2\/media?parent=17744"}],"wp:term":[{"taxonomy":"category","embeddable":true,"href":"https:\/\/www.prooptica.pt\/es\/wp-json\/wp\/v2\/categories?post=17744"},{"taxonomy":"post_tag","embeddable":true,"href":"https:\/\/www.prooptica.pt\/es\/wp-json\/wp\/v2\/tags?post=17744"}],"curies":[{"name":"wp","href":"https:\/\/api.w.org\/{rel}","templated":true}]}}