{"id":18244,"date":"2023-10-25T15:24:36","date_gmt":"2023-10-25T15:24:36","guid":{"rendered":"https:\/\/www.prooptica.pt\/?p=18244"},"modified":"2023-10-25T15:24:36","modified_gmt":"2023-10-25T15:24:36","slug":"prooptica-presenta-su-nueva-sede","status":"publish","type":"post","link":"https:\/\/www.prooptica.pt\/es\/prooptica-apresenta-as-suas-novas-instalacoes\/","title":{"rendered":"Prooptica presenta sus nuevas instalaciones"},"content":{"rendered":"<h4 style=\"text-align: left;\"><span style=\"color: #ff6600;\"><strong>Hacia un futuro de excelencia e innovaci\u00f3n<\/strong><\/span><\/h4>\n<p>&nbsp;<\/p>\n<p>En el panorama empresarial actual, Prooptica destaca por su incesante b\u00fasqueda de la innovaci\u00f3n y la excelencia en los servicios que ofrece. A lo largo de tres notables d\u00e9cadas, la empresa comenz\u00f3 su andadura en 1993 en una modesta oficina de 30 m.<sup>2<\/sup>. Este a\u00f1o estamos orgullosos de contar con nuevas instalaciones de m\u00e1s de 1.200 metros.<sup>2<\/sup>. Estas continuas mejoras a lo largo de los \u00faltimos treinta a\u00f1os son el resultado de nuestra s\u00f3lida estrategia de crecimiento sostenible, orientada a dar una respuesta eficaz a los constantes cambios del mercado. La reciente inauguraci\u00f3n de nuestras nuevas instalaciones refleja nuestro compromiso inquebrantable de superar los retos en todo momento y a cada paso.<\/p>\n<p><img fetchpriority=\"high\" decoding=\"async\" class=\"alignnone wp-image-18248\" src=\"https:\/\/www.prooptica.pt\/wp-content\/uploads\/2023\/10\/Prooptica-novas-instalacoes.png\" alt=\"Nuevos locales de Prooptica\" width=\"1024\" height=\"858\" srcset=\"https:\/\/www.prooptica.pt\/wp-content\/uploads\/2023\/10\/Prooptica-novas-instalacoes.png 940w, https:\/\/www.prooptica.pt\/wp-content\/uploads\/2023\/10\/Prooptica-novas-instalacoes-300x251.png 300w, https:\/\/www.prooptica.pt\/wp-content\/uploads\/2023\/10\/Prooptica-novas-instalacoes-768x644.png 768w\" sizes=\"(max-width: 1024px) 100vw, 1024px\" \/><\/p>\n<p>&nbsp;<\/p>\n<p>Las nuevas instalaciones son algo m\u00e1s que una ampliaci\u00f3n f\u00edsica, son un s\u00edmbolo de nuestro compromiso con el futuro. Impulsados por una inquebrantable dedicaci\u00f3n a ofrecer a nuestros clientes servicios excelentes, hemos dise\u00f1ado este espacio con el objetivo de estar plenamente capacitados para satisfacer sus necesidades. Cada detalle se ha planificado meticulosamente para proporcionar un entorno acogedor y eficiente a nuestro equipo, creando un ambiente de trabajo que inspira y motiva.<\/p>\n<p><img decoding=\"async\" class=\"alignnone wp-image-18246 size-large\" src=\"https:\/\/www.prooptica.pt\/wp-content\/uploads\/2023\/10\/PMC_7595-1024x683.jpg\" alt=\"Nuevas instalaciones de Prooptiva - equipo\" width=\"1024\" height=\"683\" srcset=\"https:\/\/www.prooptica.pt\/wp-content\/uploads\/2023\/10\/PMC_7595-1024x683.jpg 1024w, https:\/\/www.prooptica.pt\/wp-content\/uploads\/2023\/10\/PMC_7595-300x200.jpg 300w, https:\/\/www.prooptica.pt\/wp-content\/uploads\/2023\/10\/PMC_7595-768x512.jpg 768w, https:\/\/www.prooptica.pt\/wp-content\/uploads\/2023\/10\/PMC_7595-1536x1024.jpg 1536w, https:\/\/www.prooptica.pt\/wp-content\/uploads\/2023\/10\/PMC_7595-2048x1365.jpg 2048w\" sizes=\"(max-width: 1024px) 100vw, 1024px\" \/><\/p>\n<p>&nbsp;<\/p>\n<p>El director de Prooptica, Luis Justino, expres\u00f3 su satisfacci\u00f3n por la inauguraci\u00f3n de las nuevas instalaciones, afirmando que \"se trata de un hito importante en nuestro camino de crecimiento sostenible. Las nuevas instalaciones representan una inversi\u00f3n en el futuro de Prooptica y reflejan nuestro compromiso con la excelencia en todas las \u00e1reas de nuestro negocio. Estamos decididos a seguir innovando y ofreciendo lo mejor a nuestros clientes y empleados.\"<\/p>\n<p><img decoding=\"async\" class=\"alignnone wp-image-18247 size-large\" src=\"https:\/\/www.prooptica.pt\/wp-content\/uploads\/2023\/10\/PMC_7351-1024x683.jpg\" alt=\"\" width=\"1024\" height=\"683\" srcset=\"https:\/\/www.prooptica.pt\/wp-content\/uploads\/2023\/10\/PMC_7351-1024x683.jpg 1024w, https:\/\/www.prooptica.pt\/wp-content\/uploads\/2023\/10\/PMC_7351-300x200.jpg 300w, https:\/\/www.prooptica.pt\/wp-content\/uploads\/2023\/10\/PMC_7351-768x512.jpg 768w, https:\/\/www.prooptica.pt\/wp-content\/uploads\/2023\/10\/PMC_7351-1536x1024.jpg 1536w, https:\/\/www.prooptica.pt\/wp-content\/uploads\/2023\/10\/PMC_7351-2048x1365.jpg 2048w\" sizes=\"(max-width: 1024px) 100vw, 1024px\" \/><\/p>\n<p>&nbsp;<\/p>\n<p>Aqu\u00ed estamos, mirando al futuro, dispuestos a avanzar, crecer e innovar, siempre al lado de nuestros clientes. Estamos entusiasmados con esta nueva etapa y confiamos en que las nuevas instalaciones refuercen a\u00fan m\u00e1s nuestra capacidad de servir con excelencia. Queremos dar las gracias a todos nuestros clientes y empleados por formar parte de este viaje. Juntos, seguiremos construyendo un futuro brillante y lleno de logros.<\/p>\n<p><strong><span style=\"color: #000080;\"><a style=\"color: #000080;\" href=\"https:\/\/www.prooptica.pt\/es\/inicio\/\">M\u00e1s informaci\u00f3n<\/a><\/span><\/strong><\/p>","protected":false},"excerpt":{"rendered":"<p>Rumo a um futuro de excel\u00eancia e inova\u00e7\u00e3o &nbsp; No cen\u00e1rio empresarial atual, a Prooptica destaca-se pela busca incessante por inova\u00e7\u00e3o e pela excel\u00eancia nos servi\u00e7os que oferece. Ao longo de tr\u00eas d\u00e9cadas not\u00e1veis, a empresa deu in\u00edcio \u00e0 sua trajet\u00f3ria em 1993, num modesto escrit\u00f3rio de 30m2. Este ano orgulhamo-nos de contar com novas [&hellip;]<\/p>\n","protected":false},"author":2,"featured_media":18245,"comment_status":"closed","ping_status":"closed","sticky":false,"template":"","format":"standard","meta":{"footnotes":""},"categories":[195],"tags":[],"class_list":["post-18244","post","type-post","status-publish","format-standard","has-post-thumbnail","hentry","category-institucional"],"yoast_head":"<!-- This site is optimized with the Yoast SEO plugin v27.4 - https:\/\/yoast.com\/product\/yoast-seo-wordpress\/ -->\n<title>Prooptica apresenta as suas novas instala\u00e7\u00f5es - Prooptica<\/title>\n<meta name=\"description\" content=\"Este ano a Prooptica orgulha-se de contar com novas instala\u00e7\u00f5es que abrangem mais de 1200 m2, resultado da sua busca incessante por inovar.\" \/>\n<meta name=\"robots\" content=\"index, follow, max-snippet:-1, max-image-preview:large, max-video-preview:-1\" \/>\n<link rel=\"canonical\" href=\"https:\/\/www.prooptica.pt\/es\/prooptica-presenta-su-nueva-sede\/\" \/>\n<meta property=\"og:locale\" content=\"es_ES\" \/>\n<meta property=\"og:type\" content=\"article\" \/>\n<meta property=\"og:title\" content=\"Prooptica apresenta as suas novas instala\u00e7\u00f5es - Prooptica\" \/>\n<meta property=\"og:description\" content=\"Este ano a Prooptica orgulha-se de contar com novas instala\u00e7\u00f5es que abrangem mais de 1200 m2, resultado da sua busca incessante por inovar.\" \/>\n<meta property=\"og:url\" content=\"https:\/\/www.prooptica.pt\/es\/prooptica-presenta-su-nueva-sede\/\" \/>\n<meta property=\"og:site_name\" content=\"Prooptica\" \/>\n<meta property=\"article:published_time\" content=\"2023-10-25T15:24:36+00:00\" \/>\n<meta property=\"og:image\" content=\"https:\/\/www.prooptica.pt\/wp-content\/uploads\/2023\/10\/PMC_6791-scaled.jpg\" \/>\n\t<meta property=\"og:image:width\" content=\"2560\" \/>\n\t<meta property=\"og:image:height\" content=\"1707\" \/>\n\t<meta property=\"og:image:type\" content=\"image\/jpeg\" \/>\n<meta name=\"author\" content=\"admin\" \/>\n<meta name=\"twitter:card\" content=\"summary_large_image\" \/>\n<meta name=\"twitter:label1\" content=\"Escrito por\" \/>\n\t<meta name=\"twitter:data1\" content=\"admin\" \/>\n\t<meta name=\"twitter:label2\" content=\"Tiempo de lectura\" \/>\n\t<meta name=\"twitter:data2\" content=\"3 minutos\" \/>\n<script type=\"application\/ld+json\" class=\"yoast-schema-graph\">{\"@context\":\"https:\\\/\\\/schema.org\",\"@graph\":[{\"@type\":\"Article\",\"@id\":\"https:\\\/\\\/www.prooptica.pt\\\/prooptica-apresenta-as-suas-novas-instalacoes\\\/#article\",\"isPartOf\":{\"@id\":\"https:\\\/\\\/www.prooptica.pt\\\/prooptica-apresenta-as-suas-novas-instalacoes\\\/\"},\"author\":{\"name\":\"admin\",\"@id\":\"https:\\\/\\\/www.prooptica.pt\\\/home\\\/#\\\/schema\\\/person\\\/1cbd826a9322a3c38a052e43d1638306\"},\"headline\":\"Prooptica apresenta as suas novas instala\u00e7\u00f5es\",\"datePublished\":\"2023-10-25T15:24:36+00:00\",\"mainEntityOfPage\":{\"@id\":\"https:\\\/\\\/www.prooptica.pt\\\/prooptica-apresenta-as-suas-novas-instalacoes\\\/\"},\"wordCount\":380,\"image\":{\"@id\":\"https:\\\/\\\/www.prooptica.pt\\\/prooptica-apresenta-as-suas-novas-instalacoes\\\/#primaryimage\"},\"thumbnailUrl\":\"https:\\\/\\\/www.prooptica.pt\\\/wp-content\\\/uploads\\\/2023\\\/10\\\/PMC_6791-scaled.jpg\",\"articleSection\":[\"Institucional\"],\"inLanguage\":\"es\"},{\"@type\":\"WebPage\",\"@id\":\"https:\\\/\\\/www.prooptica.pt\\\/prooptica-apresenta-as-suas-novas-instalacoes\\\/\",\"url\":\"https:\\\/\\\/www.prooptica.pt\\\/prooptica-apresenta-as-suas-novas-instalacoes\\\/\",\"name\":\"Prooptica apresenta as suas novas instala\u00e7\u00f5es - Prooptica\",\"isPartOf\":{\"@id\":\"https:\\\/\\\/www.prooptica.pt\\\/home\\\/#website\"},\"primaryImageOfPage\":{\"@id\":\"https:\\\/\\\/www.prooptica.pt\\\/prooptica-apresenta-as-suas-novas-instalacoes\\\/#primaryimage\"},\"image\":{\"@id\":\"https:\\\/\\\/www.prooptica.pt\\\/prooptica-apresenta-as-suas-novas-instalacoes\\\/#primaryimage\"},\"thumbnailUrl\":\"https:\\\/\\\/www.prooptica.pt\\\/wp-content\\\/uploads\\\/2023\\\/10\\\/PMC_6791-scaled.jpg\",\"datePublished\":\"2023-10-25T15:24:36+00:00\",\"author\":{\"@id\":\"https:\\\/\\\/www.prooptica.pt\\\/home\\\/#\\\/schema\\\/person\\\/1cbd826a9322a3c38a052e43d1638306\"},\"description\":\"Este ano a Prooptica orgulha-se de contar com novas instala\u00e7\u00f5es que abrangem mais de 1200 m2, resultado da sua busca incessante por inovar.\",\"breadcrumb\":{\"@id\":\"https:\\\/\\\/www.prooptica.pt\\\/prooptica-apresenta-as-suas-novas-instalacoes\\\/#breadcrumb\"},\"inLanguage\":\"es\",\"potentialAction\":[{\"@type\":\"ReadAction\",\"target\":[\"https:\\\/\\\/www.prooptica.pt\\\/prooptica-apresenta-as-suas-novas-instalacoes\\\/\"]}]},{\"@type\":\"ImageObject\",\"inLanguage\":\"es\",\"@id\":\"https:\\\/\\\/www.prooptica.pt\\\/prooptica-apresenta-as-suas-novas-instalacoes\\\/#primaryimage\",\"url\":\"https:\\\/\\\/www.prooptica.pt\\\/wp-content\\\/uploads\\\/2023\\\/10\\\/PMC_6791-scaled.jpg\",\"contentUrl\":\"https:\\\/\\\/www.prooptica.pt\\\/wp-content\\\/uploads\\\/2023\\\/10\\\/PMC_6791-scaled.jpg\",\"width\":2560,\"height\":1707,\"caption\":\"Novas instala\u00e7\u00f5es prooptica\"},{\"@type\":\"BreadcrumbList\",\"@id\":\"https:\\\/\\\/www.prooptica.pt\\\/prooptica-apresenta-as-suas-novas-instalacoes\\\/#breadcrumb\",\"itemListElement\":[{\"@type\":\"ListItem\",\"position\":1,\"name\":\"In\u00edcio\",\"item\":\"https:\\\/\\\/www.prooptica.pt\\\/\"},{\"@type\":\"ListItem\",\"position\":2,\"name\":\"Prooptica apresenta as suas novas instala\u00e7\u00f5es\"}]},{\"@type\":\"WebSite\",\"@id\":\"https:\\\/\\\/www.prooptica.pt\\\/home\\\/#website\",\"url\":\"https:\\\/\\\/www.prooptica.pt\\\/home\\\/\",\"name\":\"Prooptica\",\"description\":\"Full Eyewear Concept\",\"potentialAction\":[{\"@type\":\"SearchAction\",\"target\":{\"@type\":\"EntryPoint\",\"urlTemplate\":\"https:\\\/\\\/www.prooptica.pt\\\/home\\\/?s={search_term_string}\"},\"query-input\":{\"@type\":\"PropertyValueSpecification\",\"valueRequired\":true,\"valueName\":\"search_term_string\"}}],\"inLanguage\":\"es\"},{\"@type\":\"Person\",\"@id\":\"https:\\\/\\\/www.prooptica.pt\\\/home\\\/#\\\/schema\\\/person\\\/1cbd826a9322a3c38a052e43d1638306\",\"name\":\"admin\",\"image\":{\"@type\":\"ImageObject\",\"inLanguage\":\"es\",\"@id\":\"https:\\\/\\\/secure.gravatar.com\\\/avatar\\\/528c714482569d81724b02603aa719344e9ad7c0b50becf07272b2086b2c1cfd?s=96&d=mm&r=g\",\"url\":\"https:\\\/\\\/secure.gravatar.com\\\/avatar\\\/528c714482569d81724b02603aa719344e9ad7c0b50becf07272b2086b2c1cfd?s=96&d=mm&r=g\",\"contentUrl\":\"https:\\\/\\\/secure.gravatar.com\\\/avatar\\\/528c714482569d81724b02603aa719344e9ad7c0b50becf07272b2086b2c1cfd?s=96&d=mm&r=g\",\"caption\":\"admin\"},\"url\":\"https:\\\/\\\/www.prooptica.pt\\\/es\\\/author\\\/admin\\\/\"}]}<\/script>\n<!-- \/ Yoast SEO plugin. -->","yoast_head_json":{"title":"Prooptica presenta sus nuevas instalaciones - Prooptica","description":"Este a\u00f1o, Prooptica se enorgullece de contar con unas nuevas instalaciones de m\u00e1s de 1.200 metros cuadrados, fruto de su incesante b\u00fasqueda de la innovaci\u00f3n.","robots":{"index":"index","follow":"follow","max-snippet":"max-snippet:-1","max-image-preview":"max-image-preview:large","max-video-preview":"max-video-preview:-1"},"canonical":"https:\/\/www.prooptica.pt\/es\/prooptica-presenta-su-nueva-sede\/","og_locale":"es_ES","og_type":"article","og_title":"Prooptica apresenta as suas novas instala\u00e7\u00f5es - Prooptica","og_description":"Este ano a Prooptica orgulha-se de contar com novas instala\u00e7\u00f5es que abrangem mais de 1200 m2, resultado da sua busca incessante por inovar.","og_url":"https:\/\/www.prooptica.pt\/es\/prooptica-presenta-su-nueva-sede\/","og_site_name":"Prooptica","article_published_time":"2023-10-25T15:24:36+00:00","og_image":[{"width":2560,"height":1707,"url":"https:\/\/www.prooptica.pt\/wp-content\/uploads\/2023\/10\/PMC_6791-scaled.jpg","type":"image\/jpeg"}],"author":"admin","twitter_card":"summary_large_image","twitter_misc":{"Escrito por":"admin","Tiempo de lectura":"3 minutos"},"schema":{"@context":"https:\/\/schema.org","@graph":[{"@type":"Article","@id":"https:\/\/www.prooptica.pt\/prooptica-apresenta-as-suas-novas-instalacoes\/#article","isPartOf":{"@id":"https:\/\/www.prooptica.pt\/prooptica-apresenta-as-suas-novas-instalacoes\/"},"author":{"name":"admin","@id":"https:\/\/www.prooptica.pt\/home\/#\/schema\/person\/1cbd826a9322a3c38a052e43d1638306"},"headline":"Prooptica apresenta as suas novas instala\u00e7\u00f5es","datePublished":"2023-10-25T15:24:36+00:00","mainEntityOfPage":{"@id":"https:\/\/www.prooptica.pt\/prooptica-apresenta-as-suas-novas-instalacoes\/"},"wordCount":380,"image":{"@id":"https:\/\/www.prooptica.pt\/prooptica-apresenta-as-suas-novas-instalacoes\/#primaryimage"},"thumbnailUrl":"https:\/\/www.prooptica.pt\/wp-content\/uploads\/2023\/10\/PMC_6791-scaled.jpg","articleSection":["Institucional"],"inLanguage":"es"},{"@type":"WebPage","@id":"https:\/\/www.prooptica.pt\/prooptica-apresenta-as-suas-novas-instalacoes\/","url":"https:\/\/www.prooptica.pt\/prooptica-apresenta-as-suas-novas-instalacoes\/","name":"Prooptica presenta sus nuevas instalaciones - Prooptica","isPartOf":{"@id":"https:\/\/www.prooptica.pt\/home\/#website"},"primaryImageOfPage":{"@id":"https:\/\/www.prooptica.pt\/prooptica-apresenta-as-suas-novas-instalacoes\/#primaryimage"},"image":{"@id":"https:\/\/www.prooptica.pt\/prooptica-apresenta-as-suas-novas-instalacoes\/#primaryimage"},"thumbnailUrl":"https:\/\/www.prooptica.pt\/wp-content\/uploads\/2023\/10\/PMC_6791-scaled.jpg","datePublished":"2023-10-25T15:24:36+00:00","author":{"@id":"https:\/\/www.prooptica.pt\/home\/#\/schema\/person\/1cbd826a9322a3c38a052e43d1638306"},"description":"Este a\u00f1o, Prooptica se enorgullece de contar con unas nuevas instalaciones de m\u00e1s de 1.200 metros cuadrados, fruto de su incesante b\u00fasqueda de la innovaci\u00f3n.","breadcrumb":{"@id":"https:\/\/www.prooptica.pt\/prooptica-apresenta-as-suas-novas-instalacoes\/#breadcrumb"},"inLanguage":"es","potentialAction":[{"@type":"ReadAction","target":["https:\/\/www.prooptica.pt\/prooptica-apresenta-as-suas-novas-instalacoes\/"]}]},{"@type":"ImageObject","inLanguage":"es","@id":"https:\/\/www.prooptica.pt\/prooptica-apresenta-as-suas-novas-instalacoes\/#primaryimage","url":"https:\/\/www.prooptica.pt\/wp-content\/uploads\/2023\/10\/PMC_6791-scaled.jpg","contentUrl":"https:\/\/www.prooptica.pt\/wp-content\/uploads\/2023\/10\/PMC_6791-scaled.jpg","width":2560,"height":1707,"caption":"Novas instala\u00e7\u00f5es prooptica"},{"@type":"BreadcrumbList","@id":"https:\/\/www.prooptica.pt\/prooptica-apresenta-as-suas-novas-instalacoes\/#breadcrumb","itemListElement":[{"@type":"ListItem","position":1,"name":"In\u00edcio","item":"https:\/\/www.prooptica.pt\/"},{"@type":"ListItem","position":2,"name":"Prooptica apresenta as suas novas instala\u00e7\u00f5es"}]},{"@type":"WebSite","@id":"https:\/\/www.prooptica.pt\/home\/#website","url":"https:\/\/www.prooptica.pt\/home\/","name":"Prooptica","description":"Concepto de gafas completas","potentialAction":[{"@type":"SearchAction","target":{"@type":"EntryPoint","urlTemplate":"https:\/\/www.prooptica.pt\/home\/?s={search_term_string}"},"query-input":{"@type":"PropertyValueSpecification","valueRequired":true,"valueName":"search_term_string"}}],"inLanguage":"es"},{"@type":"Person","@id":"https:\/\/www.prooptica.pt\/home\/#\/schema\/person\/1cbd826a9322a3c38a052e43d1638306","name":"admin","image":{"@type":"ImageObject","inLanguage":"es","@id":"https:\/\/secure.gravatar.com\/avatar\/528c714482569d81724b02603aa719344e9ad7c0b50becf07272b2086b2c1cfd?s=96&d=mm&r=g","url":"https:\/\/secure.gravatar.com\/avatar\/528c714482569d81724b02603aa719344e9ad7c0b50becf07272b2086b2c1cfd?s=96&d=mm&r=g","contentUrl":"https:\/\/secure.gravatar.com\/avatar\/528c714482569d81724b02603aa719344e9ad7c0b50becf07272b2086b2c1cfd?s=96&d=mm&r=g","caption":"admin"},"url":"https:\/\/www.prooptica.pt\/es\/author\/admin\/"}]}},"_links":{"self":[{"href":"https:\/\/www.prooptica.pt\/es\/wp-json\/wp\/v2\/posts\/18244","targetHints":{"allow":["GET"]}}],"collection":[{"href":"https:\/\/www.prooptica.pt\/es\/wp-json\/wp\/v2\/posts"}],"about":[{"href":"https:\/\/www.prooptica.pt\/es\/wp-json\/wp\/v2\/types\/post"}],"author":[{"embeddable":true,"href":"https:\/\/www.prooptica.pt\/es\/wp-json\/wp\/v2\/users\/2"}],"replies":[{"embeddable":true,"href":"https:\/\/www.prooptica.pt\/es\/wp-json\/wp\/v2\/comments?post=18244"}],"version-history":[{"count":6,"href":"https:\/\/www.prooptica.pt\/es\/wp-json\/wp\/v2\/posts\/18244\/revisions"}],"predecessor-version":[{"id":18254,"href":"https:\/\/www.prooptica.pt\/es\/wp-json\/wp\/v2\/posts\/18244\/revisions\/18254"}],"wp:featuredmedia":[{"embeddable":true,"href":"https:\/\/www.prooptica.pt\/es\/wp-json\/wp\/v2\/media\/18245"}],"wp:attachment":[{"href":"https:\/\/www.prooptica.pt\/es\/wp-json\/wp\/v2\/media?parent=18244"}],"wp:term":[{"taxonomy":"category","embeddable":true,"href":"https:\/\/www.prooptica.pt\/es\/wp-json\/wp\/v2\/categories?post=18244"},{"taxonomy":"post_tag","embeddable":true,"href":"https:\/\/www.prooptica.pt\/es\/wp-json\/wp\/v2\/tags?post=18244"}],"curies":[{"name":"wp","href":"https:\/\/api.w.org\/{rel}","templated":true}]}}