{"id":18398,"date":"2023-11-17T12:21:25","date_gmt":"2023-11-17T12:21:25","guid":{"rendered":"https:\/\/www.prooptica.pt\/?p=18398"},"modified":"2023-11-17T13:16:07","modified_gmt":"2023-11-17T13:16:07","slug":"lanidor-nuevas-imagenes","status":"publish","type":"post","link":"https:\/\/www.prooptica.pt\/es\/lanidor-novas-imagens\/","title":{"rendered":"Lanidor | Nuevas im\u00e1genes de comunicaci\u00f3n de la marca"},"content":{"rendered":"<p>Para la temporada oto\u00f1o-invierno, Lanidor presenta nuevas im\u00e1genes de comunicaci\u00f3n, que revelan una actitud femenina, relajada y elegante, como prolongaci\u00f3n natural de la filosof\u00eda de la marca.<\/p>\n<p>Fundada en 1966, Lanidor es una de las principales marcas textiles femeninas de Portugal. Dedicada a mujeres con una personalidad independiente e inteligente, la marca crea un estilo de vida \u00fanico y exclusivo basado en la innovaci\u00f3n y la diferenciaci\u00f3n, anticip\u00e1ndose siempre a las necesidades de sus clientes. \"Making People Happier\" es la propuesta de esta marca seductora y elegante.<\/p>\n<p>La colecci\u00f3n\u00a0<span style=\"color: #000080;\"><a style=\"color: #000080;\" href=\"https:\/\/www.prooptica.pt\/es\/lanidor\/\">Gafas Lanidor<\/a>\u00a0<\/span>es una combinaci\u00f3n perfecta de inspiraciones del pasado y sugerencias futuristas. La colecci\u00f3n fascina con formas equilibradas, refinadas y elegantes. La libertad y una actitud relajada son el centro de la creatividad de los modelos.<\/p>\n<p>Dej\u00e9monos cautivar por los colores y las vibraciones positivas de las nuevas im\u00e1genes<b><i>.<\/i><\/b><\/p>\n<p>&nbsp;<\/p>\n<p><img fetchpriority=\"high\" decoding=\"async\" class=\"aligncenter wp-image-18399 size-full\" src=\"https:\/\/www.prooptica.pt\/wp-content\/uploads\/2023\/11\/Lanidor-novas-imagens_nov-2023.png\" alt=\"Lanidor - nuevas im\u00e1genes de comunicaci\u00f3n\" width=\"940\" height=\"788\" srcset=\"https:\/\/www.prooptica.pt\/wp-content\/uploads\/2023\/11\/Lanidor-novas-imagens_nov-2023.png 940w, https:\/\/www.prooptica.pt\/wp-content\/uploads\/2023\/11\/Lanidor-novas-imagens_nov-2023-300x251.png 300w, https:\/\/www.prooptica.pt\/wp-content\/uploads\/2023\/11\/Lanidor-novas-imagens_nov-2023-768x644.png 768w\" sizes=\"(max-width: 940px) 100vw, 940px\" \/><\/p>","protected":false},"excerpt":{"rendered":"<p>Para a esta\u00e7\u00e3o Outono-Inverno, a Lanidor apresenta novas imagens de comunica\u00e7\u00e3o, revelando uma atitude feminina, descontra\u00edda e elegante, como uma extens\u00e3o natural da filosofia da marca. Fundada em 1966, a Lanidor \u00e9 uma das principais marcas t\u00eaxteis femininas de Portugal. Dedicada a mulheres com personalidade independente e inteligente, a marca cria um estilo de vida [&hellip;]<\/p>\n","protected":false},"author":2,"featured_media":18497,"comment_status":"closed","ping_status":"closed","sticky":false,"template":"","format":"standard","meta":{"footnotes":""},"categories":[67,189],"tags":[],"class_list":["post-18398","post","type-post","status-publish","format-standard","has-post-thumbnail","hentry","category-moda-portuguesa","category-oculos"],"yoast_head":"<!-- This site is optimized with the Yoast SEO plugin v27.5 - https:\/\/yoast.com\/product\/yoast-seo-wordpress\/ -->\n<title>Lanidor | Novas imagens<\/title>\n<meta name=\"description\" content=\"A Lanidor apresenta novas imagens, de comunica\u00e7\u00e3o, sempre baseada na vis\u00e3o da marca \u201cmaking people happier\u201d.\" \/>\n<meta name=\"robots\" content=\"index, follow, max-snippet:-1, max-image-preview:large, max-video-preview:-1\" \/>\n<link rel=\"canonical\" href=\"https:\/\/www.prooptica.pt\/es\/lanidor-nuevas-imagenes\/\" \/>\n<meta property=\"og:locale\" content=\"es_ES\" \/>\n<meta property=\"og:type\" content=\"article\" \/>\n<meta property=\"og:title\" content=\"Lanidor | Novas imagens\" \/>\n<meta property=\"og:description\" content=\"A Lanidor apresenta novas imagens, de comunica\u00e7\u00e3o, sempre baseada na vis\u00e3o da marca \u201cmaking people happier\u201d.\" \/>\n<meta property=\"og:url\" content=\"https:\/\/www.prooptica.pt\/es\/lanidor-nuevas-imagenes\/\" \/>\n<meta property=\"og:site_name\" content=\"Prooptica\" \/>\n<meta property=\"article:published_time\" content=\"2023-11-17T12:21:25+00:00\" \/>\n<meta property=\"article:modified_time\" content=\"2023-11-17T13:16:07+00:00\" \/>\n<meta property=\"og:image\" content=\"https:\/\/www.prooptica.pt\/wp-content\/uploads\/2023\/11\/Lanidor_armacao_nov2023_web.jpg\" \/>\n\t<meta property=\"og:image:width\" content=\"854\" \/>\n\t<meta property=\"og:image:height\" content=\"540\" \/>\n\t<meta property=\"og:image:type\" content=\"image\/jpeg\" \/>\n<meta name=\"author\" content=\"admin\" \/>\n<meta name=\"twitter:card\" content=\"summary_large_image\" \/>\n<meta name=\"twitter:label1\" content=\"Escrito por\" \/>\n\t<meta name=\"twitter:data1\" content=\"admin\" \/>\n\t<meta name=\"twitter:label2\" content=\"Tiempo de lectura\" \/>\n\t<meta name=\"twitter:data2\" content=\"1 minuto\" \/>\n<script type=\"application\/ld+json\" class=\"yoast-schema-graph\">{\"@context\":\"https:\\\/\\\/schema.org\",\"@graph\":[{\"@type\":\"Article\",\"@id\":\"https:\\\/\\\/www.prooptica.pt\\\/lanidor-novas-imagens\\\/#article\",\"isPartOf\":{\"@id\":\"https:\\\/\\\/www.prooptica.pt\\\/lanidor-novas-imagens\\\/\"},\"author\":{\"name\":\"admin\",\"@id\":\"https:\\\/\\\/www.prooptica.pt\\\/home\\\/#\\\/schema\\\/person\\\/1cbd826a9322a3c38a052e43d1638306\"},\"headline\":\"Lanidor | Novas imagens de comunica\u00e7\u00e3o da marca\",\"datePublished\":\"2023-11-17T12:21:25+00:00\",\"dateModified\":\"2023-11-17T13:16:07+00:00\",\"mainEntityOfPage\":{\"@id\":\"https:\\\/\\\/www.prooptica.pt\\\/lanidor-novas-imagens\\\/\"},\"wordCount\":147,\"image\":{\"@id\":\"https:\\\/\\\/www.prooptica.pt\\\/lanidor-novas-imagens\\\/#primaryimage\"},\"thumbnailUrl\":\"https:\\\/\\\/www.prooptica.pt\\\/wp-content\\\/uploads\\\/2023\\\/11\\\/Lanidor_armacao_nov2023_web.jpg\",\"articleSection\":[\"Moda Portuguesa\",\"\u00d3culos\"],\"inLanguage\":\"es\"},{\"@type\":\"WebPage\",\"@id\":\"https:\\\/\\\/www.prooptica.pt\\\/lanidor-novas-imagens\\\/\",\"url\":\"https:\\\/\\\/www.prooptica.pt\\\/lanidor-novas-imagens\\\/\",\"name\":\"Lanidor | Novas imagens\",\"isPartOf\":{\"@id\":\"https:\\\/\\\/www.prooptica.pt\\\/home\\\/#website\"},\"primaryImageOfPage\":{\"@id\":\"https:\\\/\\\/www.prooptica.pt\\\/lanidor-novas-imagens\\\/#primaryimage\"},\"image\":{\"@id\":\"https:\\\/\\\/www.prooptica.pt\\\/lanidor-novas-imagens\\\/#primaryimage\"},\"thumbnailUrl\":\"https:\\\/\\\/www.prooptica.pt\\\/wp-content\\\/uploads\\\/2023\\\/11\\\/Lanidor_armacao_nov2023_web.jpg\",\"datePublished\":\"2023-11-17T12:21:25+00:00\",\"dateModified\":\"2023-11-17T13:16:07+00:00\",\"author\":{\"@id\":\"https:\\\/\\\/www.prooptica.pt\\\/home\\\/#\\\/schema\\\/person\\\/1cbd826a9322a3c38a052e43d1638306\"},\"description\":\"A Lanidor apresenta novas imagens, de comunica\u00e7\u00e3o, sempre baseada na vis\u00e3o da marca \u201cmaking people happier\u201d.\",\"breadcrumb\":{\"@id\":\"https:\\\/\\\/www.prooptica.pt\\\/lanidor-novas-imagens\\\/#breadcrumb\"},\"inLanguage\":\"es\",\"potentialAction\":[{\"@type\":\"ReadAction\",\"target\":[\"https:\\\/\\\/www.prooptica.pt\\\/lanidor-novas-imagens\\\/\"]}]},{\"@type\":\"ImageObject\",\"inLanguage\":\"es\",\"@id\":\"https:\\\/\\\/www.prooptica.pt\\\/lanidor-novas-imagens\\\/#primaryimage\",\"url\":\"https:\\\/\\\/www.prooptica.pt\\\/wp-content\\\/uploads\\\/2023\\\/11\\\/Lanidor_armacao_nov2023_web.jpg\",\"contentUrl\":\"https:\\\/\\\/www.prooptica.pt\\\/wp-content\\\/uploads\\\/2023\\\/11\\\/Lanidor_armacao_nov2023_web.jpg\",\"width\":854,\"height\":540},{\"@type\":\"BreadcrumbList\",\"@id\":\"https:\\\/\\\/www.prooptica.pt\\\/lanidor-novas-imagens\\\/#breadcrumb\",\"itemListElement\":[{\"@type\":\"ListItem\",\"position\":1,\"name\":\"In\u00edcio\",\"item\":\"https:\\\/\\\/www.prooptica.pt\\\/\"},{\"@type\":\"ListItem\",\"position\":2,\"name\":\"Lanidor | Novas imagens de comunica\u00e7\u00e3o da marca\"}]},{\"@type\":\"WebSite\",\"@id\":\"https:\\\/\\\/www.prooptica.pt\\\/home\\\/#website\",\"url\":\"https:\\\/\\\/www.prooptica.pt\\\/home\\\/\",\"name\":\"Prooptica\",\"description\":\"Full Eyewear Concept\",\"potentialAction\":[{\"@type\":\"SearchAction\",\"target\":{\"@type\":\"EntryPoint\",\"urlTemplate\":\"https:\\\/\\\/www.prooptica.pt\\\/home\\\/?s={search_term_string}\"},\"query-input\":{\"@type\":\"PropertyValueSpecification\",\"valueRequired\":true,\"valueName\":\"search_term_string\"}}],\"inLanguage\":\"es\"},{\"@type\":\"Person\",\"@id\":\"https:\\\/\\\/www.prooptica.pt\\\/home\\\/#\\\/schema\\\/person\\\/1cbd826a9322a3c38a052e43d1638306\",\"name\":\"admin\",\"image\":{\"@type\":\"ImageObject\",\"inLanguage\":\"es\",\"@id\":\"https:\\\/\\\/secure.gravatar.com\\\/avatar\\\/528c714482569d81724b02603aa719344e9ad7c0b50becf07272b2086b2c1cfd?s=96&d=mm&r=g\",\"url\":\"https:\\\/\\\/secure.gravatar.com\\\/avatar\\\/528c714482569d81724b02603aa719344e9ad7c0b50becf07272b2086b2c1cfd?s=96&d=mm&r=g\",\"contentUrl\":\"https:\\\/\\\/secure.gravatar.com\\\/avatar\\\/528c714482569d81724b02603aa719344e9ad7c0b50becf07272b2086b2c1cfd?s=96&d=mm&r=g\",\"caption\":\"admin\"},\"url\":\"https:\\\/\\\/www.prooptica.pt\\\/es\\\/author\\\/admin\\\/\"}]}<\/script>\n<!-- \/ Yoast SEO plugin. -->","yoast_head_json":{"title":"Lanidor | Nuevas im\u00e1genes","description":"Lanidor presenta nuevas im\u00e1genes y comunicaci\u00f3n, siempre basadas en la visi\u00f3n de la marca de \"hacer m\u00e1s feliz a la gente\".","robots":{"index":"index","follow":"follow","max-snippet":"max-snippet:-1","max-image-preview":"max-image-preview:large","max-video-preview":"max-video-preview:-1"},"canonical":"https:\/\/www.prooptica.pt\/es\/lanidor-nuevas-imagenes\/","og_locale":"es_ES","og_type":"article","og_title":"Lanidor | Novas imagens","og_description":"A Lanidor apresenta novas imagens, de comunica\u00e7\u00e3o, sempre baseada na vis\u00e3o da marca \u201cmaking people happier\u201d.","og_url":"https:\/\/www.prooptica.pt\/es\/lanidor-nuevas-imagenes\/","og_site_name":"Prooptica","article_published_time":"2023-11-17T12:21:25+00:00","article_modified_time":"2023-11-17T13:16:07+00:00","og_image":[{"width":854,"height":540,"url":"https:\/\/www.prooptica.pt\/wp-content\/uploads\/2023\/11\/Lanidor_armacao_nov2023_web.jpg","type":"image\/jpeg"}],"author":"admin","twitter_card":"summary_large_image","twitter_misc":{"Escrito por":"admin","Tiempo de lectura":"1 minuto"},"schema":{"@context":"https:\/\/schema.org","@graph":[{"@type":"Article","@id":"https:\/\/www.prooptica.pt\/lanidor-novas-imagens\/#article","isPartOf":{"@id":"https:\/\/www.prooptica.pt\/lanidor-novas-imagens\/"},"author":{"name":"admin","@id":"https:\/\/www.prooptica.pt\/home\/#\/schema\/person\/1cbd826a9322a3c38a052e43d1638306"},"headline":"Lanidor | Novas imagens de comunica\u00e7\u00e3o da marca","datePublished":"2023-11-17T12:21:25+00:00","dateModified":"2023-11-17T13:16:07+00:00","mainEntityOfPage":{"@id":"https:\/\/www.prooptica.pt\/lanidor-novas-imagens\/"},"wordCount":147,"image":{"@id":"https:\/\/www.prooptica.pt\/lanidor-novas-imagens\/#primaryimage"},"thumbnailUrl":"https:\/\/www.prooptica.pt\/wp-content\/uploads\/2023\/11\/Lanidor_armacao_nov2023_web.jpg","articleSection":["Moda Portuguesa","\u00d3culos"],"inLanguage":"es"},{"@type":"WebPage","@id":"https:\/\/www.prooptica.pt\/lanidor-novas-imagens\/","url":"https:\/\/www.prooptica.pt\/lanidor-novas-imagens\/","name":"Lanidor | Nuevas im\u00e1genes","isPartOf":{"@id":"https:\/\/www.prooptica.pt\/home\/#website"},"primaryImageOfPage":{"@id":"https:\/\/www.prooptica.pt\/lanidor-novas-imagens\/#primaryimage"},"image":{"@id":"https:\/\/www.prooptica.pt\/lanidor-novas-imagens\/#primaryimage"},"thumbnailUrl":"https:\/\/www.prooptica.pt\/wp-content\/uploads\/2023\/11\/Lanidor_armacao_nov2023_web.jpg","datePublished":"2023-11-17T12:21:25+00:00","dateModified":"2023-11-17T13:16:07+00:00","author":{"@id":"https:\/\/www.prooptica.pt\/home\/#\/schema\/person\/1cbd826a9322a3c38a052e43d1638306"},"description":"Lanidor presenta nuevas im\u00e1genes y comunicaci\u00f3n, siempre basadas en la visi\u00f3n de la marca de \"hacer m\u00e1s feliz a la gente\".","breadcrumb":{"@id":"https:\/\/www.prooptica.pt\/lanidor-novas-imagens\/#breadcrumb"},"inLanguage":"es","potentialAction":[{"@type":"ReadAction","target":["https:\/\/www.prooptica.pt\/lanidor-novas-imagens\/"]}]},{"@type":"ImageObject","inLanguage":"es","@id":"https:\/\/www.prooptica.pt\/lanidor-novas-imagens\/#primaryimage","url":"https:\/\/www.prooptica.pt\/wp-content\/uploads\/2023\/11\/Lanidor_armacao_nov2023_web.jpg","contentUrl":"https:\/\/www.prooptica.pt\/wp-content\/uploads\/2023\/11\/Lanidor_armacao_nov2023_web.jpg","width":854,"height":540},{"@type":"BreadcrumbList","@id":"https:\/\/www.prooptica.pt\/lanidor-novas-imagens\/#breadcrumb","itemListElement":[{"@type":"ListItem","position":1,"name":"In\u00edcio","item":"https:\/\/www.prooptica.pt\/"},{"@type":"ListItem","position":2,"name":"Lanidor | Novas imagens de comunica\u00e7\u00e3o da marca"}]},{"@type":"WebSite","@id":"https:\/\/www.prooptica.pt\/home\/#website","url":"https:\/\/www.prooptica.pt\/home\/","name":"Prooptica","description":"Concepto de gafas completas","potentialAction":[{"@type":"SearchAction","target":{"@type":"EntryPoint","urlTemplate":"https:\/\/www.prooptica.pt\/home\/?s={search_term_string}"},"query-input":{"@type":"PropertyValueSpecification","valueRequired":true,"valueName":"search_term_string"}}],"inLanguage":"es"},{"@type":"Person","@id":"https:\/\/www.prooptica.pt\/home\/#\/schema\/person\/1cbd826a9322a3c38a052e43d1638306","name":"admin","image":{"@type":"ImageObject","inLanguage":"es","@id":"https:\/\/secure.gravatar.com\/avatar\/528c714482569d81724b02603aa719344e9ad7c0b50becf07272b2086b2c1cfd?s=96&d=mm&r=g","url":"https:\/\/secure.gravatar.com\/avatar\/528c714482569d81724b02603aa719344e9ad7c0b50becf07272b2086b2c1cfd?s=96&d=mm&r=g","contentUrl":"https:\/\/secure.gravatar.com\/avatar\/528c714482569d81724b02603aa719344e9ad7c0b50becf07272b2086b2c1cfd?s=96&d=mm&r=g","caption":"admin"},"url":"https:\/\/www.prooptica.pt\/es\/author\/admin\/"}]}},"_links":{"self":[{"href":"https:\/\/www.prooptica.pt\/es\/wp-json\/wp\/v2\/posts\/18398","targetHints":{"allow":["GET"]}}],"collection":[{"href":"https:\/\/www.prooptica.pt\/es\/wp-json\/wp\/v2\/posts"}],"about":[{"href":"https:\/\/www.prooptica.pt\/es\/wp-json\/wp\/v2\/types\/post"}],"author":[{"embeddable":true,"href":"https:\/\/www.prooptica.pt\/es\/wp-json\/wp\/v2\/users\/2"}],"replies":[{"embeddable":true,"href":"https:\/\/www.prooptica.pt\/es\/wp-json\/wp\/v2\/comments?post=18398"}],"version-history":[{"count":5,"href":"https:\/\/www.prooptica.pt\/es\/wp-json\/wp\/v2\/posts\/18398\/revisions"}],"predecessor-version":[{"id":18494,"href":"https:\/\/www.prooptica.pt\/es\/wp-json\/wp\/v2\/posts\/18398\/revisions\/18494"}],"wp:featuredmedia":[{"embeddable":true,"href":"https:\/\/www.prooptica.pt\/es\/wp-json\/wp\/v2\/media\/18497"}],"wp:attachment":[{"href":"https:\/\/www.prooptica.pt\/es\/wp-json\/wp\/v2\/media?parent=18398"}],"wp:term":[{"taxonomy":"category","embeddable":true,"href":"https:\/\/www.prooptica.pt\/es\/wp-json\/wp\/v2\/categories?post=18398"},{"taxonomy":"post_tag","embeddable":true,"href":"https:\/\/www.prooptica.pt\/es\/wp-json\/wp\/v2\/tags?post=18398"}],"curies":[{"name":"wp","href":"https:\/\/api.w.org\/{rel}","templated":true}]}}