{"id":18501,"date":"2023-11-20T10:09:32","date_gmt":"2023-11-20T10:09:32","guid":{"rendered":"https:\/\/www.prooptica.pt\/?p=18501"},"modified":"2023-11-22T12:52:25","modified_gmt":"2023-11-22T12:52:25","slug":"amalias-100-vino-conmemorativo-del-centenario-del-nacimiento-de-amalia-rodrigues","status":"publish","type":"post","link":"https:\/\/www.prooptica.pt\/es\/amalias-100-vinho-comemorativo-do-centenario-do-nascimento-de-amalia-rodrigues\/","title":{"rendered":"Am\u00e1lias 100 | Vino para conmemorar el centenario del nacimiento de Am\u00e1lia Rodrigues"},"content":{"rendered":"<p>Hoy, una vez m\u00e1s, Prooptica recuerda a Am\u00e1lia Rodrigues y su contribuci\u00f3n a la cultura de Portugal.<\/p>\n<p>En octubre se lanz\u00f3 el vino Am\u00e1lias 100 para celebrar el centenario del nacimiento de la diva del fado y aprovechamos la ocasi\u00f3n para rendir homenaje una vez m\u00e1s a la fadista y honrar la relaci\u00f3n que Prooptica mantiene con la Fundaci\u00f3n Am\u00e1lia Rodrigues.<\/p>\n<h6><strong>Vino Am\u00e1lias 100<\/strong><\/h6>\n<p>Am\u00e1lias 100 es un vino tinto de la cosecha 2020 (a\u00f1o en que se celebr\u00f3 el centenario del nacimiento de Am\u00e1lia), creado por siete renombrados productores portugueses para honrar a Am\u00e1lia Rodrigues y sensibilizar a la opini\u00f3n p\u00fablica sobre la Fundaci\u00f3n que lleva su nombre.<\/p>\n<p>Rita Nabeiro de Adega Mayor, Francisca Van Zeller de Van Zellers &amp; Co, Maria Manuel Maia de Po\u00e7as, Lu\u00edsa Amorim de Quinta Nova de Nossa Senhora do Carmo, Rita Pinto de Quinta do Pinto, Mafalda Guedes de Sogrape y Catarina Vieira de Herdade do Rocim participan en esta iniciativa, con la colaboraci\u00f3n de los en\u00f3logos Beatriz Cabral de Almeida (Sogrape), Carlos Rodrigues (Adega Mayor) y Jorge Alves (Quinta Nova Nossa Senhora do Carmo).<\/p>\n<p>Envejecido durante 18 meses en barrica y, tras unificar la mezcla, otros 12 meses en botella, este vino es descrito por sus creadores como \"complejo, intenso, elegante y con un alto potencial de evoluci\u00f3n\".<\/p>\n<p>Edici\u00f3n limitada de 1920 botellas exactamente (a\u00f1o de nacimiento de Am\u00e1lia), Am\u00e1lias 100 es una mezcla de diferentes zonas geogr\u00e1ficas de Portugal, representando as\u00ed la figura nacional que fue Am\u00e1lia Rodrigues.<\/p>\n<p>Todos los ingresos generados por el vino Am\u00e1lias 100 se destinan a\u00a0<span style=\"color: #0000ff;\"><a style=\"color: #0000ff;\" href=\"http:\/\/www.amaliarodrigues.pt\/\">Fundaci\u00f3n Am\u00e1lia Rodrigues<\/a>,<\/span> que destinar\u00e1 el dinero recaudado a las instituciones que apoya, como la Casa do Artista, y tambi\u00e9n a las obras de restauraci\u00f3n de la casa de Am\u00e1lia Rodrigues, imprescindibles para la conservaci\u00f3n del patrimonio de la artista.<\/p>\n<p>El <span style=\"color: #0000ff;\"><a style=\"color: #0000ff;\" href=\"https:\/\/www.adegamayor.pt\/pt\/pt\/adega-mayor-amalias-100-tinto-1500ml\" target=\"_blank\" rel=\"noopener\">Amalias 100<\/a> <\/span>(botella de 1,5 litros) se presenta en una caja minimalista y elegante y estar\u00e1 disponible en bodegas, tiendas y restaurantes.<\/p>\n<p><img fetchpriority=\"high\" decoding=\"async\" class=\"size-medium wp-image-18502 aligncenter\" src=\"https:\/\/www.prooptica.pt\/wp-content\/uploads\/2023\/11\/Garrafa-Amalias-100-614x1024-1-180x300.jpg\" alt=\"\" width=\"180\" height=\"300\" srcset=\"https:\/\/www.prooptica.pt\/wp-content\/uploads\/2023\/11\/Garrafa-Amalias-100-614x1024-1-180x300.jpg 180w, https:\/\/www.prooptica.pt\/wp-content\/uploads\/2023\/11\/Garrafa-Amalias-100-614x1024-1.jpg 614w\" sizes=\"(max-width: 180px) 100vw, 180px\" \/><\/p>\n<h6><strong>Gafas Am\u00e1lia<\/strong><\/h6>\n<p>Aproveche tambi\u00e9n para descubrir la Colecci\u00f3n Am\u00e1lia Eyewear. Una colecci\u00f3n desarrollada teniendo en cuenta los valores y atributos de Am\u00e1lia Rodrigues y que pretende divulgar y elevar el legado y la memoria de Am\u00e1lia, devolviendo tanto que Am\u00e1lia dio a los portugueses: creatividad, coraje, energ\u00eda y vida m\u00e1s all\u00e1 de las fronteras.<\/p>\n<p>Prooptica apoya la cultura portuguesa y honra cada d\u00eda a la diva del fado.<\/p>\n<p>V\u00e9ase <a href=\"https:\/\/loja.prooptica.pt\/loja\/?swoof=1&amp;pwb-brand=amalia\" target=\"_blank\" rel=\"noopener\"><strong><span style=\"color: #000080;\"><span style=\"color: #0000ff;\">la colecci\u00f3n.<\/span><\/span><\/strong><\/a><\/p>","protected":false},"excerpt":{"rendered":"<p>Hoje, mais uma vez, a Prooptica recorda Am\u00e1lia Rodrigues e o seu contributo para a cultura de Portugal. Em Outubro foi lan\u00e7ado o vinho Am\u00e1lias 100 como uma celebra\u00e7\u00e3o do centen\u00e1rio do nascimento da diva do fado e n\u00f3s aproveitamos tamb\u00e9m esta ocasi\u00e3o para homenagear novamente a fadista e honrar a rela\u00e7\u00e3o que a Prooptica [&hellip;]<\/p>\n","protected":false},"author":2,"featured_media":18504,"comment_status":"closed","ping_status":"closed","sticky":false,"template":"","format":"standard","meta":{"footnotes":""},"categories":[195,189],"tags":[],"class_list":["post-18501","post","type-post","status-publish","format-standard","has-post-thumbnail","hentry","category-institucional","category-oculos"],"yoast_head":"<!-- This site is optimized with the Yoast SEO plugin v27.5 - https:\/\/yoast.com\/product\/yoast-seo-wordpress\/ -->\n<title>AM\u00c1LIAS 100<\/title>\n<meta name=\"description\" content=\"Em Outubro foi lan\u00e7ado o vinho Am\u00e1lias 100 como uma celebra\u00e7\u00e3o do centen\u00e1rio do nascimento de Am\u00e1lia Rodrigues.\" \/>\n<meta name=\"robots\" content=\"index, follow, max-snippet:-1, max-image-preview:large, max-video-preview:-1\" \/>\n<link rel=\"canonical\" href=\"https:\/\/www.prooptica.pt\/es\/amalias-100-vino-conmemorativo-del-centenario-del-nacimiento-de-amalia-rodrigues\/\" \/>\n<meta property=\"og:locale\" content=\"es_ES\" \/>\n<meta property=\"og:type\" content=\"article\" \/>\n<meta property=\"og:title\" content=\"AM\u00c1LIAS 100\" \/>\n<meta property=\"og:description\" content=\"Em Outubro foi lan\u00e7ado o vinho Am\u00e1lias 100 como uma celebra\u00e7\u00e3o do centen\u00e1rio do nascimento de Am\u00e1lia Rodrigues.\" \/>\n<meta property=\"og:url\" content=\"https:\/\/www.prooptica.pt\/es\/amalias-100-vino-conmemorativo-del-centenario-del-nacimiento-de-amalia-rodrigues\/\" \/>\n<meta property=\"og:site_name\" content=\"Prooptica\" \/>\n<meta property=\"article:published_time\" content=\"2023-11-20T10:09:32+00:00\" \/>\n<meta property=\"article:modified_time\" content=\"2023-11-22T12:52:25+00:00\" \/>\n<meta property=\"og:image\" content=\"https:\/\/www.prooptica.pt\/wp-content\/uploads\/2023\/11\/Amalia-100-_-BLOG_top_Amalia.png\" \/>\n\t<meta property=\"og:image:width\" content=\"2874\" \/>\n\t<meta property=\"og:image:height\" content=\"1736\" \/>\n\t<meta property=\"og:image:type\" content=\"image\/png\" \/>\n<meta name=\"author\" content=\"admin\" \/>\n<meta name=\"twitter:card\" content=\"summary_large_image\" \/>\n<meta name=\"twitter:label1\" content=\"Escrito por\" \/>\n\t<meta name=\"twitter:data1\" content=\"admin\" \/>\n\t<meta name=\"twitter:label2\" content=\"Tiempo de lectura\" \/>\n\t<meta name=\"twitter:data2\" content=\"3 minutos\" \/>\n<script type=\"application\/ld+json\" class=\"yoast-schema-graph\">{\"@context\":\"https:\\\/\\\/schema.org\",\"@graph\":[{\"@type\":\"Article\",\"@id\":\"https:\\\/\\\/www.prooptica.pt\\\/amalias-100-vinho-comemorativo-do-centenario-do-nascimento-de-amalia-rodrigues\\\/#article\",\"isPartOf\":{\"@id\":\"https:\\\/\\\/www.prooptica.pt\\\/amalias-100-vinho-comemorativo-do-centenario-do-nascimento-de-amalia-rodrigues\\\/\"},\"author\":{\"name\":\"admin\",\"@id\":\"https:\\\/\\\/www.prooptica.pt\\\/home\\\/#\\\/schema\\\/person\\\/1cbd826a9322a3c38a052e43d1638306\"},\"headline\":\"Am\u00e1lias 100 | Vinho comemorativo do centen\u00e1rio do nascimento de Am\u00e1lia Rodrigues\",\"datePublished\":\"2023-11-20T10:09:32+00:00\",\"dateModified\":\"2023-11-22T12:52:25+00:00\",\"mainEntityOfPage\":{\"@id\":\"https:\\\/\\\/www.prooptica.pt\\\/amalias-100-vinho-comemorativo-do-centenario-do-nascimento-de-amalia-rodrigues\\\/\"},\"wordCount\":448,\"image\":{\"@id\":\"https:\\\/\\\/www.prooptica.pt\\\/amalias-100-vinho-comemorativo-do-centenario-do-nascimento-de-amalia-rodrigues\\\/#primaryimage\"},\"thumbnailUrl\":\"https:\\\/\\\/www.prooptica.pt\\\/wp-content\\\/uploads\\\/2023\\\/11\\\/Amalia-100-_-BLOG_top_Amalia.png\",\"articleSection\":[\"Institucional\",\"\u00d3culos\"],\"inLanguage\":\"es\"},{\"@type\":\"WebPage\",\"@id\":\"https:\\\/\\\/www.prooptica.pt\\\/amalias-100-vinho-comemorativo-do-centenario-do-nascimento-de-amalia-rodrigues\\\/\",\"url\":\"https:\\\/\\\/www.prooptica.pt\\\/amalias-100-vinho-comemorativo-do-centenario-do-nascimento-de-amalia-rodrigues\\\/\",\"name\":\"AM\u00c1LIAS 100\",\"isPartOf\":{\"@id\":\"https:\\\/\\\/www.prooptica.pt\\\/home\\\/#website\"},\"primaryImageOfPage\":{\"@id\":\"https:\\\/\\\/www.prooptica.pt\\\/amalias-100-vinho-comemorativo-do-centenario-do-nascimento-de-amalia-rodrigues\\\/#primaryimage\"},\"image\":{\"@id\":\"https:\\\/\\\/www.prooptica.pt\\\/amalias-100-vinho-comemorativo-do-centenario-do-nascimento-de-amalia-rodrigues\\\/#primaryimage\"},\"thumbnailUrl\":\"https:\\\/\\\/www.prooptica.pt\\\/wp-content\\\/uploads\\\/2023\\\/11\\\/Amalia-100-_-BLOG_top_Amalia.png\",\"datePublished\":\"2023-11-20T10:09:32+00:00\",\"dateModified\":\"2023-11-22T12:52:25+00:00\",\"author\":{\"@id\":\"https:\\\/\\\/www.prooptica.pt\\\/home\\\/#\\\/schema\\\/person\\\/1cbd826a9322a3c38a052e43d1638306\"},\"description\":\"Em Outubro foi lan\u00e7ado o vinho Am\u00e1lias 100 como uma celebra\u00e7\u00e3o do centen\u00e1rio do nascimento de Am\u00e1lia Rodrigues.\",\"breadcrumb\":{\"@id\":\"https:\\\/\\\/www.prooptica.pt\\\/amalias-100-vinho-comemorativo-do-centenario-do-nascimento-de-amalia-rodrigues\\\/#breadcrumb\"},\"inLanguage\":\"es\",\"potentialAction\":[{\"@type\":\"ReadAction\",\"target\":[\"https:\\\/\\\/www.prooptica.pt\\\/amalias-100-vinho-comemorativo-do-centenario-do-nascimento-de-amalia-rodrigues\\\/\"]}]},{\"@type\":\"ImageObject\",\"inLanguage\":\"es\",\"@id\":\"https:\\\/\\\/www.prooptica.pt\\\/amalias-100-vinho-comemorativo-do-centenario-do-nascimento-de-amalia-rodrigues\\\/#primaryimage\",\"url\":\"https:\\\/\\\/www.prooptica.pt\\\/wp-content\\\/uploads\\\/2023\\\/11\\\/Amalia-100-_-BLOG_top_Amalia.png\",\"contentUrl\":\"https:\\\/\\\/www.prooptica.pt\\\/wp-content\\\/uploads\\\/2023\\\/11\\\/Amalia-100-_-BLOG_top_Amalia.png\",\"width\":2874,\"height\":1736},{\"@type\":\"BreadcrumbList\",\"@id\":\"https:\\\/\\\/www.prooptica.pt\\\/amalias-100-vinho-comemorativo-do-centenario-do-nascimento-de-amalia-rodrigues\\\/#breadcrumb\",\"itemListElement\":[{\"@type\":\"ListItem\",\"position\":1,\"name\":\"In\u00edcio\",\"item\":\"https:\\\/\\\/www.prooptica.pt\\\/\"},{\"@type\":\"ListItem\",\"position\":2,\"name\":\"Am\u00e1lias 100 | Vinho comemorativo do centen\u00e1rio do nascimento de Am\u00e1lia Rodrigues\"}]},{\"@type\":\"WebSite\",\"@id\":\"https:\\\/\\\/www.prooptica.pt\\\/home\\\/#website\",\"url\":\"https:\\\/\\\/www.prooptica.pt\\\/home\\\/\",\"name\":\"Prooptica\",\"description\":\"Full Eyewear Concept\",\"potentialAction\":[{\"@type\":\"SearchAction\",\"target\":{\"@type\":\"EntryPoint\",\"urlTemplate\":\"https:\\\/\\\/www.prooptica.pt\\\/home\\\/?s={search_term_string}\"},\"query-input\":{\"@type\":\"PropertyValueSpecification\",\"valueRequired\":true,\"valueName\":\"search_term_string\"}}],\"inLanguage\":\"es\"},{\"@type\":\"Person\",\"@id\":\"https:\\\/\\\/www.prooptica.pt\\\/home\\\/#\\\/schema\\\/person\\\/1cbd826a9322a3c38a052e43d1638306\",\"name\":\"admin\",\"image\":{\"@type\":\"ImageObject\",\"inLanguage\":\"es\",\"@id\":\"https:\\\/\\\/secure.gravatar.com\\\/avatar\\\/528c714482569d81724b02603aa719344e9ad7c0b50becf07272b2086b2c1cfd?s=96&d=mm&r=g\",\"url\":\"https:\\\/\\\/secure.gravatar.com\\\/avatar\\\/528c714482569d81724b02603aa719344e9ad7c0b50becf07272b2086b2c1cfd?s=96&d=mm&r=g\",\"contentUrl\":\"https:\\\/\\\/secure.gravatar.com\\\/avatar\\\/528c714482569d81724b02603aa719344e9ad7c0b50becf07272b2086b2c1cfd?s=96&d=mm&r=g\",\"caption\":\"admin\"},\"url\":\"https:\\\/\\\/www.prooptica.pt\\\/es\\\/author\\\/admin\\\/\"}]}<\/script>\n<!-- \/ Yoast SEO plugin. -->","yoast_head_json":{"title":"AMALIAS 100","description":"En octubre se lanz\u00f3 el vino Am\u00e1lias 100 para celebrar el centenario del nacimiento de Am\u00e1lia Rodrigues.","robots":{"index":"index","follow":"follow","max-snippet":"max-snippet:-1","max-image-preview":"max-image-preview:large","max-video-preview":"max-video-preview:-1"},"canonical":"https:\/\/www.prooptica.pt\/es\/amalias-100-vino-conmemorativo-del-centenario-del-nacimiento-de-amalia-rodrigues\/","og_locale":"es_ES","og_type":"article","og_title":"AM\u00c1LIAS 100","og_description":"Em Outubro foi lan\u00e7ado o vinho Am\u00e1lias 100 como uma celebra\u00e7\u00e3o do centen\u00e1rio do nascimento de Am\u00e1lia Rodrigues.","og_url":"https:\/\/www.prooptica.pt\/es\/amalias-100-vino-conmemorativo-del-centenario-del-nacimiento-de-amalia-rodrigues\/","og_site_name":"Prooptica","article_published_time":"2023-11-20T10:09:32+00:00","article_modified_time":"2023-11-22T12:52:25+00:00","og_image":[{"width":2874,"height":1736,"url":"https:\/\/www.prooptica.pt\/wp-content\/uploads\/2023\/11\/Amalia-100-_-BLOG_top_Amalia.png","type":"image\/png"}],"author":"admin","twitter_card":"summary_large_image","twitter_misc":{"Escrito por":"admin","Tiempo de lectura":"3 minutos"},"schema":{"@context":"https:\/\/schema.org","@graph":[{"@type":"Article","@id":"https:\/\/www.prooptica.pt\/amalias-100-vinho-comemorativo-do-centenario-do-nascimento-de-amalia-rodrigues\/#article","isPartOf":{"@id":"https:\/\/www.prooptica.pt\/amalias-100-vinho-comemorativo-do-centenario-do-nascimento-de-amalia-rodrigues\/"},"author":{"name":"admin","@id":"https:\/\/www.prooptica.pt\/home\/#\/schema\/person\/1cbd826a9322a3c38a052e43d1638306"},"headline":"Am\u00e1lias 100 | Vinho comemorativo do centen\u00e1rio do nascimento de Am\u00e1lia Rodrigues","datePublished":"2023-11-20T10:09:32+00:00","dateModified":"2023-11-22T12:52:25+00:00","mainEntityOfPage":{"@id":"https:\/\/www.prooptica.pt\/amalias-100-vinho-comemorativo-do-centenario-do-nascimento-de-amalia-rodrigues\/"},"wordCount":448,"image":{"@id":"https:\/\/www.prooptica.pt\/amalias-100-vinho-comemorativo-do-centenario-do-nascimento-de-amalia-rodrigues\/#primaryimage"},"thumbnailUrl":"https:\/\/www.prooptica.pt\/wp-content\/uploads\/2023\/11\/Amalia-100-_-BLOG_top_Amalia.png","articleSection":["Institucional","\u00d3culos"],"inLanguage":"es"},{"@type":"WebPage","@id":"https:\/\/www.prooptica.pt\/amalias-100-vinho-comemorativo-do-centenario-do-nascimento-de-amalia-rodrigues\/","url":"https:\/\/www.prooptica.pt\/amalias-100-vinho-comemorativo-do-centenario-do-nascimento-de-amalia-rodrigues\/","name":"AMALIAS 100","isPartOf":{"@id":"https:\/\/www.prooptica.pt\/home\/#website"},"primaryImageOfPage":{"@id":"https:\/\/www.prooptica.pt\/amalias-100-vinho-comemorativo-do-centenario-do-nascimento-de-amalia-rodrigues\/#primaryimage"},"image":{"@id":"https:\/\/www.prooptica.pt\/amalias-100-vinho-comemorativo-do-centenario-do-nascimento-de-amalia-rodrigues\/#primaryimage"},"thumbnailUrl":"https:\/\/www.prooptica.pt\/wp-content\/uploads\/2023\/11\/Amalia-100-_-BLOG_top_Amalia.png","datePublished":"2023-11-20T10:09:32+00:00","dateModified":"2023-11-22T12:52:25+00:00","author":{"@id":"https:\/\/www.prooptica.pt\/home\/#\/schema\/person\/1cbd826a9322a3c38a052e43d1638306"},"description":"En octubre se lanz\u00f3 el vino Am\u00e1lias 100 para celebrar el centenario del nacimiento de Am\u00e1lia Rodrigues.","breadcrumb":{"@id":"https:\/\/www.prooptica.pt\/amalias-100-vinho-comemorativo-do-centenario-do-nascimento-de-amalia-rodrigues\/#breadcrumb"},"inLanguage":"es","potentialAction":[{"@type":"ReadAction","target":["https:\/\/www.prooptica.pt\/amalias-100-vinho-comemorativo-do-centenario-do-nascimento-de-amalia-rodrigues\/"]}]},{"@type":"ImageObject","inLanguage":"es","@id":"https:\/\/www.prooptica.pt\/amalias-100-vinho-comemorativo-do-centenario-do-nascimento-de-amalia-rodrigues\/#primaryimage","url":"https:\/\/www.prooptica.pt\/wp-content\/uploads\/2023\/11\/Amalia-100-_-BLOG_top_Amalia.png","contentUrl":"https:\/\/www.prooptica.pt\/wp-content\/uploads\/2023\/11\/Amalia-100-_-BLOG_top_Amalia.png","width":2874,"height":1736},{"@type":"BreadcrumbList","@id":"https:\/\/www.prooptica.pt\/amalias-100-vinho-comemorativo-do-centenario-do-nascimento-de-amalia-rodrigues\/#breadcrumb","itemListElement":[{"@type":"ListItem","position":1,"name":"In\u00edcio","item":"https:\/\/www.prooptica.pt\/"},{"@type":"ListItem","position":2,"name":"Am\u00e1lias 100 | Vinho comemorativo do centen\u00e1rio do nascimento de Am\u00e1lia Rodrigues"}]},{"@type":"WebSite","@id":"https:\/\/www.prooptica.pt\/home\/#website","url":"https:\/\/www.prooptica.pt\/home\/","name":"Prooptica","description":"Concepto de gafas completas","potentialAction":[{"@type":"SearchAction","target":{"@type":"EntryPoint","urlTemplate":"https:\/\/www.prooptica.pt\/home\/?s={search_term_string}"},"query-input":{"@type":"PropertyValueSpecification","valueRequired":true,"valueName":"search_term_string"}}],"inLanguage":"es"},{"@type":"Person","@id":"https:\/\/www.prooptica.pt\/home\/#\/schema\/person\/1cbd826a9322a3c38a052e43d1638306","name":"admin","image":{"@type":"ImageObject","inLanguage":"es","@id":"https:\/\/secure.gravatar.com\/avatar\/528c714482569d81724b02603aa719344e9ad7c0b50becf07272b2086b2c1cfd?s=96&d=mm&r=g","url":"https:\/\/secure.gravatar.com\/avatar\/528c714482569d81724b02603aa719344e9ad7c0b50becf07272b2086b2c1cfd?s=96&d=mm&r=g","contentUrl":"https:\/\/secure.gravatar.com\/avatar\/528c714482569d81724b02603aa719344e9ad7c0b50becf07272b2086b2c1cfd?s=96&d=mm&r=g","caption":"admin"},"url":"https:\/\/www.prooptica.pt\/es\/author\/admin\/"}]}},"_links":{"self":[{"href":"https:\/\/www.prooptica.pt\/es\/wp-json\/wp\/v2\/posts\/18501","targetHints":{"allow":["GET"]}}],"collection":[{"href":"https:\/\/www.prooptica.pt\/es\/wp-json\/wp\/v2\/posts"}],"about":[{"href":"https:\/\/www.prooptica.pt\/es\/wp-json\/wp\/v2\/types\/post"}],"author":[{"embeddable":true,"href":"https:\/\/www.prooptica.pt\/es\/wp-json\/wp\/v2\/users\/2"}],"replies":[{"embeddable":true,"href":"https:\/\/www.prooptica.pt\/es\/wp-json\/wp\/v2\/comments?post=18501"}],"version-history":[{"count":8,"href":"https:\/\/www.prooptica.pt\/es\/wp-json\/wp\/v2\/posts\/18501\/revisions"}],"predecessor-version":[{"id":18513,"href":"https:\/\/www.prooptica.pt\/es\/wp-json\/wp\/v2\/posts\/18501\/revisions\/18513"}],"wp:featuredmedia":[{"embeddable":true,"href":"https:\/\/www.prooptica.pt\/es\/wp-json\/wp\/v2\/media\/18504"}],"wp:attachment":[{"href":"https:\/\/www.prooptica.pt\/es\/wp-json\/wp\/v2\/media?parent=18501"}],"wp:term":[{"taxonomy":"category","embeddable":true,"href":"https:\/\/www.prooptica.pt\/es\/wp-json\/wp\/v2\/categories?post=18501"},{"taxonomy":"post_tag","embeddable":true,"href":"https:\/\/www.prooptica.pt\/es\/wp-json\/wp\/v2\/tags?post=18501"}],"curies":[{"name":"wp","href":"https:\/\/api.w.org\/{rel}","templated":true}]}}