{"id":18534,"date":"2023-12-06T18:04:59","date_gmt":"2023-12-06T18:04:59","guid":{"rendered":"https:\/\/www.prooptica.pt\/?p=18534"},"modified":"2023-12-06T18:04:59","modified_gmt":"2023-12-06T18:04:59","slug":"luis-justino-en-una-entrevista-con-lookvision-portugal-30-anos-de-prooptica","status":"publish","type":"post","link":"https:\/\/www.prooptica.pt\/es\/luis-justino-em-entrevista-a-lookvision-portugal-30-anos-de-prooptica\/","title":{"rendered":"Lu\u00eds Justino en una entrevista con LookVision Portugal - 30 a\u00f1os de Prooptica"},"content":{"rendered":"<p>A lo largo de sus 30 a\u00f1os de historia, Prooptica ha crecido, evolucionado y se ha diferenciado en un mercado exigente y en constante cambio. Reconocida varias veces como PYME l\u00edder y PYME de excelencia, Prooptica no es solo una historia de \u00e9xito empresarial, sino tambi\u00e9n un ejemplo de c\u00f3mo la resistencia, la innovaci\u00f3n y una visi\u00f3n clara pueden conducir al \u00e9xito sostenido.<\/p>\n<p>En una entrevista concedida a LookVision, en la primera edici\u00f3n del relanzamiento en Portugal, Lu\u00eds Justino, Director General de Prooptica, habla del trig\u00e9simo aniversario de la empresa y de c\u00f3mo ha evolucionado durante este per\u00edodo. Tambi\u00e9n revela lo que distingue a la empresa en este sector y lo que podemos esperar en el futuro.<\/p>\n<p><strong>Lea la entrevista completa:\u00a0<\/strong><span style=\"color: #000080;\"><a style=\"color: #000080;\" href=\"https:\/\/www.prooptica.pt\/wp-content\/uploads\/2023\/11\/LookVision-no-1-PORTUGAL_web.pdf\" target=\"_blank\" rel=\"noopener\"><strong>LookVisionPT<\/strong><\/a><\/span><\/p>","protected":false},"excerpt":{"rendered":"<p>Ao longo dos seus 30 anos de hist\u00f3ria, a Prooptica cresceu, evoluiu e diferenciou-se num mercado exigente e em constante muta\u00e7\u00e3o. V\u00e1rias vezes reconhecida como PME L\u00edder e PME Excel\u00eancia, a Prooptica n\u00e3o \u00e9 apenas um caso de sucesso empresarial, mas tamb\u00e9m um exemplo de como a resili\u00eancia, a inova\u00e7\u00e3o e uma vis\u00e3o clara podem [&hellip;]<\/p>\n","protected":false},"author":2,"featured_media":18537,"comment_status":"closed","ping_status":"closed","sticky":false,"template":"","format":"standard","meta":{"footnotes":""},"categories":[195],"tags":[],"class_list":["post-18534","post","type-post","status-publish","format-standard","has-post-thumbnail","hentry","category-institucional"],"yoast_head":"<!-- This site is optimized with the Yoast SEO plugin v27.4 - https:\/\/yoast.com\/product\/yoast-seo-wordpress\/ -->\n<title>Lu\u00eds Justino em entrevista \u00e0 LookVision Portugal \u2013 30 Anos<\/title>\n<meta name=\"robots\" content=\"index, follow, max-snippet:-1, max-image-preview:large, max-video-preview:-1\" \/>\n<link rel=\"canonical\" href=\"https:\/\/www.prooptica.pt\/es\/luis-justino-en-una-entrevista-con-lookvision-portugal-30-anos-de-prooptica\/\" \/>\n<meta property=\"og:locale\" content=\"es_ES\" \/>\n<meta property=\"og:type\" content=\"article\" \/>\n<meta property=\"og:title\" content=\"Lu\u00eds Justino em entrevista \u00e0 LookVision Portugal \u2013 30 Anos\" \/>\n<meta property=\"og:description\" content=\"Ao longo dos seus 30 anos de hist\u00f3ria, a Prooptica cresceu, evoluiu e diferenciou-se num mercado exigente e em constante muta\u00e7\u00e3o. V\u00e1rias vezes reconhecida como PME L\u00edder e PME Excel\u00eancia, a Prooptica n\u00e3o \u00e9 apenas um caso de sucesso empresarial, mas tamb\u00e9m um exemplo de como a resili\u00eancia, a inova\u00e7\u00e3o e uma vis\u00e3o clara podem [&hellip;]\" \/>\n<meta property=\"og:url\" content=\"https:\/\/www.prooptica.pt\/es\/luis-justino-en-una-entrevista-con-lookvision-portugal-30-anos-de-prooptica\/\" \/>\n<meta property=\"og:site_name\" content=\"Prooptica\" \/>\n<meta property=\"article:published_time\" content=\"2023-12-06T18:04:59+00:00\" \/>\n<meta property=\"og:image\" content=\"https:\/\/www.prooptica.pt\/wp-content\/uploads\/2023\/11\/Entrevista-Prooptica-30-anos-LookVisionPT.jpg\" \/>\n\t<meta property=\"og:image:width\" content=\"854\" \/>\n\t<meta property=\"og:image:height\" content=\"540\" \/>\n\t<meta property=\"og:image:type\" content=\"image\/jpeg\" \/>\n<meta name=\"author\" content=\"admin\" \/>\n<meta name=\"twitter:card\" content=\"summary_large_image\" \/>\n<meta name=\"twitter:label1\" content=\"Escrito por\" \/>\n\t<meta name=\"twitter:data1\" content=\"admin\" \/>\n\t<meta name=\"twitter:label2\" content=\"Tiempo de lectura\" \/>\n\t<meta name=\"twitter:data2\" content=\"1 minuto\" \/>\n<script type=\"application\/ld+json\" class=\"yoast-schema-graph\">{\"@context\":\"https:\\\/\\\/schema.org\",\"@graph\":[{\"@type\":\"Article\",\"@id\":\"https:\\\/\\\/www.prooptica.pt\\\/luis-justino-em-entrevista-a-lookvision-portugal-30-anos-de-prooptica\\\/#article\",\"isPartOf\":{\"@id\":\"https:\\\/\\\/www.prooptica.pt\\\/luis-justino-em-entrevista-a-lookvision-portugal-30-anos-de-prooptica\\\/\"},\"author\":{\"name\":\"admin\",\"@id\":\"https:\\\/\\\/www.prooptica.pt\\\/home\\\/#\\\/schema\\\/person\\\/1cbd826a9322a3c38a052e43d1638306\"},\"headline\":\"Lu\u00eds Justino em entrevista \u00e0 LookVision Portugal \u2013 30 Anos de Prooptica\",\"datePublished\":\"2023-12-06T18:04:59+00:00\",\"mainEntityOfPage\":{\"@id\":\"https:\\\/\\\/www.prooptica.pt\\\/luis-justino-em-entrevista-a-lookvision-portugal-30-anos-de-prooptica\\\/\"},\"wordCount\":135,\"image\":{\"@id\":\"https:\\\/\\\/www.prooptica.pt\\\/luis-justino-em-entrevista-a-lookvision-portugal-30-anos-de-prooptica\\\/#primaryimage\"},\"thumbnailUrl\":\"https:\\\/\\\/www.prooptica.pt\\\/wp-content\\\/uploads\\\/2023\\\/11\\\/Entrevista-Prooptica-30-anos-LookVisionPT.jpg\",\"articleSection\":[\"Institucional\"],\"inLanguage\":\"es\"},{\"@type\":\"WebPage\",\"@id\":\"https:\\\/\\\/www.prooptica.pt\\\/luis-justino-em-entrevista-a-lookvision-portugal-30-anos-de-prooptica\\\/\",\"url\":\"https:\\\/\\\/www.prooptica.pt\\\/luis-justino-em-entrevista-a-lookvision-portugal-30-anos-de-prooptica\\\/\",\"name\":\"Lu\u00eds Justino em entrevista \u00e0 LookVision Portugal \u2013 30 Anos\",\"isPartOf\":{\"@id\":\"https:\\\/\\\/www.prooptica.pt\\\/home\\\/#website\"},\"primaryImageOfPage\":{\"@id\":\"https:\\\/\\\/www.prooptica.pt\\\/luis-justino-em-entrevista-a-lookvision-portugal-30-anos-de-prooptica\\\/#primaryimage\"},\"image\":{\"@id\":\"https:\\\/\\\/www.prooptica.pt\\\/luis-justino-em-entrevista-a-lookvision-portugal-30-anos-de-prooptica\\\/#primaryimage\"},\"thumbnailUrl\":\"https:\\\/\\\/www.prooptica.pt\\\/wp-content\\\/uploads\\\/2023\\\/11\\\/Entrevista-Prooptica-30-anos-LookVisionPT.jpg\",\"datePublished\":\"2023-12-06T18:04:59+00:00\",\"author\":{\"@id\":\"https:\\\/\\\/www.prooptica.pt\\\/home\\\/#\\\/schema\\\/person\\\/1cbd826a9322a3c38a052e43d1638306\"},\"breadcrumb\":{\"@id\":\"https:\\\/\\\/www.prooptica.pt\\\/luis-justino-em-entrevista-a-lookvision-portugal-30-anos-de-prooptica\\\/#breadcrumb\"},\"inLanguage\":\"es\",\"potentialAction\":[{\"@type\":\"ReadAction\",\"target\":[\"https:\\\/\\\/www.prooptica.pt\\\/luis-justino-em-entrevista-a-lookvision-portugal-30-anos-de-prooptica\\\/\"]}]},{\"@type\":\"ImageObject\",\"inLanguage\":\"es\",\"@id\":\"https:\\\/\\\/www.prooptica.pt\\\/luis-justino-em-entrevista-a-lookvision-portugal-30-anos-de-prooptica\\\/#primaryimage\",\"url\":\"https:\\\/\\\/www.prooptica.pt\\\/wp-content\\\/uploads\\\/2023\\\/11\\\/Entrevista-Prooptica-30-anos-LookVisionPT.jpg\",\"contentUrl\":\"https:\\\/\\\/www.prooptica.pt\\\/wp-content\\\/uploads\\\/2023\\\/11\\\/Entrevista-Prooptica-30-anos-LookVisionPT.jpg\",\"width\":854,\"height\":540},{\"@type\":\"BreadcrumbList\",\"@id\":\"https:\\\/\\\/www.prooptica.pt\\\/luis-justino-em-entrevista-a-lookvision-portugal-30-anos-de-prooptica\\\/#breadcrumb\",\"itemListElement\":[{\"@type\":\"ListItem\",\"position\":1,\"name\":\"In\u00edcio\",\"item\":\"https:\\\/\\\/www.prooptica.pt\\\/\"},{\"@type\":\"ListItem\",\"position\":2,\"name\":\"Lu\u00eds Justino em entrevista \u00e0 LookVision Portugal \u2013 30 Anos de Prooptica\"}]},{\"@type\":\"WebSite\",\"@id\":\"https:\\\/\\\/www.prooptica.pt\\\/home\\\/#website\",\"url\":\"https:\\\/\\\/www.prooptica.pt\\\/home\\\/\",\"name\":\"Prooptica\",\"description\":\"Full Eyewear Concept\",\"potentialAction\":[{\"@type\":\"SearchAction\",\"target\":{\"@type\":\"EntryPoint\",\"urlTemplate\":\"https:\\\/\\\/www.prooptica.pt\\\/home\\\/?s={search_term_string}\"},\"query-input\":{\"@type\":\"PropertyValueSpecification\",\"valueRequired\":true,\"valueName\":\"search_term_string\"}}],\"inLanguage\":\"es\"},{\"@type\":\"Person\",\"@id\":\"https:\\\/\\\/www.prooptica.pt\\\/home\\\/#\\\/schema\\\/person\\\/1cbd826a9322a3c38a052e43d1638306\",\"name\":\"admin\",\"image\":{\"@type\":\"ImageObject\",\"inLanguage\":\"es\",\"@id\":\"https:\\\/\\\/secure.gravatar.com\\\/avatar\\\/528c714482569d81724b02603aa719344e9ad7c0b50becf07272b2086b2c1cfd?s=96&d=mm&r=g\",\"url\":\"https:\\\/\\\/secure.gravatar.com\\\/avatar\\\/528c714482569d81724b02603aa719344e9ad7c0b50becf07272b2086b2c1cfd?s=96&d=mm&r=g\",\"contentUrl\":\"https:\\\/\\\/secure.gravatar.com\\\/avatar\\\/528c714482569d81724b02603aa719344e9ad7c0b50becf07272b2086b2c1cfd?s=96&d=mm&r=g\",\"caption\":\"admin\"},\"url\":\"https:\\\/\\\/www.prooptica.pt\\\/es\\\/author\\\/admin\\\/\"}]}<\/script>\n<!-- \/ Yoast SEO plugin. -->","yoast_head_json":{"title":"Lu\u00eds Justino en una entrevista con LookVision Portugal - 30 a\u00f1os","robots":{"index":"index","follow":"follow","max-snippet":"max-snippet:-1","max-image-preview":"max-image-preview:large","max-video-preview":"max-video-preview:-1"},"canonical":"https:\/\/www.prooptica.pt\/es\/luis-justino-en-una-entrevista-con-lookvision-portugal-30-anos-de-prooptica\/","og_locale":"es_ES","og_type":"article","og_title":"Lu\u00eds Justino em entrevista \u00e0 LookVision Portugal \u2013 30 Anos","og_description":"Ao longo dos seus 30 anos de hist\u00f3ria, a Prooptica cresceu, evoluiu e diferenciou-se num mercado exigente e em constante muta\u00e7\u00e3o. V\u00e1rias vezes reconhecida como PME L\u00edder e PME Excel\u00eancia, a Prooptica n\u00e3o \u00e9 apenas um caso de sucesso empresarial, mas tamb\u00e9m um exemplo de como a resili\u00eancia, a inova\u00e7\u00e3o e uma vis\u00e3o clara podem [&hellip;]","og_url":"https:\/\/www.prooptica.pt\/es\/luis-justino-en-una-entrevista-con-lookvision-portugal-30-anos-de-prooptica\/","og_site_name":"Prooptica","article_published_time":"2023-12-06T18:04:59+00:00","og_image":[{"width":854,"height":540,"url":"https:\/\/www.prooptica.pt\/wp-content\/uploads\/2023\/11\/Entrevista-Prooptica-30-anos-LookVisionPT.jpg","type":"image\/jpeg"}],"author":"admin","twitter_card":"summary_large_image","twitter_misc":{"Escrito por":"admin","Tiempo de lectura":"1 minuto"},"schema":{"@context":"https:\/\/schema.org","@graph":[{"@type":"Article","@id":"https:\/\/www.prooptica.pt\/luis-justino-em-entrevista-a-lookvision-portugal-30-anos-de-prooptica\/#article","isPartOf":{"@id":"https:\/\/www.prooptica.pt\/luis-justino-em-entrevista-a-lookvision-portugal-30-anos-de-prooptica\/"},"author":{"name":"admin","@id":"https:\/\/www.prooptica.pt\/home\/#\/schema\/person\/1cbd826a9322a3c38a052e43d1638306"},"headline":"Lu\u00eds Justino em entrevista \u00e0 LookVision Portugal \u2013 30 Anos de Prooptica","datePublished":"2023-12-06T18:04:59+00:00","mainEntityOfPage":{"@id":"https:\/\/www.prooptica.pt\/luis-justino-em-entrevista-a-lookvision-portugal-30-anos-de-prooptica\/"},"wordCount":135,"image":{"@id":"https:\/\/www.prooptica.pt\/luis-justino-em-entrevista-a-lookvision-portugal-30-anos-de-prooptica\/#primaryimage"},"thumbnailUrl":"https:\/\/www.prooptica.pt\/wp-content\/uploads\/2023\/11\/Entrevista-Prooptica-30-anos-LookVisionPT.jpg","articleSection":["Institucional"],"inLanguage":"es"},{"@type":"WebPage","@id":"https:\/\/www.prooptica.pt\/luis-justino-em-entrevista-a-lookvision-portugal-30-anos-de-prooptica\/","url":"https:\/\/www.prooptica.pt\/luis-justino-em-entrevista-a-lookvision-portugal-30-anos-de-prooptica\/","name":"Lu\u00eds Justino en una entrevista con LookVision Portugal - 30 a\u00f1os","isPartOf":{"@id":"https:\/\/www.prooptica.pt\/home\/#website"},"primaryImageOfPage":{"@id":"https:\/\/www.prooptica.pt\/luis-justino-em-entrevista-a-lookvision-portugal-30-anos-de-prooptica\/#primaryimage"},"image":{"@id":"https:\/\/www.prooptica.pt\/luis-justino-em-entrevista-a-lookvision-portugal-30-anos-de-prooptica\/#primaryimage"},"thumbnailUrl":"https:\/\/www.prooptica.pt\/wp-content\/uploads\/2023\/11\/Entrevista-Prooptica-30-anos-LookVisionPT.jpg","datePublished":"2023-12-06T18:04:59+00:00","author":{"@id":"https:\/\/www.prooptica.pt\/home\/#\/schema\/person\/1cbd826a9322a3c38a052e43d1638306"},"breadcrumb":{"@id":"https:\/\/www.prooptica.pt\/luis-justino-em-entrevista-a-lookvision-portugal-30-anos-de-prooptica\/#breadcrumb"},"inLanguage":"es","potentialAction":[{"@type":"ReadAction","target":["https:\/\/www.prooptica.pt\/luis-justino-em-entrevista-a-lookvision-portugal-30-anos-de-prooptica\/"]}]},{"@type":"ImageObject","inLanguage":"es","@id":"https:\/\/www.prooptica.pt\/luis-justino-em-entrevista-a-lookvision-portugal-30-anos-de-prooptica\/#primaryimage","url":"https:\/\/www.prooptica.pt\/wp-content\/uploads\/2023\/11\/Entrevista-Prooptica-30-anos-LookVisionPT.jpg","contentUrl":"https:\/\/www.prooptica.pt\/wp-content\/uploads\/2023\/11\/Entrevista-Prooptica-30-anos-LookVisionPT.jpg","width":854,"height":540},{"@type":"BreadcrumbList","@id":"https:\/\/www.prooptica.pt\/luis-justino-em-entrevista-a-lookvision-portugal-30-anos-de-prooptica\/#breadcrumb","itemListElement":[{"@type":"ListItem","position":1,"name":"In\u00edcio","item":"https:\/\/www.prooptica.pt\/"},{"@type":"ListItem","position":2,"name":"Lu\u00eds Justino em entrevista \u00e0 LookVision Portugal \u2013 30 Anos de Prooptica"}]},{"@type":"WebSite","@id":"https:\/\/www.prooptica.pt\/home\/#website","url":"https:\/\/www.prooptica.pt\/home\/","name":"Prooptica","description":"Concepto de gafas completas","potentialAction":[{"@type":"SearchAction","target":{"@type":"EntryPoint","urlTemplate":"https:\/\/www.prooptica.pt\/home\/?s={search_term_string}"},"query-input":{"@type":"PropertyValueSpecification","valueRequired":true,"valueName":"search_term_string"}}],"inLanguage":"es"},{"@type":"Person","@id":"https:\/\/www.prooptica.pt\/home\/#\/schema\/person\/1cbd826a9322a3c38a052e43d1638306","name":"admin","image":{"@type":"ImageObject","inLanguage":"es","@id":"https:\/\/secure.gravatar.com\/avatar\/528c714482569d81724b02603aa719344e9ad7c0b50becf07272b2086b2c1cfd?s=96&d=mm&r=g","url":"https:\/\/secure.gravatar.com\/avatar\/528c714482569d81724b02603aa719344e9ad7c0b50becf07272b2086b2c1cfd?s=96&d=mm&r=g","contentUrl":"https:\/\/secure.gravatar.com\/avatar\/528c714482569d81724b02603aa719344e9ad7c0b50becf07272b2086b2c1cfd?s=96&d=mm&r=g","caption":"admin"},"url":"https:\/\/www.prooptica.pt\/es\/author\/admin\/"}]}},"_links":{"self":[{"href":"https:\/\/www.prooptica.pt\/es\/wp-json\/wp\/v2\/posts\/18534","targetHints":{"allow":["GET"]}}],"collection":[{"href":"https:\/\/www.prooptica.pt\/es\/wp-json\/wp\/v2\/posts"}],"about":[{"href":"https:\/\/www.prooptica.pt\/es\/wp-json\/wp\/v2\/types\/post"}],"author":[{"embeddable":true,"href":"https:\/\/www.prooptica.pt\/es\/wp-json\/wp\/v2\/users\/2"}],"replies":[{"embeddable":true,"href":"https:\/\/www.prooptica.pt\/es\/wp-json\/wp\/v2\/comments?post=18534"}],"version-history":[{"count":3,"href":"https:\/\/www.prooptica.pt\/es\/wp-json\/wp\/v2\/posts\/18534\/revisions"}],"predecessor-version":[{"id":18542,"href":"https:\/\/www.prooptica.pt\/es\/wp-json\/wp\/v2\/posts\/18534\/revisions\/18542"}],"wp:featuredmedia":[{"embeddable":true,"href":"https:\/\/www.prooptica.pt\/es\/wp-json\/wp\/v2\/media\/18537"}],"wp:attachment":[{"href":"https:\/\/www.prooptica.pt\/es\/wp-json\/wp\/v2\/media?parent=18534"}],"wp:term":[{"taxonomy":"category","embeddable":true,"href":"https:\/\/www.prooptica.pt\/es\/wp-json\/wp\/v2\/categories?post=18534"},{"taxonomy":"post_tag","embeddable":true,"href":"https:\/\/www.prooptica.pt\/es\/wp-json\/wp\/v2\/tags?post=18534"}],"curies":[{"name":"wp","href":"https:\/\/api.w.org\/{rel}","templated":true}]}}