{"id":18545,"date":"2023-12-12T18:43:46","date_gmt":"2023-12-12T18:43:46","guid":{"rendered":"https:\/\/www.prooptica.pt\/?p=18545"},"modified":"2023-12-14T18:20:41","modified_gmt":"2023-12-14T18:20:41","slug":"una-noche-magica-con-lentes-oftalmicas-encantadas-2","status":"publish","type":"post","link":"https:\/\/www.prooptica.pt\/es\/uma-noite-magica-com-lentes-oftalmicas-encantadas\/","title":{"rendered":"Una velada m\u00e1gica con lentes oft\u00e1lmicas encantadas"},"content":{"rendered":"<p>Imag\u00ednese a Pap\u00e1 Noel, no s\u00f3lo como el alegre repartidor de regalos, \u00a1sino tambi\u00e9n como un profesional de la visi\u00f3n nocturna! En esta narraci\u00f3n encantada, acompa\u00f1amos a Pap\u00e1 Noel en un viaje m\u00e1gico por el cielo estrellado, equipado con la tecnolog\u00eda m\u00e1s avanzada en lentes oft\u00e1lmicas. Una historia que arroja luz sobre la importancia de una buena vista, incluso para un viajero nocturno tan experimentado como Pap\u00e1 Noel.<\/p>\n<h6>Pap\u00e1 Noel y sus lentes oft\u00e1lmicas progresivas<\/h6>\n<p>Era Nochebuena y Pap\u00e1 Noel estaba listo para su viaje anual. Este a\u00f1o ten\u00eda un as en la manga, o m\u00e1s bien en la nariz: \u00a1unas gafas nuevas con lentes oft\u00e1lmicas progresivas! Pero no eran unas lentes normales, sino unas lentes m\u00e1gicas, equipadas con la tecnolog\u00eda m\u00e1s avanzada para un viaje nocturno perfecto.<\/p>\n<p>Equipado con lentes progresivas, Pap\u00e1 Noel podr\u00eda ahora alternar f\u00e1cilmente su atenci\u00f3n entre la lista de regalos y el vasto cielo estrellado. \u00bfLa letra peque\u00f1a? No hay problema. \u00bfLos n\u00fameros de las casas? No hay problema.<\/p>\n<p><img fetchpriority=\"high\" decoding=\"async\" class=\"aligncenter wp-image-18548 size-large\" src=\"https:\/\/www.prooptica.pt\/wp-content\/uploads\/2023\/12\/Uma-noite-magica-com-lentes-oftalmicas-_-vista-cidade-1024x694.jpg\" alt=\"Una noche m\u00e1gica con lentes oft\u00e1lmicas encantadas - imagen de la ciudad por la noche\" width=\"1024\" height=\"694\" srcset=\"https:\/\/www.prooptica.pt\/wp-content\/uploads\/2023\/12\/Uma-noite-magica-com-lentes-oftalmicas-_-vista-cidade-1024x694.jpg 1024w, https:\/\/www.prooptica.pt\/wp-content\/uploads\/2023\/12\/Uma-noite-magica-com-lentes-oftalmicas-_-vista-cidade-300x203.jpg 300w, https:\/\/www.prooptica.pt\/wp-content\/uploads\/2023\/12\/Uma-noite-magica-com-lentes-oftalmicas-_-vista-cidade-768x521.jpg 768w, https:\/\/www.prooptica.pt\/wp-content\/uploads\/2023\/12\/Uma-noite-magica-com-lentes-oftalmicas-_-vista-cidade-1536x1041.jpg 1536w, https:\/\/www.prooptica.pt\/wp-content\/uploads\/2023\/12\/Uma-noite-magica-com-lentes-oftalmicas-_-vista-cidade-2048x1389.jpg 2048w\" sizes=\"(max-width: 1024px) 100vw, 1024px\" \/><\/p>\n<p>Pero Pap\u00e1 Noel tambi\u00e9n se enfrent\u00f3 a algunos retos meteorol\u00f3gicos. Sin embargo, con unas lentes oft\u00e1lmicas progresivas dotadas del m\u00e1s avanzado revestimiento antirreflejante, con propiedades antiest\u00e1ticas e hidr\u00f3fobas, pod\u00eda volar m\u00e1s f\u00e1cilmente a trav\u00e9s de la m\u00e1s densa tormenta de nieve sin perder de vista las estrellas, porque sus lentes se empa\u00f1aban mucho menos y el agua no se acumulaba en su superficie. Ni siquiera las centelleantes luces de las grandes ciudades le distra\u00edan, gracias al poder de sus lentes m\u00e1gicas.<\/p>\n<p>Y para los hogares con ni\u00f1os especialmente curiosos, que se asomaban para ver si pod\u00edan ver a Pap\u00e1 Noel, las lentes con filtro de luz azul eran esenciales. As\u00ed se aseguraban de que el resplandor de las tabletas, los tel\u00e9fonos inteligentes y\/o la televisi\u00f3n, dejados descuidadamente cerca del \u00e1rbol de Navidad, no se interpusieran en su misi\u00f3n secreta.<\/p>\n<h6>La aventura de Pap\u00e1 Noel tambi\u00e9n es la nuestra<\/h6>\n<p>La aventura de Pap\u00e1 Noel esta Nochebuena es una met\u00e1fora del viaje que todos afrontamos para mantener nuestra vista en \u00f3ptimas condiciones. Con su bolsa de trucos \u00f3pticos, no s\u00f3lo reparti\u00f3 regalos, sino que tambi\u00e9n nos record\u00f3 algo: <strong>cuidar nuestra vista es esencial<\/strong>No importa si estamos repartiendo regalos por todo el mundo o simplemente leyendo un libro apasionante. Estas fiestas, mientras reflexionamos sobre la magia de Pap\u00e1 Noel, recordemos tambi\u00e9n que debemos valorar y cuidar el enorme regalo que es nuestra visi\u00f3n.<\/p>\n<p>Feliz Navidad.<\/p>\n<p>P.D. Consulte nuestro <span style=\"color: #000080;\"><strong><a style=\"color: #000080;\" href=\"https:\/\/www.prooptica.pt\/wp-content\/uploads\/2023\/09\/Brochura-Solution-Lenses.pdf\" target=\"_blank\" rel=\"noopener\">Folleto de lentes de soluci\u00f3n<\/a><\/strong><\/span>.<\/p>","protected":false},"excerpt":{"rendered":"<p>Imagine o Pai Natal, n\u00e3o apenas como o alegre distribuidor de presentes, mas tamb\u00e9m como um profissional da vis\u00e3o nocturna! Nesta narrativa encantada, acompanhamos o Pai Natal numa viagem m\u00e1gica atrav\u00e9s do c\u00e9u estrelado, equipado com a mais avan\u00e7ada tecnologia em lentes oft\u00e1lmicas. Uma hist\u00f3ria que ilumina a import\u00e2ncia da boa vis\u00e3o, at\u00e9 mesmo para [&hellip;]<\/p>\n","protected":false},"author":2,"featured_media":18547,"comment_status":"closed","ping_status":"closed","sticky":false,"template":"","format":"standard","meta":{"footnotes":""},"categories":[187],"tags":[],"class_list":["post-18545","post","type-post","status-publish","format-standard","has-post-thumbnail","hentry","category-lentes"],"yoast_head":"<!-- This site is optimized with the Yoast SEO plugin v27.4 - https:\/\/yoast.com\/product\/yoast-seo-wordpress\/ -->\n<title>Uma noite m\u00e1gica com lentes oft\u00e1lmicas encantadas<\/title>\n<meta name=\"description\" content=\"Nesta narrativa, acompanhamos o Pai Natal na sua viagem m\u00e1gica no natal, com lentes oft\u00e1lmicas encantadas.\" \/>\n<meta name=\"robots\" content=\"index, follow, max-snippet:-1, max-image-preview:large, max-video-preview:-1\" \/>\n<link rel=\"canonical\" href=\"https:\/\/www.prooptica.pt\/es\/una-noche-magica-con-lentes-oftalmicas-encantadas-2\/\" \/>\n<meta property=\"og:locale\" content=\"es_ES\" \/>\n<meta property=\"og:type\" content=\"article\" \/>\n<meta property=\"og:title\" content=\"Uma noite m\u00e1gica com lentes oft\u00e1lmicas encantadas\" \/>\n<meta property=\"og:description\" content=\"Nesta narrativa, acompanhamos o Pai Natal na sua viagem m\u00e1gica no natal, com lentes oft\u00e1lmicas encantadas.\" \/>\n<meta property=\"og:url\" content=\"https:\/\/www.prooptica.pt\/es\/una-noche-magica-con-lentes-oftalmicas-encantadas-2\/\" \/>\n<meta property=\"og:site_name\" content=\"Prooptica\" \/>\n<meta property=\"article:published_time\" content=\"2023-12-12T18:43:46+00:00\" \/>\n<meta property=\"article:modified_time\" content=\"2023-12-14T18:20:41+00:00\" \/>\n<meta property=\"og:image\" content=\"https:\/\/www.prooptica.pt\/wp-content\/uploads\/2023\/12\/Uma-Noite-Magica-com-Lentes-Oftalmicas-Encantadas-pai-natal_web-1024x645.png\" \/>\n\t<meta property=\"og:image:width\" content=\"1024\" \/>\n\t<meta property=\"og:image:height\" content=\"645\" \/>\n\t<meta property=\"og:image:type\" content=\"image\/png\" \/>\n<meta name=\"author\" content=\"admin\" \/>\n<meta name=\"twitter:card\" content=\"summary_large_image\" \/>\n<meta name=\"twitter:label1\" content=\"Escrito por\" \/>\n\t<meta name=\"twitter:data1\" content=\"admin\" \/>\n\t<meta name=\"twitter:label2\" content=\"Tiempo de lectura\" \/>\n\t<meta name=\"twitter:data2\" content=\"3 minutos\" \/>\n<script type=\"application\/ld+json\" class=\"yoast-schema-graph\">{\"@context\":\"https:\\\/\\\/schema.org\",\"@graph\":[{\"@type\":\"Article\",\"@id\":\"https:\\\/\\\/www.prooptica.pt\\\/uma-noite-magica-com-lentes-oftalmicas-encantadas\\\/#article\",\"isPartOf\":{\"@id\":\"https:\\\/\\\/www.prooptica.pt\\\/uma-noite-magica-com-lentes-oftalmicas-encantadas\\\/\"},\"author\":{\"name\":\"admin\",\"@id\":\"https:\\\/\\\/www.prooptica.pt\\\/home\\\/#\\\/schema\\\/person\\\/1cbd826a9322a3c38a052e43d1638306\"},\"headline\":\"Uma noite m\u00e1gica com lentes oft\u00e1lmicas encantadas\",\"datePublished\":\"2023-12-12T18:43:46+00:00\",\"dateModified\":\"2023-12-14T18:20:41+00:00\",\"mainEntityOfPage\":{\"@id\":\"https:\\\/\\\/www.prooptica.pt\\\/uma-noite-magica-com-lentes-oftalmicas-encantadas\\\/\"},\"wordCount\":469,\"image\":{\"@id\":\"https:\\\/\\\/www.prooptica.pt\\\/uma-noite-magica-com-lentes-oftalmicas-encantadas\\\/#primaryimage\"},\"thumbnailUrl\":\"https:\\\/\\\/www.prooptica.pt\\\/wp-content\\\/uploads\\\/2023\\\/12\\\/Uma-Noite-Magica-com-Lentes-Oftalmicas-Encantadas-pai-natal_web.png\",\"articleSection\":[\"Lentes\"],\"inLanguage\":\"es\"},{\"@type\":\"WebPage\",\"@id\":\"https:\\\/\\\/www.prooptica.pt\\\/uma-noite-magica-com-lentes-oftalmicas-encantadas\\\/\",\"url\":\"https:\\\/\\\/www.prooptica.pt\\\/uma-noite-magica-com-lentes-oftalmicas-encantadas\\\/\",\"name\":\"Uma noite m\u00e1gica com lentes oft\u00e1lmicas encantadas\",\"isPartOf\":{\"@id\":\"https:\\\/\\\/www.prooptica.pt\\\/home\\\/#website\"},\"primaryImageOfPage\":{\"@id\":\"https:\\\/\\\/www.prooptica.pt\\\/uma-noite-magica-com-lentes-oftalmicas-encantadas\\\/#primaryimage\"},\"image\":{\"@id\":\"https:\\\/\\\/www.prooptica.pt\\\/uma-noite-magica-com-lentes-oftalmicas-encantadas\\\/#primaryimage\"},\"thumbnailUrl\":\"https:\\\/\\\/www.prooptica.pt\\\/wp-content\\\/uploads\\\/2023\\\/12\\\/Uma-Noite-Magica-com-Lentes-Oftalmicas-Encantadas-pai-natal_web.png\",\"datePublished\":\"2023-12-12T18:43:46+00:00\",\"dateModified\":\"2023-12-14T18:20:41+00:00\",\"author\":{\"@id\":\"https:\\\/\\\/www.prooptica.pt\\\/home\\\/#\\\/schema\\\/person\\\/1cbd826a9322a3c38a052e43d1638306\"},\"description\":\"Nesta narrativa, acompanhamos o Pai Natal na sua viagem m\u00e1gica no natal, com lentes oft\u00e1lmicas encantadas.\",\"breadcrumb\":{\"@id\":\"https:\\\/\\\/www.prooptica.pt\\\/uma-noite-magica-com-lentes-oftalmicas-encantadas\\\/#breadcrumb\"},\"inLanguage\":\"es\",\"potentialAction\":[{\"@type\":\"ReadAction\",\"target\":[\"https:\\\/\\\/www.prooptica.pt\\\/uma-noite-magica-com-lentes-oftalmicas-encantadas\\\/\"]}]},{\"@type\":\"ImageObject\",\"inLanguage\":\"es\",\"@id\":\"https:\\\/\\\/www.prooptica.pt\\\/uma-noite-magica-com-lentes-oftalmicas-encantadas\\\/#primaryimage\",\"url\":\"https:\\\/\\\/www.prooptica.pt\\\/wp-content\\\/uploads\\\/2023\\\/12\\\/Uma-Noite-Magica-com-Lentes-Oftalmicas-Encantadas-pai-natal_web.png\",\"contentUrl\":\"https:\\\/\\\/www.prooptica.pt\\\/wp-content\\\/uploads\\\/2023\\\/12\\\/Uma-Noite-Magica-com-Lentes-Oftalmicas-Encantadas-pai-natal_web.png\",\"width\":5447,\"height\":3430,\"caption\":\"Uma noite m\u00e1gica com lentes oft\u00e1lmicas encantadas - imagem pai natal\"},{\"@type\":\"BreadcrumbList\",\"@id\":\"https:\\\/\\\/www.prooptica.pt\\\/uma-noite-magica-com-lentes-oftalmicas-encantadas\\\/#breadcrumb\",\"itemListElement\":[{\"@type\":\"ListItem\",\"position\":1,\"name\":\"In\u00edcio\",\"item\":\"https:\\\/\\\/www.prooptica.pt\\\/\"},{\"@type\":\"ListItem\",\"position\":2,\"name\":\"Uma noite m\u00e1gica com lentes oft\u00e1lmicas encantadas\"}]},{\"@type\":\"WebSite\",\"@id\":\"https:\\\/\\\/www.prooptica.pt\\\/home\\\/#website\",\"url\":\"https:\\\/\\\/www.prooptica.pt\\\/home\\\/\",\"name\":\"Prooptica\",\"description\":\"Full Eyewear Concept\",\"potentialAction\":[{\"@type\":\"SearchAction\",\"target\":{\"@type\":\"EntryPoint\",\"urlTemplate\":\"https:\\\/\\\/www.prooptica.pt\\\/home\\\/?s={search_term_string}\"},\"query-input\":{\"@type\":\"PropertyValueSpecification\",\"valueRequired\":true,\"valueName\":\"search_term_string\"}}],\"inLanguage\":\"es\"},{\"@type\":\"Person\",\"@id\":\"https:\\\/\\\/www.prooptica.pt\\\/home\\\/#\\\/schema\\\/person\\\/1cbd826a9322a3c38a052e43d1638306\",\"name\":\"admin\",\"image\":{\"@type\":\"ImageObject\",\"inLanguage\":\"es\",\"@id\":\"https:\\\/\\\/secure.gravatar.com\\\/avatar\\\/528c714482569d81724b02603aa719344e9ad7c0b50becf07272b2086b2c1cfd?s=96&d=mm&r=g\",\"url\":\"https:\\\/\\\/secure.gravatar.com\\\/avatar\\\/528c714482569d81724b02603aa719344e9ad7c0b50becf07272b2086b2c1cfd?s=96&d=mm&r=g\",\"contentUrl\":\"https:\\\/\\\/secure.gravatar.com\\\/avatar\\\/528c714482569d81724b02603aa719344e9ad7c0b50becf07272b2086b2c1cfd?s=96&d=mm&r=g\",\"caption\":\"admin\"},\"url\":\"https:\\\/\\\/www.prooptica.pt\\\/es\\\/author\\\/admin\\\/\"}]}<\/script>\n<!-- \/ Yoast SEO plugin. -->","yoast_head_json":{"title":"Una velada m\u00e1gica con lentes oft\u00e1lmicas encantadas","description":"En este cuento, acompa\u00f1amos a Pap\u00e1 Noel en su m\u00e1gico viaje navide\u00f1o con unas lentes oft\u00e1lmicas encantadas.","robots":{"index":"index","follow":"follow","max-snippet":"max-snippet:-1","max-image-preview":"max-image-preview:large","max-video-preview":"max-video-preview:-1"},"canonical":"https:\/\/www.prooptica.pt\/es\/una-noche-magica-con-lentes-oftalmicas-encantadas-2\/","og_locale":"es_ES","og_type":"article","og_title":"Uma noite m\u00e1gica com lentes oft\u00e1lmicas encantadas","og_description":"Nesta narrativa, acompanhamos o Pai Natal na sua viagem m\u00e1gica no natal, com lentes oft\u00e1lmicas encantadas.","og_url":"https:\/\/www.prooptica.pt\/es\/una-noche-magica-con-lentes-oftalmicas-encantadas-2\/","og_site_name":"Prooptica","article_published_time":"2023-12-12T18:43:46+00:00","article_modified_time":"2023-12-14T18:20:41+00:00","og_image":[{"width":1024,"height":645,"url":"https:\/\/www.prooptica.pt\/wp-content\/uploads\/2023\/12\/Uma-Noite-Magica-com-Lentes-Oftalmicas-Encantadas-pai-natal_web-1024x645.png","type":"image\/png"}],"author":"admin","twitter_card":"summary_large_image","twitter_misc":{"Escrito por":"admin","Tiempo de lectura":"3 minutos"},"schema":{"@context":"https:\/\/schema.org","@graph":[{"@type":"Article","@id":"https:\/\/www.prooptica.pt\/uma-noite-magica-com-lentes-oftalmicas-encantadas\/#article","isPartOf":{"@id":"https:\/\/www.prooptica.pt\/uma-noite-magica-com-lentes-oftalmicas-encantadas\/"},"author":{"name":"admin","@id":"https:\/\/www.prooptica.pt\/home\/#\/schema\/person\/1cbd826a9322a3c38a052e43d1638306"},"headline":"Uma noite m\u00e1gica com lentes oft\u00e1lmicas encantadas","datePublished":"2023-12-12T18:43:46+00:00","dateModified":"2023-12-14T18:20:41+00:00","mainEntityOfPage":{"@id":"https:\/\/www.prooptica.pt\/uma-noite-magica-com-lentes-oftalmicas-encantadas\/"},"wordCount":469,"image":{"@id":"https:\/\/www.prooptica.pt\/uma-noite-magica-com-lentes-oftalmicas-encantadas\/#primaryimage"},"thumbnailUrl":"https:\/\/www.prooptica.pt\/wp-content\/uploads\/2023\/12\/Uma-Noite-Magica-com-Lentes-Oftalmicas-Encantadas-pai-natal_web.png","articleSection":["Lentes"],"inLanguage":"es"},{"@type":"WebPage","@id":"https:\/\/www.prooptica.pt\/uma-noite-magica-com-lentes-oftalmicas-encantadas\/","url":"https:\/\/www.prooptica.pt\/uma-noite-magica-com-lentes-oftalmicas-encantadas\/","name":"Una velada m\u00e1gica con lentes oft\u00e1lmicas encantadas","isPartOf":{"@id":"https:\/\/www.prooptica.pt\/home\/#website"},"primaryImageOfPage":{"@id":"https:\/\/www.prooptica.pt\/uma-noite-magica-com-lentes-oftalmicas-encantadas\/#primaryimage"},"image":{"@id":"https:\/\/www.prooptica.pt\/uma-noite-magica-com-lentes-oftalmicas-encantadas\/#primaryimage"},"thumbnailUrl":"https:\/\/www.prooptica.pt\/wp-content\/uploads\/2023\/12\/Uma-Noite-Magica-com-Lentes-Oftalmicas-Encantadas-pai-natal_web.png","datePublished":"2023-12-12T18:43:46+00:00","dateModified":"2023-12-14T18:20:41+00:00","author":{"@id":"https:\/\/www.prooptica.pt\/home\/#\/schema\/person\/1cbd826a9322a3c38a052e43d1638306"},"description":"En este cuento, acompa\u00f1amos a Pap\u00e1 Noel en su m\u00e1gico viaje navide\u00f1o con unas lentes oft\u00e1lmicas encantadas.","breadcrumb":{"@id":"https:\/\/www.prooptica.pt\/uma-noite-magica-com-lentes-oftalmicas-encantadas\/#breadcrumb"},"inLanguage":"es","potentialAction":[{"@type":"ReadAction","target":["https:\/\/www.prooptica.pt\/uma-noite-magica-com-lentes-oftalmicas-encantadas\/"]}]},{"@type":"ImageObject","inLanguage":"es","@id":"https:\/\/www.prooptica.pt\/uma-noite-magica-com-lentes-oftalmicas-encantadas\/#primaryimage","url":"https:\/\/www.prooptica.pt\/wp-content\/uploads\/2023\/12\/Uma-Noite-Magica-com-Lentes-Oftalmicas-Encantadas-pai-natal_web.png","contentUrl":"https:\/\/www.prooptica.pt\/wp-content\/uploads\/2023\/12\/Uma-Noite-Magica-com-Lentes-Oftalmicas-Encantadas-pai-natal_web.png","width":5447,"height":3430,"caption":"Uma noite m\u00e1gica com lentes oft\u00e1lmicas encantadas - imagem pai natal"},{"@type":"BreadcrumbList","@id":"https:\/\/www.prooptica.pt\/uma-noite-magica-com-lentes-oftalmicas-encantadas\/#breadcrumb","itemListElement":[{"@type":"ListItem","position":1,"name":"In\u00edcio","item":"https:\/\/www.prooptica.pt\/"},{"@type":"ListItem","position":2,"name":"Uma noite m\u00e1gica com lentes oft\u00e1lmicas encantadas"}]},{"@type":"WebSite","@id":"https:\/\/www.prooptica.pt\/home\/#website","url":"https:\/\/www.prooptica.pt\/home\/","name":"Prooptica","description":"Concepto de gafas completas","potentialAction":[{"@type":"SearchAction","target":{"@type":"EntryPoint","urlTemplate":"https:\/\/www.prooptica.pt\/home\/?s={search_term_string}"},"query-input":{"@type":"PropertyValueSpecification","valueRequired":true,"valueName":"search_term_string"}}],"inLanguage":"es"},{"@type":"Person","@id":"https:\/\/www.prooptica.pt\/home\/#\/schema\/person\/1cbd826a9322a3c38a052e43d1638306","name":"admin","image":{"@type":"ImageObject","inLanguage":"es","@id":"https:\/\/secure.gravatar.com\/avatar\/528c714482569d81724b02603aa719344e9ad7c0b50becf07272b2086b2c1cfd?s=96&d=mm&r=g","url":"https:\/\/secure.gravatar.com\/avatar\/528c714482569d81724b02603aa719344e9ad7c0b50becf07272b2086b2c1cfd?s=96&d=mm&r=g","contentUrl":"https:\/\/secure.gravatar.com\/avatar\/528c714482569d81724b02603aa719344e9ad7c0b50becf07272b2086b2c1cfd?s=96&d=mm&r=g","caption":"admin"},"url":"https:\/\/www.prooptica.pt\/es\/author\/admin\/"}]}},"_links":{"self":[{"href":"https:\/\/www.prooptica.pt\/es\/wp-json\/wp\/v2\/posts\/18545","targetHints":{"allow":["GET"]}}],"collection":[{"href":"https:\/\/www.prooptica.pt\/es\/wp-json\/wp\/v2\/posts"}],"about":[{"href":"https:\/\/www.prooptica.pt\/es\/wp-json\/wp\/v2\/types\/post"}],"author":[{"embeddable":true,"href":"https:\/\/www.prooptica.pt\/es\/wp-json\/wp\/v2\/users\/2"}],"replies":[{"embeddable":true,"href":"https:\/\/www.prooptica.pt\/es\/wp-json\/wp\/v2\/comments?post=18545"}],"version-history":[{"count":4,"href":"https:\/\/www.prooptica.pt\/es\/wp-json\/wp\/v2\/posts\/18545\/revisions"}],"predecessor-version":[{"id":18557,"href":"https:\/\/www.prooptica.pt\/es\/wp-json\/wp\/v2\/posts\/18545\/revisions\/18557"}],"wp:featuredmedia":[{"embeddable":true,"href":"https:\/\/www.prooptica.pt\/es\/wp-json\/wp\/v2\/media\/18547"}],"wp:attachment":[{"href":"https:\/\/www.prooptica.pt\/es\/wp-json\/wp\/v2\/media?parent=18545"}],"wp:term":[{"taxonomy":"category","embeddable":true,"href":"https:\/\/www.prooptica.pt\/es\/wp-json\/wp\/v2\/categories?post=18545"},{"taxonomy":"post_tag","embeddable":true,"href":"https:\/\/www.prooptica.pt\/es\/wp-json\/wp\/v2\/tags?post=18545"}],"curies":[{"name":"wp","href":"https:\/\/api.w.org\/{rel}","templated":true}]}}