{"id":18711,"date":"2024-01-17T15:47:48","date_gmt":"2024-01-17T15:47:48","guid":{"rendered":"https:\/\/www.prooptica.pt\/?p=18711"},"modified":"2024-01-17T16:11:23","modified_gmt":"2024-01-17T16:11:23","slug":"prooptica-30-anos-reflexion-luis-justino-en-una-entrevista-revista-ver","status":"publish","type":"post","link":"https:\/\/www.prooptica.pt\/es\/prooptica-30anos-reflexao-luis-justino-em-entrevista-revista-ver\/","title":{"rendered":"Prooptica: 30 a\u00f1os de reflexi\u00f3n - Lu\u00eds Justino en una entrevista con VER Magazine"},"content":{"rendered":"<p>A lo largo de estos 30 a\u00f1os de existencia, Prooptica se ha enfrentado a numerosos retos e hitos que han moldeado su trayectoria. Un hito que nos llena de orgullo y nos invita a reflexionar profundamente sobre el camino recorrido en estas tres d\u00e9cadas. Nos llevaremos con nosotros las lecciones aprendidas, el \u00e9xito alcanzado y una voluntad indomable de aprovechar las oportunidades que nos ofrezca el futuro.<\/p>\n<p>En una entrevista concedida a la revista VER, Lu\u00eds Justino, Director General de Prooptica, habla del trig\u00e9simo aniversario de la empresa, que se celebra en 2023, de c\u00f3mo ha evolucionado la empresa durante este periodo y de lo que podemos esperar para el futuro.<\/p>\n<p><strong>Lea la entrevista completa:\u00a0<\/strong><span style=\"color: #000080;\"><a style=\"color: #000080;\" href=\"https:\/\/www.prooptica.pt\/wp-content\/uploads\/2024\/01\/VER-93_entrevista-Prooptica.pdf\" target=\"_blank\" rel=\"noopener\"><strong>Revista VER<\/strong><\/a><\/span><\/p>","protected":false},"excerpt":{"rendered":"<p>Ao longo destes 30 anos de exist\u00eancia, a Prooptica enfrentou muitos desafios e marcos que moldaram a sua traject\u00f3ria. Um marco que nos enche de orgulho e que nos convida a uma reflex\u00e3o profunda sobre o caminho que percorremos durante estas tr\u00eas d\u00e9cadas.\u00a0Levaremos connosco as li\u00e7\u00f5es aprendidas, o sucesso alcan\u00e7ado e uma vontade indom\u00e1vel de [&hellip;]<\/p>\n","protected":false},"author":2,"featured_media":18712,"comment_status":"closed","ping_status":"closed","sticky":false,"template":"","format":"standard","meta":{"footnotes":""},"categories":[195],"tags":[],"class_list":["post-18711","post","type-post","status-publish","format-standard","has-post-thumbnail","hentry","category-institucional"],"yoast_head":"<!-- This site is optimized with the Yoast SEO plugin v27.4 - https:\/\/yoast.com\/product\/yoast-seo-wordpress\/ -->\n<title>Prooptica em reflex\u00e3o - Lu\u00eds Justino em entrevista \u00e0 Revista VER<\/title>\n<meta name=\"description\" content=\"Em entrevista \u00e0 Revista VER, Lu\u00eds Justino, CEO da Prooptica, faz uma reflex\u00e3o dos 30 anos de hist\u00f3ria e o que podemos esperar para o futuro.\" \/>\n<meta name=\"robots\" content=\"index, follow, max-snippet:-1, max-image-preview:large, max-video-preview:-1\" \/>\n<link rel=\"canonical\" href=\"https:\/\/www.prooptica.pt\/es\/prooptica-30-anos-reflexion-luis-justino-en-una-entrevista-revista-ver\/\" \/>\n<meta property=\"og:locale\" content=\"es_ES\" \/>\n<meta property=\"og:type\" content=\"article\" \/>\n<meta property=\"og:title\" content=\"Prooptica em reflex\u00e3o - Lu\u00eds Justino em entrevista \u00e0 Revista VER\" \/>\n<meta property=\"og:description\" content=\"Em entrevista \u00e0 Revista VER, Lu\u00eds Justino, CEO da Prooptica, faz uma reflex\u00e3o dos 30 anos de hist\u00f3ria e o que podemos esperar para o futuro.\" \/>\n<meta property=\"og:url\" content=\"https:\/\/www.prooptica.pt\/es\/prooptica-30-anos-reflexion-luis-justino-en-una-entrevista-revista-ver\/\" \/>\n<meta property=\"og:site_name\" content=\"Prooptica\" \/>\n<meta property=\"article:published_time\" content=\"2024-01-17T15:47:48+00:00\" \/>\n<meta property=\"article:modified_time\" content=\"2024-01-17T16:11:23+00:00\" \/>\n<meta property=\"og:image\" content=\"https:\/\/www.prooptica.pt\/wp-content\/uploads\/2024\/01\/Entrevista-30-anos-Revista-Ver-ANO.jpg\" \/>\n\t<meta property=\"og:image:width\" content=\"854\" \/>\n\t<meta property=\"og:image:height\" content=\"514\" \/>\n\t<meta property=\"og:image:type\" content=\"image\/jpeg\" \/>\n<meta name=\"author\" content=\"admin\" \/>\n<meta name=\"twitter:card\" content=\"summary_large_image\" \/>\n<meta name=\"twitter:label1\" content=\"Escrito por\" \/>\n\t<meta name=\"twitter:data1\" content=\"admin\" \/>\n\t<meta name=\"twitter:label2\" content=\"Tiempo de lectura\" \/>\n\t<meta name=\"twitter:data2\" content=\"1 minuto\" \/>\n<script type=\"application\/ld+json\" class=\"yoast-schema-graph\">{\"@context\":\"https:\\\/\\\/schema.org\",\"@graph\":[{\"@type\":\"Article\",\"@id\":\"https:\\\/\\\/www.prooptica.pt\\\/prooptica-30anos-reflexao-luis-justino-em-entrevista-revista-ver\\\/#article\",\"isPartOf\":{\"@id\":\"https:\\\/\\\/www.prooptica.pt\\\/prooptica-30anos-reflexao-luis-justino-em-entrevista-revista-ver\\\/\"},\"author\":{\"name\":\"admin\",\"@id\":\"https:\\\/\\\/www.prooptica.pt\\\/home\\\/#\\\/schema\\\/person\\\/1cbd826a9322a3c38a052e43d1638306\"},\"headline\":\"Prooptica: 30 anos em reflex\u00e3o &#8211; Lu\u00eds Justino em entrevista \u00e0 Revista VER\",\"datePublished\":\"2024-01-17T15:47:48+00:00\",\"dateModified\":\"2024-01-17T16:11:23+00:00\",\"mainEntityOfPage\":{\"@id\":\"https:\\\/\\\/www.prooptica.pt\\\/prooptica-30anos-reflexao-luis-justino-em-entrevista-revista-ver\\\/\"},\"wordCount\":127,\"image\":{\"@id\":\"https:\\\/\\\/www.prooptica.pt\\\/prooptica-30anos-reflexao-luis-justino-em-entrevista-revista-ver\\\/#primaryimage\"},\"thumbnailUrl\":\"https:\\\/\\\/www.prooptica.pt\\\/wp-content\\\/uploads\\\/2024\\\/01\\\/Entrevista-30-anos-Revista-Ver-ANO.jpg\",\"articleSection\":[\"Institucional\"],\"inLanguage\":\"es\"},{\"@type\":\"WebPage\",\"@id\":\"https:\\\/\\\/www.prooptica.pt\\\/prooptica-30anos-reflexao-luis-justino-em-entrevista-revista-ver\\\/\",\"url\":\"https:\\\/\\\/www.prooptica.pt\\\/prooptica-30anos-reflexao-luis-justino-em-entrevista-revista-ver\\\/\",\"name\":\"Prooptica em reflex\u00e3o - Lu\u00eds Justino em entrevista \u00e0 Revista VER\",\"isPartOf\":{\"@id\":\"https:\\\/\\\/www.prooptica.pt\\\/home\\\/#website\"},\"primaryImageOfPage\":{\"@id\":\"https:\\\/\\\/www.prooptica.pt\\\/prooptica-30anos-reflexao-luis-justino-em-entrevista-revista-ver\\\/#primaryimage\"},\"image\":{\"@id\":\"https:\\\/\\\/www.prooptica.pt\\\/prooptica-30anos-reflexao-luis-justino-em-entrevista-revista-ver\\\/#primaryimage\"},\"thumbnailUrl\":\"https:\\\/\\\/www.prooptica.pt\\\/wp-content\\\/uploads\\\/2024\\\/01\\\/Entrevista-30-anos-Revista-Ver-ANO.jpg\",\"datePublished\":\"2024-01-17T15:47:48+00:00\",\"dateModified\":\"2024-01-17T16:11:23+00:00\",\"author\":{\"@id\":\"https:\\\/\\\/www.prooptica.pt\\\/home\\\/#\\\/schema\\\/person\\\/1cbd826a9322a3c38a052e43d1638306\"},\"description\":\"Em entrevista \u00e0 Revista VER, Lu\u00eds Justino, CEO da Prooptica, faz uma reflex\u00e3o dos 30 anos de hist\u00f3ria e o que podemos esperar para o futuro.\",\"breadcrumb\":{\"@id\":\"https:\\\/\\\/www.prooptica.pt\\\/prooptica-30anos-reflexao-luis-justino-em-entrevista-revista-ver\\\/#breadcrumb\"},\"inLanguage\":\"es\",\"potentialAction\":[{\"@type\":\"ReadAction\",\"target\":[\"https:\\\/\\\/www.prooptica.pt\\\/prooptica-30anos-reflexao-luis-justino-em-entrevista-revista-ver\\\/\"]}]},{\"@type\":\"ImageObject\",\"inLanguage\":\"es\",\"@id\":\"https:\\\/\\\/www.prooptica.pt\\\/prooptica-30anos-reflexao-luis-justino-em-entrevista-revista-ver\\\/#primaryimage\",\"url\":\"https:\\\/\\\/www.prooptica.pt\\\/wp-content\\\/uploads\\\/2024\\\/01\\\/Entrevista-30-anos-Revista-Ver-ANO.jpg\",\"contentUrl\":\"https:\\\/\\\/www.prooptica.pt\\\/wp-content\\\/uploads\\\/2024\\\/01\\\/Entrevista-30-anos-Revista-Ver-ANO.jpg\",\"width\":854,\"height\":514},{\"@type\":\"BreadcrumbList\",\"@id\":\"https:\\\/\\\/www.prooptica.pt\\\/prooptica-30anos-reflexao-luis-justino-em-entrevista-revista-ver\\\/#breadcrumb\",\"itemListElement\":[{\"@type\":\"ListItem\",\"position\":1,\"name\":\"In\u00edcio\",\"item\":\"https:\\\/\\\/www.prooptica.pt\\\/\"},{\"@type\":\"ListItem\",\"position\":2,\"name\":\"Prooptica: 30 anos em reflex\u00e3o &#8211; Lu\u00eds Justino em entrevista \u00e0 Revista VER\"}]},{\"@type\":\"WebSite\",\"@id\":\"https:\\\/\\\/www.prooptica.pt\\\/home\\\/#website\",\"url\":\"https:\\\/\\\/www.prooptica.pt\\\/home\\\/\",\"name\":\"Prooptica\",\"description\":\"Full Eyewear Concept\",\"potentialAction\":[{\"@type\":\"SearchAction\",\"target\":{\"@type\":\"EntryPoint\",\"urlTemplate\":\"https:\\\/\\\/www.prooptica.pt\\\/home\\\/?s={search_term_string}\"},\"query-input\":{\"@type\":\"PropertyValueSpecification\",\"valueRequired\":true,\"valueName\":\"search_term_string\"}}],\"inLanguage\":\"es\"},{\"@type\":\"Person\",\"@id\":\"https:\\\/\\\/www.prooptica.pt\\\/home\\\/#\\\/schema\\\/person\\\/1cbd826a9322a3c38a052e43d1638306\",\"name\":\"admin\",\"image\":{\"@type\":\"ImageObject\",\"inLanguage\":\"es\",\"@id\":\"https:\\\/\\\/secure.gravatar.com\\\/avatar\\\/528c714482569d81724b02603aa719344e9ad7c0b50becf07272b2086b2c1cfd?s=96&d=mm&r=g\",\"url\":\"https:\\\/\\\/secure.gravatar.com\\\/avatar\\\/528c714482569d81724b02603aa719344e9ad7c0b50becf07272b2086b2c1cfd?s=96&d=mm&r=g\",\"contentUrl\":\"https:\\\/\\\/secure.gravatar.com\\\/avatar\\\/528c714482569d81724b02603aa719344e9ad7c0b50becf07272b2086b2c1cfd?s=96&d=mm&r=g\",\"caption\":\"admin\"},\"url\":\"https:\\\/\\\/www.prooptica.pt\\\/es\\\/author\\\/admin\\\/\"}]}<\/script>\n<!-- \/ Yoast SEO plugin. -->","yoast_head_json":{"title":"Prooptica en reflexi\u00f3n - Lu\u00eds Justino en una entrevista con VER Magazine","description":"En una entrevista concedida a la revista VER, Lu\u00eds Justino, Director General de Prooptica, reflexiona sobre 30 a\u00f1os de historia y lo que podemos esperar para el futuro.","robots":{"index":"index","follow":"follow","max-snippet":"max-snippet:-1","max-image-preview":"max-image-preview:large","max-video-preview":"max-video-preview:-1"},"canonical":"https:\/\/www.prooptica.pt\/es\/prooptica-30-anos-reflexion-luis-justino-en-una-entrevista-revista-ver\/","og_locale":"es_ES","og_type":"article","og_title":"Prooptica em reflex\u00e3o - Lu\u00eds Justino em entrevista \u00e0 Revista VER","og_description":"Em entrevista \u00e0 Revista VER, Lu\u00eds Justino, CEO da Prooptica, faz uma reflex\u00e3o dos 30 anos de hist\u00f3ria e o que podemos esperar para o futuro.","og_url":"https:\/\/www.prooptica.pt\/es\/prooptica-30-anos-reflexion-luis-justino-en-una-entrevista-revista-ver\/","og_site_name":"Prooptica","article_published_time":"2024-01-17T15:47:48+00:00","article_modified_time":"2024-01-17T16:11:23+00:00","og_image":[{"width":854,"height":514,"url":"https:\/\/www.prooptica.pt\/wp-content\/uploads\/2024\/01\/Entrevista-30-anos-Revista-Ver-ANO.jpg","type":"image\/jpeg"}],"author":"admin","twitter_card":"summary_large_image","twitter_misc":{"Escrito por":"admin","Tiempo de lectura":"1 minuto"},"schema":{"@context":"https:\/\/schema.org","@graph":[{"@type":"Article","@id":"https:\/\/www.prooptica.pt\/prooptica-30anos-reflexao-luis-justino-em-entrevista-revista-ver\/#article","isPartOf":{"@id":"https:\/\/www.prooptica.pt\/prooptica-30anos-reflexao-luis-justino-em-entrevista-revista-ver\/"},"author":{"name":"admin","@id":"https:\/\/www.prooptica.pt\/home\/#\/schema\/person\/1cbd826a9322a3c38a052e43d1638306"},"headline":"Prooptica: 30 anos em reflex\u00e3o &#8211; Lu\u00eds Justino em entrevista \u00e0 Revista VER","datePublished":"2024-01-17T15:47:48+00:00","dateModified":"2024-01-17T16:11:23+00:00","mainEntityOfPage":{"@id":"https:\/\/www.prooptica.pt\/prooptica-30anos-reflexao-luis-justino-em-entrevista-revista-ver\/"},"wordCount":127,"image":{"@id":"https:\/\/www.prooptica.pt\/prooptica-30anos-reflexao-luis-justino-em-entrevista-revista-ver\/#primaryimage"},"thumbnailUrl":"https:\/\/www.prooptica.pt\/wp-content\/uploads\/2024\/01\/Entrevista-30-anos-Revista-Ver-ANO.jpg","articleSection":["Institucional"],"inLanguage":"es"},{"@type":"WebPage","@id":"https:\/\/www.prooptica.pt\/prooptica-30anos-reflexao-luis-justino-em-entrevista-revista-ver\/","url":"https:\/\/www.prooptica.pt\/prooptica-30anos-reflexao-luis-justino-em-entrevista-revista-ver\/","name":"Prooptica en reflexi\u00f3n - Lu\u00eds Justino en una entrevista con VER Magazine","isPartOf":{"@id":"https:\/\/www.prooptica.pt\/home\/#website"},"primaryImageOfPage":{"@id":"https:\/\/www.prooptica.pt\/prooptica-30anos-reflexao-luis-justino-em-entrevista-revista-ver\/#primaryimage"},"image":{"@id":"https:\/\/www.prooptica.pt\/prooptica-30anos-reflexao-luis-justino-em-entrevista-revista-ver\/#primaryimage"},"thumbnailUrl":"https:\/\/www.prooptica.pt\/wp-content\/uploads\/2024\/01\/Entrevista-30-anos-Revista-Ver-ANO.jpg","datePublished":"2024-01-17T15:47:48+00:00","dateModified":"2024-01-17T16:11:23+00:00","author":{"@id":"https:\/\/www.prooptica.pt\/home\/#\/schema\/person\/1cbd826a9322a3c38a052e43d1638306"},"description":"En una entrevista concedida a la revista VER, Lu\u00eds Justino, Director General de Prooptica, reflexiona sobre 30 a\u00f1os de historia y lo que podemos esperar para el futuro.","breadcrumb":{"@id":"https:\/\/www.prooptica.pt\/prooptica-30anos-reflexao-luis-justino-em-entrevista-revista-ver\/#breadcrumb"},"inLanguage":"es","potentialAction":[{"@type":"ReadAction","target":["https:\/\/www.prooptica.pt\/prooptica-30anos-reflexao-luis-justino-em-entrevista-revista-ver\/"]}]},{"@type":"ImageObject","inLanguage":"es","@id":"https:\/\/www.prooptica.pt\/prooptica-30anos-reflexao-luis-justino-em-entrevista-revista-ver\/#primaryimage","url":"https:\/\/www.prooptica.pt\/wp-content\/uploads\/2024\/01\/Entrevista-30-anos-Revista-Ver-ANO.jpg","contentUrl":"https:\/\/www.prooptica.pt\/wp-content\/uploads\/2024\/01\/Entrevista-30-anos-Revista-Ver-ANO.jpg","width":854,"height":514},{"@type":"BreadcrumbList","@id":"https:\/\/www.prooptica.pt\/prooptica-30anos-reflexao-luis-justino-em-entrevista-revista-ver\/#breadcrumb","itemListElement":[{"@type":"ListItem","position":1,"name":"In\u00edcio","item":"https:\/\/www.prooptica.pt\/"},{"@type":"ListItem","position":2,"name":"Prooptica: 30 anos em reflex\u00e3o &#8211; Lu\u00eds Justino em entrevista \u00e0 Revista VER"}]},{"@type":"WebSite","@id":"https:\/\/www.prooptica.pt\/home\/#website","url":"https:\/\/www.prooptica.pt\/home\/","name":"Prooptica","description":"Concepto de gafas completas","potentialAction":[{"@type":"SearchAction","target":{"@type":"EntryPoint","urlTemplate":"https:\/\/www.prooptica.pt\/home\/?s={search_term_string}"},"query-input":{"@type":"PropertyValueSpecification","valueRequired":true,"valueName":"search_term_string"}}],"inLanguage":"es"},{"@type":"Person","@id":"https:\/\/www.prooptica.pt\/home\/#\/schema\/person\/1cbd826a9322a3c38a052e43d1638306","name":"admin","image":{"@type":"ImageObject","inLanguage":"es","@id":"https:\/\/secure.gravatar.com\/avatar\/528c714482569d81724b02603aa719344e9ad7c0b50becf07272b2086b2c1cfd?s=96&d=mm&r=g","url":"https:\/\/secure.gravatar.com\/avatar\/528c714482569d81724b02603aa719344e9ad7c0b50becf07272b2086b2c1cfd?s=96&d=mm&r=g","contentUrl":"https:\/\/secure.gravatar.com\/avatar\/528c714482569d81724b02603aa719344e9ad7c0b50becf07272b2086b2c1cfd?s=96&d=mm&r=g","caption":"admin"},"url":"https:\/\/www.prooptica.pt\/es\/author\/admin\/"}]}},"_links":{"self":[{"href":"https:\/\/www.prooptica.pt\/es\/wp-json\/wp\/v2\/posts\/18711","targetHints":{"allow":["GET"]}}],"collection":[{"href":"https:\/\/www.prooptica.pt\/es\/wp-json\/wp\/v2\/posts"}],"about":[{"href":"https:\/\/www.prooptica.pt\/es\/wp-json\/wp\/v2\/types\/post"}],"author":[{"embeddable":true,"href":"https:\/\/www.prooptica.pt\/es\/wp-json\/wp\/v2\/users\/2"}],"replies":[{"embeddable":true,"href":"https:\/\/www.prooptica.pt\/es\/wp-json\/wp\/v2\/comments?post=18711"}],"version-history":[{"count":2,"href":"https:\/\/www.prooptica.pt\/es\/wp-json\/wp\/v2\/posts\/18711\/revisions"}],"predecessor-version":[{"id":18715,"href":"https:\/\/www.prooptica.pt\/es\/wp-json\/wp\/v2\/posts\/18711\/revisions\/18715"}],"wp:featuredmedia":[{"embeddable":true,"href":"https:\/\/www.prooptica.pt\/es\/wp-json\/wp\/v2\/media\/18712"}],"wp:attachment":[{"href":"https:\/\/www.prooptica.pt\/es\/wp-json\/wp\/v2\/media?parent=18711"}],"wp:term":[{"taxonomy":"category","embeddable":true,"href":"https:\/\/www.prooptica.pt\/es\/wp-json\/wp\/v2\/categories?post=18711"},{"taxonomy":"post_tag","embeddable":true,"href":"https:\/\/www.prooptica.pt\/es\/wp-json\/wp\/v2\/tags?post=18711"}],"curies":[{"name":"wp","href":"https:\/\/api.w.org\/{rel}","templated":true}]}}